{"id":14959,"date":"2018-11-22T08:52:21","date_gmt":"2018-11-22T07:52:21","guid":{"rendered":"https:\/\/www.immobilienbusiness.ch\/?p=14959"},"modified":"2018-11-22T08:52:21","modified_gmt":"2018-11-22T07:52:21","slug":"fenaco-eroeffnet-logistikhallen-in-deutschland","status":"publish","type":"post","link":"https:\/\/www.immobilienbusiness.ch\/de\/regionen\/2018-11-22\/fenaco-eroeffnet-logistikhallen-in-deutschland\/","title":{"rendered":"Fenaco er\u00f6ffnet Logistikhallen in Deutschland"},"content":{"rendered":"<figure id=\"attachment_15003\" aria-describedby=\"caption-attachment-15003\" style=\"width: 680px\" class=\"wp-caption alignnone\"><img loading=\"lazy\" decoding=\"async\" class=\"size-medium wp-image-15003\" src=\"https:\/\/www.immobilienbusiness.ch\/wp-content\/uploads\/2018\/11\/Depositphotos_6057970_m-2015.jpg\" alt=\"\" width=\"680\" height=\"448\" srcset=\"https:\/\/www.immobilienbusiness.ch\/wp-content\/uploads\/2018\/11\/Depositphotos_6057970_m-2015.jpg 1000w, https:\/\/www.immobilienbusiness.ch\/wp-content\/uploads\/2018\/11\/Depositphotos_6057970_m-2015-300x198.jpg 300w, https:\/\/www.immobilienbusiness.ch\/wp-content\/uploads\/2018\/11\/Depositphotos_6057970_m-2015-768x506.jpg 768w, https:\/\/www.immobilienbusiness.ch\/wp-content\/uploads\/2018\/11\/Depositphotos_6057970_m-2015-16x12.jpg 16w, https:\/\/www.immobilienbusiness.ch\/wp-content\/uploads\/2018\/11\/Depositphotos_6057970_m-2015-266x175.jpg 266w, https:\/\/www.immobilienbusiness.ch\/wp-content\/uploads\/2018\/11\/Depositphotos_6057970_m-2015-531x350.jpg 531w, https:\/\/www.immobilienbusiness.ch\/wp-content\/uploads\/2018\/11\/Depositphotos_6057970_m-2015-920x606.jpg 920w\" sizes=\"auto, (max-width: 680px) 100vw, 680px\" \/><figcaption id=\"caption-attachment-15003\" class=\"wp-caption-text\">Fenaco und ZG Raiffeisen er\u00f6ffnen Logistikhallen in Lahr (Symbolbild; carloscastilla &#8211; depositphotos)<\/figcaption><\/figure>\n<p>Die beiden neuen Hallen w\u00fcrden die Leistungsf\u00e4higkeit des 2015 er\u00f6ffneten Logistikzentrums verdreifachen, teilt Fenaco mit. Die Gesamtlagerkapazit\u00e4t sei um 30.000 auf 45.000 Palettenpl\u00e4tze erweitert worden. In Lahr erfolgt der Warenumschlag f\u00fcr die Belieferung der 280 Haus- und Gartenm\u00e4rkten der Landi Schweiz sowie der M\u00e4rkte in Deutschland, die von der ZG Raiffeisen beliefert werden. Einen weiteren Logistikstandort hat Landi in Dotzigen (BE).<\/p>\n<p>In den Ausbau der beiden Hallen hat das Joint Venture eigenen Angaben zufolge 14,7 Millionen Euro investiert, umgerechnet rund 16,65 Millionen CHF.\u00a0 Die bisherige Gesamtinvestition inklusive Grundst\u00fcck betrage 31,1 Millionen Euro (35,2 Mio. CHF). Mit 12,8 Hektaren biete das Areal noch Platz f\u00fcr vier weitere Hallen.<\/p>\n<p>Am Gemeinschaftsunternehmen ist Fenaco zu 74 Prozent und die ZG Raiffeisen zu 26 Prozent beteiligt. <em>(ah)<\/em><\/p>\n","protected":false},"excerpt":{"rendered":"<p>LahrLogistics, ein Gemeinschaftsunternehmen der Agrargenossenschaft Fenaco mit der deutschen Genossenschaft ZG Raiffeisen, hat im s\u00fcdwestdeutschen Lahr zwei neue Logistikhallen er\u00f6ffnet.<\/p>\n","protected":false},"author":3,"featured_media":15003,"comment_status":"open","ping_status":"open","sticky":false,"template":"","format":"standard","meta":{"_acf_changed":false,"_yoast_wpseo_focuskw":"Fenaco","_yoast_wpseo_title":"","_yoast_wpseo_metadesc":"LahrLogistics, ein Gemeinschaftsunternehmen von Fenaco mit der deutschen Genossenschaft ZG Raiffeisen, hat im deutschen Lahr zwei Logistikhallen er\u00f6ffnet.","_yoast_wpseo_linkdex":69,"pgc_sgb_lightbox_settings":"","footnotes":""},"categories":[985],"tags":[1052,1166,1451],"class_list":["post-14959","post","type-post","status-publish","format-standard","has-post-thumbnail","hentry","category-regionen","tag-ausland","tag-deutschland","tag-logistik"],"acf":[],"yoast_head":"<!-- This site is optimized with the Yoast SEO plugin v27.4 - https:\/\/yoast.com\/product\/yoast-seo-wordpress\/ -->\n<title>Fenaco er\u00f6ffnet Logistikhallen in Deutschland - IMMOBILIEN Business<\/title>\n<meta name=\"description\" content=\"LahrLogistics, ein Gemeinschaftsunternehmen von Fenaco mit der deutschen Genossenschaft ZG Raiffeisen, hat im deutschen Lahr zwei Logistikhallen er\u00f6ffnet.\" \/>\n<meta name=\"robots\" content=\"index, follow, max-snippet:-1, max-image-preview:large, max-video-preview:-1\" \/>\n<link rel=\"canonical\" href=\"https:\/\/www.immobilienbusiness.ch\/de\/regionen\/2018-11-22\/fenaco-eroeffnet-logistikhallen-in-deutschland\/\" \/>\n<meta property=\"og:locale\" content=\"de_DE\" \/>\n<meta property=\"og:type\" content=\"article\" \/>\n<meta property=\"og:title\" content=\"Fenaco er\u00f6ffnet Logistikhallen in Deutschland - IMMOBILIEN Business\" \/>\n<meta property=\"og:description\" content=\"LahrLogistics, ein Gemeinschaftsunternehmen von Fenaco mit der deutschen Genossenschaft ZG Raiffeisen, hat im deutschen Lahr zwei Logistikhallen er\u00f6ffnet.\" \/>\n<meta property=\"og:url\" content=\"https:\/\/www.immobilienbusiness.ch\/de\/regionen\/2018-11-22\/fenaco-eroeffnet-logistikhallen-in-deutschland\/\" \/>\n<meta property=\"og:site_name\" content=\"IMMOBILIEN Business\" \/>\n<meta property=\"article:publisher\" content=\"https:\/\/www.facebook.com\/immobilienbusiness\/\" \/>\n<meta property=\"article:published_time\" content=\"2018-11-22T07:52:21+00:00\" \/>\n<meta property=\"og:image\" content=\"https:\/\/www.immobilienbusiness.ch\/wp-content\/uploads\/2018\/11\/Depositphotos_6057970_m-2015.jpg\" \/>\n\t<meta property=\"og:image:width\" content=\"1000\" \/>\n\t<meta property=\"og:image:height\" content=\"659\" \/>\n\t<meta property=\"og:image:type\" content=\"image\/jpeg\" \/>\n<meta name=\"author\" content=\"anja.hall\" \/>\n<meta name=\"twitter:card\" content=\"summary_large_image\" \/>\n<meta name=\"twitter:image\" content=\"https:\/\/www.immobilienbusiness.ch\/wp-content\/uploads\/2018\/11\/Depositphotos_6057970_m-2015.jpg\" \/>\n<script type=\"application\/ld+json\" class=\"yoast-schema-graph\">{\"@context\":\"https:\\\/\\\/schema.org\",\"@graph\":[{\"@type\":\"Article\",\"@id\":\"https:\\\/\\\/www.immobilienbusiness.ch\\\/de\\\/regionen\\\/2018-11-22\\\/fenaco-eroeffnet-logistikhallen-in-deutschland\\\/#article\",\"isPartOf\":{\"@id\":\"https:\\\/\\\/www.immobilienbusiness.ch\\\/de\\\/regionen\\\/2018-11-22\\\/fenaco-eroeffnet-logistikhallen-in-deutschland\\\/\"},\"author\":{\"name\":\"anja.hall\",\"@id\":\"https:\\\/\\\/www.immobilienbusiness.ch\\\/#\\\/schema\\\/person\\\/3fc036297b10b9f42d6db5ee932af8c8\"},\"headline\":\"Fenaco er\u00f6ffnet Logistikhallen in Deutschland\",\"datePublished\":\"2018-11-22T07:52:21+00:00\",\"mainEntityOfPage\":{\"@id\":\"https:\\\/\\\/www.immobilienbusiness.ch\\\/de\\\/regionen\\\/2018-11-22\\\/fenaco-eroeffnet-logistikhallen-in-deutschland\\\/\"},\"wordCount\":148,\"commentCount\":0,\"publisher\":{\"@id\":\"https:\\\/\\\/www.immobilienbusiness.ch\\\/#organization\"},\"image\":{\"@id\":\"https:\\\/\\\/www.immobilienbusiness.ch\\\/de\\\/regionen\\\/2018-11-22\\\/fenaco-eroeffnet-logistikhallen-in-deutschland\\\/#primaryimage\"},\"thumbnailUrl\":\"https:\\\/\\\/www.immobilienbusiness.ch\\\/wp-content\\\/uploads\\\/2018\\\/11\\\/Depositphotos_6057970_m-2015.jpg\",\"keywords\":[\"Ausland\",\"Deutschland\",\"Logistik\"],\"articleSection\":[\"REGIONEN\"],\"inLanguage\":\"de\"},{\"@type\":\"WebPage\",\"@id\":\"https:\\\/\\\/www.immobilienbusiness.ch\\\/de\\\/regionen\\\/2018-11-22\\\/fenaco-eroeffnet-logistikhallen-in-deutschland\\\/\",\"url\":\"https:\\\/\\\/www.immobilienbusiness.ch\\\/de\\\/regionen\\\/2018-11-22\\\/fenaco-eroeffnet-logistikhallen-in-deutschland\\\/\",\"name\":\"Fenaco er\u00f6ffnet Logistikhallen in Deutschland - IMMOBILIEN Business\",\"isPartOf\":{\"@id\":\"https:\\\/\\\/www.immobilienbusiness.ch\\\/#website\"},\"primaryImageOfPage\":{\"@id\":\"https:\\\/\\\/www.immobilienbusiness.ch\\\/de\\\/regionen\\\/2018-11-22\\\/fenaco-eroeffnet-logistikhallen-in-deutschland\\\/#primaryimage\"},\"image\":{\"@id\":\"https:\\\/\\\/www.immobilienbusiness.ch\\\/de\\\/regionen\\\/2018-11-22\\\/fenaco-eroeffnet-logistikhallen-in-deutschland\\\/#primaryimage\"},\"thumbnailUrl\":\"https:\\\/\\\/www.immobilienbusiness.ch\\\/wp-content\\\/uploads\\\/2018\\\/11\\\/Depositphotos_6057970_m-2015.jpg\",\"datePublished\":\"2018-11-22T07:52:21+00:00\",\"description\":\"LahrLogistics, ein Gemeinschaftsunternehmen von Fenaco mit der deutschen Genossenschaft ZG Raiffeisen, hat im deutschen Lahr zwei Logistikhallen er\u00f6ffnet.\",\"breadcrumb\":{\"@id\":\"https:\\\/\\\/www.immobilienbusiness.ch\\\/de\\\/regionen\\\/2018-11-22\\\/fenaco-eroeffnet-logistikhallen-in-deutschland\\\/#breadcrumb\"},\"inLanguage\":\"de\",\"potentialAction\":[{\"@type\":\"ReadAction\",\"target\":[\"https:\\\/\\\/www.immobilienbusiness.ch\\\/de\\\/regionen\\\/2018-11-22\\\/fenaco-eroeffnet-logistikhallen-in-deutschland\\\/\"]}]},{\"@type\":\"ImageObject\",\"inLanguage\":\"de\",\"@id\":\"https:\\\/\\\/www.immobilienbusiness.ch\\\/de\\\/regionen\\\/2018-11-22\\\/fenaco-eroeffnet-logistikhallen-in-deutschland\\\/#primaryimage\",\"url\":\"https:\\\/\\\/www.immobilienbusiness.ch\\\/wp-content\\\/uploads\\\/2018\\\/11\\\/Depositphotos_6057970_m-2015.jpg\",\"contentUrl\":\"https:\\\/\\\/www.immobilienbusiness.ch\\\/wp-content\\\/uploads\\\/2018\\\/11\\\/Depositphotos_6057970_m-2015.jpg\",\"width\":1000,\"height\":659,\"caption\":\"Der Immobilienfonds Logistics Plus hat seinen Gesch\u00e4ftsbericht f\u00fcr das Gesamtjahr ver\u00f6ffentlicht (Symbolbild; carloscastilla - depositphotos)\"},{\"@type\":\"BreadcrumbList\",\"@id\":\"https:\\\/\\\/www.immobilienbusiness.ch\\\/de\\\/regionen\\\/2018-11-22\\\/fenaco-eroeffnet-logistikhallen-in-deutschland\\\/#breadcrumb\",\"itemListElement\":[{\"@type\":\"ListItem\",\"position\":1,\"name\":\"Home\",\"item\":\"https:\\\/\\\/www.immobilienbusiness.ch\\\/\"},{\"@type\":\"ListItem\",\"position\":2,\"name\":\"Fenaco er\u00f6ffnet Logistikhallen in Deutschland\"}]},{\"@type\":\"WebSite\",\"@id\":\"https:\\\/\\\/www.immobilienbusiness.ch\\\/#website\",\"url\":\"https:\\\/\\\/www.immobilienbusiness.ch\\\/\",\"name\":\"IMMOBILIEN Business\",\"description\":\"Unabh\u00e4ngiges Schweizer Wirtschaftsmagazin mit Fokus auf Immobilien, Architektur- und Bau sowie Investment- und Finanzierung.\",\"publisher\":{\"@id\":\"https:\\\/\\\/www.immobilienbusiness.ch\\\/#organization\"},\"potentialAction\":[{\"@type\":\"SearchAction\",\"target\":{\"@type\":\"EntryPoint\",\"urlTemplate\":\"https:\\\/\\\/www.immobilienbusiness.ch\\\/?s={search_term_string}\"},\"query-input\":{\"@type\":\"PropertyValueSpecification\",\"valueRequired\":true,\"valueName\":\"search_term_string\"}}],\"inLanguage\":\"de\"},{\"@type\":\"Organization\",\"@id\":\"https:\\\/\\\/www.immobilienbusiness.ch\\\/#organization\",\"name\":\"IMMOBILIEN Business\",\"url\":\"https:\\\/\\\/www.immobilienbusiness.ch\\\/\",\"logo\":{\"@type\":\"ImageObject\",\"inLanguage\":\"de\",\"@id\":\"https:\\\/\\\/www.immobilienbusiness.ch\\\/#\\\/schema\\\/logo\\\/image\\\/\",\"url\":\"https:\\\/\\\/www.immobilienbusiness.ch\\\/wp-content\\\/uploads\\\/2021\\\/07\\\/logo_ib.png\",\"contentUrl\":\"https:\\\/\\\/www.immobilienbusiness.ch\\\/wp-content\\\/uploads\\\/2021\\\/07\\\/logo_ib.png\",\"width\":800,\"height\":181,\"caption\":\"IMMOBILIEN Business\"},\"image\":{\"@id\":\"https:\\\/\\\/www.immobilienbusiness.ch\\\/#\\\/schema\\\/logo\\\/image\\\/\"},\"sameAs\":[\"https:\\\/\\\/www.facebook.com\\\/immobilienbusiness\\\/\"]},{\"@type\":\"Person\",\"@id\":\"https:\\\/\\\/www.immobilienbusiness.ch\\\/#\\\/schema\\\/person\\\/3fc036297b10b9f42d6db5ee932af8c8\",\"name\":\"anja.hall\",\"image\":{\"@type\":\"ImageObject\",\"inLanguage\":\"de\",\"@id\":\"https:\\\/\\\/secure.gravatar.com\\\/avatar\\\/066b5a0d447013502c71a5782f4f3469f03cfe595cc2329fb94652fe47511bfb?s=96&d=mm&r=g\",\"url\":\"https:\\\/\\\/secure.gravatar.com\\\/avatar\\\/066b5a0d447013502c71a5782f4f3469f03cfe595cc2329fb94652fe47511bfb?s=96&d=mm&r=g\",\"contentUrl\":\"https:\\\/\\\/secure.gravatar.com\\\/avatar\\\/066b5a0d447013502c71a5782f4f3469f03cfe595cc2329fb94652fe47511bfb?s=96&d=mm&r=g\",\"caption\":\"anja.hall\"},\"url\":\"https:\\\/\\\/www.immobilienbusiness.ch\\\/de\\\/author\\\/anja-hall\\\/\"}]}<\/script>\n<!-- \/ Yoast SEO plugin. -->","yoast_head_json":{"title":"Fenaco er\u00f6ffnet Logistikhallen in Deutschland - IMMOBILIEN Business","description":"LahrLogistics, ein Gemeinschaftsunternehmen von Fenaco mit der deutschen Genossenschaft ZG Raiffeisen, hat im deutschen Lahr zwei Logistikhallen er\u00f6ffnet.","robots":{"index":"index","follow":"follow","max-snippet":"max-snippet:-1","max-image-preview":"max-image-preview:large","max-video-preview":"max-video-preview:-1"},"canonical":"https:\/\/www.immobilienbusiness.ch\/de\/regionen\/2018-11-22\/fenaco-eroeffnet-logistikhallen-in-deutschland\/","og_locale":"de_DE","og_type":"article","og_title":"Fenaco er\u00f6ffnet Logistikhallen in Deutschland - IMMOBILIEN Business","og_description":"LahrLogistics, ein Gemeinschaftsunternehmen von Fenaco mit der deutschen Genossenschaft ZG Raiffeisen, hat im deutschen Lahr zwei Logistikhallen er\u00f6ffnet.","og_url":"https:\/\/www.immobilienbusiness.ch\/de\/regionen\/2018-11-22\/fenaco-eroeffnet-logistikhallen-in-deutschland\/","og_site_name":"IMMOBILIEN Business","article_publisher":"https:\/\/www.facebook.com\/immobilienbusiness\/","article_published_time":"2018-11-22T07:52:21+00:00","og_image":[{"width":1000,"height":659,"url":"https:\/\/www.immobilienbusiness.ch\/wp-content\/uploads\/2018\/11\/Depositphotos_6057970_m-2015.jpg","type":"image\/jpeg"}],"author":"anja.hall","twitter_card":"summary_large_image","twitter_image":"https:\/\/www.immobilienbusiness.ch\/wp-content\/uploads\/2018\/11\/Depositphotos_6057970_m-2015.jpg","schema":{"@context":"https:\/\/schema.org","@graph":[{"@type":"Article","@id":"https:\/\/www.immobilienbusiness.ch\/de\/regionen\/2018-11-22\/fenaco-eroeffnet-logistikhallen-in-deutschland\/#article","isPartOf":{"@id":"https:\/\/www.immobilienbusiness.ch\/de\/regionen\/2018-11-22\/fenaco-eroeffnet-logistikhallen-in-deutschland\/"},"author":{"name":"anja.hall","@id":"https:\/\/www.immobilienbusiness.ch\/#\/schema\/person\/3fc036297b10b9f42d6db5ee932af8c8"},"headline":"Fenaco er\u00f6ffnet Logistikhallen in Deutschland","datePublished":"2018-11-22T07:52:21+00:00","mainEntityOfPage":{"@id":"https:\/\/www.immobilienbusiness.ch\/de\/regionen\/2018-11-22\/fenaco-eroeffnet-logistikhallen-in-deutschland\/"},"wordCount":148,"commentCount":0,"publisher":{"@id":"https:\/\/www.immobilienbusiness.ch\/#organization"},"image":{"@id":"https:\/\/www.immobilienbusiness.ch\/de\/regionen\/2018-11-22\/fenaco-eroeffnet-logistikhallen-in-deutschland\/#primaryimage"},"thumbnailUrl":"https:\/\/www.immobilienbusiness.ch\/wp-content\/uploads\/2018\/11\/Depositphotos_6057970_m-2015.jpg","keywords":["Ausland","Deutschland","Logistik"],"articleSection":["REGIONEN"],"inLanguage":"de"},{"@type":"WebPage","@id":"https:\/\/www.immobilienbusiness.ch\/de\/regionen\/2018-11-22\/fenaco-eroeffnet-logistikhallen-in-deutschland\/","url":"https:\/\/www.immobilienbusiness.ch\/de\/regionen\/2018-11-22\/fenaco-eroeffnet-logistikhallen-in-deutschland\/","name":"Fenaco er\u00f6ffnet Logistikhallen in Deutschland - IMMOBILIEN Business","isPartOf":{"@id":"https:\/\/www.immobilienbusiness.ch\/#website"},"primaryImageOfPage":{"@id":"https:\/\/www.immobilienbusiness.ch\/de\/regionen\/2018-11-22\/fenaco-eroeffnet-logistikhallen-in-deutschland\/#primaryimage"},"image":{"@id":"https:\/\/www.immobilienbusiness.ch\/de\/regionen\/2018-11-22\/fenaco-eroeffnet-logistikhallen-in-deutschland\/#primaryimage"},"thumbnailUrl":"https:\/\/www.immobilienbusiness.ch\/wp-content\/uploads\/2018\/11\/Depositphotos_6057970_m-2015.jpg","datePublished":"2018-11-22T07:52:21+00:00","description":"LahrLogistics, ein Gemeinschaftsunternehmen von Fenaco mit der deutschen Genossenschaft ZG Raiffeisen, hat im deutschen Lahr zwei Logistikhallen er\u00f6ffnet.","breadcrumb":{"@id":"https:\/\/www.immobilienbusiness.ch\/de\/regionen\/2018-11-22\/fenaco-eroeffnet-logistikhallen-in-deutschland\/#breadcrumb"},"inLanguage":"de","potentialAction":[{"@type":"ReadAction","target":["https:\/\/www.immobilienbusiness.ch\/de\/regionen\/2018-11-22\/fenaco-eroeffnet-logistikhallen-in-deutschland\/"]}]},{"@type":"ImageObject","inLanguage":"de","@id":"https:\/\/www.immobilienbusiness.ch\/de\/regionen\/2018-11-22\/fenaco-eroeffnet-logistikhallen-in-deutschland\/#primaryimage","url":"https:\/\/www.immobilienbusiness.ch\/wp-content\/uploads\/2018\/11\/Depositphotos_6057970_m-2015.jpg","contentUrl":"https:\/\/www.immobilienbusiness.ch\/wp-content\/uploads\/2018\/11\/Depositphotos_6057970_m-2015.jpg","width":1000,"height":659,"caption":"Der Immobilienfonds Logistics Plus hat seinen Gesch\u00e4ftsbericht f\u00fcr das Gesamtjahr ver\u00f6ffentlicht (Symbolbild; carloscastilla - depositphotos)"},{"@type":"BreadcrumbList","@id":"https:\/\/www.immobilienbusiness.ch\/de\/regionen\/2018-11-22\/fenaco-eroeffnet-logistikhallen-in-deutschland\/#breadcrumb","itemListElement":[{"@type":"ListItem","position":1,"name":"Home","item":"https:\/\/www.immobilienbusiness.ch\/"},{"@type":"ListItem","position":2,"name":"Fenaco er\u00f6ffnet Logistikhallen in Deutschland"}]},{"@type":"WebSite","@id":"https:\/\/www.immobilienbusiness.ch\/#website","url":"https:\/\/www.immobilienbusiness.ch\/","name":"IMMOBILIEN Business","description":"Unabh\u00e4ngiges Schweizer Wirtschaftsmagazin mit Fokus auf Immobilien, Architektur- und Bau sowie Investment- und Finanzierung.","publisher":{"@id":"https:\/\/www.immobilienbusiness.ch\/#organization"},"potentialAction":[{"@type":"SearchAction","target":{"@type":"EntryPoint","urlTemplate":"https:\/\/www.immobilienbusiness.ch\/?s={search_term_string}"},"query-input":{"@type":"PropertyValueSpecification","valueRequired":true,"valueName":"search_term_string"}}],"inLanguage":"de"},{"@type":"Organization","@id":"https:\/\/www.immobilienbusiness.ch\/#organization","name":"IMMOBILIEN Business","url":"https:\/\/www.immobilienbusiness.ch\/","logo":{"@type":"ImageObject","inLanguage":"de","@id":"https:\/\/www.immobilienbusiness.ch\/#\/schema\/logo\/image\/","url":"https:\/\/www.immobilienbusiness.ch\/wp-content\/uploads\/2021\/07\/logo_ib.png","contentUrl":"https:\/\/www.immobilienbusiness.ch\/wp-content\/uploads\/2021\/07\/logo_ib.png","width":800,"height":181,"caption":"IMMOBILIEN Business"},"image":{"@id":"https:\/\/www.immobilienbusiness.ch\/#\/schema\/logo\/image\/"},"sameAs":["https:\/\/www.facebook.com\/immobilienbusiness\/"]},{"@type":"Person","@id":"https:\/\/www.immobilienbusiness.ch\/#\/schema\/person\/3fc036297b10b9f42d6db5ee932af8c8","name":"anja.hall","image":{"@type":"ImageObject","inLanguage":"de","@id":"https:\/\/secure.gravatar.com\/avatar\/066b5a0d447013502c71a5782f4f3469f03cfe595cc2329fb94652fe47511bfb?s=96&d=mm&r=g","url":"https:\/\/secure.gravatar.com\/avatar\/066b5a0d447013502c71a5782f4f3469f03cfe595cc2329fb94652fe47511bfb?s=96&d=mm&r=g","contentUrl":"https:\/\/secure.gravatar.com\/avatar\/066b5a0d447013502c71a5782f4f3469f03cfe595cc2329fb94652fe47511bfb?s=96&d=mm&r=g","caption":"anja.hall"},"url":"https:\/\/www.immobilienbusiness.ch\/de\/author\/anja-hall\/"}]}},"_links":{"self":[{"href":"https:\/\/www.immobilienbusiness.ch\/de\/wp-json\/wp\/v2\/posts\/14959","targetHints":{"allow":["GET"]}}],"collection":[{"href":"https:\/\/www.immobilienbusiness.ch\/de\/wp-json\/wp\/v2\/posts"}],"about":[{"href":"https:\/\/www.immobilienbusiness.ch\/de\/wp-json\/wp\/v2\/types\/post"}],"author":[{"embeddable":true,"href":"https:\/\/www.immobilienbusiness.ch\/de\/wp-json\/wp\/v2\/users\/3"}],"replies":[{"embeddable":true,"href":"https:\/\/www.immobilienbusiness.ch\/de\/wp-json\/wp\/v2\/comments?post=14959"}],"version-history":[{"count":0,"href":"https:\/\/www.immobilienbusiness.ch\/de\/wp-json\/wp\/v2\/posts\/14959\/revisions"}],"wp:featuredmedia":[{"embeddable":true,"href":"https:\/\/www.immobilienbusiness.ch\/de\/wp-json\/wp\/v2\/media\/15003"}],"wp:attachment":[{"href":"https:\/\/www.immobilienbusiness.ch\/de\/wp-json\/wp\/v2\/media?parent=14959"}],"wp:term":[{"taxonomy":"category","embeddable":true,"href":"https:\/\/www.immobilienbusiness.ch\/de\/wp-json\/wp\/v2\/categories?post=14959"},{"taxonomy":"post_tag","embeddable":true,"href":"https:\/\/www.immobilienbusiness.ch\/de\/wp-json\/wp\/v2\/tags?post=14959"}],"curies":[{"name":"wp","href":"https:\/\/api.w.org\/{rel}","templated":true}]}}