{"id":14922,"date":"2018-11-20T08:55:09","date_gmt":"2018-11-20T07:55:09","guid":{"rendered":"https:\/\/www.immobilienbusiness.ch\/?p=14922"},"modified":"2018-11-20T08:55:09","modified_gmt":"2018-11-20T07:55:09","slug":"st-gallen-ibis-eroeffnet-hotel-in-ueberbauung-vier-winkel","status":"publish","type":"post","link":"https:\/\/www.immobilienbusiness.ch\/de\/regionen\/2018-11-20\/st-gallen-ibis-eroeffnet-hotel-in-ueberbauung-vier-winkel\/","title":{"rendered":"St. Gallen: Ibis er\u00f6ffnet Hotel in \u00dcberbauung Vier Winkel"},"content":{"rendered":"<figure id=\"attachment_14020\" aria-describedby=\"caption-attachment-14020\" style=\"width: 680px\" class=\"wp-caption alignnone\"><img loading=\"lazy\" decoding=\"async\" class=\"size-medium wp-image-14020\" src=\"https:\/\/www.immobilienbusiness.ch\/wp-content\/uploads\/2018\/09\/Depositphotos_208816580_m-2015.jpg\" alt=\"\" width=\"680\" height=\"509\" srcset=\"https:\/\/www.immobilienbusiness.ch\/wp-content\/uploads\/2018\/09\/Depositphotos_208816580_m-2015.jpg 1000w, https:\/\/www.immobilienbusiness.ch\/wp-content\/uploads\/2018\/09\/Depositphotos_208816580_m-2015-300x225.jpg 300w, https:\/\/www.immobilienbusiness.ch\/wp-content\/uploads\/2018\/09\/Depositphotos_208816580_m-2015-768x575.jpg 768w, https:\/\/www.immobilienbusiness.ch\/wp-content\/uploads\/2018\/09\/Depositphotos_208816580_m-2015-16x12.jpg 16w, https:\/\/www.immobilienbusiness.ch\/wp-content\/uploads\/2018\/09\/Depositphotos_208816580_m-2015-234x175.jpg 234w, https:\/\/www.immobilienbusiness.ch\/wp-content\/uploads\/2018\/09\/Depositphotos_208816580_m-2015-467x350.jpg 467w, https:\/\/www.immobilienbusiness.ch\/wp-content\/uploads\/2018\/09\/Depositphotos_208816580_m-2015-920x689.jpg 920w\" sizes=\"auto, (max-width: 680px) 100vw, 680px\" \/><figcaption id=\"caption-attachment-14020\" class=\"wp-caption-text\">St. Gallen (Bild: RuslanKal &#8211; depositphotos)<\/figcaption><\/figure>\n<p>Die \u00dcberbauung Vier Winkel, ein Projekt von Mettler2Invest , ist seit Juli in St. Fiden in Bau. Bis im Jahr 2020 entstehen rund 8.000 qm Gesch\u00e4ftsfl\u00e4che, aufgeteilt auf sechs Etagen. <a href=\"https:\/\/www.tagblatt.ch\/ostschweiz\/stgallen\/104-zimmer-die-stadt-stgallen-bekommt-ein-neues-hotel-ld.1069373\">Wie das <em>St. Galler Tagblatt<\/em> berichtet<\/a>, steht mit Ibis nun der erste und gr\u00f6sste Mieter fest. Die Hotelkette plant ein Haus der Marke \u00abIbis Styles\u00bb mit 104 Zimmern. Damit wird das Hotel \u00fcber die H\u00e4lfte der gesamten Mietfl\u00e4che der \u00dcberbauung belegen &#8211; rund 5.800 qm inklusive Tiefgarage.<\/p>\n<p>Projektleiter J\u00f6rg Nellen sagte der Zeitung, dass Mettler2Invest nicht aktiv nach einem Hotelbetrieb f\u00fcr die \u00dcberbauung gesucht habe. Die franz\u00f6sische Accor-Gruppe, zu der Ibis geh\u00f6rt, habe von sich aus Interesse bekundet. Ansonsten richte sich Vier Winkel vor allem an B\u00fcromieter wie Finanzdienstleister, Marketing-Agenturen oder Versicherungen.<\/p>\n<p>Ibis ist bislang in der Ostschweiz nicht vertreten. St.\u2009Gallen sei eine aufstrebende Stadt, deshalb nutze man die Gelegenheit, hier einen ersten Standort zu er\u00f6ffnen, zitiert das <em>St. Galler Tagblatt<\/em> einen Accor-Sprecher. <em>(ah)<\/em><\/p>\n","protected":false},"excerpt":{"rendered":"<p>Laut einem Medienbericht wird die Hotelkette Ibis in der \u00dcberbauung Vier Winkel beim Bahnhof St. Fiden ein Haus mit 104 Zimmern er\u00f6ffnen.<\/p>\n","protected":false},"author":3,"featured_media":14021,"comment_status":"open","ping_status":"open","sticky":false,"template":"","format":"standard","meta":{"_acf_changed":false,"_yoast_wpseo_focuskw":"Vier Winkel","_yoast_wpseo_title":"","_yoast_wpseo_metadesc":"Laut einem Medienbericht wird die Hotelkette Ibis in der \u00dcberbauung Vier Winkel beim Bahnhof St. Fiden ein Haus er\u00f6ffnen.","_yoast_wpseo_linkdex":59,"pgc_sgb_lightbox_settings":"","footnotes":""},"categories":[985],"tags":[1119,1313,1599,1722],"class_list":["post-14922","post","type-post","status-publish","format-standard","has-post-thumbnail","hentry","category-regionen","tag-bueroimmobilien","tag-hotel","tag-projekt-in-bau","tag-st-gallen"],"acf":[],"yoast_head":"<!-- This site is optimized with the Yoast SEO plugin v27.5 - https:\/\/yoast.com\/product\/yoast-seo-wordpress\/ -->\n<title>St. Gallen: Ibis er\u00f6ffnet Hotel in \u00dcberbauung Vier Winkel - IMMOBILIEN Business<\/title>\n<meta name=\"description\" content=\"Laut einem Medienbericht wird die Hotelkette Ibis in der \u00dcberbauung Vier Winkel beim Bahnhof St. Fiden ein Haus er\u00f6ffnen.\" \/>\n<meta name=\"robots\" content=\"index, follow, max-snippet:-1, max-image-preview:large, max-video-preview:-1\" \/>\n<link rel=\"canonical\" href=\"https:\/\/www.immobilienbusiness.ch\/de\/regionen\/2018-11-20\/st-gallen-ibis-eroeffnet-hotel-in-ueberbauung-vier-winkel\/\" \/>\n<meta property=\"og:locale\" content=\"de_DE\" \/>\n<meta property=\"og:type\" content=\"article\" \/>\n<meta property=\"og:title\" content=\"St. Gallen: Ibis er\u00f6ffnet Hotel in \u00dcberbauung Vier Winkel - IMMOBILIEN Business\" \/>\n<meta property=\"og:description\" content=\"Laut einem Medienbericht wird die Hotelkette Ibis in der \u00dcberbauung Vier Winkel beim Bahnhof St. Fiden ein Haus er\u00f6ffnen.\" \/>\n<meta property=\"og:url\" content=\"https:\/\/www.immobilienbusiness.ch\/de\/regionen\/2018-11-20\/st-gallen-ibis-eroeffnet-hotel-in-ueberbauung-vier-winkel\/\" \/>\n<meta property=\"og:site_name\" content=\"IMMOBILIEN Business\" \/>\n<meta property=\"article:publisher\" content=\"https:\/\/www.facebook.com\/immobilienbusiness\/\" \/>\n<meta property=\"article:published_time\" content=\"2018-11-20T07:55:09+00:00\" \/>\n<meta property=\"og:image\" content=\"https:\/\/www.immobilienbusiness.ch\/wp-content\/uploads\/2018\/09\/Depositphotos_208816580_m-2015-1-e1708331128582.jpg\" \/>\n\t<meta property=\"og:image:width\" content=\"1000\" \/>\n\t<meta property=\"og:image:height\" content=\"666\" \/>\n\t<meta property=\"og:image:type\" content=\"image\/jpeg\" \/>\n<meta name=\"author\" content=\"anja.hall\" \/>\n<meta name=\"twitter:card\" content=\"summary_large_image\" \/>\n<meta name=\"twitter:image\" content=\"https:\/\/www.immobilienbusiness.ch\/wp-content\/uploads\/2018\/09\/Depositphotos_208816580_m-2015-1.jpg\" \/>\n<script type=\"application\/ld+json\" class=\"yoast-schema-graph\">{\"@context\":\"https:\\\/\\\/schema.org\",\"@graph\":[{\"@type\":\"Article\",\"@id\":\"https:\\\/\\\/www.immobilienbusiness.ch\\\/regionen\\\/2018-11-20\\\/st-gallen-ibis-eroeffnet-hotel-in-ueberbauung-vier-winkel\\\/#article\",\"isPartOf\":{\"@id\":\"https:\\\/\\\/www.immobilienbusiness.ch\\\/regionen\\\/2018-11-20\\\/st-gallen-ibis-eroeffnet-hotel-in-ueberbauung-vier-winkel\\\/\"},\"author\":{\"name\":\"anja.hall\",\"@id\":\"https:\\\/\\\/www.immobilienbusiness.ch\\\/#\\\/schema\\\/person\\\/3fc036297b10b9f42d6db5ee932af8c8\"},\"headline\":\"St. Gallen: Ibis er\u00f6ffnet Hotel in \u00dcberbauung Vier Winkel\",\"datePublished\":\"2018-11-20T07:55:09+00:00\",\"mainEntityOfPage\":{\"@id\":\"https:\\\/\\\/www.immobilienbusiness.ch\\\/regionen\\\/2018-11-20\\\/st-gallen-ibis-eroeffnet-hotel-in-ueberbauung-vier-winkel\\\/\"},\"wordCount\":186,\"commentCount\":0,\"publisher\":{\"@id\":\"https:\\\/\\\/www.immobilienbusiness.ch\\\/#organization\"},\"image\":{\"@id\":\"https:\\\/\\\/www.immobilienbusiness.ch\\\/regionen\\\/2018-11-20\\\/st-gallen-ibis-eroeffnet-hotel-in-ueberbauung-vier-winkel\\\/#primaryimage\"},\"thumbnailUrl\":\"https:\\\/\\\/www.immobilienbusiness.ch\\\/wp-content\\\/uploads\\\/2018\\\/09\\\/Depositphotos_208816580_m-2015-1-e1708331128582.jpg\",\"keywords\":[\"B\u00fcroimmobilien\",\"Hotel\",\"Projekt in Bau\",\"St. Gallen\"],\"articleSection\":[\"REGIONEN\"],\"inLanguage\":\"de\"},{\"@type\":\"WebPage\",\"@id\":\"https:\\\/\\\/www.immobilienbusiness.ch\\\/regionen\\\/2018-11-20\\\/st-gallen-ibis-eroeffnet-hotel-in-ueberbauung-vier-winkel\\\/\",\"url\":\"https:\\\/\\\/www.immobilienbusiness.ch\\\/regionen\\\/2018-11-20\\\/st-gallen-ibis-eroeffnet-hotel-in-ueberbauung-vier-winkel\\\/\",\"name\":\"St. Gallen: Ibis er\u00f6ffnet Hotel in \u00dcberbauung Vier Winkel - IMMOBILIEN Business\",\"isPartOf\":{\"@id\":\"https:\\\/\\\/www.immobilienbusiness.ch\\\/#website\"},\"primaryImageOfPage\":{\"@id\":\"https:\\\/\\\/www.immobilienbusiness.ch\\\/regionen\\\/2018-11-20\\\/st-gallen-ibis-eroeffnet-hotel-in-ueberbauung-vier-winkel\\\/#primaryimage\"},\"image\":{\"@id\":\"https:\\\/\\\/www.immobilienbusiness.ch\\\/regionen\\\/2018-11-20\\\/st-gallen-ibis-eroeffnet-hotel-in-ueberbauung-vier-winkel\\\/#primaryimage\"},\"thumbnailUrl\":\"https:\\\/\\\/www.immobilienbusiness.ch\\\/wp-content\\\/uploads\\\/2018\\\/09\\\/Depositphotos_208816580_m-2015-1-e1708331128582.jpg\",\"datePublished\":\"2018-11-20T07:55:09+00:00\",\"description\":\"Laut einem Medienbericht wird die Hotelkette Ibis in der \u00dcberbauung Vier Winkel beim Bahnhof St. Fiden ein Haus er\u00f6ffnen.\",\"breadcrumb\":{\"@id\":\"https:\\\/\\\/www.immobilienbusiness.ch\\\/regionen\\\/2018-11-20\\\/st-gallen-ibis-eroeffnet-hotel-in-ueberbauung-vier-winkel\\\/#breadcrumb\"},\"inLanguage\":\"de\",\"potentialAction\":[{\"@type\":\"ReadAction\",\"target\":[\"https:\\\/\\\/www.immobilienbusiness.ch\\\/regionen\\\/2018-11-20\\\/st-gallen-ibis-eroeffnet-hotel-in-ueberbauung-vier-winkel\\\/\"]}]},{\"@type\":\"ImageObject\",\"inLanguage\":\"de\",\"@id\":\"https:\\\/\\\/www.immobilienbusiness.ch\\\/regionen\\\/2018-11-20\\\/st-gallen-ibis-eroeffnet-hotel-in-ueberbauung-vier-winkel\\\/#primaryimage\",\"url\":\"https:\\\/\\\/www.immobilienbusiness.ch\\\/wp-content\\\/uploads\\\/2018\\\/09\\\/Depositphotos_208816580_m-2015-1-e1708331128582.jpg\",\"contentUrl\":\"https:\\\/\\\/www.immobilienbusiness.ch\\\/wp-content\\\/uploads\\\/2018\\\/09\\\/Depositphotos_208816580_m-2015-1-e1708331128582.jpg\",\"width\":1000,\"height\":666,\"caption\":\"St. Gallen (Bild: RuslanKal - depositphotos)\"},{\"@type\":\"BreadcrumbList\",\"@id\":\"https:\\\/\\\/www.immobilienbusiness.ch\\\/regionen\\\/2018-11-20\\\/st-gallen-ibis-eroeffnet-hotel-in-ueberbauung-vier-winkel\\\/#breadcrumb\",\"itemListElement\":[{\"@type\":\"ListItem\",\"position\":1,\"name\":\"Home\",\"item\":\"https:\\\/\\\/www.immobilienbusiness.ch\\\/\"},{\"@type\":\"ListItem\",\"position\":2,\"name\":\"St. Gallen: Ibis er\u00f6ffnet Hotel in \u00dcberbauung Vier Winkel\"}]},{\"@type\":\"WebSite\",\"@id\":\"https:\\\/\\\/www.immobilienbusiness.ch\\\/#website\",\"url\":\"https:\\\/\\\/www.immobilienbusiness.ch\\\/\",\"name\":\"IMMOBILIEN Business\",\"description\":\"Unabh\u00e4ngiges Schweizer Wirtschaftsmagazin mit Fokus auf Immobilien, Architektur- und Bau sowie Investment- und Finanzierung.\",\"publisher\":{\"@id\":\"https:\\\/\\\/www.immobilienbusiness.ch\\\/#organization\"},\"potentialAction\":[{\"@type\":\"SearchAction\",\"target\":{\"@type\":\"EntryPoint\",\"urlTemplate\":\"https:\\\/\\\/www.immobilienbusiness.ch\\\/?s={search_term_string}\"},\"query-input\":{\"@type\":\"PropertyValueSpecification\",\"valueRequired\":true,\"valueName\":\"search_term_string\"}}],\"inLanguage\":\"de\"},{\"@type\":\"Organization\",\"@id\":\"https:\\\/\\\/www.immobilienbusiness.ch\\\/#organization\",\"name\":\"IMMOBILIEN Business\",\"url\":\"https:\\\/\\\/www.immobilienbusiness.ch\\\/\",\"logo\":{\"@type\":\"ImageObject\",\"inLanguage\":\"de\",\"@id\":\"https:\\\/\\\/www.immobilienbusiness.ch\\\/#\\\/schema\\\/logo\\\/image\\\/\",\"url\":\"https:\\\/\\\/www.immobilienbusiness.ch\\\/wp-content\\\/uploads\\\/2021\\\/07\\\/logo_ib.png\",\"contentUrl\":\"https:\\\/\\\/www.immobilienbusiness.ch\\\/wp-content\\\/uploads\\\/2021\\\/07\\\/logo_ib.png\",\"width\":800,\"height\":181,\"caption\":\"IMMOBILIEN Business\"},\"image\":{\"@id\":\"https:\\\/\\\/www.immobilienbusiness.ch\\\/#\\\/schema\\\/logo\\\/image\\\/\"},\"sameAs\":[\"https:\\\/\\\/www.facebook.com\\\/immobilienbusiness\\\/\"]},{\"@type\":\"Person\",\"@id\":\"https:\\\/\\\/www.immobilienbusiness.ch\\\/#\\\/schema\\\/person\\\/3fc036297b10b9f42d6db5ee932af8c8\",\"name\":\"anja.hall\",\"image\":{\"@type\":\"ImageObject\",\"inLanguage\":\"de\",\"@id\":\"https:\\\/\\\/secure.gravatar.com\\\/avatar\\\/066b5a0d447013502c71a5782f4f3469f03cfe595cc2329fb94652fe47511bfb?s=96&d=mm&r=g\",\"url\":\"https:\\\/\\\/secure.gravatar.com\\\/avatar\\\/066b5a0d447013502c71a5782f4f3469f03cfe595cc2329fb94652fe47511bfb?s=96&d=mm&r=g\",\"contentUrl\":\"https:\\\/\\\/secure.gravatar.com\\\/avatar\\\/066b5a0d447013502c71a5782f4f3469f03cfe595cc2329fb94652fe47511bfb?s=96&d=mm&r=g\",\"caption\":\"anja.hall\"},\"url\":\"https:\\\/\\\/www.immobilienbusiness.ch\\\/de\\\/author\\\/anja-hall\\\/\"}]}<\/script>\n<!-- \/ Yoast SEO plugin. -->","yoast_head_json":{"title":"St. Gallen: Ibis er\u00f6ffnet Hotel in \u00dcberbauung Vier Winkel - IMMOBILIEN Business","description":"Laut einem Medienbericht wird die Hotelkette Ibis in der \u00dcberbauung Vier Winkel beim Bahnhof St. Fiden ein Haus er\u00f6ffnen.","robots":{"index":"index","follow":"follow","max-snippet":"max-snippet:-1","max-image-preview":"max-image-preview:large","max-video-preview":"max-video-preview:-1"},"canonical":"https:\/\/www.immobilienbusiness.ch\/de\/regionen\/2018-11-20\/st-gallen-ibis-eroeffnet-hotel-in-ueberbauung-vier-winkel\/","og_locale":"de_DE","og_type":"article","og_title":"St. Gallen: Ibis er\u00f6ffnet Hotel in \u00dcberbauung Vier Winkel - IMMOBILIEN Business","og_description":"Laut einem Medienbericht wird die Hotelkette Ibis in der \u00dcberbauung Vier Winkel beim Bahnhof St. Fiden ein Haus er\u00f6ffnen.","og_url":"https:\/\/www.immobilienbusiness.ch\/de\/regionen\/2018-11-20\/st-gallen-ibis-eroeffnet-hotel-in-ueberbauung-vier-winkel\/","og_site_name":"IMMOBILIEN Business","article_publisher":"https:\/\/www.facebook.com\/immobilienbusiness\/","article_published_time":"2018-11-20T07:55:09+00:00","og_image":[{"width":1000,"height":666,"url":"https:\/\/www.immobilienbusiness.ch\/wp-content\/uploads\/2018\/09\/Depositphotos_208816580_m-2015-1-e1708331128582.jpg","type":"image\/jpeg"}],"author":"anja.hall","twitter_card":"summary_large_image","twitter_image":"https:\/\/www.immobilienbusiness.ch\/wp-content\/uploads\/2018\/09\/Depositphotos_208816580_m-2015-1.jpg","schema":{"@context":"https:\/\/schema.org","@graph":[{"@type":"Article","@id":"https:\/\/www.immobilienbusiness.ch\/regionen\/2018-11-20\/st-gallen-ibis-eroeffnet-hotel-in-ueberbauung-vier-winkel\/#article","isPartOf":{"@id":"https:\/\/www.immobilienbusiness.ch\/regionen\/2018-11-20\/st-gallen-ibis-eroeffnet-hotel-in-ueberbauung-vier-winkel\/"},"author":{"name":"anja.hall","@id":"https:\/\/www.immobilienbusiness.ch\/#\/schema\/person\/3fc036297b10b9f42d6db5ee932af8c8"},"headline":"St. Gallen: Ibis er\u00f6ffnet Hotel in \u00dcberbauung Vier Winkel","datePublished":"2018-11-20T07:55:09+00:00","mainEntityOfPage":{"@id":"https:\/\/www.immobilienbusiness.ch\/regionen\/2018-11-20\/st-gallen-ibis-eroeffnet-hotel-in-ueberbauung-vier-winkel\/"},"wordCount":186,"commentCount":0,"publisher":{"@id":"https:\/\/www.immobilienbusiness.ch\/#organization"},"image":{"@id":"https:\/\/www.immobilienbusiness.ch\/regionen\/2018-11-20\/st-gallen-ibis-eroeffnet-hotel-in-ueberbauung-vier-winkel\/#primaryimage"},"thumbnailUrl":"https:\/\/www.immobilienbusiness.ch\/wp-content\/uploads\/2018\/09\/Depositphotos_208816580_m-2015-1-e1708331128582.jpg","keywords":["B\u00fcroimmobilien","Hotel","Projekt in Bau","St. Gallen"],"articleSection":["REGIONEN"],"inLanguage":"de"},{"@type":"WebPage","@id":"https:\/\/www.immobilienbusiness.ch\/regionen\/2018-11-20\/st-gallen-ibis-eroeffnet-hotel-in-ueberbauung-vier-winkel\/","url":"https:\/\/www.immobilienbusiness.ch\/regionen\/2018-11-20\/st-gallen-ibis-eroeffnet-hotel-in-ueberbauung-vier-winkel\/","name":"St. Gallen: Ibis er\u00f6ffnet Hotel in \u00dcberbauung Vier Winkel - IMMOBILIEN Business","isPartOf":{"@id":"https:\/\/www.immobilienbusiness.ch\/#website"},"primaryImageOfPage":{"@id":"https:\/\/www.immobilienbusiness.ch\/regionen\/2018-11-20\/st-gallen-ibis-eroeffnet-hotel-in-ueberbauung-vier-winkel\/#primaryimage"},"image":{"@id":"https:\/\/www.immobilienbusiness.ch\/regionen\/2018-11-20\/st-gallen-ibis-eroeffnet-hotel-in-ueberbauung-vier-winkel\/#primaryimage"},"thumbnailUrl":"https:\/\/www.immobilienbusiness.ch\/wp-content\/uploads\/2018\/09\/Depositphotos_208816580_m-2015-1-e1708331128582.jpg","datePublished":"2018-11-20T07:55:09+00:00","description":"Laut einem Medienbericht wird die Hotelkette Ibis in der \u00dcberbauung Vier Winkel beim Bahnhof St. Fiden ein Haus er\u00f6ffnen.","breadcrumb":{"@id":"https:\/\/www.immobilienbusiness.ch\/regionen\/2018-11-20\/st-gallen-ibis-eroeffnet-hotel-in-ueberbauung-vier-winkel\/#breadcrumb"},"inLanguage":"de","potentialAction":[{"@type":"ReadAction","target":["https:\/\/www.immobilienbusiness.ch\/regionen\/2018-11-20\/st-gallen-ibis-eroeffnet-hotel-in-ueberbauung-vier-winkel\/"]}]},{"@type":"ImageObject","inLanguage":"de","@id":"https:\/\/www.immobilienbusiness.ch\/regionen\/2018-11-20\/st-gallen-ibis-eroeffnet-hotel-in-ueberbauung-vier-winkel\/#primaryimage","url":"https:\/\/www.immobilienbusiness.ch\/wp-content\/uploads\/2018\/09\/Depositphotos_208816580_m-2015-1-e1708331128582.jpg","contentUrl":"https:\/\/www.immobilienbusiness.ch\/wp-content\/uploads\/2018\/09\/Depositphotos_208816580_m-2015-1-e1708331128582.jpg","width":1000,"height":666,"caption":"St. Gallen (Bild: RuslanKal - depositphotos)"},{"@type":"BreadcrumbList","@id":"https:\/\/www.immobilienbusiness.ch\/regionen\/2018-11-20\/st-gallen-ibis-eroeffnet-hotel-in-ueberbauung-vier-winkel\/#breadcrumb","itemListElement":[{"@type":"ListItem","position":1,"name":"Home","item":"https:\/\/www.immobilienbusiness.ch\/"},{"@type":"ListItem","position":2,"name":"St. Gallen: Ibis er\u00f6ffnet Hotel in \u00dcberbauung Vier Winkel"}]},{"@type":"WebSite","@id":"https:\/\/www.immobilienbusiness.ch\/#website","url":"https:\/\/www.immobilienbusiness.ch\/","name":"IMMOBILIEN Business","description":"Unabh\u00e4ngiges Schweizer Wirtschaftsmagazin mit Fokus auf Immobilien, Architektur- und Bau sowie Investment- und Finanzierung.","publisher":{"@id":"https:\/\/www.immobilienbusiness.ch\/#organization"},"potentialAction":[{"@type":"SearchAction","target":{"@type":"EntryPoint","urlTemplate":"https:\/\/www.immobilienbusiness.ch\/?s={search_term_string}"},"query-input":{"@type":"PropertyValueSpecification","valueRequired":true,"valueName":"search_term_string"}}],"inLanguage":"de"},{"@type":"Organization","@id":"https:\/\/www.immobilienbusiness.ch\/#organization","name":"IMMOBILIEN Business","url":"https:\/\/www.immobilienbusiness.ch\/","logo":{"@type":"ImageObject","inLanguage":"de","@id":"https:\/\/www.immobilienbusiness.ch\/#\/schema\/logo\/image\/","url":"https:\/\/www.immobilienbusiness.ch\/wp-content\/uploads\/2021\/07\/logo_ib.png","contentUrl":"https:\/\/www.immobilienbusiness.ch\/wp-content\/uploads\/2021\/07\/logo_ib.png","width":800,"height":181,"caption":"IMMOBILIEN Business"},"image":{"@id":"https:\/\/www.immobilienbusiness.ch\/#\/schema\/logo\/image\/"},"sameAs":["https:\/\/www.facebook.com\/immobilienbusiness\/"]},{"@type":"Person","@id":"https:\/\/www.immobilienbusiness.ch\/#\/schema\/person\/3fc036297b10b9f42d6db5ee932af8c8","name":"anja.hall","image":{"@type":"ImageObject","inLanguage":"de","@id":"https:\/\/secure.gravatar.com\/avatar\/066b5a0d447013502c71a5782f4f3469f03cfe595cc2329fb94652fe47511bfb?s=96&d=mm&r=g","url":"https:\/\/secure.gravatar.com\/avatar\/066b5a0d447013502c71a5782f4f3469f03cfe595cc2329fb94652fe47511bfb?s=96&d=mm&r=g","contentUrl":"https:\/\/secure.gravatar.com\/avatar\/066b5a0d447013502c71a5782f4f3469f03cfe595cc2329fb94652fe47511bfb?s=96&d=mm&r=g","caption":"anja.hall"},"url":"https:\/\/www.immobilienbusiness.ch\/de\/author\/anja-hall\/"}]}},"_links":{"self":[{"href":"https:\/\/www.immobilienbusiness.ch\/de\/wp-json\/wp\/v2\/posts\/14922","targetHints":{"allow":["GET"]}}],"collection":[{"href":"https:\/\/www.immobilienbusiness.ch\/de\/wp-json\/wp\/v2\/posts"}],"about":[{"href":"https:\/\/www.immobilienbusiness.ch\/de\/wp-json\/wp\/v2\/types\/post"}],"author":[{"embeddable":true,"href":"https:\/\/www.immobilienbusiness.ch\/de\/wp-json\/wp\/v2\/users\/3"}],"replies":[{"embeddable":true,"href":"https:\/\/www.immobilienbusiness.ch\/de\/wp-json\/wp\/v2\/comments?post=14922"}],"version-history":[{"count":0,"href":"https:\/\/www.immobilienbusiness.ch\/de\/wp-json\/wp\/v2\/posts\/14922\/revisions"}],"wp:featuredmedia":[{"embeddable":true,"href":"https:\/\/www.immobilienbusiness.ch\/de\/wp-json\/wp\/v2\/media\/14021"}],"wp:attachment":[{"href":"https:\/\/www.immobilienbusiness.ch\/de\/wp-json\/wp\/v2\/media?parent=14922"}],"wp:term":[{"taxonomy":"category","embeddable":true,"href":"https:\/\/www.immobilienbusiness.ch\/de\/wp-json\/wp\/v2\/categories?post=14922"},{"taxonomy":"post_tag","embeddable":true,"href":"https:\/\/www.immobilienbusiness.ch\/de\/wp-json\/wp\/v2\/tags?post=14922"}],"curies":[{"name":"wp","href":"https:\/\/api.w.org\/{rel}","templated":true}]}}