{"id":14739,"date":"2018-11-02T08:31:49","date_gmt":"2018-11-02T07:31:49","guid":{"rendered":"https:\/\/www.immobilienbusiness.ch\/?p=14739"},"modified":"2018-11-02T08:31:49","modified_gmt":"2018-11-02T07:31:49","slug":"lausanne-grundsteinlegung-fuer-moxy-hotel","status":"publish","type":"post","link":"https:\/\/www.immobilienbusiness.ch\/de\/regionen\/2018-11-02\/lausanne-grundsteinlegung-fuer-moxy-hotel\/","title":{"rendered":"Lausanne: Grundsteinlegung f\u00fcr Moxy-Hotel"},"content":{"rendered":"<figure id=\"attachment_14743\" aria-describedby=\"caption-attachment-14743\" style=\"width: 680px\" class=\"wp-caption alignnone\"><img loading=\"lazy\" decoding=\"async\" class=\"size-medium wp-image-14743\" src=\"https:\/\/www.immobilienbusiness.ch\/wp-content\/uploads\/2018\/11\/Image_Moxy_Localarchitecture.jpg\" alt=\"\" width=\"680\" height=\"518\" srcset=\"https:\/\/www.immobilienbusiness.ch\/wp-content\/uploads\/2018\/11\/Image_Moxy_Localarchitecture.jpg 2560w, https:\/\/www.immobilienbusiness.ch\/wp-content\/uploads\/2018\/11\/Image_Moxy_Localarchitecture-300x229.jpg 300w, https:\/\/www.immobilienbusiness.ch\/wp-content\/uploads\/2018\/11\/Image_Moxy_Localarchitecture-1024x781.jpg 1024w, https:\/\/www.immobilienbusiness.ch\/wp-content\/uploads\/2018\/11\/Image_Moxy_Localarchitecture-768x585.jpg 768w, https:\/\/www.immobilienbusiness.ch\/wp-content\/uploads\/2018\/11\/Image_Moxy_Localarchitecture-1536x1171.jpg 1536w, https:\/\/www.immobilienbusiness.ch\/wp-content\/uploads\/2018\/11\/Image_Moxy_Localarchitecture-2048x1561.jpg 2048w, https:\/\/www.immobilienbusiness.ch\/wp-content\/uploads\/2018\/11\/Image_Moxy_Localarchitecture-16x12.jpg 16w, https:\/\/www.immobilienbusiness.ch\/wp-content\/uploads\/2018\/11\/Image_Moxy_Localarchitecture-230x175.jpg 230w, https:\/\/www.immobilienbusiness.ch\/wp-content\/uploads\/2018\/11\/Image_Moxy_Localarchitecture-459x350.jpg 459w, https:\/\/www.immobilienbusiness.ch\/wp-content\/uploads\/2018\/11\/Image_Moxy_Localarchitecture-1049x800.jpg 1049w, https:\/\/www.immobilienbusiness.ch\/wp-content\/uploads\/2018\/11\/Image_Moxy_Localarchitecture-920x701.jpg 920w, https:\/\/www.immobilienbusiness.ch\/wp-content\/uploads\/2018\/11\/Image_Moxy_Localarchitecture-1400x1067.jpg 1400w, https:\/\/www.immobilienbusiness.ch\/wp-content\/uploads\/2018\/11\/Image_Moxy_Localarchitecture-1837x1400.jpg 1837w\" sizes=\"auto, (max-width: 680px) 100vw, 680px\" \/><figcaption id=\"caption-attachment-14743\" class=\"wp-caption-text\">Das Moxy im Quartier du Flon in Lausanne (Visualisierung: Localarchitecture)<\/figcaption><\/figure>\n<p>Das Moxy-Hotel wird in der Rue de la Vigie im Stadtteil Flon in Lausanne er\u00f6ffnet. Auf einer Gesamtfl\u00e4che von 3.500 qm entstehen 113 Zimmer. Betreiber des Hauses ist die SV Hotels, die auch das Moxy in Bern, das Anfang 2020 er\u00f6ffnen soll, unter ihrer Leitung hat. Halter ist der Generalunternehmer f\u00fcr das Projekt; Grundeigent\u00fcmerin ist Mobimo, der auch das gesamte Flon-Quartier geh\u00f6rt.<\/p>\n<p>Das Stadtviertel ist weitgehend autofrei, umfasst 55.000 qm und bietet viele Gesch\u00e4fte sowie vielf\u00e4ltige Freizeit-, Kultur- und Gastronomieangebote.<\/p>\n<p>SV Hotel und Mobimo arbeiten bereits an anderer Stelle zusammen: In Z\u00fcrich ist die Hotelgruppe mit dem Renaissance Z\u00fcrich Tower Hotel Mieter in einer Mobimo-Immobilie. <em>(ah)<\/em><\/p>\n","protected":false},"excerpt":{"rendered":"<p>Im Quartier du Flon in Lausanne entsteht das erste Hotel der Marke Moxy in der Schweiz. SV Hotel und Mobimo haben den Grundstein daf\u00fcr gelegt.<\/p>\n","protected":false},"author":3,"featured_media":14743,"comment_status":"open","ping_status":"open","sticky":false,"template":"","format":"standard","meta":{"_acf_changed":false,"_yoast_wpseo_focuskw":"Lausanne","_yoast_wpseo_title":"","_yoast_wpseo_metadesc":"Im Quartier du Flon in Lausanne entsteht das erste Hotel der Marke Moxy in der Schweiz. SV Hotel und Mobimo haben den Grundstein daf\u00fcr gelegt.","_yoast_wpseo_linkdex":69,"pgc_sgb_lightbox_settings":"","footnotes":""},"categories":[985],"tags":[1228,1286,1313,1438],"class_list":["post-14739","post","type-post","status-publish","format-standard","has-post-thumbnail","hentry","category-regionen","tag-flon","tag-grundsteinlegung","tag-hotel","tag-lausanne"],"acf":[],"yoast_head":"<!-- This site is optimized with the Yoast SEO plugin v27.5 - https:\/\/yoast.com\/product\/yoast-seo-wordpress\/ -->\n<title>Lausanne: Grundsteinlegung f\u00fcr Moxy-Hotel - IMMOBILIEN Business<\/title>\n<meta name=\"description\" content=\"Im Quartier du Flon in Lausanne entsteht das erste Hotel der Marke Moxy in der Schweiz. SV Hotel und Mobimo haben den Grundstein daf\u00fcr gelegt.\" \/>\n<meta name=\"robots\" content=\"index, follow, max-snippet:-1, max-image-preview:large, max-video-preview:-1\" \/>\n<link rel=\"canonical\" href=\"https:\/\/www.immobilienbusiness.ch\/de\/regionen\/2018-11-02\/lausanne-grundsteinlegung-fuer-moxy-hotel\/\" \/>\n<meta property=\"og:locale\" content=\"de_DE\" \/>\n<meta property=\"og:type\" content=\"article\" \/>\n<meta property=\"og:title\" content=\"Lausanne: Grundsteinlegung f\u00fcr Moxy-Hotel - IMMOBILIEN Business\" \/>\n<meta property=\"og:description\" content=\"Im Quartier du Flon in Lausanne entsteht das erste Hotel der Marke Moxy in der Schweiz. SV Hotel und Mobimo haben den Grundstein daf\u00fcr gelegt.\" \/>\n<meta property=\"og:url\" content=\"https:\/\/www.immobilienbusiness.ch\/de\/regionen\/2018-11-02\/lausanne-grundsteinlegung-fuer-moxy-hotel\/\" \/>\n<meta property=\"og:site_name\" content=\"IMMOBILIEN Business\" \/>\n<meta property=\"article:publisher\" content=\"https:\/\/www.facebook.com\/immobilienbusiness\/\" \/>\n<meta property=\"article:published_time\" content=\"2018-11-02T07:31:49+00:00\" \/>\n<meta property=\"og:image\" content=\"https:\/\/www.immobilienbusiness.ch\/wp-content\/uploads\/2018\/11\/Image_Moxy_Localarchitecture-1024x781.jpg\" \/>\n\t<meta property=\"og:image:width\" content=\"1024\" \/>\n\t<meta property=\"og:image:height\" content=\"781\" \/>\n\t<meta property=\"og:image:type\" content=\"image\/jpeg\" \/>\n<meta name=\"author\" content=\"anja.hall\" \/>\n<meta name=\"twitter:card\" content=\"summary_large_image\" \/>\n<meta name=\"twitter:image\" content=\"https:\/\/www.immobilienbusiness.ch\/wp-content\/uploads\/2018\/11\/Image_Moxy_Localarchitecture.jpg\" \/>\n<script type=\"application\/ld+json\" class=\"yoast-schema-graph\">{\"@context\":\"https:\\\/\\\/schema.org\",\"@graph\":[{\"@type\":\"Article\",\"@id\":\"https:\\\/\\\/www.immobilienbusiness.ch\\\/regionen\\\/2018-11-02\\\/lausanne-grundsteinlegung-fuer-moxy-hotel\\\/#article\",\"isPartOf\":{\"@id\":\"https:\\\/\\\/www.immobilienbusiness.ch\\\/regionen\\\/2018-11-02\\\/lausanne-grundsteinlegung-fuer-moxy-hotel\\\/\"},\"author\":{\"name\":\"anja.hall\",\"@id\":\"https:\\\/\\\/www.immobilienbusiness.ch\\\/#\\\/schema\\\/person\\\/3fc036297b10b9f42d6db5ee932af8c8\"},\"headline\":\"Lausanne: Grundsteinlegung f\u00fcr Moxy-Hotel\",\"datePublished\":\"2018-11-02T07:31:49+00:00\",\"mainEntityOfPage\":{\"@id\":\"https:\\\/\\\/www.immobilienbusiness.ch\\\/regionen\\\/2018-11-02\\\/lausanne-grundsteinlegung-fuer-moxy-hotel\\\/\"},\"wordCount\":134,\"commentCount\":0,\"publisher\":{\"@id\":\"https:\\\/\\\/www.immobilienbusiness.ch\\\/#organization\"},\"image\":{\"@id\":\"https:\\\/\\\/www.immobilienbusiness.ch\\\/regionen\\\/2018-11-02\\\/lausanne-grundsteinlegung-fuer-moxy-hotel\\\/#primaryimage\"},\"thumbnailUrl\":\"https:\\\/\\\/www.immobilienbusiness.ch\\\/wp-content\\\/uploads\\\/2018\\\/11\\\/Image_Moxy_Localarchitecture.jpg\",\"keywords\":[\"Flon\",\"Grundsteinlegung\",\"Hotel\",\"Lausanne\"],\"articleSection\":[\"REGIONEN\"],\"inLanguage\":\"de\"},{\"@type\":\"WebPage\",\"@id\":\"https:\\\/\\\/www.immobilienbusiness.ch\\\/regionen\\\/2018-11-02\\\/lausanne-grundsteinlegung-fuer-moxy-hotel\\\/\",\"url\":\"https:\\\/\\\/www.immobilienbusiness.ch\\\/regionen\\\/2018-11-02\\\/lausanne-grundsteinlegung-fuer-moxy-hotel\\\/\",\"name\":\"Lausanne: Grundsteinlegung f\u00fcr Moxy-Hotel - IMMOBILIEN Business\",\"isPartOf\":{\"@id\":\"https:\\\/\\\/www.immobilienbusiness.ch\\\/#website\"},\"primaryImageOfPage\":{\"@id\":\"https:\\\/\\\/www.immobilienbusiness.ch\\\/regionen\\\/2018-11-02\\\/lausanne-grundsteinlegung-fuer-moxy-hotel\\\/#primaryimage\"},\"image\":{\"@id\":\"https:\\\/\\\/www.immobilienbusiness.ch\\\/regionen\\\/2018-11-02\\\/lausanne-grundsteinlegung-fuer-moxy-hotel\\\/#primaryimage\"},\"thumbnailUrl\":\"https:\\\/\\\/www.immobilienbusiness.ch\\\/wp-content\\\/uploads\\\/2018\\\/11\\\/Image_Moxy_Localarchitecture.jpg\",\"datePublished\":\"2018-11-02T07:31:49+00:00\",\"description\":\"Im Quartier du Flon in Lausanne entsteht das erste Hotel der Marke Moxy in der Schweiz. SV Hotel und Mobimo haben den Grundstein daf\u00fcr gelegt.\",\"breadcrumb\":{\"@id\":\"https:\\\/\\\/www.immobilienbusiness.ch\\\/regionen\\\/2018-11-02\\\/lausanne-grundsteinlegung-fuer-moxy-hotel\\\/#breadcrumb\"},\"inLanguage\":\"de\",\"potentialAction\":[{\"@type\":\"ReadAction\",\"target\":[\"https:\\\/\\\/www.immobilienbusiness.ch\\\/regionen\\\/2018-11-02\\\/lausanne-grundsteinlegung-fuer-moxy-hotel\\\/\"]}]},{\"@type\":\"ImageObject\",\"inLanguage\":\"de\",\"@id\":\"https:\\\/\\\/www.immobilienbusiness.ch\\\/regionen\\\/2018-11-02\\\/lausanne-grundsteinlegung-fuer-moxy-hotel\\\/#primaryimage\",\"url\":\"https:\\\/\\\/www.immobilienbusiness.ch\\\/wp-content\\\/uploads\\\/2018\\\/11\\\/Image_Moxy_Localarchitecture.jpg\",\"contentUrl\":\"https:\\\/\\\/www.immobilienbusiness.ch\\\/wp-content\\\/uploads\\\/2018\\\/11\\\/Image_Moxy_Localarchitecture.jpg\",\"width\":2560,\"height\":1951,\"caption\":\"Image_Moxy_Localarchitecture\"},{\"@type\":\"BreadcrumbList\",\"@id\":\"https:\\\/\\\/www.immobilienbusiness.ch\\\/regionen\\\/2018-11-02\\\/lausanne-grundsteinlegung-fuer-moxy-hotel\\\/#breadcrumb\",\"itemListElement\":[{\"@type\":\"ListItem\",\"position\":1,\"name\":\"Home\",\"item\":\"https:\\\/\\\/www.immobilienbusiness.ch\\\/\"},{\"@type\":\"ListItem\",\"position\":2,\"name\":\"Lausanne: Grundsteinlegung f\u00fcr Moxy-Hotel\"}]},{\"@type\":\"WebSite\",\"@id\":\"https:\\\/\\\/www.immobilienbusiness.ch\\\/#website\",\"url\":\"https:\\\/\\\/www.immobilienbusiness.ch\\\/\",\"name\":\"IMMOBILIEN Business\",\"description\":\"Unabh\u00e4ngiges Schweizer Wirtschaftsmagazin mit Fokus auf Immobilien, Architektur- und Bau sowie Investment- und Finanzierung.\",\"publisher\":{\"@id\":\"https:\\\/\\\/www.immobilienbusiness.ch\\\/#organization\"},\"potentialAction\":[{\"@type\":\"SearchAction\",\"target\":{\"@type\":\"EntryPoint\",\"urlTemplate\":\"https:\\\/\\\/www.immobilienbusiness.ch\\\/?s={search_term_string}\"},\"query-input\":{\"@type\":\"PropertyValueSpecification\",\"valueRequired\":true,\"valueName\":\"search_term_string\"}}],\"inLanguage\":\"de\"},{\"@type\":\"Organization\",\"@id\":\"https:\\\/\\\/www.immobilienbusiness.ch\\\/#organization\",\"name\":\"IMMOBILIEN Business\",\"url\":\"https:\\\/\\\/www.immobilienbusiness.ch\\\/\",\"logo\":{\"@type\":\"ImageObject\",\"inLanguage\":\"de\",\"@id\":\"https:\\\/\\\/www.immobilienbusiness.ch\\\/#\\\/schema\\\/logo\\\/image\\\/\",\"url\":\"https:\\\/\\\/www.immobilienbusiness.ch\\\/wp-content\\\/uploads\\\/2021\\\/07\\\/logo_ib.png\",\"contentUrl\":\"https:\\\/\\\/www.immobilienbusiness.ch\\\/wp-content\\\/uploads\\\/2021\\\/07\\\/logo_ib.png\",\"width\":800,\"height\":181,\"caption\":\"IMMOBILIEN Business\"},\"image\":{\"@id\":\"https:\\\/\\\/www.immobilienbusiness.ch\\\/#\\\/schema\\\/logo\\\/image\\\/\"},\"sameAs\":[\"https:\\\/\\\/www.facebook.com\\\/immobilienbusiness\\\/\"]},{\"@type\":\"Person\",\"@id\":\"https:\\\/\\\/www.immobilienbusiness.ch\\\/#\\\/schema\\\/person\\\/3fc036297b10b9f42d6db5ee932af8c8\",\"name\":\"anja.hall\",\"image\":{\"@type\":\"ImageObject\",\"inLanguage\":\"de\",\"@id\":\"https:\\\/\\\/secure.gravatar.com\\\/avatar\\\/066b5a0d447013502c71a5782f4f3469f03cfe595cc2329fb94652fe47511bfb?s=96&d=mm&r=g\",\"url\":\"https:\\\/\\\/secure.gravatar.com\\\/avatar\\\/066b5a0d447013502c71a5782f4f3469f03cfe595cc2329fb94652fe47511bfb?s=96&d=mm&r=g\",\"contentUrl\":\"https:\\\/\\\/secure.gravatar.com\\\/avatar\\\/066b5a0d447013502c71a5782f4f3469f03cfe595cc2329fb94652fe47511bfb?s=96&d=mm&r=g\",\"caption\":\"anja.hall\"},\"url\":\"https:\\\/\\\/www.immobilienbusiness.ch\\\/de\\\/author\\\/anja-hall\\\/\"}]}<\/script>\n<!-- \/ Yoast SEO plugin. -->","yoast_head_json":{"title":"Lausanne: Grundsteinlegung f\u00fcr Moxy-Hotel - IMMOBILIEN Business","description":"Im Quartier du Flon in Lausanne entsteht das erste Hotel der Marke Moxy in der Schweiz. SV Hotel und Mobimo haben den Grundstein daf\u00fcr gelegt.","robots":{"index":"index","follow":"follow","max-snippet":"max-snippet:-1","max-image-preview":"max-image-preview:large","max-video-preview":"max-video-preview:-1"},"canonical":"https:\/\/www.immobilienbusiness.ch\/de\/regionen\/2018-11-02\/lausanne-grundsteinlegung-fuer-moxy-hotel\/","og_locale":"de_DE","og_type":"article","og_title":"Lausanne: Grundsteinlegung f\u00fcr Moxy-Hotel - IMMOBILIEN Business","og_description":"Im Quartier du Flon in Lausanne entsteht das erste Hotel der Marke Moxy in der Schweiz. SV Hotel und Mobimo haben den Grundstein daf\u00fcr gelegt.","og_url":"https:\/\/www.immobilienbusiness.ch\/de\/regionen\/2018-11-02\/lausanne-grundsteinlegung-fuer-moxy-hotel\/","og_site_name":"IMMOBILIEN Business","article_publisher":"https:\/\/www.facebook.com\/immobilienbusiness\/","article_published_time":"2018-11-02T07:31:49+00:00","og_image":[{"width":1024,"height":781,"url":"https:\/\/www.immobilienbusiness.ch\/wp-content\/uploads\/2018\/11\/Image_Moxy_Localarchitecture-1024x781.jpg","type":"image\/jpeg"}],"author":"anja.hall","twitter_card":"summary_large_image","twitter_image":"https:\/\/www.immobilienbusiness.ch\/wp-content\/uploads\/2018\/11\/Image_Moxy_Localarchitecture.jpg","schema":{"@context":"https:\/\/schema.org","@graph":[{"@type":"Article","@id":"https:\/\/www.immobilienbusiness.ch\/regionen\/2018-11-02\/lausanne-grundsteinlegung-fuer-moxy-hotel\/#article","isPartOf":{"@id":"https:\/\/www.immobilienbusiness.ch\/regionen\/2018-11-02\/lausanne-grundsteinlegung-fuer-moxy-hotel\/"},"author":{"name":"anja.hall","@id":"https:\/\/www.immobilienbusiness.ch\/#\/schema\/person\/3fc036297b10b9f42d6db5ee932af8c8"},"headline":"Lausanne: Grundsteinlegung f\u00fcr Moxy-Hotel","datePublished":"2018-11-02T07:31:49+00:00","mainEntityOfPage":{"@id":"https:\/\/www.immobilienbusiness.ch\/regionen\/2018-11-02\/lausanne-grundsteinlegung-fuer-moxy-hotel\/"},"wordCount":134,"commentCount":0,"publisher":{"@id":"https:\/\/www.immobilienbusiness.ch\/#organization"},"image":{"@id":"https:\/\/www.immobilienbusiness.ch\/regionen\/2018-11-02\/lausanne-grundsteinlegung-fuer-moxy-hotel\/#primaryimage"},"thumbnailUrl":"https:\/\/www.immobilienbusiness.ch\/wp-content\/uploads\/2018\/11\/Image_Moxy_Localarchitecture.jpg","keywords":["Flon","Grundsteinlegung","Hotel","Lausanne"],"articleSection":["REGIONEN"],"inLanguage":"de"},{"@type":"WebPage","@id":"https:\/\/www.immobilienbusiness.ch\/regionen\/2018-11-02\/lausanne-grundsteinlegung-fuer-moxy-hotel\/","url":"https:\/\/www.immobilienbusiness.ch\/regionen\/2018-11-02\/lausanne-grundsteinlegung-fuer-moxy-hotel\/","name":"Lausanne: Grundsteinlegung f\u00fcr Moxy-Hotel - IMMOBILIEN Business","isPartOf":{"@id":"https:\/\/www.immobilienbusiness.ch\/#website"},"primaryImageOfPage":{"@id":"https:\/\/www.immobilienbusiness.ch\/regionen\/2018-11-02\/lausanne-grundsteinlegung-fuer-moxy-hotel\/#primaryimage"},"image":{"@id":"https:\/\/www.immobilienbusiness.ch\/regionen\/2018-11-02\/lausanne-grundsteinlegung-fuer-moxy-hotel\/#primaryimage"},"thumbnailUrl":"https:\/\/www.immobilienbusiness.ch\/wp-content\/uploads\/2018\/11\/Image_Moxy_Localarchitecture.jpg","datePublished":"2018-11-02T07:31:49+00:00","description":"Im Quartier du Flon in Lausanne entsteht das erste Hotel der Marke Moxy in der Schweiz. SV Hotel und Mobimo haben den Grundstein daf\u00fcr gelegt.","breadcrumb":{"@id":"https:\/\/www.immobilienbusiness.ch\/regionen\/2018-11-02\/lausanne-grundsteinlegung-fuer-moxy-hotel\/#breadcrumb"},"inLanguage":"de","potentialAction":[{"@type":"ReadAction","target":["https:\/\/www.immobilienbusiness.ch\/regionen\/2018-11-02\/lausanne-grundsteinlegung-fuer-moxy-hotel\/"]}]},{"@type":"ImageObject","inLanguage":"de","@id":"https:\/\/www.immobilienbusiness.ch\/regionen\/2018-11-02\/lausanne-grundsteinlegung-fuer-moxy-hotel\/#primaryimage","url":"https:\/\/www.immobilienbusiness.ch\/wp-content\/uploads\/2018\/11\/Image_Moxy_Localarchitecture.jpg","contentUrl":"https:\/\/www.immobilienbusiness.ch\/wp-content\/uploads\/2018\/11\/Image_Moxy_Localarchitecture.jpg","width":2560,"height":1951,"caption":"Image_Moxy_Localarchitecture"},{"@type":"BreadcrumbList","@id":"https:\/\/www.immobilienbusiness.ch\/regionen\/2018-11-02\/lausanne-grundsteinlegung-fuer-moxy-hotel\/#breadcrumb","itemListElement":[{"@type":"ListItem","position":1,"name":"Home","item":"https:\/\/www.immobilienbusiness.ch\/"},{"@type":"ListItem","position":2,"name":"Lausanne: Grundsteinlegung f\u00fcr Moxy-Hotel"}]},{"@type":"WebSite","@id":"https:\/\/www.immobilienbusiness.ch\/#website","url":"https:\/\/www.immobilienbusiness.ch\/","name":"IMMOBILIEN Business","description":"Unabh\u00e4ngiges Schweizer Wirtschaftsmagazin mit Fokus auf Immobilien, Architektur- und Bau sowie Investment- und Finanzierung.","publisher":{"@id":"https:\/\/www.immobilienbusiness.ch\/#organization"},"potentialAction":[{"@type":"SearchAction","target":{"@type":"EntryPoint","urlTemplate":"https:\/\/www.immobilienbusiness.ch\/?s={search_term_string}"},"query-input":{"@type":"PropertyValueSpecification","valueRequired":true,"valueName":"search_term_string"}}],"inLanguage":"de"},{"@type":"Organization","@id":"https:\/\/www.immobilienbusiness.ch\/#organization","name":"IMMOBILIEN Business","url":"https:\/\/www.immobilienbusiness.ch\/","logo":{"@type":"ImageObject","inLanguage":"de","@id":"https:\/\/www.immobilienbusiness.ch\/#\/schema\/logo\/image\/","url":"https:\/\/www.immobilienbusiness.ch\/wp-content\/uploads\/2021\/07\/logo_ib.png","contentUrl":"https:\/\/www.immobilienbusiness.ch\/wp-content\/uploads\/2021\/07\/logo_ib.png","width":800,"height":181,"caption":"IMMOBILIEN Business"},"image":{"@id":"https:\/\/www.immobilienbusiness.ch\/#\/schema\/logo\/image\/"},"sameAs":["https:\/\/www.facebook.com\/immobilienbusiness\/"]},{"@type":"Person","@id":"https:\/\/www.immobilienbusiness.ch\/#\/schema\/person\/3fc036297b10b9f42d6db5ee932af8c8","name":"anja.hall","image":{"@type":"ImageObject","inLanguage":"de","@id":"https:\/\/secure.gravatar.com\/avatar\/066b5a0d447013502c71a5782f4f3469f03cfe595cc2329fb94652fe47511bfb?s=96&d=mm&r=g","url":"https:\/\/secure.gravatar.com\/avatar\/066b5a0d447013502c71a5782f4f3469f03cfe595cc2329fb94652fe47511bfb?s=96&d=mm&r=g","contentUrl":"https:\/\/secure.gravatar.com\/avatar\/066b5a0d447013502c71a5782f4f3469f03cfe595cc2329fb94652fe47511bfb?s=96&d=mm&r=g","caption":"anja.hall"},"url":"https:\/\/www.immobilienbusiness.ch\/de\/author\/anja-hall\/"}]}},"_links":{"self":[{"href":"https:\/\/www.immobilienbusiness.ch\/de\/wp-json\/wp\/v2\/posts\/14739","targetHints":{"allow":["GET"]}}],"collection":[{"href":"https:\/\/www.immobilienbusiness.ch\/de\/wp-json\/wp\/v2\/posts"}],"about":[{"href":"https:\/\/www.immobilienbusiness.ch\/de\/wp-json\/wp\/v2\/types\/post"}],"author":[{"embeddable":true,"href":"https:\/\/www.immobilienbusiness.ch\/de\/wp-json\/wp\/v2\/users\/3"}],"replies":[{"embeddable":true,"href":"https:\/\/www.immobilienbusiness.ch\/de\/wp-json\/wp\/v2\/comments?post=14739"}],"version-history":[{"count":0,"href":"https:\/\/www.immobilienbusiness.ch\/de\/wp-json\/wp\/v2\/posts\/14739\/revisions"}],"wp:featuredmedia":[{"embeddable":true,"href":"https:\/\/www.immobilienbusiness.ch\/de\/wp-json\/wp\/v2\/media\/14743"}],"wp:attachment":[{"href":"https:\/\/www.immobilienbusiness.ch\/de\/wp-json\/wp\/v2\/media?parent=14739"}],"wp:term":[{"taxonomy":"category","embeddable":true,"href":"https:\/\/www.immobilienbusiness.ch\/de\/wp-json\/wp\/v2\/categories?post=14739"},{"taxonomy":"post_tag","embeddable":true,"href":"https:\/\/www.immobilienbusiness.ch\/de\/wp-json\/wp\/v2\/tags?post=14739"}],"curies":[{"name":"wp","href":"https:\/\/api.w.org\/{rel}","templated":true}]}}