{"id":14489,"date":"2018-10-16T09:41:35","date_gmt":"2018-10-16T07:41:35","guid":{"rendered":"https:\/\/www.immobilienbusiness.ch\/?p=14489"},"modified":"2018-10-16T09:41:35","modified_gmt":"2018-10-16T07:41:35","slug":"buelach-bau-des-glasi-quartiers-rueckt-naeher","status":"publish","type":"post","link":"https:\/\/www.immobilienbusiness.ch\/de\/regionen\/2018-10-16\/buelach-bau-des-glasi-quartiers-rueckt-naeher\/","title":{"rendered":"B\u00fclach: Bau des Glasi-Quartiers r\u00fcckt n\u00e4her"},"content":{"rendered":"<figure id=\"attachment_14492\" aria-describedby=\"caption-attachment-14492\" style=\"width: 680px\" class=\"wp-caption alignnone\"><img loading=\"lazy\" decoding=\"async\" class=\"size-medium wp-image-14492\" src=\"https:\/\/www.immobilienbusiness.ch\/wp-content\/uploads\/2018\/10\/Glasi-Buelach.jpg\" alt=\"\" width=\"680\" height=\"481\" srcset=\"https:\/\/www.immobilienbusiness.ch\/wp-content\/uploads\/2018\/10\/Glasi-Buelach.jpg 2560w, https:\/\/www.immobilienbusiness.ch\/wp-content\/uploads\/2018\/10\/Glasi-Buelach-300x212.jpg 300w, https:\/\/www.immobilienbusiness.ch\/wp-content\/uploads\/2018\/10\/Glasi-Buelach-1024x724.jpg 1024w, https:\/\/www.immobilienbusiness.ch\/wp-content\/uploads\/2018\/10\/Glasi-Buelach-768x543.jpg 768w, https:\/\/www.immobilienbusiness.ch\/wp-content\/uploads\/2018\/10\/Glasi-Buelach-1536x1086.jpg 1536w, https:\/\/www.immobilienbusiness.ch\/wp-content\/uploads\/2018\/10\/Glasi-Buelach-2048x1448.jpg 2048w, https:\/\/www.immobilienbusiness.ch\/wp-content\/uploads\/2018\/10\/Glasi-Buelach-16x12.jpg 16w, https:\/\/www.immobilienbusiness.ch\/wp-content\/uploads\/2018\/10\/Glasi-Buelach-248x175.jpg 248w, https:\/\/www.immobilienbusiness.ch\/wp-content\/uploads\/2018\/10\/Glasi-Buelach-495x350.jpg 495w, https:\/\/www.immobilienbusiness.ch\/wp-content\/uploads\/2018\/10\/Glasi-Buelach-1132x800.jpg 1132w, https:\/\/www.immobilienbusiness.ch\/wp-content\/uploads\/2018\/10\/Glasi-Buelach-920x650.jpg 920w, https:\/\/www.immobilienbusiness.ch\/wp-content\/uploads\/2018\/10\/Glasi-Buelach-1400x990.jpg 1400w, https:\/\/www.immobilienbusiness.ch\/wp-content\/uploads\/2018\/10\/Glasi-Buelach-1980x1400.jpg 1980w\" sizes=\"auto, (max-width: 680px) 100vw, 680px\" \/><figcaption id=\"caption-attachment-14492\" class=\"wp-caption-text\">Das Glasi-Quartier in B\u00fclach (Visualisierung: Steiner AG)<\/figcaption><\/figure>\n<p>Wie der Projektentwickler Steiner mitteilt, ist die Baubewilligung, die am 22. Juni von der Stadt B\u00fclach erteilt wurde, jetzt rechtskr\u00e4ftig geworden. Nun sollen die Ausf\u00fchrungsvorbereitungen f\u00fcr das st\u00e4dtebauliche Projekt starten, der Beginn der Bauarbeiten ist f\u00fcr den Fr\u00fchling 2019 geplant.<\/p>\n<p>Ab 2021 sollen die ersten der mehr als 500 Wohnungen und der \u00fcber 20.000 qm Gewerbe- und Dienstleistungsfl\u00e4chen bezugsbereit sein. Entwicklungspartner sind die Baugenossenschaft Glattal Z\u00fcrich, Logis Suisse und Steiner.<\/p>\n<p>Im Glasi-Quartier sind neben Miet- und Eigentumswohnungen auch R\u00e4ume f\u00fcr Dienstleistungsunternehmen, Handwerksbetriebe und Gastronomie vorgesehen. Ebenso sollen ein Hotel, ein Pflegezentrum mit Alterswohnungen und eine Kinderkrippe entstehen. Vor wenigen Tagen wurde mit der Vermarktung der Eigentumswohnungen im Hochhaus \u00abJade\u00bb begonnen. <em>(ah)<\/em><\/p>\n","protected":false},"excerpt":{"rendered":"<p>Die Baubewilligung f\u00fcr das Glasi-Quartier in B\u00fclach ist nun rechtskr\u00e4ftig. Im kommenden Fr\u00fchling soll mit dem Bau des neuen Stadtquartiers begonnen werden.<\/p>\n","protected":false},"author":3,"featured_media":14492,"comment_status":"open","ping_status":"open","sticky":false,"template":"","format":"standard","meta":{"_acf_changed":false,"_yoast_wpseo_focuskw":"Glasi","_yoast_wpseo_title":"","_yoast_wpseo_metadesc":"Die Baubewilligung f\u00fcr das Glasi-Quartier in B\u00fclach ist nun rechtskr\u00e4ftig, im kommenden Fr\u00fchling soll mit dem Bau des neuen Stadtquartiers begonnen werden.","_yoast_wpseo_linkdex":69,"pgc_sgb_lightbox_settings":"","footnotes":""},"categories":[985],"tags":[1119,1313,1410,1600,1629,1731,1863],"class_list":["post-14489","post","type-post","status-publish","format-standard","has-post-thumbnail","hentry","category-regionen","tag-bueroimmobilien","tag-hotel","tag-kanton-zuerich","tag-projekt-in-planung","tag-regionen","tag-steiner-ag","tag-wohnimmobilien"],"acf":[],"yoast_head":"<!-- This site is optimized with the Yoast SEO plugin v27.4 - https:\/\/yoast.com\/product\/yoast-seo-wordpress\/ -->\n<title>B\u00fclach: Bau des Glasi-Quartiers r\u00fcckt n\u00e4her - IMMOBILIEN Business<\/title>\n<meta name=\"description\" content=\"Die Baubewilligung f\u00fcr das Glasi-Quartier in B\u00fclach ist nun rechtskr\u00e4ftig, im kommenden Fr\u00fchling soll mit dem Bau des neuen Stadtquartiers begonnen werden.\" \/>\n<meta name=\"robots\" content=\"index, follow, max-snippet:-1, max-image-preview:large, max-video-preview:-1\" \/>\n<link rel=\"canonical\" href=\"https:\/\/www.immobilienbusiness.ch\/de\/regionen\/2018-10-16\/buelach-bau-des-glasi-quartiers-rueckt-naeher\/\" \/>\n<meta property=\"og:locale\" content=\"de_DE\" \/>\n<meta property=\"og:type\" content=\"article\" \/>\n<meta property=\"og:title\" content=\"B\u00fclach: Bau des Glasi-Quartiers r\u00fcckt n\u00e4her - IMMOBILIEN Business\" \/>\n<meta property=\"og:description\" content=\"Die Baubewilligung f\u00fcr das Glasi-Quartier in B\u00fclach ist nun rechtskr\u00e4ftig, im kommenden Fr\u00fchling soll mit dem Bau des neuen Stadtquartiers begonnen werden.\" \/>\n<meta property=\"og:url\" content=\"https:\/\/www.immobilienbusiness.ch\/de\/regionen\/2018-10-16\/buelach-bau-des-glasi-quartiers-rueckt-naeher\/\" \/>\n<meta property=\"og:site_name\" content=\"IMMOBILIEN Business\" \/>\n<meta property=\"article:publisher\" content=\"https:\/\/www.facebook.com\/immobilienbusiness\/\" \/>\n<meta property=\"article:published_time\" content=\"2018-10-16T07:41:35+00:00\" \/>\n<meta property=\"og:image\" content=\"https:\/\/www.immobilienbusiness.ch\/wp-content\/uploads\/2018\/10\/Glasi-Buelach-1024x724.jpg\" \/>\n\t<meta property=\"og:image:width\" content=\"1024\" \/>\n\t<meta property=\"og:image:height\" content=\"724\" \/>\n\t<meta property=\"og:image:type\" content=\"image\/jpeg\" \/>\n<meta name=\"author\" content=\"anja.hall\" \/>\n<meta name=\"twitter:card\" content=\"summary_large_image\" \/>\n<meta name=\"twitter:image\" content=\"https:\/\/www.immobilienbusiness.ch\/wp-content\/uploads\/2018\/10\/Glasi-Buelach.jpg\" \/>\n<script type=\"application\/ld+json\" class=\"yoast-schema-graph\">{\"@context\":\"https:\\\/\\\/schema.org\",\"@graph\":[{\"@type\":\"Article\",\"@id\":\"https:\\\/\\\/www.immobilienbusiness.ch\\\/regionen\\\/2018-10-16\\\/buelach-bau-des-glasi-quartiers-rueckt-naeher\\\/#article\",\"isPartOf\":{\"@id\":\"https:\\\/\\\/www.immobilienbusiness.ch\\\/regionen\\\/2018-10-16\\\/buelach-bau-des-glasi-quartiers-rueckt-naeher\\\/\"},\"author\":{\"name\":\"anja.hall\",\"@id\":\"https:\\\/\\\/www.immobilienbusiness.ch\\\/#\\\/schema\\\/person\\\/3fc036297b10b9f42d6db5ee932af8c8\"},\"headline\":\"B\u00fclach: Bau des Glasi-Quartiers r\u00fcckt n\u00e4her\",\"datePublished\":\"2018-10-16T07:41:35+00:00\",\"mainEntityOfPage\":{\"@id\":\"https:\\\/\\\/www.immobilienbusiness.ch\\\/regionen\\\/2018-10-16\\\/buelach-bau-des-glasi-quartiers-rueckt-naeher\\\/\"},\"wordCount\":141,\"commentCount\":0,\"publisher\":{\"@id\":\"https:\\\/\\\/www.immobilienbusiness.ch\\\/#organization\"},\"image\":{\"@id\":\"https:\\\/\\\/www.immobilienbusiness.ch\\\/regionen\\\/2018-10-16\\\/buelach-bau-des-glasi-quartiers-rueckt-naeher\\\/#primaryimage\"},\"thumbnailUrl\":\"https:\\\/\\\/www.immobilienbusiness.ch\\\/wp-content\\\/uploads\\\/2018\\\/10\\\/Glasi-Buelach.jpg\",\"keywords\":[\"B\u00fcroimmobilien\",\"Hotel\",\"Kanton Z\u00fcrich\",\"Projekt in Planung\",\"Regionen\",\"Steiner AG\",\"Wohnimmobilien\"],\"articleSection\":[\"REGIONEN\"],\"inLanguage\":\"de\"},{\"@type\":\"WebPage\",\"@id\":\"https:\\\/\\\/www.immobilienbusiness.ch\\\/regionen\\\/2018-10-16\\\/buelach-bau-des-glasi-quartiers-rueckt-naeher\\\/\",\"url\":\"https:\\\/\\\/www.immobilienbusiness.ch\\\/regionen\\\/2018-10-16\\\/buelach-bau-des-glasi-quartiers-rueckt-naeher\\\/\",\"name\":\"B\u00fclach: Bau des Glasi-Quartiers r\u00fcckt n\u00e4her - IMMOBILIEN Business\",\"isPartOf\":{\"@id\":\"https:\\\/\\\/www.immobilienbusiness.ch\\\/#website\"},\"primaryImageOfPage\":{\"@id\":\"https:\\\/\\\/www.immobilienbusiness.ch\\\/regionen\\\/2018-10-16\\\/buelach-bau-des-glasi-quartiers-rueckt-naeher\\\/#primaryimage\"},\"image\":{\"@id\":\"https:\\\/\\\/www.immobilienbusiness.ch\\\/regionen\\\/2018-10-16\\\/buelach-bau-des-glasi-quartiers-rueckt-naeher\\\/#primaryimage\"},\"thumbnailUrl\":\"https:\\\/\\\/www.immobilienbusiness.ch\\\/wp-content\\\/uploads\\\/2018\\\/10\\\/Glasi-Buelach.jpg\",\"datePublished\":\"2018-10-16T07:41:35+00:00\",\"description\":\"Die Baubewilligung f\u00fcr das Glasi-Quartier in B\u00fclach ist nun rechtskr\u00e4ftig, im kommenden Fr\u00fchling soll mit dem Bau des neuen Stadtquartiers begonnen werden.\",\"breadcrumb\":{\"@id\":\"https:\\\/\\\/www.immobilienbusiness.ch\\\/regionen\\\/2018-10-16\\\/buelach-bau-des-glasi-quartiers-rueckt-naeher\\\/#breadcrumb\"},\"inLanguage\":\"de\",\"potentialAction\":[{\"@type\":\"ReadAction\",\"target\":[\"https:\\\/\\\/www.immobilienbusiness.ch\\\/regionen\\\/2018-10-16\\\/buelach-bau-des-glasi-quartiers-rueckt-naeher\\\/\"]}]},{\"@type\":\"ImageObject\",\"inLanguage\":\"de\",\"@id\":\"https:\\\/\\\/www.immobilienbusiness.ch\\\/regionen\\\/2018-10-16\\\/buelach-bau-des-glasi-quartiers-rueckt-naeher\\\/#primaryimage\",\"url\":\"https:\\\/\\\/www.immobilienbusiness.ch\\\/wp-content\\\/uploads\\\/2018\\\/10\\\/Glasi-Buelach.jpg\",\"contentUrl\":\"https:\\\/\\\/www.immobilienbusiness.ch\\\/wp-content\\\/uploads\\\/2018\\\/10\\\/Glasi-Buelach.jpg\",\"width\":2560,\"height\":1810,\"caption\":\"Das Glasi-Quartier in B\u00fclach (Visualisierung: Steiner AG)\"},{\"@type\":\"BreadcrumbList\",\"@id\":\"https:\\\/\\\/www.immobilienbusiness.ch\\\/regionen\\\/2018-10-16\\\/buelach-bau-des-glasi-quartiers-rueckt-naeher\\\/#breadcrumb\",\"itemListElement\":[{\"@type\":\"ListItem\",\"position\":1,\"name\":\"Home\",\"item\":\"https:\\\/\\\/www.immobilienbusiness.ch\\\/\"},{\"@type\":\"ListItem\",\"position\":2,\"name\":\"B\u00fclach: Bau des Glasi-Quartiers r\u00fcckt n\u00e4her\"}]},{\"@type\":\"WebSite\",\"@id\":\"https:\\\/\\\/www.immobilienbusiness.ch\\\/#website\",\"url\":\"https:\\\/\\\/www.immobilienbusiness.ch\\\/\",\"name\":\"IMMOBILIEN Business\",\"description\":\"Unabh\u00e4ngiges Schweizer Wirtschaftsmagazin mit Fokus auf Immobilien, Architektur- und Bau sowie Investment- und Finanzierung.\",\"publisher\":{\"@id\":\"https:\\\/\\\/www.immobilienbusiness.ch\\\/#organization\"},\"potentialAction\":[{\"@type\":\"SearchAction\",\"target\":{\"@type\":\"EntryPoint\",\"urlTemplate\":\"https:\\\/\\\/www.immobilienbusiness.ch\\\/?s={search_term_string}\"},\"query-input\":{\"@type\":\"PropertyValueSpecification\",\"valueRequired\":true,\"valueName\":\"search_term_string\"}}],\"inLanguage\":\"de\"},{\"@type\":\"Organization\",\"@id\":\"https:\\\/\\\/www.immobilienbusiness.ch\\\/#organization\",\"name\":\"IMMOBILIEN Business\",\"url\":\"https:\\\/\\\/www.immobilienbusiness.ch\\\/\",\"logo\":{\"@type\":\"ImageObject\",\"inLanguage\":\"de\",\"@id\":\"https:\\\/\\\/www.immobilienbusiness.ch\\\/#\\\/schema\\\/logo\\\/image\\\/\",\"url\":\"https:\\\/\\\/www.immobilienbusiness.ch\\\/wp-content\\\/uploads\\\/2021\\\/07\\\/logo_ib.png\",\"contentUrl\":\"https:\\\/\\\/www.immobilienbusiness.ch\\\/wp-content\\\/uploads\\\/2021\\\/07\\\/logo_ib.png\",\"width\":800,\"height\":181,\"caption\":\"IMMOBILIEN Business\"},\"image\":{\"@id\":\"https:\\\/\\\/www.immobilienbusiness.ch\\\/#\\\/schema\\\/logo\\\/image\\\/\"},\"sameAs\":[\"https:\\\/\\\/www.facebook.com\\\/immobilienbusiness\\\/\"]},{\"@type\":\"Person\",\"@id\":\"https:\\\/\\\/www.immobilienbusiness.ch\\\/#\\\/schema\\\/person\\\/3fc036297b10b9f42d6db5ee932af8c8\",\"name\":\"anja.hall\",\"image\":{\"@type\":\"ImageObject\",\"inLanguage\":\"de\",\"@id\":\"https:\\\/\\\/secure.gravatar.com\\\/avatar\\\/066b5a0d447013502c71a5782f4f3469f03cfe595cc2329fb94652fe47511bfb?s=96&d=mm&r=g\",\"url\":\"https:\\\/\\\/secure.gravatar.com\\\/avatar\\\/066b5a0d447013502c71a5782f4f3469f03cfe595cc2329fb94652fe47511bfb?s=96&d=mm&r=g\",\"contentUrl\":\"https:\\\/\\\/secure.gravatar.com\\\/avatar\\\/066b5a0d447013502c71a5782f4f3469f03cfe595cc2329fb94652fe47511bfb?s=96&d=mm&r=g\",\"caption\":\"anja.hall\"},\"url\":\"https:\\\/\\\/www.immobilienbusiness.ch\\\/de\\\/author\\\/anja-hall\\\/\"}]}<\/script>\n<!-- \/ Yoast SEO plugin. -->","yoast_head_json":{"title":"B\u00fclach: Bau des Glasi-Quartiers r\u00fcckt n\u00e4her - IMMOBILIEN Business","description":"Die Baubewilligung f\u00fcr das Glasi-Quartier in B\u00fclach ist nun rechtskr\u00e4ftig, im kommenden Fr\u00fchling soll mit dem Bau des neuen Stadtquartiers begonnen werden.","robots":{"index":"index","follow":"follow","max-snippet":"max-snippet:-1","max-image-preview":"max-image-preview:large","max-video-preview":"max-video-preview:-1"},"canonical":"https:\/\/www.immobilienbusiness.ch\/de\/regionen\/2018-10-16\/buelach-bau-des-glasi-quartiers-rueckt-naeher\/","og_locale":"de_DE","og_type":"article","og_title":"B\u00fclach: Bau des Glasi-Quartiers r\u00fcckt n\u00e4her - IMMOBILIEN Business","og_description":"Die Baubewilligung f\u00fcr das Glasi-Quartier in B\u00fclach ist nun rechtskr\u00e4ftig, im kommenden Fr\u00fchling soll mit dem Bau des neuen Stadtquartiers begonnen werden.","og_url":"https:\/\/www.immobilienbusiness.ch\/de\/regionen\/2018-10-16\/buelach-bau-des-glasi-quartiers-rueckt-naeher\/","og_site_name":"IMMOBILIEN Business","article_publisher":"https:\/\/www.facebook.com\/immobilienbusiness\/","article_published_time":"2018-10-16T07:41:35+00:00","og_image":[{"width":1024,"height":724,"url":"https:\/\/www.immobilienbusiness.ch\/wp-content\/uploads\/2018\/10\/Glasi-Buelach-1024x724.jpg","type":"image\/jpeg"}],"author":"anja.hall","twitter_card":"summary_large_image","twitter_image":"https:\/\/www.immobilienbusiness.ch\/wp-content\/uploads\/2018\/10\/Glasi-Buelach.jpg","schema":{"@context":"https:\/\/schema.org","@graph":[{"@type":"Article","@id":"https:\/\/www.immobilienbusiness.ch\/regionen\/2018-10-16\/buelach-bau-des-glasi-quartiers-rueckt-naeher\/#article","isPartOf":{"@id":"https:\/\/www.immobilienbusiness.ch\/regionen\/2018-10-16\/buelach-bau-des-glasi-quartiers-rueckt-naeher\/"},"author":{"name":"anja.hall","@id":"https:\/\/www.immobilienbusiness.ch\/#\/schema\/person\/3fc036297b10b9f42d6db5ee932af8c8"},"headline":"B\u00fclach: Bau des Glasi-Quartiers r\u00fcckt n\u00e4her","datePublished":"2018-10-16T07:41:35+00:00","mainEntityOfPage":{"@id":"https:\/\/www.immobilienbusiness.ch\/regionen\/2018-10-16\/buelach-bau-des-glasi-quartiers-rueckt-naeher\/"},"wordCount":141,"commentCount":0,"publisher":{"@id":"https:\/\/www.immobilienbusiness.ch\/#organization"},"image":{"@id":"https:\/\/www.immobilienbusiness.ch\/regionen\/2018-10-16\/buelach-bau-des-glasi-quartiers-rueckt-naeher\/#primaryimage"},"thumbnailUrl":"https:\/\/www.immobilienbusiness.ch\/wp-content\/uploads\/2018\/10\/Glasi-Buelach.jpg","keywords":["B\u00fcroimmobilien","Hotel","Kanton Z\u00fcrich","Projekt in Planung","Regionen","Steiner AG","Wohnimmobilien"],"articleSection":["REGIONEN"],"inLanguage":"de"},{"@type":"WebPage","@id":"https:\/\/www.immobilienbusiness.ch\/regionen\/2018-10-16\/buelach-bau-des-glasi-quartiers-rueckt-naeher\/","url":"https:\/\/www.immobilienbusiness.ch\/regionen\/2018-10-16\/buelach-bau-des-glasi-quartiers-rueckt-naeher\/","name":"B\u00fclach: Bau des Glasi-Quartiers r\u00fcckt n\u00e4her - IMMOBILIEN Business","isPartOf":{"@id":"https:\/\/www.immobilienbusiness.ch\/#website"},"primaryImageOfPage":{"@id":"https:\/\/www.immobilienbusiness.ch\/regionen\/2018-10-16\/buelach-bau-des-glasi-quartiers-rueckt-naeher\/#primaryimage"},"image":{"@id":"https:\/\/www.immobilienbusiness.ch\/regionen\/2018-10-16\/buelach-bau-des-glasi-quartiers-rueckt-naeher\/#primaryimage"},"thumbnailUrl":"https:\/\/www.immobilienbusiness.ch\/wp-content\/uploads\/2018\/10\/Glasi-Buelach.jpg","datePublished":"2018-10-16T07:41:35+00:00","description":"Die Baubewilligung f\u00fcr das Glasi-Quartier in B\u00fclach ist nun rechtskr\u00e4ftig, im kommenden Fr\u00fchling soll mit dem Bau des neuen Stadtquartiers begonnen werden.","breadcrumb":{"@id":"https:\/\/www.immobilienbusiness.ch\/regionen\/2018-10-16\/buelach-bau-des-glasi-quartiers-rueckt-naeher\/#breadcrumb"},"inLanguage":"de","potentialAction":[{"@type":"ReadAction","target":["https:\/\/www.immobilienbusiness.ch\/regionen\/2018-10-16\/buelach-bau-des-glasi-quartiers-rueckt-naeher\/"]}]},{"@type":"ImageObject","inLanguage":"de","@id":"https:\/\/www.immobilienbusiness.ch\/regionen\/2018-10-16\/buelach-bau-des-glasi-quartiers-rueckt-naeher\/#primaryimage","url":"https:\/\/www.immobilienbusiness.ch\/wp-content\/uploads\/2018\/10\/Glasi-Buelach.jpg","contentUrl":"https:\/\/www.immobilienbusiness.ch\/wp-content\/uploads\/2018\/10\/Glasi-Buelach.jpg","width":2560,"height":1810,"caption":"Das Glasi-Quartier in B\u00fclach (Visualisierung: Steiner AG)"},{"@type":"BreadcrumbList","@id":"https:\/\/www.immobilienbusiness.ch\/regionen\/2018-10-16\/buelach-bau-des-glasi-quartiers-rueckt-naeher\/#breadcrumb","itemListElement":[{"@type":"ListItem","position":1,"name":"Home","item":"https:\/\/www.immobilienbusiness.ch\/"},{"@type":"ListItem","position":2,"name":"B\u00fclach: Bau des Glasi-Quartiers r\u00fcckt n\u00e4her"}]},{"@type":"WebSite","@id":"https:\/\/www.immobilienbusiness.ch\/#website","url":"https:\/\/www.immobilienbusiness.ch\/","name":"IMMOBILIEN Business","description":"Unabh\u00e4ngiges Schweizer Wirtschaftsmagazin mit Fokus auf Immobilien, Architektur- und Bau sowie Investment- und Finanzierung.","publisher":{"@id":"https:\/\/www.immobilienbusiness.ch\/#organization"},"potentialAction":[{"@type":"SearchAction","target":{"@type":"EntryPoint","urlTemplate":"https:\/\/www.immobilienbusiness.ch\/?s={search_term_string}"},"query-input":{"@type":"PropertyValueSpecification","valueRequired":true,"valueName":"search_term_string"}}],"inLanguage":"de"},{"@type":"Organization","@id":"https:\/\/www.immobilienbusiness.ch\/#organization","name":"IMMOBILIEN Business","url":"https:\/\/www.immobilienbusiness.ch\/","logo":{"@type":"ImageObject","inLanguage":"de","@id":"https:\/\/www.immobilienbusiness.ch\/#\/schema\/logo\/image\/","url":"https:\/\/www.immobilienbusiness.ch\/wp-content\/uploads\/2021\/07\/logo_ib.png","contentUrl":"https:\/\/www.immobilienbusiness.ch\/wp-content\/uploads\/2021\/07\/logo_ib.png","width":800,"height":181,"caption":"IMMOBILIEN Business"},"image":{"@id":"https:\/\/www.immobilienbusiness.ch\/#\/schema\/logo\/image\/"},"sameAs":["https:\/\/www.facebook.com\/immobilienbusiness\/"]},{"@type":"Person","@id":"https:\/\/www.immobilienbusiness.ch\/#\/schema\/person\/3fc036297b10b9f42d6db5ee932af8c8","name":"anja.hall","image":{"@type":"ImageObject","inLanguage":"de","@id":"https:\/\/secure.gravatar.com\/avatar\/066b5a0d447013502c71a5782f4f3469f03cfe595cc2329fb94652fe47511bfb?s=96&d=mm&r=g","url":"https:\/\/secure.gravatar.com\/avatar\/066b5a0d447013502c71a5782f4f3469f03cfe595cc2329fb94652fe47511bfb?s=96&d=mm&r=g","contentUrl":"https:\/\/secure.gravatar.com\/avatar\/066b5a0d447013502c71a5782f4f3469f03cfe595cc2329fb94652fe47511bfb?s=96&d=mm&r=g","caption":"anja.hall"},"url":"https:\/\/www.immobilienbusiness.ch\/de\/author\/anja-hall\/"}]}},"_links":{"self":[{"href":"https:\/\/www.immobilienbusiness.ch\/de\/wp-json\/wp\/v2\/posts\/14489","targetHints":{"allow":["GET"]}}],"collection":[{"href":"https:\/\/www.immobilienbusiness.ch\/de\/wp-json\/wp\/v2\/posts"}],"about":[{"href":"https:\/\/www.immobilienbusiness.ch\/de\/wp-json\/wp\/v2\/types\/post"}],"author":[{"embeddable":true,"href":"https:\/\/www.immobilienbusiness.ch\/de\/wp-json\/wp\/v2\/users\/3"}],"replies":[{"embeddable":true,"href":"https:\/\/www.immobilienbusiness.ch\/de\/wp-json\/wp\/v2\/comments?post=14489"}],"version-history":[{"count":0,"href":"https:\/\/www.immobilienbusiness.ch\/de\/wp-json\/wp\/v2\/posts\/14489\/revisions"}],"wp:featuredmedia":[{"embeddable":true,"href":"https:\/\/www.immobilienbusiness.ch\/de\/wp-json\/wp\/v2\/media\/14492"}],"wp:attachment":[{"href":"https:\/\/www.immobilienbusiness.ch\/de\/wp-json\/wp\/v2\/media?parent=14489"}],"wp:term":[{"taxonomy":"category","embeddable":true,"href":"https:\/\/www.immobilienbusiness.ch\/de\/wp-json\/wp\/v2\/categories?post=14489"},{"taxonomy":"post_tag","embeddable":true,"href":"https:\/\/www.immobilienbusiness.ch\/de\/wp-json\/wp\/v2\/tags?post=14489"}],"curies":[{"name":"wp","href":"https:\/\/api.w.org\/{rel}","templated":true}]}}