{"id":14431,"date":"2018-10-12T08:36:48","date_gmt":"2018-10-12T06:36:48","guid":{"rendered":"https:\/\/www.immobilienbusiness.ch\/?p=14431"},"modified":"2018-10-12T08:36:48","modified_gmt":"2018-10-12T06:36:48","slug":"baustart-fuer-den-baeretower-in-ostermundigen","status":"publish","type":"post","link":"https:\/\/www.immobilienbusiness.ch\/de\/regionen\/2018-10-12\/baustart-fuer-den-baeretower-in-ostermundigen\/","title":{"rendered":"Baustart f\u00fcr den B\u00e4reTower in Ostermundigen"},"content":{"rendered":"<figure id=\"attachment_1725\" aria-describedby=\"caption-attachment-1725\" style=\"width: 680px\" class=\"wp-caption alignnone\"><img loading=\"lazy\" decoding=\"async\" class=\"size-medium wp-image-1725\" src=\"https:\/\/www.immobilienbusiness.ch\/wp-content\/uploads\/2016\/12\/Ostermundigen-Volk-sagt-Ja-zur-\u00dcberbauung-B\u00e4renareal-immobilien-business.jpg\" alt=\"\" width=\"680\" height=\"680\" \/><figcaption id=\"caption-attachment-1725\" class=\"wp-caption-text\">In Ostermundigen wurde mit dem Bau des B\u00e4reTower begonnen (Visualisierung: Halter AG)<\/figcaption><\/figure>\n<p>Die nun gestarteten R\u00fcckbauarbeiten am Restaurant B\u00e4ren und den weiteren Geb\u00e4uden auf der Parzelle werden bis Mitte Dezember dauern, teilt Halter mit. Nach dem Aushub der Baugrube sollen im April 2019 die Rohbauarbeiten starten. Die Aufrichte ist f\u00fcr den Juli 2020 vorgesehen. Etwas mehr als ein Jahr ist anschliessend f\u00fcr die Geb\u00e4udeh\u00fclle und den Innenausbau geplant, so dass Ende 2021 die Schl\u00fcssel\u00fcbergabe an die Bauherrschaft erfolgen soll.<\/p>\n<p>Der B\u00e4reTower wird 155 Mietwohnungen umfassen. Den Betrieb des Panoramarestaurants wird die Sportgastro AG \u00fcbernehmen, und die \u00f6sterreichische Hotelkette Harry&#8217;s Home wird das Hotel betreiben. <em>(ah)<\/em><\/p>\n","protected":false},"excerpt":{"rendered":"<p>In Ostermundigen haben die Bauarbeiten f\u00fcr den B\u00e4reTower begonnen. Bis Ende 2021 realisiert Halter im Auftrag der Helvetia das mehr als 100 Meter hohe Hochhaus mit Wohnungen, B\u00fcros, Restaurant und Hotel.<\/p>\n","protected":false},"author":3,"featured_media":1725,"comment_status":"open","ping_status":"open","sticky":false,"template":"","format":"standard","meta":{"_acf_changed":false,"_yoast_wpseo_focuskw":"B\u00e4reTower","_yoast_wpseo_title":"","_yoast_wpseo_metadesc":"In Ostermundigen haben die Bauarbeiten f\u00fcr den B\u00e4reTower begonnen. Bis Ende 2021 realisiert Halter im Auftrag der Helvetia das Hochhaus.","_yoast_wpseo_linkdex":61,"pgc_sgb_lightbox_settings":"","footnotes":""},"categories":[985],"tags":[1068,1091,1291,1296,1599],"class_list":["post-14431","post","type-post","status-publish","format-standard","has-post-thumbnail","hentry","category-regionen","tag-baeren-areal","tag-bern","tag-halter-ag","tag-helvetia-versicherungen","tag-projekt-in-bau"],"acf":[],"yoast_head":"<!-- This site is optimized with the Yoast SEO plugin v27.4 - https:\/\/yoast.com\/product\/yoast-seo-wordpress\/ -->\n<title>Baustart f\u00fcr den B\u00e4reTower in Ostermundigen - IMMOBILIEN Business<\/title>\n<meta name=\"description\" content=\"In Ostermundigen haben die Bauarbeiten f\u00fcr den B\u00e4reTower begonnen. Bis Ende 2021 realisiert Halter im Auftrag der Helvetia das Hochhaus.\" \/>\n<meta name=\"robots\" content=\"index, follow, max-snippet:-1, max-image-preview:large, max-video-preview:-1\" \/>\n<link rel=\"canonical\" href=\"https:\/\/www.immobilienbusiness.ch\/de\/regionen\/2018-10-12\/baustart-fuer-den-baeretower-in-ostermundigen\/\" \/>\n<meta property=\"og:locale\" content=\"de_DE\" \/>\n<meta property=\"og:type\" content=\"article\" \/>\n<meta property=\"og:title\" content=\"Baustart f\u00fcr den B\u00e4reTower in Ostermundigen - IMMOBILIEN Business\" \/>\n<meta property=\"og:description\" content=\"In Ostermundigen haben die Bauarbeiten f\u00fcr den B\u00e4reTower begonnen. Bis Ende 2021 realisiert Halter im Auftrag der Helvetia das Hochhaus.\" \/>\n<meta property=\"og:url\" content=\"https:\/\/www.immobilienbusiness.ch\/de\/regionen\/2018-10-12\/baustart-fuer-den-baeretower-in-ostermundigen\/\" \/>\n<meta property=\"og:site_name\" content=\"IMMOBILIEN Business\" \/>\n<meta property=\"article:publisher\" content=\"https:\/\/www.facebook.com\/immobilienbusiness\/\" \/>\n<meta property=\"article:published_time\" content=\"2018-10-12T06:36:48+00:00\" \/>\n<meta property=\"og:image\" content=\"https:\/\/www.immobilienbusiness.ch\/wp-content\/uploads\/2016\/12\/Ostermundigen-Volk-sagt-Ja-zur-Ueberbauung-Baerenareal-immobilien-business-1024x1024.jpg\" \/>\n\t<meta property=\"og:image:width\" content=\"1024\" \/>\n\t<meta property=\"og:image:height\" content=\"1024\" \/>\n\t<meta property=\"og:image:type\" content=\"image\/jpeg\" \/>\n<meta name=\"author\" content=\"anja.hall\" \/>\n<meta name=\"twitter:card\" content=\"summary_large_image\" \/>\n<meta name=\"twitter:image\" content=\"https:\/\/www.immobilienbusiness.ch\/wp-content\/uploads\/2016\/12\/Ostermundigen-Volk-sagt-Ja-zur-\u00dcberbauung-B\u00e4renareal-immobilien-business.jpg\" \/>\n<script type=\"application\/ld+json\" class=\"yoast-schema-graph\">{\"@context\":\"https:\\\/\\\/schema.org\",\"@graph\":[{\"@type\":\"Article\",\"@id\":\"https:\\\/\\\/www.immobilienbusiness.ch\\\/en\\\/regionen\\\/2018-10-12\\\/baustart-fuer-den-baeretower-in-ostermundigen\\\/#article\",\"isPartOf\":{\"@id\":\"https:\\\/\\\/www.immobilienbusiness.ch\\\/en\\\/regionen\\\/2018-10-12\\\/baustart-fuer-den-baeretower-in-ostermundigen\\\/\"},\"author\":{\"name\":\"anja.hall\",\"@id\":\"https:\\\/\\\/www.immobilienbusiness.ch\\\/#\\\/schema\\\/person\\\/3fc036297b10b9f42d6db5ee932af8c8\"},\"headline\":\"Baustart f\u00fcr den B\u00e4reTower in Ostermundigen\",\"datePublished\":\"2018-10-12T06:36:48+00:00\",\"mainEntityOfPage\":{\"@id\":\"https:\\\/\\\/www.immobilienbusiness.ch\\\/en\\\/regionen\\\/2018-10-12\\\/baustart-fuer-den-baeretower-in-ostermundigen\\\/\"},\"wordCount\":128,\"commentCount\":0,\"publisher\":{\"@id\":\"https:\\\/\\\/www.immobilienbusiness.ch\\\/#organization\"},\"image\":{\"@id\":\"https:\\\/\\\/www.immobilienbusiness.ch\\\/en\\\/regionen\\\/2018-10-12\\\/baustart-fuer-den-baeretower-in-ostermundigen\\\/#primaryimage\"},\"thumbnailUrl\":\"https:\\\/\\\/www.immobilienbusiness.ch\\\/wp-content\\\/uploads\\\/2016\\\/12\\\/Ostermundigen-Volk-sagt-Ja-zur-Ueberbauung-Baerenareal-immobilien-business.jpg\",\"keywords\":[\"B\u00e4ren-Areal\",\"Bern\",\"Halter AG\",\"Helvetia Versicherungen\",\"Projekt in Bau\"],\"articleSection\":[\"REGIONEN\"],\"inLanguage\":\"de\"},{\"@type\":\"WebPage\",\"@id\":\"https:\\\/\\\/www.immobilienbusiness.ch\\\/en\\\/regionen\\\/2018-10-12\\\/baustart-fuer-den-baeretower-in-ostermundigen\\\/\",\"url\":\"https:\\\/\\\/www.immobilienbusiness.ch\\\/en\\\/regionen\\\/2018-10-12\\\/baustart-fuer-den-baeretower-in-ostermundigen\\\/\",\"name\":\"Baustart f\u00fcr den B\u00e4reTower in Ostermundigen - IMMOBILIEN Business\",\"isPartOf\":{\"@id\":\"https:\\\/\\\/www.immobilienbusiness.ch\\\/#website\"},\"primaryImageOfPage\":{\"@id\":\"https:\\\/\\\/www.immobilienbusiness.ch\\\/en\\\/regionen\\\/2018-10-12\\\/baustart-fuer-den-baeretower-in-ostermundigen\\\/#primaryimage\"},\"image\":{\"@id\":\"https:\\\/\\\/www.immobilienbusiness.ch\\\/en\\\/regionen\\\/2018-10-12\\\/baustart-fuer-den-baeretower-in-ostermundigen\\\/#primaryimage\"},\"thumbnailUrl\":\"https:\\\/\\\/www.immobilienbusiness.ch\\\/wp-content\\\/uploads\\\/2016\\\/12\\\/Ostermundigen-Volk-sagt-Ja-zur-Ueberbauung-Baerenareal-immobilien-business.jpg\",\"datePublished\":\"2018-10-12T06:36:48+00:00\",\"description\":\"In Ostermundigen haben die Bauarbeiten f\u00fcr den B\u00e4reTower begonnen. Bis Ende 2021 realisiert Halter im Auftrag der Helvetia das Hochhaus.\",\"breadcrumb\":{\"@id\":\"https:\\\/\\\/www.immobilienbusiness.ch\\\/en\\\/regionen\\\/2018-10-12\\\/baustart-fuer-den-baeretower-in-ostermundigen\\\/#breadcrumb\"},\"inLanguage\":\"de\",\"potentialAction\":[{\"@type\":\"ReadAction\",\"target\":[\"https:\\\/\\\/www.immobilienbusiness.ch\\\/en\\\/regionen\\\/2018-10-12\\\/baustart-fuer-den-baeretower-in-ostermundigen\\\/\"]}]},{\"@type\":\"ImageObject\",\"inLanguage\":\"de\",\"@id\":\"https:\\\/\\\/www.immobilienbusiness.ch\\\/en\\\/regionen\\\/2018-10-12\\\/baustart-fuer-den-baeretower-in-ostermundigen\\\/#primaryimage\",\"url\":\"https:\\\/\\\/www.immobilienbusiness.ch\\\/wp-content\\\/uploads\\\/2016\\\/12\\\/Ostermundigen-Volk-sagt-Ja-zur-Ueberbauung-Baerenareal-immobilien-business.jpg\",\"contentUrl\":\"https:\\\/\\\/www.immobilienbusiness.ch\\\/wp-content\\\/uploads\\\/2016\\\/12\\\/Ostermundigen-Volk-sagt-Ja-zur-Ueberbauung-Baerenareal-immobilien-business.jpg\",\"width\":2000,\"height\":2000,\"caption\":\"Die Realisierung des B\u00e4renturms r\u00fcckt n\u00e4her (Visualisierung: Halter AG)\"},{\"@type\":\"BreadcrumbList\",\"@id\":\"https:\\\/\\\/www.immobilienbusiness.ch\\\/en\\\/regionen\\\/2018-10-12\\\/baustart-fuer-den-baeretower-in-ostermundigen\\\/#breadcrumb\",\"itemListElement\":[{\"@type\":\"ListItem\",\"position\":1,\"name\":\"Home\",\"item\":\"https:\\\/\\\/www.immobilienbusiness.ch\\\/\"},{\"@type\":\"ListItem\",\"position\":2,\"name\":\"Baustart f\u00fcr den B\u00e4reTower in Ostermundigen\"}]},{\"@type\":\"WebSite\",\"@id\":\"https:\\\/\\\/www.immobilienbusiness.ch\\\/#website\",\"url\":\"https:\\\/\\\/www.immobilienbusiness.ch\\\/\",\"name\":\"IMMOBILIEN Business\",\"description\":\"Unabh\u00e4ngiges Schweizer Wirtschaftsmagazin mit Fokus auf Immobilien, Architektur- und Bau sowie Investment- und Finanzierung.\",\"publisher\":{\"@id\":\"https:\\\/\\\/www.immobilienbusiness.ch\\\/#organization\"},\"potentialAction\":[{\"@type\":\"SearchAction\",\"target\":{\"@type\":\"EntryPoint\",\"urlTemplate\":\"https:\\\/\\\/www.immobilienbusiness.ch\\\/?s={search_term_string}\"},\"query-input\":{\"@type\":\"PropertyValueSpecification\",\"valueRequired\":true,\"valueName\":\"search_term_string\"}}],\"inLanguage\":\"de\"},{\"@type\":\"Organization\",\"@id\":\"https:\\\/\\\/www.immobilienbusiness.ch\\\/#organization\",\"name\":\"IMMOBILIEN Business\",\"url\":\"https:\\\/\\\/www.immobilienbusiness.ch\\\/\",\"logo\":{\"@type\":\"ImageObject\",\"inLanguage\":\"de\",\"@id\":\"https:\\\/\\\/www.immobilienbusiness.ch\\\/#\\\/schema\\\/logo\\\/image\\\/\",\"url\":\"https:\\\/\\\/www.immobilienbusiness.ch\\\/wp-content\\\/uploads\\\/2021\\\/07\\\/logo_ib.png\",\"contentUrl\":\"https:\\\/\\\/www.immobilienbusiness.ch\\\/wp-content\\\/uploads\\\/2021\\\/07\\\/logo_ib.png\",\"width\":800,\"height\":181,\"caption\":\"IMMOBILIEN Business\"},\"image\":{\"@id\":\"https:\\\/\\\/www.immobilienbusiness.ch\\\/#\\\/schema\\\/logo\\\/image\\\/\"},\"sameAs\":[\"https:\\\/\\\/www.facebook.com\\\/immobilienbusiness\\\/\"]},{\"@type\":\"Person\",\"@id\":\"https:\\\/\\\/www.immobilienbusiness.ch\\\/#\\\/schema\\\/person\\\/3fc036297b10b9f42d6db5ee932af8c8\",\"name\":\"anja.hall\",\"image\":{\"@type\":\"ImageObject\",\"inLanguage\":\"de\",\"@id\":\"https:\\\/\\\/secure.gravatar.com\\\/avatar\\\/066b5a0d447013502c71a5782f4f3469f03cfe595cc2329fb94652fe47511bfb?s=96&d=mm&r=g\",\"url\":\"https:\\\/\\\/secure.gravatar.com\\\/avatar\\\/066b5a0d447013502c71a5782f4f3469f03cfe595cc2329fb94652fe47511bfb?s=96&d=mm&r=g\",\"contentUrl\":\"https:\\\/\\\/secure.gravatar.com\\\/avatar\\\/066b5a0d447013502c71a5782f4f3469f03cfe595cc2329fb94652fe47511bfb?s=96&d=mm&r=g\",\"caption\":\"anja.hall\"},\"url\":\"https:\\\/\\\/www.immobilienbusiness.ch\\\/de\\\/author\\\/anja-hall\\\/\"}]}<\/script>\n<!-- \/ Yoast SEO plugin. -->","yoast_head_json":{"title":"Baustart f\u00fcr den B\u00e4reTower in Ostermundigen - IMMOBILIEN Business","description":"In Ostermundigen haben die Bauarbeiten f\u00fcr den B\u00e4reTower begonnen. Bis Ende 2021 realisiert Halter im Auftrag der Helvetia das Hochhaus.","robots":{"index":"index","follow":"follow","max-snippet":"max-snippet:-1","max-image-preview":"max-image-preview:large","max-video-preview":"max-video-preview:-1"},"canonical":"https:\/\/www.immobilienbusiness.ch\/de\/regionen\/2018-10-12\/baustart-fuer-den-baeretower-in-ostermundigen\/","og_locale":"de_DE","og_type":"article","og_title":"Baustart f\u00fcr den B\u00e4reTower in Ostermundigen - IMMOBILIEN Business","og_description":"In Ostermundigen haben die Bauarbeiten f\u00fcr den B\u00e4reTower begonnen. Bis Ende 2021 realisiert Halter im Auftrag der Helvetia das Hochhaus.","og_url":"https:\/\/www.immobilienbusiness.ch\/de\/regionen\/2018-10-12\/baustart-fuer-den-baeretower-in-ostermundigen\/","og_site_name":"IMMOBILIEN Business","article_publisher":"https:\/\/www.facebook.com\/immobilienbusiness\/","article_published_time":"2018-10-12T06:36:48+00:00","og_image":[{"width":1024,"height":1024,"url":"https:\/\/www.immobilienbusiness.ch\/wp-content\/uploads\/2016\/12\/Ostermundigen-Volk-sagt-Ja-zur-Ueberbauung-Baerenareal-immobilien-business-1024x1024.jpg","type":"image\/jpeg"}],"author":"anja.hall","twitter_card":"summary_large_image","twitter_image":"https:\/\/www.immobilienbusiness.ch\/wp-content\/uploads\/2016\/12\/Ostermundigen-Volk-sagt-Ja-zur-\u00dcberbauung-B\u00e4renareal-immobilien-business.jpg","schema":{"@context":"https:\/\/schema.org","@graph":[{"@type":"Article","@id":"https:\/\/www.immobilienbusiness.ch\/en\/regionen\/2018-10-12\/baustart-fuer-den-baeretower-in-ostermundigen\/#article","isPartOf":{"@id":"https:\/\/www.immobilienbusiness.ch\/en\/regionen\/2018-10-12\/baustart-fuer-den-baeretower-in-ostermundigen\/"},"author":{"name":"anja.hall","@id":"https:\/\/www.immobilienbusiness.ch\/#\/schema\/person\/3fc036297b10b9f42d6db5ee932af8c8"},"headline":"Baustart f\u00fcr den B\u00e4reTower in Ostermundigen","datePublished":"2018-10-12T06:36:48+00:00","mainEntityOfPage":{"@id":"https:\/\/www.immobilienbusiness.ch\/en\/regionen\/2018-10-12\/baustart-fuer-den-baeretower-in-ostermundigen\/"},"wordCount":128,"commentCount":0,"publisher":{"@id":"https:\/\/www.immobilienbusiness.ch\/#organization"},"image":{"@id":"https:\/\/www.immobilienbusiness.ch\/en\/regionen\/2018-10-12\/baustart-fuer-den-baeretower-in-ostermundigen\/#primaryimage"},"thumbnailUrl":"https:\/\/www.immobilienbusiness.ch\/wp-content\/uploads\/2016\/12\/Ostermundigen-Volk-sagt-Ja-zur-Ueberbauung-Baerenareal-immobilien-business.jpg","keywords":["B\u00e4ren-Areal","Bern","Halter AG","Helvetia Versicherungen","Projekt in Bau"],"articleSection":["REGIONEN"],"inLanguage":"de"},{"@type":"WebPage","@id":"https:\/\/www.immobilienbusiness.ch\/en\/regionen\/2018-10-12\/baustart-fuer-den-baeretower-in-ostermundigen\/","url":"https:\/\/www.immobilienbusiness.ch\/en\/regionen\/2018-10-12\/baustart-fuer-den-baeretower-in-ostermundigen\/","name":"Baustart f\u00fcr den B\u00e4reTower in Ostermundigen - IMMOBILIEN Business","isPartOf":{"@id":"https:\/\/www.immobilienbusiness.ch\/#website"},"primaryImageOfPage":{"@id":"https:\/\/www.immobilienbusiness.ch\/en\/regionen\/2018-10-12\/baustart-fuer-den-baeretower-in-ostermundigen\/#primaryimage"},"image":{"@id":"https:\/\/www.immobilienbusiness.ch\/en\/regionen\/2018-10-12\/baustart-fuer-den-baeretower-in-ostermundigen\/#primaryimage"},"thumbnailUrl":"https:\/\/www.immobilienbusiness.ch\/wp-content\/uploads\/2016\/12\/Ostermundigen-Volk-sagt-Ja-zur-Ueberbauung-Baerenareal-immobilien-business.jpg","datePublished":"2018-10-12T06:36:48+00:00","description":"In Ostermundigen haben die Bauarbeiten f\u00fcr den B\u00e4reTower begonnen. Bis Ende 2021 realisiert Halter im Auftrag der Helvetia das Hochhaus.","breadcrumb":{"@id":"https:\/\/www.immobilienbusiness.ch\/en\/regionen\/2018-10-12\/baustart-fuer-den-baeretower-in-ostermundigen\/#breadcrumb"},"inLanguage":"de","potentialAction":[{"@type":"ReadAction","target":["https:\/\/www.immobilienbusiness.ch\/en\/regionen\/2018-10-12\/baustart-fuer-den-baeretower-in-ostermundigen\/"]}]},{"@type":"ImageObject","inLanguage":"de","@id":"https:\/\/www.immobilienbusiness.ch\/en\/regionen\/2018-10-12\/baustart-fuer-den-baeretower-in-ostermundigen\/#primaryimage","url":"https:\/\/www.immobilienbusiness.ch\/wp-content\/uploads\/2016\/12\/Ostermundigen-Volk-sagt-Ja-zur-Ueberbauung-Baerenareal-immobilien-business.jpg","contentUrl":"https:\/\/www.immobilienbusiness.ch\/wp-content\/uploads\/2016\/12\/Ostermundigen-Volk-sagt-Ja-zur-Ueberbauung-Baerenareal-immobilien-business.jpg","width":2000,"height":2000,"caption":"Die Realisierung des B\u00e4renturms r\u00fcckt n\u00e4her (Visualisierung: Halter AG)"},{"@type":"BreadcrumbList","@id":"https:\/\/www.immobilienbusiness.ch\/en\/regionen\/2018-10-12\/baustart-fuer-den-baeretower-in-ostermundigen\/#breadcrumb","itemListElement":[{"@type":"ListItem","position":1,"name":"Home","item":"https:\/\/www.immobilienbusiness.ch\/"},{"@type":"ListItem","position":2,"name":"Baustart f\u00fcr den B\u00e4reTower in Ostermundigen"}]},{"@type":"WebSite","@id":"https:\/\/www.immobilienbusiness.ch\/#website","url":"https:\/\/www.immobilienbusiness.ch\/","name":"IMMOBILIEN Business","description":"Unabh\u00e4ngiges Schweizer Wirtschaftsmagazin mit Fokus auf Immobilien, Architektur- und Bau sowie Investment- und Finanzierung.","publisher":{"@id":"https:\/\/www.immobilienbusiness.ch\/#organization"},"potentialAction":[{"@type":"SearchAction","target":{"@type":"EntryPoint","urlTemplate":"https:\/\/www.immobilienbusiness.ch\/?s={search_term_string}"},"query-input":{"@type":"PropertyValueSpecification","valueRequired":true,"valueName":"search_term_string"}}],"inLanguage":"de"},{"@type":"Organization","@id":"https:\/\/www.immobilienbusiness.ch\/#organization","name":"IMMOBILIEN Business","url":"https:\/\/www.immobilienbusiness.ch\/","logo":{"@type":"ImageObject","inLanguage":"de","@id":"https:\/\/www.immobilienbusiness.ch\/#\/schema\/logo\/image\/","url":"https:\/\/www.immobilienbusiness.ch\/wp-content\/uploads\/2021\/07\/logo_ib.png","contentUrl":"https:\/\/www.immobilienbusiness.ch\/wp-content\/uploads\/2021\/07\/logo_ib.png","width":800,"height":181,"caption":"IMMOBILIEN Business"},"image":{"@id":"https:\/\/www.immobilienbusiness.ch\/#\/schema\/logo\/image\/"},"sameAs":["https:\/\/www.facebook.com\/immobilienbusiness\/"]},{"@type":"Person","@id":"https:\/\/www.immobilienbusiness.ch\/#\/schema\/person\/3fc036297b10b9f42d6db5ee932af8c8","name":"anja.hall","image":{"@type":"ImageObject","inLanguage":"de","@id":"https:\/\/secure.gravatar.com\/avatar\/066b5a0d447013502c71a5782f4f3469f03cfe595cc2329fb94652fe47511bfb?s=96&d=mm&r=g","url":"https:\/\/secure.gravatar.com\/avatar\/066b5a0d447013502c71a5782f4f3469f03cfe595cc2329fb94652fe47511bfb?s=96&d=mm&r=g","contentUrl":"https:\/\/secure.gravatar.com\/avatar\/066b5a0d447013502c71a5782f4f3469f03cfe595cc2329fb94652fe47511bfb?s=96&d=mm&r=g","caption":"anja.hall"},"url":"https:\/\/www.immobilienbusiness.ch\/de\/author\/anja-hall\/"}]}},"_links":{"self":[{"href":"https:\/\/www.immobilienbusiness.ch\/de\/wp-json\/wp\/v2\/posts\/14431","targetHints":{"allow":["GET"]}}],"collection":[{"href":"https:\/\/www.immobilienbusiness.ch\/de\/wp-json\/wp\/v2\/posts"}],"about":[{"href":"https:\/\/www.immobilienbusiness.ch\/de\/wp-json\/wp\/v2\/types\/post"}],"author":[{"embeddable":true,"href":"https:\/\/www.immobilienbusiness.ch\/de\/wp-json\/wp\/v2\/users\/3"}],"replies":[{"embeddable":true,"href":"https:\/\/www.immobilienbusiness.ch\/de\/wp-json\/wp\/v2\/comments?post=14431"}],"version-history":[{"count":0,"href":"https:\/\/www.immobilienbusiness.ch\/de\/wp-json\/wp\/v2\/posts\/14431\/revisions"}],"wp:featuredmedia":[{"embeddable":true,"href":"https:\/\/www.immobilienbusiness.ch\/de\/wp-json\/wp\/v2\/media\/1725"}],"wp:attachment":[{"href":"https:\/\/www.immobilienbusiness.ch\/de\/wp-json\/wp\/v2\/media?parent=14431"}],"wp:term":[{"taxonomy":"category","embeddable":true,"href":"https:\/\/www.immobilienbusiness.ch\/de\/wp-json\/wp\/v2\/categories?post=14431"},{"taxonomy":"post_tag","embeddable":true,"href":"https:\/\/www.immobilienbusiness.ch\/de\/wp-json\/wp\/v2\/tags?post=14431"}],"curies":[{"name":"wp","href":"https:\/\/api.w.org\/{rel}","templated":true}]}}