{"id":14239,"date":"2018-09-26T17:47:26","date_gmt":"2018-09-26T15:47:26","guid":{"rendered":"https:\/\/www.immobilienbusiness.ch\/?p=14239"},"modified":"2024-07-08T14:31:43","modified_gmt":"2024-07-08T12:31:43","slug":"rueckblick-73-schweizer-immobiliengespraech-mit-dem-thema-coworking-for-corporates","status":"publish","type":"post","link":"https:\/\/www.immobilienbusiness.ch\/de\/allgemein\/2018-09-26\/rueckblick-73-schweizer-immobiliengespraech-mit-dem-thema-coworking-for-corporates\/","title":{"rendered":"R\u00fcckblick 73. Schweizer Immobiliengespr\u00e4ch: \u00abCoworking for Corporates?\u00bb"},"content":{"rendered":"<p><img loading=\"lazy\" decoding=\"async\" class=\"alignnone size-medium wp-image-14241\" src=\"https:\/\/www.immobilienbusiness.ch\/wp-content\/uploads\/2018\/09\/DSC_0821.jpg\" alt=\"\" width=\"680\" height=\"450\" srcset=\"https:\/\/www.immobilienbusiness.ch\/wp-content\/uploads\/2018\/09\/DSC_0821.jpg 2560w, https:\/\/www.immobilienbusiness.ch\/wp-content\/uploads\/2018\/09\/DSC_0821-300x199.jpg 300w, https:\/\/www.immobilienbusiness.ch\/wp-content\/uploads\/2018\/09\/DSC_0821-1024x678.jpg 1024w, https:\/\/www.immobilienbusiness.ch\/wp-content\/uploads\/2018\/09\/DSC_0821-768x509.jpg 768w, https:\/\/www.immobilienbusiness.ch\/wp-content\/uploads\/2018\/09\/DSC_0821-1536x1017.jpg 1536w, https:\/\/www.immobilienbusiness.ch\/wp-content\/uploads\/2018\/09\/DSC_0821-2048x1356.jpg 2048w, https:\/\/www.immobilienbusiness.ch\/wp-content\/uploads\/2018\/09\/DSC_0821-16x12.jpg 16w, https:\/\/www.immobilienbusiness.ch\/wp-content\/uploads\/2018\/09\/DSC_0821-264x175.jpg 264w, https:\/\/www.immobilienbusiness.ch\/wp-content\/uploads\/2018\/09\/DSC_0821-528x350.jpg 528w, https:\/\/www.immobilienbusiness.ch\/wp-content\/uploads\/2018\/09\/DSC_0821-1208x800.jpg 1208w, https:\/\/www.immobilienbusiness.ch\/wp-content\/uploads\/2018\/09\/DSC_0821-920x609.jpg 920w, https:\/\/www.immobilienbusiness.ch\/wp-content\/uploads\/2018\/09\/DSC_0821-1400x927.jpg 1400w\" sizes=\"auto, (max-width: 680px) 100vw, 680px\" \/><\/p>\n<p>\u00abMutiert die B\u00fcroimmobilie zum Betreibermodell?\u00bb, fragte Moderator Markus Schmidiger von der Hochschule Luzern zu Beginn des j\u00fcngsten Schweizer Immobiliengespr\u00e4chs im Z\u00fcrcher Restaurant Metropol vor rund 120 interessierten G\u00e4sten.<\/p>\n<p><strong>Revolution oder Paradigmenwechsel?<\/strong><\/p>\n<p>Florian Kuprecht von CBRE Schweiz vertrat die Meinung, dass sich durchaus eine Revolution auf dem B\u00fcrofl\u00e4chenmarkt andeute oder zumindest ein Paradigmenwechsel. 40.000 Firmengr\u00fcndungen habe es im letzten Jahr in der Schweiz gegeben mit gerade einmal 50.000 Mitarbeitenden. Viele Start-ups und Kleinunternehmen seien hierunter und forderten auf dem B\u00fcromarkt neue Konzepte ein. Zudem werde in vielen Unternehmen verst\u00e4rkt in Projektgruppen gearbeitet, die ein entsprechend innovatives und kreatives Ambiente ben\u00f6tigten. \u00abDie Vernetzung in der Arbeitswelt wird digital wie real immer wichtiger\u00bb, fasste Kuprecht zusammen und nannte damit ein wichtiges Argument f\u00fcr Coworking Spaces, die es seit ein paar Jahren auch in der Schweiz gibt.<\/p>\n<p>Derzeit verf\u00fcgt die Eidgenossenschaft \u00fcber mehr als 200 Coworking-Standorte. Zuletzt lag die Wachstumsrate in diesem Segment bei etwa 15 bis 17 Prozent. Nach Sch\u00e4tzungen von CBRE betrifft dies somit erst weniger als einen Prozent Anteil am hiesigen B\u00fcrofl\u00e4chenmarkt. Doch bereits im Umkreis des Z\u00fcrcher Hauptbahnhofs finde man, je nach Radius, eine Absorptionsquote durch Anbieter von flexiblen Fl\u00e4chen von f\u00fcnf bis zu zehn Prozent, so Kuprecht.<\/p>\n<p><strong>Strategische Gr\u00fcnde f\u00fcrs \u00abCoworken\u00bb<\/strong><\/p>\n<p>F\u00fcr Garry G\u00fcrtler, Schweizer Repr\u00e4sentant des internationalen Businesscenter-Betreibers IWG, ist klar, dass die Digitalisierung den grossen Treiber des Coworking-Trends darstellt. \u00abDies hat Auswirkungen sowohl auf die Gewohnheiten der Arbeitnehmer als auch auf das Fl\u00e4chenmanagement der Arbeitgeber.\u00bb Doch gebe es auch rein strategische und auch finanzielle Gr\u00fcnde f\u00fcr Grosskonzerne (Corporates) den Coworking-Weg zu beschreiten: \u00abGrosse Firmen brauchen gr\u00f6ssere Flexibilit\u00e4t, um schnell grosse geografische R\u00e4ume in verschiedenen L\u00e4ndern abdecken zu k\u00f6nnen\u00bb, \u00a0sagt er. Hierzu eigneten sich Coworking Spaces ideal. Ein weiterer Aspekt ergibt sich laut G\u00fcrtler f\u00fcr Unternehmen auch in steuerlicher Hinsicht, Stichwort: neuer Leasingstandard IFRS 16.<\/p>\n<p>IWG ist seit 25 Jahren mit seiner Businesscentermarke Regus in der Schweiz aktiv und hat sein Angebot in den vergangenen Jahren mit verschiedenen Brands diversifiziert. Nun biete man mit den Konzepten Spaces, No.18, OpenOffice, Signature und Basepoint Coworking-Welten f\u00fcr die unterschiedlichen Bed\u00fcrfnisse an &#8211; vom jungen Start-up-Unternehmer bis hin zu einer gehobenen und \u00e4lteren Gesch\u00e4ftsklientel, so G\u00fcrtler.<\/p>\n<p><strong>Swiss Life folgt dem Trend<\/strong><\/p>\n<p>Giorgio Engeli von Swiss Life Asset Management zeigte schliesslich einige Praxisbeispiele f\u00fcr Coworking-Konzepte. Der Versicherungskonzern sieht die Vermarktungschancen von flexiblem B\u00fcroraum auch bei sich und hat derzeit mehrere Projekte in Planung. So zum Beispiel in Kooperation mit Village Office am Tessinerplatz in Z\u00fcrich, in Zusammenarbeit mit OfficeLab in Baden und im Blandonnet-BIRD in Genf-Vernier nahe dem Flughafen.<\/p>\n<p>An der Z\u00fcrcher Bahnhofstrasse richtet Swiss Life zusammen mit der Firma WeSpace eine Coworking-B\u00fcroetage eigens f\u00fcr Frauen ein. Mit \u00abThe One Zurich\u00bb folgt dar\u00fcber hinaus an der Seefeldstrasse am Bahnhof Tiefenbrunnen schon bald auch an \u00abPrime Location\u00bb ein weiteres Projekt mit flexiblen hochwertigen B\u00fcror\u00e4umen, so Engeli. Als sehr geeignet f\u00fcr ein Coworking-Konzept f\u00fcr Corporates sieht er zudem das \u00abTicTricTrac\u00bb in der Z\u00fcrcher Binz. Dort w\u00fcrden ab 2021 gut 15.000 Quadratmeter B\u00fcrofl\u00e4che zur flexiblen Verf\u00fcgung stehen. \u00abWir halten das f\u00fcr m\u00f6glich, dass das da geht\u00bb, zeigte sich Engeli beim Schweizer Immobiliengespr\u00e4ch \u00fcberzeugt.<\/p>\n<p>&nbsp;<\/p>\n<p><strong>Pr\u00e4sentationen:<\/strong><\/p>\n<p><a href=\"https:\/\/www.immobilienbusiness.ch\/wp-content\/uploads\/2018\/09\/210918_Immobiliengespraech_CBRE_Co-Working_Shared_Offices.pdf\" target=\"_blank\" rel=\"noopener\">Florian Kuprecht, CBRE (Z\u00fcrich) AG<\/a><\/p>\n<p><a href=\"https:\/\/www.immobilienbusiness.ch\/wp-content\/uploads\/2018\/09\/TheWorkspaceRevolution-GG-Sept-18.pdf\" target=\"_blank\" rel=\"noopener\">Gary G\u00fcrtler, International Workspace Group<\/a><\/p>\n<p><a href=\"https:\/\/www.immobilienbusiness.ch\/wp-content\/uploads\/2018\/09\/IG-Engeli-final.pdf\" target=\"_blank\" rel=\"noopener\">Giorgio Engeli, Swiss Life Asset Management AG<\/a><\/p>\n","protected":false},"excerpt":{"rendered":"<p>Flexible Arbeitswelten sind scheinbar das Gebot der Stunde \u2013 f\u00fcr Einzelk\u00e4mpfer wie f\u00fcr ganze Unternehmen. Die Bandbreite des Coworkings zeigten die Referenten des 73. Schweizer Immobiliengespr\u00e4chs.<\/p>\n","protected":false},"author":102,"featured_media":14241,"comment_status":"closed","ping_status":"closed","sticky":false,"template":"","format":"standard","meta":{"_acf_changed":false,"_yoast_wpseo_focuskw":"Coworking","_yoast_wpseo_title":"R\u00fcckblick 73.Schweizer Immobiliengespr\u00e4ch - Coworking for Corporates","_yoast_wpseo_metadesc":"Flexible Arbeitswelten sind scheinbar das Gebot der Stunde \u2013 f\u00fcr Einzelk\u00e4mpfer wie f\u00fcr ganze Unternehmen. Welche Rolle nehmen Coworking-Modelle ein?","_yoast_wpseo_linkdex":63,"pgc_sgb_lightbox_settings":"","footnotes":""},"categories":[1],"tags":[1119,1145,1657],"class_list":["post-14239","post","type-post","status-publish","format-standard","has-post-thumbnail","hentry","category-allgemein","tag-bueroimmobilien","tag-coworking","tag-rueckblick_immobiliengespraeche"],"acf":[],"yoast_head":"<!-- This site is optimized with the Yoast SEO plugin v27.4 - https:\/\/yoast.com\/product\/yoast-seo-wordpress\/ -->\n<title>R\u00fcckblick 73.Schweizer Immobiliengespr\u00e4ch - Coworking for Corporates<\/title>\n<meta name=\"description\" content=\"Flexible Arbeitswelten sind scheinbar das Gebot der Stunde \u2013 f\u00fcr Einzelk\u00e4mpfer wie f\u00fcr ganze Unternehmen. Welche Rolle nehmen Coworking-Modelle ein?\" \/>\n<meta name=\"robots\" content=\"index, follow, max-snippet:-1, max-image-preview:large, max-video-preview:-1\" \/>\n<link rel=\"canonical\" href=\"https:\/\/www.immobilienbusiness.ch\/de\/allgemein\/2018-09-26\/rueckblick-73-schweizer-immobiliengespraech-mit-dem-thema-coworking-for-corporates\/\" \/>\n<meta property=\"og:locale\" content=\"de_DE\" \/>\n<meta property=\"og:type\" content=\"article\" \/>\n<meta property=\"og:title\" content=\"R\u00fcckblick 73.Schweizer Immobiliengespr\u00e4ch - Coworking for Corporates\" \/>\n<meta property=\"og:description\" content=\"Flexible Arbeitswelten sind scheinbar das Gebot der Stunde \u2013 f\u00fcr Einzelk\u00e4mpfer wie f\u00fcr ganze Unternehmen. Welche Rolle nehmen Coworking-Modelle ein?\" \/>\n<meta property=\"og:url\" content=\"https:\/\/www.immobilienbusiness.ch\/de\/allgemein\/2018-09-26\/rueckblick-73-schweizer-immobiliengespraech-mit-dem-thema-coworking-for-corporates\/\" \/>\n<meta property=\"og:site_name\" content=\"IMMOBILIEN Business\" \/>\n<meta property=\"article:publisher\" content=\"https:\/\/www.facebook.com\/immobilienbusiness\/\" \/>\n<meta property=\"article:published_time\" content=\"2018-09-26T15:47:26+00:00\" \/>\n<meta property=\"article:modified_time\" content=\"2024-07-08T12:31:43+00:00\" \/>\n<meta property=\"og:image\" content=\"https:\/\/www.immobilienbusiness.ch\/wp-content\/uploads\/2018\/09\/DSC_0821-1024x678.jpg\" \/>\n\t<meta property=\"og:image:width\" content=\"1024\" \/>\n\t<meta property=\"og:image:height\" content=\"678\" \/>\n\t<meta property=\"og:image:type\" content=\"image\/jpeg\" \/>\n<meta name=\"author\" content=\"Alexander Wachter\" \/>\n<meta name=\"twitter:card\" content=\"summary_large_image\" \/>\n<script type=\"application\/ld+json\" class=\"yoast-schema-graph\">{\"@context\":\"https:\\\/\\\/schema.org\",\"@graph\":[{\"@type\":\"Article\",\"@id\":\"https:\\\/\\\/www.immobilienbusiness.ch\\\/it\\\/allgemein\\\/2018-09-26\\\/rueckblick-73-schweizer-immobiliengespraech-mit-dem-thema-coworking-for-corporates\\\/#article\",\"isPartOf\":{\"@id\":\"https:\\\/\\\/www.immobilienbusiness.ch\\\/it\\\/allgemein\\\/2018-09-26\\\/rueckblick-73-schweizer-immobiliengespraech-mit-dem-thema-coworking-for-corporates\\\/\"},\"author\":{\"name\":\"Alexander Wachter\",\"@id\":\"https:\\\/\\\/www.immobilienbusiness.ch\\\/#\\\/schema\\\/person\\\/aba8bea2db926aa0c24c08c43fe1fcd5\"},\"headline\":\"R\u00fcckblick 73. Schweizer Immobiliengespr\u00e4ch: \u00abCoworking for Corporates?\u00bb\",\"datePublished\":\"2018-09-26T15:47:26+00:00\",\"dateModified\":\"2024-07-08T12:31:43+00:00\",\"mainEntityOfPage\":{\"@id\":\"https:\\\/\\\/www.immobilienbusiness.ch\\\/it\\\/allgemein\\\/2018-09-26\\\/rueckblick-73-schweizer-immobiliengespraech-mit-dem-thema-coworking-for-corporates\\\/\"},\"wordCount\":584,\"publisher\":{\"@id\":\"https:\\\/\\\/www.immobilienbusiness.ch\\\/#organization\"},\"image\":{\"@id\":\"https:\\\/\\\/www.immobilienbusiness.ch\\\/it\\\/allgemein\\\/2018-09-26\\\/rueckblick-73-schweizer-immobiliengespraech-mit-dem-thema-coworking-for-corporates\\\/#primaryimage\"},\"thumbnailUrl\":\"https:\\\/\\\/www.immobilienbusiness.ch\\\/wp-content\\\/uploads\\\/2018\\\/09\\\/DSC_0821.jpg\",\"keywords\":[\"B\u00fcroimmobilien\",\"Coworking\",\"R\u00fcckblick Immobiliengespr\u00e4che\"],\"inLanguage\":\"de\"},{\"@type\":\"WebPage\",\"@id\":\"https:\\\/\\\/www.immobilienbusiness.ch\\\/it\\\/allgemein\\\/2018-09-26\\\/rueckblick-73-schweizer-immobiliengespraech-mit-dem-thema-coworking-for-corporates\\\/\",\"url\":\"https:\\\/\\\/www.immobilienbusiness.ch\\\/it\\\/allgemein\\\/2018-09-26\\\/rueckblick-73-schweizer-immobiliengespraech-mit-dem-thema-coworking-for-corporates\\\/\",\"name\":\"R\u00fcckblick 73.Schweizer Immobiliengespr\u00e4ch - Coworking for Corporates\",\"isPartOf\":{\"@id\":\"https:\\\/\\\/www.immobilienbusiness.ch\\\/#website\"},\"primaryImageOfPage\":{\"@id\":\"https:\\\/\\\/www.immobilienbusiness.ch\\\/it\\\/allgemein\\\/2018-09-26\\\/rueckblick-73-schweizer-immobiliengespraech-mit-dem-thema-coworking-for-corporates\\\/#primaryimage\"},\"image\":{\"@id\":\"https:\\\/\\\/www.immobilienbusiness.ch\\\/it\\\/allgemein\\\/2018-09-26\\\/rueckblick-73-schweizer-immobiliengespraech-mit-dem-thema-coworking-for-corporates\\\/#primaryimage\"},\"thumbnailUrl\":\"https:\\\/\\\/www.immobilienbusiness.ch\\\/wp-content\\\/uploads\\\/2018\\\/09\\\/DSC_0821.jpg\",\"datePublished\":\"2018-09-26T15:47:26+00:00\",\"dateModified\":\"2024-07-08T12:31:43+00:00\",\"description\":\"Flexible Arbeitswelten sind scheinbar das Gebot der Stunde \u2013 f\u00fcr Einzelk\u00e4mpfer wie f\u00fcr ganze Unternehmen. Welche Rolle nehmen Coworking-Modelle ein?\",\"breadcrumb\":{\"@id\":\"https:\\\/\\\/www.immobilienbusiness.ch\\\/it\\\/allgemein\\\/2018-09-26\\\/rueckblick-73-schweizer-immobiliengespraech-mit-dem-thema-coworking-for-corporates\\\/#breadcrumb\"},\"inLanguage\":\"de\",\"potentialAction\":[{\"@type\":\"ReadAction\",\"target\":[\"https:\\\/\\\/www.immobilienbusiness.ch\\\/it\\\/allgemein\\\/2018-09-26\\\/rueckblick-73-schweizer-immobiliengespraech-mit-dem-thema-coworking-for-corporates\\\/\"]}]},{\"@type\":\"ImageObject\",\"inLanguage\":\"de\",\"@id\":\"https:\\\/\\\/www.immobilienbusiness.ch\\\/it\\\/allgemein\\\/2018-09-26\\\/rueckblick-73-schweizer-immobiliengespraech-mit-dem-thema-coworking-for-corporates\\\/#primaryimage\",\"url\":\"https:\\\/\\\/www.immobilienbusiness.ch\\\/wp-content\\\/uploads\\\/2018\\\/09\\\/DSC_0821.jpg\",\"contentUrl\":\"https:\\\/\\\/www.immobilienbusiness.ch\\\/wp-content\\\/uploads\\\/2018\\\/09\\\/DSC_0821.jpg\",\"width\":2560,\"height\":1696},{\"@type\":\"BreadcrumbList\",\"@id\":\"https:\\\/\\\/www.immobilienbusiness.ch\\\/it\\\/allgemein\\\/2018-09-26\\\/rueckblick-73-schweizer-immobiliengespraech-mit-dem-thema-coworking-for-corporates\\\/#breadcrumb\",\"itemListElement\":[{\"@type\":\"ListItem\",\"position\":1,\"name\":\"Home\",\"item\":\"https:\\\/\\\/www.immobilienbusiness.ch\\\/\"},{\"@type\":\"ListItem\",\"position\":2,\"name\":\"R\u00fcckblick 73. Schweizer Immobiliengespr\u00e4ch: \u00abCoworking for Corporates?\u00bb\"}]},{\"@type\":\"WebSite\",\"@id\":\"https:\\\/\\\/www.immobilienbusiness.ch\\\/#website\",\"url\":\"https:\\\/\\\/www.immobilienbusiness.ch\\\/\",\"name\":\"IMMOBILIEN Business\",\"description\":\"Unabh\u00e4ngiges Schweizer Wirtschaftsmagazin mit Fokus auf Immobilien, Architektur- und Bau sowie Investment- und Finanzierung.\",\"publisher\":{\"@id\":\"https:\\\/\\\/www.immobilienbusiness.ch\\\/#organization\"},\"potentialAction\":[{\"@type\":\"SearchAction\",\"target\":{\"@type\":\"EntryPoint\",\"urlTemplate\":\"https:\\\/\\\/www.immobilienbusiness.ch\\\/?s={search_term_string}\"},\"query-input\":{\"@type\":\"PropertyValueSpecification\",\"valueRequired\":true,\"valueName\":\"search_term_string\"}}],\"inLanguage\":\"de\"},{\"@type\":\"Organization\",\"@id\":\"https:\\\/\\\/www.immobilienbusiness.ch\\\/#organization\",\"name\":\"IMMOBILIEN Business\",\"url\":\"https:\\\/\\\/www.immobilienbusiness.ch\\\/\",\"logo\":{\"@type\":\"ImageObject\",\"inLanguage\":\"de\",\"@id\":\"https:\\\/\\\/www.immobilienbusiness.ch\\\/#\\\/schema\\\/logo\\\/image\\\/\",\"url\":\"https:\\\/\\\/www.immobilienbusiness.ch\\\/wp-content\\\/uploads\\\/2021\\\/07\\\/logo_ib.png\",\"contentUrl\":\"https:\\\/\\\/www.immobilienbusiness.ch\\\/wp-content\\\/uploads\\\/2021\\\/07\\\/logo_ib.png\",\"width\":800,\"height\":181,\"caption\":\"IMMOBILIEN Business\"},\"image\":{\"@id\":\"https:\\\/\\\/www.immobilienbusiness.ch\\\/#\\\/schema\\\/logo\\\/image\\\/\"},\"sameAs\":[\"https:\\\/\\\/www.facebook.com\\\/immobilienbusiness\\\/\"]},{\"@type\":\"Person\",\"@id\":\"https:\\\/\\\/www.immobilienbusiness.ch\\\/#\\\/schema\\\/person\\\/aba8bea2db926aa0c24c08c43fe1fcd5\",\"name\":\"Alexander Wachter\",\"image\":{\"@type\":\"ImageObject\",\"inLanguage\":\"de\",\"@id\":\"https:\\\/\\\/secure.gravatar.com\\\/avatar\\\/1a09e471f5389b0e0a6416eac287e0927c7c97a7b77f9e787eba3af7aee281dd?s=96&d=mm&r=g\",\"url\":\"https:\\\/\\\/secure.gravatar.com\\\/avatar\\\/1a09e471f5389b0e0a6416eac287e0927c7c97a7b77f9e787eba3af7aee281dd?s=96&d=mm&r=g\",\"contentUrl\":\"https:\\\/\\\/secure.gravatar.com\\\/avatar\\\/1a09e471f5389b0e0a6416eac287e0927c7c97a7b77f9e787eba3af7aee281dd?s=96&d=mm&r=g\",\"caption\":\"Alexander Wachter\"},\"url\":\"https:\\\/\\\/www.immobilienbusiness.ch\\\/de\\\/author\\\/alexander-wachter\\\/\"}]}<\/script>\n<!-- \/ Yoast SEO plugin. -->","yoast_head_json":{"title":"R\u00fcckblick 73.Schweizer Immobiliengespr\u00e4ch - Coworking for Corporates","description":"Flexible Arbeitswelten sind scheinbar das Gebot der Stunde \u2013 f\u00fcr Einzelk\u00e4mpfer wie f\u00fcr ganze Unternehmen. Welche Rolle nehmen Coworking-Modelle ein?","robots":{"index":"index","follow":"follow","max-snippet":"max-snippet:-1","max-image-preview":"max-image-preview:large","max-video-preview":"max-video-preview:-1"},"canonical":"https:\/\/www.immobilienbusiness.ch\/de\/allgemein\/2018-09-26\/rueckblick-73-schweizer-immobiliengespraech-mit-dem-thema-coworking-for-corporates\/","og_locale":"de_DE","og_type":"article","og_title":"R\u00fcckblick 73.Schweizer Immobiliengespr\u00e4ch - Coworking for Corporates","og_description":"Flexible Arbeitswelten sind scheinbar das Gebot der Stunde \u2013 f\u00fcr Einzelk\u00e4mpfer wie f\u00fcr ganze Unternehmen. Welche Rolle nehmen Coworking-Modelle ein?","og_url":"https:\/\/www.immobilienbusiness.ch\/de\/allgemein\/2018-09-26\/rueckblick-73-schweizer-immobiliengespraech-mit-dem-thema-coworking-for-corporates\/","og_site_name":"IMMOBILIEN Business","article_publisher":"https:\/\/www.facebook.com\/immobilienbusiness\/","article_published_time":"2018-09-26T15:47:26+00:00","article_modified_time":"2024-07-08T12:31:43+00:00","og_image":[{"width":1024,"height":678,"url":"https:\/\/www.immobilienbusiness.ch\/wp-content\/uploads\/2018\/09\/DSC_0821-1024x678.jpg","type":"image\/jpeg"}],"author":"Alexander Wachter","twitter_card":"summary_large_image","schema":{"@context":"https:\/\/schema.org","@graph":[{"@type":"Article","@id":"https:\/\/www.immobilienbusiness.ch\/it\/allgemein\/2018-09-26\/rueckblick-73-schweizer-immobiliengespraech-mit-dem-thema-coworking-for-corporates\/#article","isPartOf":{"@id":"https:\/\/www.immobilienbusiness.ch\/it\/allgemein\/2018-09-26\/rueckblick-73-schweizer-immobiliengespraech-mit-dem-thema-coworking-for-corporates\/"},"author":{"name":"Alexander Wachter","@id":"https:\/\/www.immobilienbusiness.ch\/#\/schema\/person\/aba8bea2db926aa0c24c08c43fe1fcd5"},"headline":"R\u00fcckblick 73. Schweizer Immobiliengespr\u00e4ch: \u00abCoworking for Corporates?\u00bb","datePublished":"2018-09-26T15:47:26+00:00","dateModified":"2024-07-08T12:31:43+00:00","mainEntityOfPage":{"@id":"https:\/\/www.immobilienbusiness.ch\/it\/allgemein\/2018-09-26\/rueckblick-73-schweizer-immobiliengespraech-mit-dem-thema-coworking-for-corporates\/"},"wordCount":584,"publisher":{"@id":"https:\/\/www.immobilienbusiness.ch\/#organization"},"image":{"@id":"https:\/\/www.immobilienbusiness.ch\/it\/allgemein\/2018-09-26\/rueckblick-73-schweizer-immobiliengespraech-mit-dem-thema-coworking-for-corporates\/#primaryimage"},"thumbnailUrl":"https:\/\/www.immobilienbusiness.ch\/wp-content\/uploads\/2018\/09\/DSC_0821.jpg","keywords":["B\u00fcroimmobilien","Coworking","R\u00fcckblick Immobiliengespr\u00e4che"],"inLanguage":"de"},{"@type":"WebPage","@id":"https:\/\/www.immobilienbusiness.ch\/it\/allgemein\/2018-09-26\/rueckblick-73-schweizer-immobiliengespraech-mit-dem-thema-coworking-for-corporates\/","url":"https:\/\/www.immobilienbusiness.ch\/it\/allgemein\/2018-09-26\/rueckblick-73-schweizer-immobiliengespraech-mit-dem-thema-coworking-for-corporates\/","name":"R\u00fcckblick 73.Schweizer Immobiliengespr\u00e4ch - Coworking for Corporates","isPartOf":{"@id":"https:\/\/www.immobilienbusiness.ch\/#website"},"primaryImageOfPage":{"@id":"https:\/\/www.immobilienbusiness.ch\/it\/allgemein\/2018-09-26\/rueckblick-73-schweizer-immobiliengespraech-mit-dem-thema-coworking-for-corporates\/#primaryimage"},"image":{"@id":"https:\/\/www.immobilienbusiness.ch\/it\/allgemein\/2018-09-26\/rueckblick-73-schweizer-immobiliengespraech-mit-dem-thema-coworking-for-corporates\/#primaryimage"},"thumbnailUrl":"https:\/\/www.immobilienbusiness.ch\/wp-content\/uploads\/2018\/09\/DSC_0821.jpg","datePublished":"2018-09-26T15:47:26+00:00","dateModified":"2024-07-08T12:31:43+00:00","description":"Flexible Arbeitswelten sind scheinbar das Gebot der Stunde \u2013 f\u00fcr Einzelk\u00e4mpfer wie f\u00fcr ganze Unternehmen. Welche Rolle nehmen Coworking-Modelle ein?","breadcrumb":{"@id":"https:\/\/www.immobilienbusiness.ch\/it\/allgemein\/2018-09-26\/rueckblick-73-schweizer-immobiliengespraech-mit-dem-thema-coworking-for-corporates\/#breadcrumb"},"inLanguage":"de","potentialAction":[{"@type":"ReadAction","target":["https:\/\/www.immobilienbusiness.ch\/it\/allgemein\/2018-09-26\/rueckblick-73-schweizer-immobiliengespraech-mit-dem-thema-coworking-for-corporates\/"]}]},{"@type":"ImageObject","inLanguage":"de","@id":"https:\/\/www.immobilienbusiness.ch\/it\/allgemein\/2018-09-26\/rueckblick-73-schweizer-immobiliengespraech-mit-dem-thema-coworking-for-corporates\/#primaryimage","url":"https:\/\/www.immobilienbusiness.ch\/wp-content\/uploads\/2018\/09\/DSC_0821.jpg","contentUrl":"https:\/\/www.immobilienbusiness.ch\/wp-content\/uploads\/2018\/09\/DSC_0821.jpg","width":2560,"height":1696},{"@type":"BreadcrumbList","@id":"https:\/\/www.immobilienbusiness.ch\/it\/allgemein\/2018-09-26\/rueckblick-73-schweizer-immobiliengespraech-mit-dem-thema-coworking-for-corporates\/#breadcrumb","itemListElement":[{"@type":"ListItem","position":1,"name":"Home","item":"https:\/\/www.immobilienbusiness.ch\/"},{"@type":"ListItem","position":2,"name":"R\u00fcckblick 73. Schweizer Immobiliengespr\u00e4ch: \u00abCoworking for Corporates?\u00bb"}]},{"@type":"WebSite","@id":"https:\/\/www.immobilienbusiness.ch\/#website","url":"https:\/\/www.immobilienbusiness.ch\/","name":"IMMOBILIEN Business","description":"Unabh\u00e4ngiges Schweizer Wirtschaftsmagazin mit Fokus auf Immobilien, Architektur- und Bau sowie Investment- und Finanzierung.","publisher":{"@id":"https:\/\/www.immobilienbusiness.ch\/#organization"},"potentialAction":[{"@type":"SearchAction","target":{"@type":"EntryPoint","urlTemplate":"https:\/\/www.immobilienbusiness.ch\/?s={search_term_string}"},"query-input":{"@type":"PropertyValueSpecification","valueRequired":true,"valueName":"search_term_string"}}],"inLanguage":"de"},{"@type":"Organization","@id":"https:\/\/www.immobilienbusiness.ch\/#organization","name":"IMMOBILIEN Business","url":"https:\/\/www.immobilienbusiness.ch\/","logo":{"@type":"ImageObject","inLanguage":"de","@id":"https:\/\/www.immobilienbusiness.ch\/#\/schema\/logo\/image\/","url":"https:\/\/www.immobilienbusiness.ch\/wp-content\/uploads\/2021\/07\/logo_ib.png","contentUrl":"https:\/\/www.immobilienbusiness.ch\/wp-content\/uploads\/2021\/07\/logo_ib.png","width":800,"height":181,"caption":"IMMOBILIEN Business"},"image":{"@id":"https:\/\/www.immobilienbusiness.ch\/#\/schema\/logo\/image\/"},"sameAs":["https:\/\/www.facebook.com\/immobilienbusiness\/"]},{"@type":"Person","@id":"https:\/\/www.immobilienbusiness.ch\/#\/schema\/person\/aba8bea2db926aa0c24c08c43fe1fcd5","name":"Alexander Wachter","image":{"@type":"ImageObject","inLanguage":"de","@id":"https:\/\/secure.gravatar.com\/avatar\/1a09e471f5389b0e0a6416eac287e0927c7c97a7b77f9e787eba3af7aee281dd?s=96&d=mm&r=g","url":"https:\/\/secure.gravatar.com\/avatar\/1a09e471f5389b0e0a6416eac287e0927c7c97a7b77f9e787eba3af7aee281dd?s=96&d=mm&r=g","contentUrl":"https:\/\/secure.gravatar.com\/avatar\/1a09e471f5389b0e0a6416eac287e0927c7c97a7b77f9e787eba3af7aee281dd?s=96&d=mm&r=g","caption":"Alexander Wachter"},"url":"https:\/\/www.immobilienbusiness.ch\/de\/author\/alexander-wachter\/"}]}},"_links":{"self":[{"href":"https:\/\/www.immobilienbusiness.ch\/de\/wp-json\/wp\/v2\/posts\/14239","targetHints":{"allow":["GET"]}}],"collection":[{"href":"https:\/\/www.immobilienbusiness.ch\/de\/wp-json\/wp\/v2\/posts"}],"about":[{"href":"https:\/\/www.immobilienbusiness.ch\/de\/wp-json\/wp\/v2\/types\/post"}],"author":[{"embeddable":true,"href":"https:\/\/www.immobilienbusiness.ch\/de\/wp-json\/wp\/v2\/users\/102"}],"replies":[{"embeddable":true,"href":"https:\/\/www.immobilienbusiness.ch\/de\/wp-json\/wp\/v2\/comments?post=14239"}],"version-history":[{"count":2,"href":"https:\/\/www.immobilienbusiness.ch\/de\/wp-json\/wp\/v2\/posts\/14239\/revisions"}],"predecessor-version":[{"id":57889,"href":"https:\/\/www.immobilienbusiness.ch\/de\/wp-json\/wp\/v2\/posts\/14239\/revisions\/57889"}],"wp:featuredmedia":[{"embeddable":true,"href":"https:\/\/www.immobilienbusiness.ch\/de\/wp-json\/wp\/v2\/media\/14241"}],"wp:attachment":[{"href":"https:\/\/www.immobilienbusiness.ch\/de\/wp-json\/wp\/v2\/media?parent=14239"}],"wp:term":[{"taxonomy":"category","embeddable":true,"href":"https:\/\/www.immobilienbusiness.ch\/de\/wp-json\/wp\/v2\/categories?post=14239"},{"taxonomy":"post_tag","embeddable":true,"href":"https:\/\/www.immobilienbusiness.ch\/de\/wp-json\/wp\/v2\/tags?post=14239"}],"curies":[{"name":"wp","href":"https:\/\/api.w.org\/{rel}","templated":true}]}}