{"id":14129,"date":"2018-09-18T08:30:08","date_gmt":"2018-09-18T06:30:08","guid":{"rendered":"https:\/\/www.immobilienbusiness.ch\/?p=14129"},"modified":"2018-09-18T08:30:08","modified_gmt":"2018-09-18T06:30:08","slug":"zuerich-gruenes-licht-fuer-manegg-mitte","status":"publish","type":"post","link":"https:\/\/www.immobilienbusiness.ch\/de\/regionen\/2018-09-18\/zuerich-gruenes-licht-fuer-manegg-mitte\/","title":{"rendered":"Z\u00fcrich: Gr\u00fcnes Licht f\u00fcr Manegg Mitte"},"content":{"rendered":"<figure id=\"attachment_14131\" aria-describedby=\"caption-attachment-14131\" style=\"width: 680px\" class=\"wp-caption alignnone\"><img loading=\"lazy\" decoding=\"async\" class=\"size-medium wp-image-14131\" src=\"https:\/\/www.immobilienbusiness.ch\/wp-content\/uploads\/2018\/09\/Manegg_Mitte_01.jpg\" alt=\"\" width=\"680\" height=\"383\" srcset=\"https:\/\/www.immobilienbusiness.ch\/wp-content\/uploads\/2018\/09\/Manegg_Mitte_01.jpg 1600w, https:\/\/www.immobilienbusiness.ch\/wp-content\/uploads\/2018\/09\/Manegg_Mitte_01-300x169.jpg 300w, https:\/\/www.immobilienbusiness.ch\/wp-content\/uploads\/2018\/09\/Manegg_Mitte_01-1024x576.jpg 1024w, https:\/\/www.immobilienbusiness.ch\/wp-content\/uploads\/2018\/09\/Manegg_Mitte_01-768x432.jpg 768w, https:\/\/www.immobilienbusiness.ch\/wp-content\/uploads\/2018\/09\/Manegg_Mitte_01-1536x864.jpg 1536w, https:\/\/www.immobilienbusiness.ch\/wp-content\/uploads\/2018\/09\/Manegg_Mitte_01-16x9.jpg 16w, https:\/\/www.immobilienbusiness.ch\/wp-content\/uploads\/2018\/09\/Manegg_Mitte_01-311x175.jpg 311w, https:\/\/www.immobilienbusiness.ch\/wp-content\/uploads\/2018\/09\/Manegg_Mitte_01-622x350.jpg 622w, https:\/\/www.immobilienbusiness.ch\/wp-content\/uploads\/2018\/09\/Manegg_Mitte_01-1422x800.jpg 1422w, https:\/\/www.immobilienbusiness.ch\/wp-content\/uploads\/2018\/09\/Manegg_Mitte_01-920x518.jpg 920w, https:\/\/www.immobilienbusiness.ch\/wp-content\/uploads\/2018\/09\/Manegg_Mitte_01-1400x788.jpg 1400w\" sizes=\"auto, (max-width: 680px) 100vw, 680px\" \/><figcaption id=\"caption-attachment-14131\" class=\"wp-caption-text\">Die \u00dcberbauung Manegg Mitte kann realisiert werden (Quelle: Steiner AG)<\/figcaption><\/figure>\n<p>Im S\u00fcden von Z\u00fcrich sollen 150 Eigentumswohnungen in zwei Geb\u00e4uden direkt an der Sihl errichtet werden, die unter dem Namen \u00abSihlterrassen\u00bb vermarktet werden. In einer weiteren Liegenschaft entstehen rund 100 Mietwohnungen f\u00fcr die Genossenschaft BEP und Gewerbefl\u00e4chen im Erdgeschoss. Der Baustart ist f\u00fcr 2019 geplant, die ersten Wohnungen k\u00f6nnen voraussichtlich 2021 bezogen werden, teilt die Steiner AG mit.<\/p>\n<p>Das gesamte Areal ist knapp 16.000 qm gross und erlaubt eine Bebauung mit einer Gesamtnutzfl\u00e4che von rund 36.900 qm, verteilt auf die drei Neubauten. Die insgesamt 250 Wohnungen in den drei Geb\u00e4uden umfassen 2,5 bis 5,5 Zimmer und richten sich nach Angaben von Steiner an Familien, Paare, Wohngemeinschaften und Alleinlebende.<\/p>\n<p>Der ehemalige Industriestandort Manegg gilt als eines der letzten grossen Entwicklungsgebiete der Stadt Z\u00fcrich. Vor sieben Jahren wurde mit der Inkraftsetzung des privaten Gestaltungsplans die Grundlage f\u00fcr die Neuentwicklung geschaffen. Das Areal ist \u00fcber die S4 der Sihltal Z\u00fcrich Uetliberg Bahn (SZU) gut an den \u00f6ffentlichen Verkehr angeschlossen; in direkter Nachbarschaft befinden sich die Greencity und der Sihlbogen. <em>(ah)<\/em><\/p>\n","protected":false},"excerpt":{"rendered":"<p>Die Baubewilligung f\u00fcr die Wohn\u00fcberbauung Manegg Mitte in Z\u00fcrich ist rechtskr\u00e4ftig, damit k\u00f6nnen die Baugenossenschaft des Eidgen\u00f6ssischen Personals BEP und die Steiner AG das Vorhaben nun realisieren.<\/p>\n","protected":false},"author":3,"featured_media":14131,"comment_status":"open","ping_status":"open","sticky":false,"template":"","format":"standard","meta":{"_acf_changed":false,"_yoast_wpseo_focuskw":"Manegg","_yoast_wpseo_title":"","_yoast_wpseo_metadesc":"Die Baubewilligung f\u00fcr die Wohn\u00fcberbauung Manegg Mitte in Z\u00fcrich ist rechtskr\u00e4ftig, das Vorhaben kann nun realisiert werden.","_yoast_wpseo_linkdex":61,"pgc_sgb_lightbox_settings":"","footnotes":""},"categories":[985],"tags":[1600,1731,1863,1888],"class_list":["post-14129","post","type-post","status-publish","format-standard","has-post-thumbnail","hentry","category-regionen","tag-projekt-in-planung","tag-steiner-ag","tag-wohnimmobilien","tag-zuerich"],"acf":[],"yoast_head":"<!-- This site is optimized with the Yoast SEO plugin v27.4 - https:\/\/yoast.com\/product\/yoast-seo-wordpress\/ -->\n<title>Z\u00fcrich: Gr\u00fcnes Licht f\u00fcr Manegg Mitte - IMMOBILIEN Business<\/title>\n<meta name=\"description\" content=\"Die Baubewilligung f\u00fcr die Wohn\u00fcberbauung Manegg Mitte in Z\u00fcrich ist rechtskr\u00e4ftig, das Vorhaben kann nun realisiert werden.\" \/>\n<meta name=\"robots\" content=\"index, follow, max-snippet:-1, max-image-preview:large, max-video-preview:-1\" \/>\n<link rel=\"canonical\" href=\"https:\/\/www.immobilienbusiness.ch\/de\/regionen\/2018-09-18\/zuerich-gruenes-licht-fuer-manegg-mitte\/\" \/>\n<meta property=\"og:locale\" content=\"de_DE\" \/>\n<meta property=\"og:type\" content=\"article\" \/>\n<meta property=\"og:title\" content=\"Z\u00fcrich: Gr\u00fcnes Licht f\u00fcr Manegg Mitte - IMMOBILIEN Business\" \/>\n<meta property=\"og:description\" content=\"Die Baubewilligung f\u00fcr die Wohn\u00fcberbauung Manegg Mitte in Z\u00fcrich ist rechtskr\u00e4ftig, das Vorhaben kann nun realisiert werden.\" \/>\n<meta property=\"og:url\" content=\"https:\/\/www.immobilienbusiness.ch\/de\/regionen\/2018-09-18\/zuerich-gruenes-licht-fuer-manegg-mitte\/\" \/>\n<meta property=\"og:site_name\" content=\"IMMOBILIEN Business\" \/>\n<meta property=\"article:publisher\" content=\"https:\/\/www.facebook.com\/immobilienbusiness\/\" \/>\n<meta property=\"article:published_time\" content=\"2018-09-18T06:30:08+00:00\" \/>\n<meta property=\"og:image\" content=\"https:\/\/www.immobilienbusiness.ch\/wp-content\/uploads\/2018\/09\/Manegg_Mitte_01.jpg\" \/>\n\t<meta property=\"og:image:width\" content=\"1600\" \/>\n\t<meta property=\"og:image:height\" content=\"900\" \/>\n\t<meta property=\"og:image:type\" content=\"image\/jpeg\" \/>\n<meta name=\"author\" content=\"anja.hall\" \/>\n<meta name=\"twitter:card\" content=\"summary_large_image\" \/>\n<meta name=\"twitter:image\" content=\"https:\/\/www.immobilienbusiness.ch\/wp-content\/uploads\/2018\/09\/Manegg_Mitte_01.jpg\" \/>\n<script type=\"application\/ld+json\" class=\"yoast-schema-graph\">{\"@context\":\"https:\\\/\\\/schema.org\",\"@graph\":[{\"@type\":\"Article\",\"@id\":\"https:\\\/\\\/www.immobilienbusiness.ch\\\/de\\\/regionen\\\/2018-09-18\\\/zuerich-gruenes-licht-fuer-manegg-mitte\\\/#article\",\"isPartOf\":{\"@id\":\"https:\\\/\\\/www.immobilienbusiness.ch\\\/de\\\/regionen\\\/2018-09-18\\\/zuerich-gruenes-licht-fuer-manegg-mitte\\\/\"},\"author\":{\"name\":\"anja.hall\",\"@id\":\"https:\\\/\\\/www.immobilienbusiness.ch\\\/#\\\/schema\\\/person\\\/3fc036297b10b9f42d6db5ee932af8c8\"},\"headline\":\"Z\u00fcrich: Gr\u00fcnes Licht f\u00fcr Manegg Mitte\",\"datePublished\":\"2018-09-18T06:30:08+00:00\",\"mainEntityOfPage\":{\"@id\":\"https:\\\/\\\/www.immobilienbusiness.ch\\\/de\\\/regionen\\\/2018-09-18\\\/zuerich-gruenes-licht-fuer-manegg-mitte\\\/\"},\"wordCount\":196,\"commentCount\":0,\"publisher\":{\"@id\":\"https:\\\/\\\/www.immobilienbusiness.ch\\\/#organization\"},\"image\":{\"@id\":\"https:\\\/\\\/www.immobilienbusiness.ch\\\/de\\\/regionen\\\/2018-09-18\\\/zuerich-gruenes-licht-fuer-manegg-mitte\\\/#primaryimage\"},\"thumbnailUrl\":\"https:\\\/\\\/www.immobilienbusiness.ch\\\/wp-content\\\/uploads\\\/2018\\\/09\\\/Manegg_Mitte_01.jpg\",\"keywords\":[\"Projekt in Planung\",\"Steiner AG\",\"Wohnimmobilien\",\"Z\u00fcrich\"],\"articleSection\":[\"REGIONEN\"],\"inLanguage\":\"de\"},{\"@type\":\"WebPage\",\"@id\":\"https:\\\/\\\/www.immobilienbusiness.ch\\\/de\\\/regionen\\\/2018-09-18\\\/zuerich-gruenes-licht-fuer-manegg-mitte\\\/\",\"url\":\"https:\\\/\\\/www.immobilienbusiness.ch\\\/de\\\/regionen\\\/2018-09-18\\\/zuerich-gruenes-licht-fuer-manegg-mitte\\\/\",\"name\":\"Z\u00fcrich: Gr\u00fcnes Licht f\u00fcr Manegg Mitte - IMMOBILIEN Business\",\"isPartOf\":{\"@id\":\"https:\\\/\\\/www.immobilienbusiness.ch\\\/#website\"},\"primaryImageOfPage\":{\"@id\":\"https:\\\/\\\/www.immobilienbusiness.ch\\\/de\\\/regionen\\\/2018-09-18\\\/zuerich-gruenes-licht-fuer-manegg-mitte\\\/#primaryimage\"},\"image\":{\"@id\":\"https:\\\/\\\/www.immobilienbusiness.ch\\\/de\\\/regionen\\\/2018-09-18\\\/zuerich-gruenes-licht-fuer-manegg-mitte\\\/#primaryimage\"},\"thumbnailUrl\":\"https:\\\/\\\/www.immobilienbusiness.ch\\\/wp-content\\\/uploads\\\/2018\\\/09\\\/Manegg_Mitte_01.jpg\",\"datePublished\":\"2018-09-18T06:30:08+00:00\",\"description\":\"Die Baubewilligung f\u00fcr die Wohn\u00fcberbauung Manegg Mitte in Z\u00fcrich ist rechtskr\u00e4ftig, das Vorhaben kann nun realisiert werden.\",\"breadcrumb\":{\"@id\":\"https:\\\/\\\/www.immobilienbusiness.ch\\\/de\\\/regionen\\\/2018-09-18\\\/zuerich-gruenes-licht-fuer-manegg-mitte\\\/#breadcrumb\"},\"inLanguage\":\"de\",\"potentialAction\":[{\"@type\":\"ReadAction\",\"target\":[\"https:\\\/\\\/www.immobilienbusiness.ch\\\/de\\\/regionen\\\/2018-09-18\\\/zuerich-gruenes-licht-fuer-manegg-mitte\\\/\"]}]},{\"@type\":\"ImageObject\",\"inLanguage\":\"de\",\"@id\":\"https:\\\/\\\/www.immobilienbusiness.ch\\\/de\\\/regionen\\\/2018-09-18\\\/zuerich-gruenes-licht-fuer-manegg-mitte\\\/#primaryimage\",\"url\":\"https:\\\/\\\/www.immobilienbusiness.ch\\\/wp-content\\\/uploads\\\/2018\\\/09\\\/Manegg_Mitte_01.jpg\",\"contentUrl\":\"https:\\\/\\\/www.immobilienbusiness.ch\\\/wp-content\\\/uploads\\\/2018\\\/09\\\/Manegg_Mitte_01.jpg\",\"width\":1600,\"height\":900,\"caption\":\"Die \u00dcberbauung Manegg Mitte kann realisiert werden (Quelle: Steiner AG)\"},{\"@type\":\"BreadcrumbList\",\"@id\":\"https:\\\/\\\/www.immobilienbusiness.ch\\\/de\\\/regionen\\\/2018-09-18\\\/zuerich-gruenes-licht-fuer-manegg-mitte\\\/#breadcrumb\",\"itemListElement\":[{\"@type\":\"ListItem\",\"position\":1,\"name\":\"Home\",\"item\":\"https:\\\/\\\/www.immobilienbusiness.ch\\\/\"},{\"@type\":\"ListItem\",\"position\":2,\"name\":\"Z\u00fcrich: Gr\u00fcnes Licht f\u00fcr Manegg Mitte\"}]},{\"@type\":\"WebSite\",\"@id\":\"https:\\\/\\\/www.immobilienbusiness.ch\\\/#website\",\"url\":\"https:\\\/\\\/www.immobilienbusiness.ch\\\/\",\"name\":\"IMMOBILIEN Business\",\"description\":\"Unabh\u00e4ngiges Schweizer Wirtschaftsmagazin mit Fokus auf Immobilien, Architektur- und Bau sowie Investment- und Finanzierung.\",\"publisher\":{\"@id\":\"https:\\\/\\\/www.immobilienbusiness.ch\\\/#organization\"},\"potentialAction\":[{\"@type\":\"SearchAction\",\"target\":{\"@type\":\"EntryPoint\",\"urlTemplate\":\"https:\\\/\\\/www.immobilienbusiness.ch\\\/?s={search_term_string}\"},\"query-input\":{\"@type\":\"PropertyValueSpecification\",\"valueRequired\":true,\"valueName\":\"search_term_string\"}}],\"inLanguage\":\"de\"},{\"@type\":\"Organization\",\"@id\":\"https:\\\/\\\/www.immobilienbusiness.ch\\\/#organization\",\"name\":\"IMMOBILIEN Business\",\"url\":\"https:\\\/\\\/www.immobilienbusiness.ch\\\/\",\"logo\":{\"@type\":\"ImageObject\",\"inLanguage\":\"de\",\"@id\":\"https:\\\/\\\/www.immobilienbusiness.ch\\\/#\\\/schema\\\/logo\\\/image\\\/\",\"url\":\"https:\\\/\\\/www.immobilienbusiness.ch\\\/wp-content\\\/uploads\\\/2021\\\/07\\\/logo_ib.png\",\"contentUrl\":\"https:\\\/\\\/www.immobilienbusiness.ch\\\/wp-content\\\/uploads\\\/2021\\\/07\\\/logo_ib.png\",\"width\":800,\"height\":181,\"caption\":\"IMMOBILIEN Business\"},\"image\":{\"@id\":\"https:\\\/\\\/www.immobilienbusiness.ch\\\/#\\\/schema\\\/logo\\\/image\\\/\"},\"sameAs\":[\"https:\\\/\\\/www.facebook.com\\\/immobilienbusiness\\\/\"]},{\"@type\":\"Person\",\"@id\":\"https:\\\/\\\/www.immobilienbusiness.ch\\\/#\\\/schema\\\/person\\\/3fc036297b10b9f42d6db5ee932af8c8\",\"name\":\"anja.hall\",\"image\":{\"@type\":\"ImageObject\",\"inLanguage\":\"de\",\"@id\":\"https:\\\/\\\/secure.gravatar.com\\\/avatar\\\/066b5a0d447013502c71a5782f4f3469f03cfe595cc2329fb94652fe47511bfb?s=96&d=mm&r=g\",\"url\":\"https:\\\/\\\/secure.gravatar.com\\\/avatar\\\/066b5a0d447013502c71a5782f4f3469f03cfe595cc2329fb94652fe47511bfb?s=96&d=mm&r=g\",\"contentUrl\":\"https:\\\/\\\/secure.gravatar.com\\\/avatar\\\/066b5a0d447013502c71a5782f4f3469f03cfe595cc2329fb94652fe47511bfb?s=96&d=mm&r=g\",\"caption\":\"anja.hall\"},\"url\":\"https:\\\/\\\/www.immobilienbusiness.ch\\\/de\\\/author\\\/anja-hall\\\/\"}]}<\/script>\n<!-- \/ Yoast SEO plugin. -->","yoast_head_json":{"title":"Z\u00fcrich: Gr\u00fcnes Licht f\u00fcr Manegg Mitte - IMMOBILIEN Business","description":"Die Baubewilligung f\u00fcr die Wohn\u00fcberbauung Manegg Mitte in Z\u00fcrich ist rechtskr\u00e4ftig, das Vorhaben kann nun realisiert werden.","robots":{"index":"index","follow":"follow","max-snippet":"max-snippet:-1","max-image-preview":"max-image-preview:large","max-video-preview":"max-video-preview:-1"},"canonical":"https:\/\/www.immobilienbusiness.ch\/de\/regionen\/2018-09-18\/zuerich-gruenes-licht-fuer-manegg-mitte\/","og_locale":"de_DE","og_type":"article","og_title":"Z\u00fcrich: Gr\u00fcnes Licht f\u00fcr Manegg Mitte - IMMOBILIEN Business","og_description":"Die Baubewilligung f\u00fcr die Wohn\u00fcberbauung Manegg Mitte in Z\u00fcrich ist rechtskr\u00e4ftig, das Vorhaben kann nun realisiert werden.","og_url":"https:\/\/www.immobilienbusiness.ch\/de\/regionen\/2018-09-18\/zuerich-gruenes-licht-fuer-manegg-mitte\/","og_site_name":"IMMOBILIEN Business","article_publisher":"https:\/\/www.facebook.com\/immobilienbusiness\/","article_published_time":"2018-09-18T06:30:08+00:00","og_image":[{"width":1600,"height":900,"url":"https:\/\/www.immobilienbusiness.ch\/wp-content\/uploads\/2018\/09\/Manegg_Mitte_01.jpg","type":"image\/jpeg"}],"author":"anja.hall","twitter_card":"summary_large_image","twitter_image":"https:\/\/www.immobilienbusiness.ch\/wp-content\/uploads\/2018\/09\/Manegg_Mitte_01.jpg","schema":{"@context":"https:\/\/schema.org","@graph":[{"@type":"Article","@id":"https:\/\/www.immobilienbusiness.ch\/de\/regionen\/2018-09-18\/zuerich-gruenes-licht-fuer-manegg-mitte\/#article","isPartOf":{"@id":"https:\/\/www.immobilienbusiness.ch\/de\/regionen\/2018-09-18\/zuerich-gruenes-licht-fuer-manegg-mitte\/"},"author":{"name":"anja.hall","@id":"https:\/\/www.immobilienbusiness.ch\/#\/schema\/person\/3fc036297b10b9f42d6db5ee932af8c8"},"headline":"Z\u00fcrich: Gr\u00fcnes Licht f\u00fcr Manegg Mitte","datePublished":"2018-09-18T06:30:08+00:00","mainEntityOfPage":{"@id":"https:\/\/www.immobilienbusiness.ch\/de\/regionen\/2018-09-18\/zuerich-gruenes-licht-fuer-manegg-mitte\/"},"wordCount":196,"commentCount":0,"publisher":{"@id":"https:\/\/www.immobilienbusiness.ch\/#organization"},"image":{"@id":"https:\/\/www.immobilienbusiness.ch\/de\/regionen\/2018-09-18\/zuerich-gruenes-licht-fuer-manegg-mitte\/#primaryimage"},"thumbnailUrl":"https:\/\/www.immobilienbusiness.ch\/wp-content\/uploads\/2018\/09\/Manegg_Mitte_01.jpg","keywords":["Projekt in Planung","Steiner AG","Wohnimmobilien","Z\u00fcrich"],"articleSection":["REGIONEN"],"inLanguage":"de"},{"@type":"WebPage","@id":"https:\/\/www.immobilienbusiness.ch\/de\/regionen\/2018-09-18\/zuerich-gruenes-licht-fuer-manegg-mitte\/","url":"https:\/\/www.immobilienbusiness.ch\/de\/regionen\/2018-09-18\/zuerich-gruenes-licht-fuer-manegg-mitte\/","name":"Z\u00fcrich: Gr\u00fcnes Licht f\u00fcr Manegg Mitte - IMMOBILIEN Business","isPartOf":{"@id":"https:\/\/www.immobilienbusiness.ch\/#website"},"primaryImageOfPage":{"@id":"https:\/\/www.immobilienbusiness.ch\/de\/regionen\/2018-09-18\/zuerich-gruenes-licht-fuer-manegg-mitte\/#primaryimage"},"image":{"@id":"https:\/\/www.immobilienbusiness.ch\/de\/regionen\/2018-09-18\/zuerich-gruenes-licht-fuer-manegg-mitte\/#primaryimage"},"thumbnailUrl":"https:\/\/www.immobilienbusiness.ch\/wp-content\/uploads\/2018\/09\/Manegg_Mitte_01.jpg","datePublished":"2018-09-18T06:30:08+00:00","description":"Die Baubewilligung f\u00fcr die Wohn\u00fcberbauung Manegg Mitte in Z\u00fcrich ist rechtskr\u00e4ftig, das Vorhaben kann nun realisiert werden.","breadcrumb":{"@id":"https:\/\/www.immobilienbusiness.ch\/de\/regionen\/2018-09-18\/zuerich-gruenes-licht-fuer-manegg-mitte\/#breadcrumb"},"inLanguage":"de","potentialAction":[{"@type":"ReadAction","target":["https:\/\/www.immobilienbusiness.ch\/de\/regionen\/2018-09-18\/zuerich-gruenes-licht-fuer-manegg-mitte\/"]}]},{"@type":"ImageObject","inLanguage":"de","@id":"https:\/\/www.immobilienbusiness.ch\/de\/regionen\/2018-09-18\/zuerich-gruenes-licht-fuer-manegg-mitte\/#primaryimage","url":"https:\/\/www.immobilienbusiness.ch\/wp-content\/uploads\/2018\/09\/Manegg_Mitte_01.jpg","contentUrl":"https:\/\/www.immobilienbusiness.ch\/wp-content\/uploads\/2018\/09\/Manegg_Mitte_01.jpg","width":1600,"height":900,"caption":"Die \u00dcberbauung Manegg Mitte kann realisiert werden (Quelle: Steiner AG)"},{"@type":"BreadcrumbList","@id":"https:\/\/www.immobilienbusiness.ch\/de\/regionen\/2018-09-18\/zuerich-gruenes-licht-fuer-manegg-mitte\/#breadcrumb","itemListElement":[{"@type":"ListItem","position":1,"name":"Home","item":"https:\/\/www.immobilienbusiness.ch\/"},{"@type":"ListItem","position":2,"name":"Z\u00fcrich: Gr\u00fcnes Licht f\u00fcr Manegg Mitte"}]},{"@type":"WebSite","@id":"https:\/\/www.immobilienbusiness.ch\/#website","url":"https:\/\/www.immobilienbusiness.ch\/","name":"IMMOBILIEN Business","description":"Unabh\u00e4ngiges Schweizer Wirtschaftsmagazin mit Fokus auf Immobilien, Architektur- und Bau sowie Investment- und Finanzierung.","publisher":{"@id":"https:\/\/www.immobilienbusiness.ch\/#organization"},"potentialAction":[{"@type":"SearchAction","target":{"@type":"EntryPoint","urlTemplate":"https:\/\/www.immobilienbusiness.ch\/?s={search_term_string}"},"query-input":{"@type":"PropertyValueSpecification","valueRequired":true,"valueName":"search_term_string"}}],"inLanguage":"de"},{"@type":"Organization","@id":"https:\/\/www.immobilienbusiness.ch\/#organization","name":"IMMOBILIEN Business","url":"https:\/\/www.immobilienbusiness.ch\/","logo":{"@type":"ImageObject","inLanguage":"de","@id":"https:\/\/www.immobilienbusiness.ch\/#\/schema\/logo\/image\/","url":"https:\/\/www.immobilienbusiness.ch\/wp-content\/uploads\/2021\/07\/logo_ib.png","contentUrl":"https:\/\/www.immobilienbusiness.ch\/wp-content\/uploads\/2021\/07\/logo_ib.png","width":800,"height":181,"caption":"IMMOBILIEN Business"},"image":{"@id":"https:\/\/www.immobilienbusiness.ch\/#\/schema\/logo\/image\/"},"sameAs":["https:\/\/www.facebook.com\/immobilienbusiness\/"]},{"@type":"Person","@id":"https:\/\/www.immobilienbusiness.ch\/#\/schema\/person\/3fc036297b10b9f42d6db5ee932af8c8","name":"anja.hall","image":{"@type":"ImageObject","inLanguage":"de","@id":"https:\/\/secure.gravatar.com\/avatar\/066b5a0d447013502c71a5782f4f3469f03cfe595cc2329fb94652fe47511bfb?s=96&d=mm&r=g","url":"https:\/\/secure.gravatar.com\/avatar\/066b5a0d447013502c71a5782f4f3469f03cfe595cc2329fb94652fe47511bfb?s=96&d=mm&r=g","contentUrl":"https:\/\/secure.gravatar.com\/avatar\/066b5a0d447013502c71a5782f4f3469f03cfe595cc2329fb94652fe47511bfb?s=96&d=mm&r=g","caption":"anja.hall"},"url":"https:\/\/www.immobilienbusiness.ch\/de\/author\/anja-hall\/"}]}},"_links":{"self":[{"href":"https:\/\/www.immobilienbusiness.ch\/de\/wp-json\/wp\/v2\/posts\/14129","targetHints":{"allow":["GET"]}}],"collection":[{"href":"https:\/\/www.immobilienbusiness.ch\/de\/wp-json\/wp\/v2\/posts"}],"about":[{"href":"https:\/\/www.immobilienbusiness.ch\/de\/wp-json\/wp\/v2\/types\/post"}],"author":[{"embeddable":true,"href":"https:\/\/www.immobilienbusiness.ch\/de\/wp-json\/wp\/v2\/users\/3"}],"replies":[{"embeddable":true,"href":"https:\/\/www.immobilienbusiness.ch\/de\/wp-json\/wp\/v2\/comments?post=14129"}],"version-history":[{"count":0,"href":"https:\/\/www.immobilienbusiness.ch\/de\/wp-json\/wp\/v2\/posts\/14129\/revisions"}],"wp:featuredmedia":[{"embeddable":true,"href":"https:\/\/www.immobilienbusiness.ch\/de\/wp-json\/wp\/v2\/media\/14131"}],"wp:attachment":[{"href":"https:\/\/www.immobilienbusiness.ch\/de\/wp-json\/wp\/v2\/media?parent=14129"}],"wp:term":[{"taxonomy":"category","embeddable":true,"href":"https:\/\/www.immobilienbusiness.ch\/de\/wp-json\/wp\/v2\/categories?post=14129"},{"taxonomy":"post_tag","embeddable":true,"href":"https:\/\/www.immobilienbusiness.ch\/de\/wp-json\/wp\/v2\/tags?post=14129"}],"curies":[{"name":"wp","href":"https:\/\/api.w.org\/{rel}","templated":true}]}}