{"id":14046,"date":"2018-09-14T08:19:56","date_gmt":"2018-09-14T06:19:56","guid":{"rendered":"https:\/\/www.immobilienbusiness.ch\/?p=14046"},"modified":"2018-09-14T08:19:56","modified_gmt":"2018-09-14T06:19:56","slug":"pfaeffikon-aufrichte-fuer-wohnprojekt-weidsicht","status":"publish","type":"post","link":"https:\/\/www.immobilienbusiness.ch\/de\/regionen\/2018-09-14\/pfaeffikon-aufrichte-fuer-wohnprojekt-weidsicht\/","title":{"rendered":"Pf\u00e4ffikon: Aufrichte f\u00fcr Wohnprojekt Weidsicht"},"content":{"rendered":"<p>Die \u00dcberbauung besteht aus sechs Mehrfamilienh\u00e4usern mit 38 Eigentumswohnungen.Wie die Steiner Investment Foundation mitteilt, laufe die Vermarktung f\u00fcr die investierte Anlagegruppe Swiss Development Residential erfolgreich. 37 Wohnungen seien bereits verkauft worden, und die letzte Wohnung ist reserviert. <em>(ah)<\/em><\/p>\n","protected":false},"excerpt":{"rendered":"<p>F\u00fcr die Wohn\u00fcberbauung Weidsicht der Steiner Investment Foundation in Pf\u00e4ffikon (ZH) ist die Aufrichte gefeiert worden. <\/p>\n","protected":false},"author":3,"featured_media":12635,"comment_status":"open","ping_status":"open","sticky":false,"template":"","format":"standard","meta":{"_acf_changed":false,"_yoast_wpseo_focuskw":"Pf\u00e4ffikon","_yoast_wpseo_title":"","_yoast_wpseo_metadesc":"F\u00fcr die Wohn\u00fcberbauung Weidsicht der Steiner Investment Foundation in Pf\u00e4ffikon (ZH) ist die Aufrichte gefeiert worden.","_yoast_wpseo_linkdex":46,"pgc_sgb_lightbox_settings":"","footnotes":""},"categories":[985],"tags":[1410,1599,1731,1863],"class_list":["post-14046","post","type-post","status-publish","format-standard","has-post-thumbnail","hentry","category-regionen","tag-kanton-zuerich","tag-projekt-in-bau","tag-steiner-ag","tag-wohnimmobilien"],"acf":[],"yoast_head":"<!-- This site is optimized with the Yoast SEO plugin v27.4 - https:\/\/yoast.com\/product\/yoast-seo-wordpress\/ -->\n<title>Pf\u00e4ffikon: Aufrichte f\u00fcr Wohnprojekt Weidsicht - IMMOBILIEN Business<\/title>\n<meta name=\"description\" content=\"F\u00fcr die Wohn\u00fcberbauung Weidsicht der Steiner Investment Foundation in Pf\u00e4ffikon (ZH) ist die Aufrichte gefeiert worden.\" \/>\n<meta name=\"robots\" content=\"index, follow, max-snippet:-1, max-image-preview:large, max-video-preview:-1\" \/>\n<link rel=\"canonical\" href=\"https:\/\/www.immobilienbusiness.ch\/de\/regionen\/2018-09-14\/pfaeffikon-aufrichte-fuer-wohnprojekt-weidsicht\/\" \/>\n<meta property=\"og:locale\" content=\"de_DE\" \/>\n<meta property=\"og:type\" content=\"article\" \/>\n<meta property=\"og:title\" content=\"Pf\u00e4ffikon: Aufrichte f\u00fcr Wohnprojekt Weidsicht - IMMOBILIEN Business\" \/>\n<meta property=\"og:description\" content=\"F\u00fcr die Wohn\u00fcberbauung Weidsicht der Steiner Investment Foundation in Pf\u00e4ffikon (ZH) ist die Aufrichte gefeiert worden.\" \/>\n<meta property=\"og:url\" content=\"https:\/\/www.immobilienbusiness.ch\/de\/regionen\/2018-09-14\/pfaeffikon-aufrichte-fuer-wohnprojekt-weidsicht\/\" \/>\n<meta property=\"og:site_name\" content=\"IMMOBILIEN Business\" \/>\n<meta property=\"article:publisher\" content=\"https:\/\/www.facebook.com\/immobilienbusiness\/\" \/>\n<meta property=\"article:published_time\" content=\"2018-09-14T06:19:56+00:00\" \/>\n<meta property=\"og:image\" content=\"https:\/\/www.immobilienbusiness.ch\/wp-content\/uploads\/2018\/05\/pixabay-michael-gaida.jpg\" \/>\n\t<meta property=\"og:image:width\" content=\"1920\" \/>\n\t<meta property=\"og:image:height\" content=\"1280\" \/>\n\t<meta property=\"og:image:type\" content=\"image\/jpeg\" \/>\n<meta name=\"author\" content=\"anja.hall\" \/>\n<meta name=\"twitter:card\" content=\"summary_large_image\" \/>\n<meta name=\"twitter:image\" content=\"https:\/\/www.immobilienbusiness.ch\/wp-content\/uploads\/2018\/05\/pixabay-michael-gaida.jpg\" \/>\n<script type=\"application\/ld+json\" class=\"yoast-schema-graph\">{\"@context\":\"https:\\\/\\\/schema.org\",\"@graph\":[{\"@type\":\"Article\",\"@id\":\"https:\\\/\\\/www.immobilienbusiness.ch\\\/it\\\/regionen\\\/2018-09-14\\\/pfaeffikon-aufrichte-fuer-wohnprojekt-weidsicht\\\/#article\",\"isPartOf\":{\"@id\":\"https:\\\/\\\/www.immobilienbusiness.ch\\\/it\\\/regionen\\\/2018-09-14\\\/pfaeffikon-aufrichte-fuer-wohnprojekt-weidsicht\\\/\"},\"author\":{\"name\":\"anja.hall\",\"@id\":\"https:\\\/\\\/www.immobilienbusiness.ch\\\/#\\\/schema\\\/person\\\/3fc036297b10b9f42d6db5ee932af8c8\"},\"headline\":\"Pf\u00e4ffikon: Aufrichte f\u00fcr Wohnprojekt Weidsicht\",\"datePublished\":\"2018-09-14T06:19:56+00:00\",\"mainEntityOfPage\":{\"@id\":\"https:\\\/\\\/www.immobilienbusiness.ch\\\/it\\\/regionen\\\/2018-09-14\\\/pfaeffikon-aufrichte-fuer-wohnprojekt-weidsicht\\\/\"},\"wordCount\":46,\"commentCount\":0,\"publisher\":{\"@id\":\"https:\\\/\\\/www.immobilienbusiness.ch\\\/#organization\"},\"image\":{\"@id\":\"https:\\\/\\\/www.immobilienbusiness.ch\\\/it\\\/regionen\\\/2018-09-14\\\/pfaeffikon-aufrichte-fuer-wohnprojekt-weidsicht\\\/#primaryimage\"},\"thumbnailUrl\":\"https:\\\/\\\/www.immobilienbusiness.ch\\\/wp-content\\\/uploads\\\/2018\\\/05\\\/pixabay-michael-gaida.jpg\",\"keywords\":[\"Kanton Z\u00fcrich\",\"Projekt in Bau\",\"Steiner AG\",\"Wohnimmobilien\"],\"articleSection\":[\"REGIONEN\"],\"inLanguage\":\"de\"},{\"@type\":\"WebPage\",\"@id\":\"https:\\\/\\\/www.immobilienbusiness.ch\\\/it\\\/regionen\\\/2018-09-14\\\/pfaeffikon-aufrichte-fuer-wohnprojekt-weidsicht\\\/\",\"url\":\"https:\\\/\\\/www.immobilienbusiness.ch\\\/it\\\/regionen\\\/2018-09-14\\\/pfaeffikon-aufrichte-fuer-wohnprojekt-weidsicht\\\/\",\"name\":\"Pf\u00e4ffikon: Aufrichte f\u00fcr Wohnprojekt Weidsicht - IMMOBILIEN Business\",\"isPartOf\":{\"@id\":\"https:\\\/\\\/www.immobilienbusiness.ch\\\/#website\"},\"primaryImageOfPage\":{\"@id\":\"https:\\\/\\\/www.immobilienbusiness.ch\\\/it\\\/regionen\\\/2018-09-14\\\/pfaeffikon-aufrichte-fuer-wohnprojekt-weidsicht\\\/#primaryimage\"},\"image\":{\"@id\":\"https:\\\/\\\/www.immobilienbusiness.ch\\\/it\\\/regionen\\\/2018-09-14\\\/pfaeffikon-aufrichte-fuer-wohnprojekt-weidsicht\\\/#primaryimage\"},\"thumbnailUrl\":\"https:\\\/\\\/www.immobilienbusiness.ch\\\/wp-content\\\/uploads\\\/2018\\\/05\\\/pixabay-michael-gaida.jpg\",\"datePublished\":\"2018-09-14T06:19:56+00:00\",\"description\":\"F\u00fcr die Wohn\u00fcberbauung Weidsicht der Steiner Investment Foundation in Pf\u00e4ffikon (ZH) ist die Aufrichte gefeiert worden.\",\"breadcrumb\":{\"@id\":\"https:\\\/\\\/www.immobilienbusiness.ch\\\/it\\\/regionen\\\/2018-09-14\\\/pfaeffikon-aufrichte-fuer-wohnprojekt-weidsicht\\\/#breadcrumb\"},\"inLanguage\":\"de\",\"potentialAction\":[{\"@type\":\"ReadAction\",\"target\":[\"https:\\\/\\\/www.immobilienbusiness.ch\\\/it\\\/regionen\\\/2018-09-14\\\/pfaeffikon-aufrichte-fuer-wohnprojekt-weidsicht\\\/\"]}]},{\"@type\":\"ImageObject\",\"inLanguage\":\"de\",\"@id\":\"https:\\\/\\\/www.immobilienbusiness.ch\\\/it\\\/regionen\\\/2018-09-14\\\/pfaeffikon-aufrichte-fuer-wohnprojekt-weidsicht\\\/#primaryimage\",\"url\":\"https:\\\/\\\/www.immobilienbusiness.ch\\\/wp-content\\\/uploads\\\/2018\\\/05\\\/pixabay-michael-gaida.jpg\",\"contentUrl\":\"https:\\\/\\\/www.immobilienbusiness.ch\\\/wp-content\\\/uploads\\\/2018\\\/05\\\/pixabay-michael-gaida.jpg\",\"width\":1920,\"height\":1280,\"caption\":\"In Ostdeutschland wird eine 23.000 qm grosse Logistikimmobilie gebaut (Foto: Pixabay\\\/Michael Gaida)\"},{\"@type\":\"BreadcrumbList\",\"@id\":\"https:\\\/\\\/www.immobilienbusiness.ch\\\/it\\\/regionen\\\/2018-09-14\\\/pfaeffikon-aufrichte-fuer-wohnprojekt-weidsicht\\\/#breadcrumb\",\"itemListElement\":[{\"@type\":\"ListItem\",\"position\":1,\"name\":\"Home\",\"item\":\"https:\\\/\\\/www.immobilienbusiness.ch\\\/\"},{\"@type\":\"ListItem\",\"position\":2,\"name\":\"Pf\u00e4ffikon: Aufrichte f\u00fcr Wohnprojekt Weidsicht\"}]},{\"@type\":\"WebSite\",\"@id\":\"https:\\\/\\\/www.immobilienbusiness.ch\\\/#website\",\"url\":\"https:\\\/\\\/www.immobilienbusiness.ch\\\/\",\"name\":\"IMMOBILIEN Business\",\"description\":\"Unabh\u00e4ngiges Schweizer Wirtschaftsmagazin mit Fokus auf Immobilien, Architektur- und Bau sowie Investment- und Finanzierung.\",\"publisher\":{\"@id\":\"https:\\\/\\\/www.immobilienbusiness.ch\\\/#organization\"},\"potentialAction\":[{\"@type\":\"SearchAction\",\"target\":{\"@type\":\"EntryPoint\",\"urlTemplate\":\"https:\\\/\\\/www.immobilienbusiness.ch\\\/?s={search_term_string}\"},\"query-input\":{\"@type\":\"PropertyValueSpecification\",\"valueRequired\":true,\"valueName\":\"search_term_string\"}}],\"inLanguage\":\"de\"},{\"@type\":\"Organization\",\"@id\":\"https:\\\/\\\/www.immobilienbusiness.ch\\\/#organization\",\"name\":\"IMMOBILIEN Business\",\"url\":\"https:\\\/\\\/www.immobilienbusiness.ch\\\/\",\"logo\":{\"@type\":\"ImageObject\",\"inLanguage\":\"de\",\"@id\":\"https:\\\/\\\/www.immobilienbusiness.ch\\\/#\\\/schema\\\/logo\\\/image\\\/\",\"url\":\"https:\\\/\\\/www.immobilienbusiness.ch\\\/wp-content\\\/uploads\\\/2021\\\/07\\\/logo_ib.png\",\"contentUrl\":\"https:\\\/\\\/www.immobilienbusiness.ch\\\/wp-content\\\/uploads\\\/2021\\\/07\\\/logo_ib.png\",\"width\":800,\"height\":181,\"caption\":\"IMMOBILIEN Business\"},\"image\":{\"@id\":\"https:\\\/\\\/www.immobilienbusiness.ch\\\/#\\\/schema\\\/logo\\\/image\\\/\"},\"sameAs\":[\"https:\\\/\\\/www.facebook.com\\\/immobilienbusiness\\\/\"]},{\"@type\":\"Person\",\"@id\":\"https:\\\/\\\/www.immobilienbusiness.ch\\\/#\\\/schema\\\/person\\\/3fc036297b10b9f42d6db5ee932af8c8\",\"name\":\"anja.hall\",\"image\":{\"@type\":\"ImageObject\",\"inLanguage\":\"de\",\"@id\":\"https:\\\/\\\/secure.gravatar.com\\\/avatar\\\/066b5a0d447013502c71a5782f4f3469f03cfe595cc2329fb94652fe47511bfb?s=96&d=mm&r=g\",\"url\":\"https:\\\/\\\/secure.gravatar.com\\\/avatar\\\/066b5a0d447013502c71a5782f4f3469f03cfe595cc2329fb94652fe47511bfb?s=96&d=mm&r=g\",\"contentUrl\":\"https:\\\/\\\/secure.gravatar.com\\\/avatar\\\/066b5a0d447013502c71a5782f4f3469f03cfe595cc2329fb94652fe47511bfb?s=96&d=mm&r=g\",\"caption\":\"anja.hall\"},\"url\":\"https:\\\/\\\/www.immobilienbusiness.ch\\\/de\\\/author\\\/anja-hall\\\/\"}]}<\/script>\n<!-- \/ Yoast SEO plugin. -->","yoast_head_json":{"title":"Pf\u00e4ffikon: Aufrichte f\u00fcr Wohnprojekt Weidsicht - IMMOBILIEN Business","description":"F\u00fcr die Wohn\u00fcberbauung Weidsicht der Steiner Investment Foundation in Pf\u00e4ffikon (ZH) ist die Aufrichte gefeiert worden.","robots":{"index":"index","follow":"follow","max-snippet":"max-snippet:-1","max-image-preview":"max-image-preview:large","max-video-preview":"max-video-preview:-1"},"canonical":"https:\/\/www.immobilienbusiness.ch\/de\/regionen\/2018-09-14\/pfaeffikon-aufrichte-fuer-wohnprojekt-weidsicht\/","og_locale":"de_DE","og_type":"article","og_title":"Pf\u00e4ffikon: Aufrichte f\u00fcr Wohnprojekt Weidsicht - IMMOBILIEN Business","og_description":"F\u00fcr die Wohn\u00fcberbauung Weidsicht der Steiner Investment Foundation in Pf\u00e4ffikon (ZH) ist die Aufrichte gefeiert worden.","og_url":"https:\/\/www.immobilienbusiness.ch\/de\/regionen\/2018-09-14\/pfaeffikon-aufrichte-fuer-wohnprojekt-weidsicht\/","og_site_name":"IMMOBILIEN Business","article_publisher":"https:\/\/www.facebook.com\/immobilienbusiness\/","article_published_time":"2018-09-14T06:19:56+00:00","og_image":[{"width":1920,"height":1280,"url":"https:\/\/www.immobilienbusiness.ch\/wp-content\/uploads\/2018\/05\/pixabay-michael-gaida.jpg","type":"image\/jpeg"}],"author":"anja.hall","twitter_card":"summary_large_image","twitter_image":"https:\/\/www.immobilienbusiness.ch\/wp-content\/uploads\/2018\/05\/pixabay-michael-gaida.jpg","schema":{"@context":"https:\/\/schema.org","@graph":[{"@type":"Article","@id":"https:\/\/www.immobilienbusiness.ch\/it\/regionen\/2018-09-14\/pfaeffikon-aufrichte-fuer-wohnprojekt-weidsicht\/#article","isPartOf":{"@id":"https:\/\/www.immobilienbusiness.ch\/it\/regionen\/2018-09-14\/pfaeffikon-aufrichte-fuer-wohnprojekt-weidsicht\/"},"author":{"name":"anja.hall","@id":"https:\/\/www.immobilienbusiness.ch\/#\/schema\/person\/3fc036297b10b9f42d6db5ee932af8c8"},"headline":"Pf\u00e4ffikon: Aufrichte f\u00fcr Wohnprojekt Weidsicht","datePublished":"2018-09-14T06:19:56+00:00","mainEntityOfPage":{"@id":"https:\/\/www.immobilienbusiness.ch\/it\/regionen\/2018-09-14\/pfaeffikon-aufrichte-fuer-wohnprojekt-weidsicht\/"},"wordCount":46,"commentCount":0,"publisher":{"@id":"https:\/\/www.immobilienbusiness.ch\/#organization"},"image":{"@id":"https:\/\/www.immobilienbusiness.ch\/it\/regionen\/2018-09-14\/pfaeffikon-aufrichte-fuer-wohnprojekt-weidsicht\/#primaryimage"},"thumbnailUrl":"https:\/\/www.immobilienbusiness.ch\/wp-content\/uploads\/2018\/05\/pixabay-michael-gaida.jpg","keywords":["Kanton Z\u00fcrich","Projekt in Bau","Steiner AG","Wohnimmobilien"],"articleSection":["REGIONEN"],"inLanguage":"de"},{"@type":"WebPage","@id":"https:\/\/www.immobilienbusiness.ch\/it\/regionen\/2018-09-14\/pfaeffikon-aufrichte-fuer-wohnprojekt-weidsicht\/","url":"https:\/\/www.immobilienbusiness.ch\/it\/regionen\/2018-09-14\/pfaeffikon-aufrichte-fuer-wohnprojekt-weidsicht\/","name":"Pf\u00e4ffikon: Aufrichte f\u00fcr Wohnprojekt Weidsicht - IMMOBILIEN Business","isPartOf":{"@id":"https:\/\/www.immobilienbusiness.ch\/#website"},"primaryImageOfPage":{"@id":"https:\/\/www.immobilienbusiness.ch\/it\/regionen\/2018-09-14\/pfaeffikon-aufrichte-fuer-wohnprojekt-weidsicht\/#primaryimage"},"image":{"@id":"https:\/\/www.immobilienbusiness.ch\/it\/regionen\/2018-09-14\/pfaeffikon-aufrichte-fuer-wohnprojekt-weidsicht\/#primaryimage"},"thumbnailUrl":"https:\/\/www.immobilienbusiness.ch\/wp-content\/uploads\/2018\/05\/pixabay-michael-gaida.jpg","datePublished":"2018-09-14T06:19:56+00:00","description":"F\u00fcr die Wohn\u00fcberbauung Weidsicht der Steiner Investment Foundation in Pf\u00e4ffikon (ZH) ist die Aufrichte gefeiert worden.","breadcrumb":{"@id":"https:\/\/www.immobilienbusiness.ch\/it\/regionen\/2018-09-14\/pfaeffikon-aufrichte-fuer-wohnprojekt-weidsicht\/#breadcrumb"},"inLanguage":"de","potentialAction":[{"@type":"ReadAction","target":["https:\/\/www.immobilienbusiness.ch\/it\/regionen\/2018-09-14\/pfaeffikon-aufrichte-fuer-wohnprojekt-weidsicht\/"]}]},{"@type":"ImageObject","inLanguage":"de","@id":"https:\/\/www.immobilienbusiness.ch\/it\/regionen\/2018-09-14\/pfaeffikon-aufrichte-fuer-wohnprojekt-weidsicht\/#primaryimage","url":"https:\/\/www.immobilienbusiness.ch\/wp-content\/uploads\/2018\/05\/pixabay-michael-gaida.jpg","contentUrl":"https:\/\/www.immobilienbusiness.ch\/wp-content\/uploads\/2018\/05\/pixabay-michael-gaida.jpg","width":1920,"height":1280,"caption":"In Ostdeutschland wird eine 23.000 qm grosse Logistikimmobilie gebaut (Foto: Pixabay\/Michael Gaida)"},{"@type":"BreadcrumbList","@id":"https:\/\/www.immobilienbusiness.ch\/it\/regionen\/2018-09-14\/pfaeffikon-aufrichte-fuer-wohnprojekt-weidsicht\/#breadcrumb","itemListElement":[{"@type":"ListItem","position":1,"name":"Home","item":"https:\/\/www.immobilienbusiness.ch\/"},{"@type":"ListItem","position":2,"name":"Pf\u00e4ffikon: Aufrichte f\u00fcr Wohnprojekt Weidsicht"}]},{"@type":"WebSite","@id":"https:\/\/www.immobilienbusiness.ch\/#website","url":"https:\/\/www.immobilienbusiness.ch\/","name":"IMMOBILIEN Business","description":"Unabh\u00e4ngiges Schweizer Wirtschaftsmagazin mit Fokus auf Immobilien, Architektur- und Bau sowie Investment- und Finanzierung.","publisher":{"@id":"https:\/\/www.immobilienbusiness.ch\/#organization"},"potentialAction":[{"@type":"SearchAction","target":{"@type":"EntryPoint","urlTemplate":"https:\/\/www.immobilienbusiness.ch\/?s={search_term_string}"},"query-input":{"@type":"PropertyValueSpecification","valueRequired":true,"valueName":"search_term_string"}}],"inLanguage":"de"},{"@type":"Organization","@id":"https:\/\/www.immobilienbusiness.ch\/#organization","name":"IMMOBILIEN Business","url":"https:\/\/www.immobilienbusiness.ch\/","logo":{"@type":"ImageObject","inLanguage":"de","@id":"https:\/\/www.immobilienbusiness.ch\/#\/schema\/logo\/image\/","url":"https:\/\/www.immobilienbusiness.ch\/wp-content\/uploads\/2021\/07\/logo_ib.png","contentUrl":"https:\/\/www.immobilienbusiness.ch\/wp-content\/uploads\/2021\/07\/logo_ib.png","width":800,"height":181,"caption":"IMMOBILIEN Business"},"image":{"@id":"https:\/\/www.immobilienbusiness.ch\/#\/schema\/logo\/image\/"},"sameAs":["https:\/\/www.facebook.com\/immobilienbusiness\/"]},{"@type":"Person","@id":"https:\/\/www.immobilienbusiness.ch\/#\/schema\/person\/3fc036297b10b9f42d6db5ee932af8c8","name":"anja.hall","image":{"@type":"ImageObject","inLanguage":"de","@id":"https:\/\/secure.gravatar.com\/avatar\/066b5a0d447013502c71a5782f4f3469f03cfe595cc2329fb94652fe47511bfb?s=96&d=mm&r=g","url":"https:\/\/secure.gravatar.com\/avatar\/066b5a0d447013502c71a5782f4f3469f03cfe595cc2329fb94652fe47511bfb?s=96&d=mm&r=g","contentUrl":"https:\/\/secure.gravatar.com\/avatar\/066b5a0d447013502c71a5782f4f3469f03cfe595cc2329fb94652fe47511bfb?s=96&d=mm&r=g","caption":"anja.hall"},"url":"https:\/\/www.immobilienbusiness.ch\/de\/author\/anja-hall\/"}]}},"_links":{"self":[{"href":"https:\/\/www.immobilienbusiness.ch\/de\/wp-json\/wp\/v2\/posts\/14046","targetHints":{"allow":["GET"]}}],"collection":[{"href":"https:\/\/www.immobilienbusiness.ch\/de\/wp-json\/wp\/v2\/posts"}],"about":[{"href":"https:\/\/www.immobilienbusiness.ch\/de\/wp-json\/wp\/v2\/types\/post"}],"author":[{"embeddable":true,"href":"https:\/\/www.immobilienbusiness.ch\/de\/wp-json\/wp\/v2\/users\/3"}],"replies":[{"embeddable":true,"href":"https:\/\/www.immobilienbusiness.ch\/de\/wp-json\/wp\/v2\/comments?post=14046"}],"version-history":[{"count":0,"href":"https:\/\/www.immobilienbusiness.ch\/de\/wp-json\/wp\/v2\/posts\/14046\/revisions"}],"wp:featuredmedia":[{"embeddable":true,"href":"https:\/\/www.immobilienbusiness.ch\/de\/wp-json\/wp\/v2\/media\/12635"}],"wp:attachment":[{"href":"https:\/\/www.immobilienbusiness.ch\/de\/wp-json\/wp\/v2\/media?parent=14046"}],"wp:term":[{"taxonomy":"category","embeddable":true,"href":"https:\/\/www.immobilienbusiness.ch\/de\/wp-json\/wp\/v2\/categories?post=14046"},{"taxonomy":"post_tag","embeddable":true,"href":"https:\/\/www.immobilienbusiness.ch\/de\/wp-json\/wp\/v2\/tags?post=14046"}],"curies":[{"name":"wp","href":"https:\/\/api.w.org\/{rel}","templated":true}]}}