{"id":1400,"date":"2016-10-31T08:55:39","date_gmt":"2016-10-31T07:55:39","guid":{"rendered":"http:\/\/dev.immobilienbusiness.ch\/?p=1400"},"modified":"2016-10-31T08:55:39","modified_gmt":"2016-10-31T07:55:39","slug":"zug-estates-mirko-kaeppeli-wird-neuer-cfo","status":"publish","type":"post","link":"https:\/\/www.immobilienbusiness.ch\/de\/unternehmen\/2016-10-31\/zug-estates-mirko-kaeppeli-wird-neuer-cfo\/","title":{"rendered":"Zug Estates: Mirko K\u00e4ppeli wird neuer CFO"},"content":{"rendered":"<figure id=\"attachment_1406\" aria-describedby=\"caption-attachment-1406\" style=\"width: 664px\" class=\"wp-caption alignnone\"><img loading=\"lazy\" decoding=\"async\" class=\"size-full wp-image-1406\" src=\"https:\/\/immobilienbusiness.ch\/wp-content\/uploads\/2016\/12\/Zug-Estates-Mirko-K\u00e4ppeli-wird-neuer-CFO-immobilien-business.jpg\" alt=\"Mirko K\u00e4ppeli (Foto: Zug Estates Holding AG)\" width=\"664\" height=\"574\" \/><figcaption id=\"caption-attachment-1406\" class=\"wp-caption-text\">Mirko K\u00e4ppeli (Foto: Zug Estates Holding AG)<\/figcaption><\/figure>\n<p>Mirko K\u00e4ppeli wird die neue Position sp\u00e4testens zum 1. Mai 2017 antreten, teilt Zug Estates mit. Der 36j\u00e4hrige Schweizer hat Business Administration an der Universit\u00e4t St. Gallen studiert und arbeitet seit 2010 f\u00fcr die Seewarte-Gruppe, seit 2011 ist er deren CFO. Zuvor war er als Finanzmanager in verschiedenen Unternehmen t\u00e4tig, darunter von 2005 bis 2009 f\u00fcr die Mobimo. (ah)<\/p>\n","protected":false},"excerpt":{"rendered":"<p>Mirko K\u00e4ppeli wird neuer Chief Financial Officer der Zug Estates Holding AG. Er folgt auf Gabriela Theus, die das Unternehmen voraussichtlich per Ende M\u00e4rz 2017 verlassen wird.<\/p>\n","protected":false},"author":1,"featured_media":1406,"comment_status":"open","ping_status":"open","sticky":false,"template":"","format":"standard","meta":{"_acf_changed":false,"_yoast_wpseo_focuskw":"Mirko K\u00e4ppeli","_yoast_wpseo_title":"","_yoast_wpseo_metadesc":"Mirko K\u00e4ppeli wird neuer Chief Financial Officer der Zug Estates Holding AG. Er folgt auf Gabriela Theus, die das Unternehmen per Ende M\u00e4rz 2017 verl\u00e4sst.","_yoast_wpseo_linkdex":60,"pgc_sgb_lightbox_settings":"","footnotes":""},"categories":[988],"tags":[1563,1807],"class_list":["post-1400","post","type-post","status-publish","format-standard","has-post-thumbnail","hentry","category-unternehmen","tag-personalia","tag-unternehmen"],"acf":[],"yoast_head":"<!-- This site is optimized with the Yoast SEO plugin v27.5 - https:\/\/yoast.com\/product\/yoast-seo-wordpress\/ -->\n<title>Zug Estates: Mirko K\u00e4ppeli wird neuer CFO - IMMOBILIEN Business<\/title>\n<meta name=\"description\" content=\"Mirko K\u00e4ppeli wird neuer Chief Financial Officer der Zug Estates Holding AG. Er folgt auf Gabriela Theus, die das Unternehmen per Ende M\u00e4rz 2017 verl\u00e4sst.\" \/>\n<meta name=\"robots\" content=\"index, follow, max-snippet:-1, max-image-preview:large, max-video-preview:-1\" \/>\n<link rel=\"canonical\" href=\"https:\/\/www.immobilienbusiness.ch\/de\/unternehmen\/2016-10-31\/zug-estates-mirko-kaeppeli-wird-neuer-cfo\/\" \/>\n<meta property=\"og:locale\" content=\"de_DE\" \/>\n<meta property=\"og:type\" content=\"article\" \/>\n<meta property=\"og:title\" content=\"Zug Estates: Mirko K\u00e4ppeli wird neuer CFO\" \/>\n<meta property=\"og:description\" content=\"Mirko K\u00e4ppeli wird neuer Chief Financial Officer der Zug Estates Holding AG. Er folgt auf Gabriela Theus, die das Unternehmen voraussichtlich per Ende M\u00e4rz 2017 verlassen wird.\" \/>\n<meta property=\"og:url\" content=\"https:\/\/www.immobilienbusiness.ch\/de\/unternehmen\/2016-10-31\/zug-estates-mirko-kaeppeli-wird-neuer-cfo\/\" \/>\n<meta property=\"og:site_name\" content=\"IMMOBILIEN Business\" \/>\n<meta property=\"article:publisher\" content=\"https:\/\/www.facebook.com\/immobilienbusiness\/\" \/>\n<meta property=\"article:published_time\" content=\"2016-10-31T07:55:39+00:00\" \/>\n<meta name=\"author\" content=\"Redaktion\" \/>\n<meta name=\"twitter:card\" content=\"summary_large_image\" \/>\n<meta name=\"twitter:image\" content=\"https:\/\/www.immobilienbusiness.ch\/wp-content\/uploads\/2016\/12\/Zug-Estates-Mirko-Kaeppeli-wird-neuer-CFO-immobilien-business.jpg\" \/>\n<script type=\"application\/ld+json\" class=\"yoast-schema-graph\">{\"@context\":\"https:\\\/\\\/schema.org\",\"@graph\":[{\"@type\":\"Article\",\"@id\":\"https:\\\/\\\/www.immobilienbusiness.ch\\\/de\\\/unternehmen\\\/2016-10-31\\\/zug-estates-mirko-kaeppeli-wird-neuer-cfo\\\/#article\",\"isPartOf\":{\"@id\":\"https:\\\/\\\/www.immobilienbusiness.ch\\\/de\\\/unternehmen\\\/2016-10-31\\\/zug-estates-mirko-kaeppeli-wird-neuer-cfo\\\/\"},\"author\":{\"name\":\"Redaktion\",\"@id\":\"https:\\\/\\\/www.immobilienbusiness.ch\\\/#\\\/schema\\\/person\\\/aa2bace6c5c5aad60102004a50c4eb1c\"},\"headline\":\"Zug Estates: Mirko K\u00e4ppeli wird neuer CFO\",\"datePublished\":\"2016-10-31T07:55:39+00:00\",\"mainEntityOfPage\":{\"@id\":\"https:\\\/\\\/www.immobilienbusiness.ch\\\/de\\\/unternehmen\\\/2016-10-31\\\/zug-estates-mirko-kaeppeli-wird-neuer-cfo\\\/\"},\"wordCount\":83,\"commentCount\":0,\"publisher\":{\"@id\":\"https:\\\/\\\/www.immobilienbusiness.ch\\\/#organization\"},\"image\":{\"@id\":\"https:\\\/\\\/www.immobilienbusiness.ch\\\/de\\\/unternehmen\\\/2016-10-31\\\/zug-estates-mirko-kaeppeli-wird-neuer-cfo\\\/#primaryimage\"},\"thumbnailUrl\":\"https:\\\/\\\/www.immobilienbusiness.ch\\\/wp-content\\\/uploads\\\/2016\\\/12\\\/Zug-Estates-Mirko-Kaeppeli-wird-neuer-CFO-immobilien-business.jpg\",\"keywords\":[\"Personalia\",\"Unternehmen\"],\"articleSection\":[\"UNTERNEHMEN\"],\"inLanguage\":\"de\"},{\"@type\":\"WebPage\",\"@id\":\"https:\\\/\\\/www.immobilienbusiness.ch\\\/de\\\/unternehmen\\\/2016-10-31\\\/zug-estates-mirko-kaeppeli-wird-neuer-cfo\\\/\",\"url\":\"https:\\\/\\\/www.immobilienbusiness.ch\\\/de\\\/unternehmen\\\/2016-10-31\\\/zug-estates-mirko-kaeppeli-wird-neuer-cfo\\\/\",\"name\":\"Zug Estates: Mirko K\u00e4ppeli wird neuer CFO - IMMOBILIEN Business\",\"isPartOf\":{\"@id\":\"https:\\\/\\\/www.immobilienbusiness.ch\\\/#website\"},\"primaryImageOfPage\":{\"@id\":\"https:\\\/\\\/www.immobilienbusiness.ch\\\/de\\\/unternehmen\\\/2016-10-31\\\/zug-estates-mirko-kaeppeli-wird-neuer-cfo\\\/#primaryimage\"},\"image\":{\"@id\":\"https:\\\/\\\/www.immobilienbusiness.ch\\\/de\\\/unternehmen\\\/2016-10-31\\\/zug-estates-mirko-kaeppeli-wird-neuer-cfo\\\/#primaryimage\"},\"thumbnailUrl\":\"https:\\\/\\\/www.immobilienbusiness.ch\\\/wp-content\\\/uploads\\\/2016\\\/12\\\/Zug-Estates-Mirko-Kaeppeli-wird-neuer-CFO-immobilien-business.jpg\",\"datePublished\":\"2016-10-31T07:55:39+00:00\",\"description\":\"Mirko K\u00e4ppeli wird neuer Chief Financial Officer der Zug Estates Holding AG. Er folgt auf Gabriela Theus, die das Unternehmen per Ende M\u00e4rz 2017 verl\u00e4sst.\",\"breadcrumb\":{\"@id\":\"https:\\\/\\\/www.immobilienbusiness.ch\\\/de\\\/unternehmen\\\/2016-10-31\\\/zug-estates-mirko-kaeppeli-wird-neuer-cfo\\\/#breadcrumb\"},\"inLanguage\":\"de\",\"potentialAction\":[{\"@type\":\"ReadAction\",\"target\":[\"https:\\\/\\\/www.immobilienbusiness.ch\\\/de\\\/unternehmen\\\/2016-10-31\\\/zug-estates-mirko-kaeppeli-wird-neuer-cfo\\\/\"]}]},{\"@type\":\"ImageObject\",\"inLanguage\":\"de\",\"@id\":\"https:\\\/\\\/www.immobilienbusiness.ch\\\/de\\\/unternehmen\\\/2016-10-31\\\/zug-estates-mirko-kaeppeli-wird-neuer-cfo\\\/#primaryimage\",\"url\":\"https:\\\/\\\/www.immobilienbusiness.ch\\\/wp-content\\\/uploads\\\/2016\\\/12\\\/Zug-Estates-Mirko-Kaeppeli-wird-neuer-CFO-immobilien-business.jpg\",\"contentUrl\":\"https:\\\/\\\/www.immobilienbusiness.ch\\\/wp-content\\\/uploads\\\/2016\\\/12\\\/Zug-Estates-Mirko-Kaeppeli-wird-neuer-CFO-immobilien-business.jpg\",\"width\":664,\"height\":574,\"caption\":\"Mirko K\u00e4ppeli (Foto: Zug Estates Holding AG)\"},{\"@type\":\"BreadcrumbList\",\"@id\":\"https:\\\/\\\/www.immobilienbusiness.ch\\\/de\\\/unternehmen\\\/2016-10-31\\\/zug-estates-mirko-kaeppeli-wird-neuer-cfo\\\/#breadcrumb\",\"itemListElement\":[{\"@type\":\"ListItem\",\"position\":1,\"name\":\"Home\",\"item\":\"https:\\\/\\\/www.immobilienbusiness.ch\\\/\"},{\"@type\":\"ListItem\",\"position\":2,\"name\":\"Zug Estates: Mirko K\u00e4ppeli wird neuer CFO\"}]},{\"@type\":\"WebSite\",\"@id\":\"https:\\\/\\\/www.immobilienbusiness.ch\\\/#website\",\"url\":\"https:\\\/\\\/www.immobilienbusiness.ch\\\/\",\"name\":\"IMMOBILIEN Business\",\"description\":\"Unabh\u00e4ngiges Schweizer Wirtschaftsmagazin mit Fokus auf Immobilien, Architektur- und Bau sowie Investment- und Finanzierung.\",\"publisher\":{\"@id\":\"https:\\\/\\\/www.immobilienbusiness.ch\\\/#organization\"},\"potentialAction\":[{\"@type\":\"SearchAction\",\"target\":{\"@type\":\"EntryPoint\",\"urlTemplate\":\"https:\\\/\\\/www.immobilienbusiness.ch\\\/?s={search_term_string}\"},\"query-input\":{\"@type\":\"PropertyValueSpecification\",\"valueRequired\":true,\"valueName\":\"search_term_string\"}}],\"inLanguage\":\"de\"},{\"@type\":\"Organization\",\"@id\":\"https:\\\/\\\/www.immobilienbusiness.ch\\\/#organization\",\"name\":\"IMMOBILIEN Business\",\"url\":\"https:\\\/\\\/www.immobilienbusiness.ch\\\/\",\"logo\":{\"@type\":\"ImageObject\",\"inLanguage\":\"de\",\"@id\":\"https:\\\/\\\/www.immobilienbusiness.ch\\\/#\\\/schema\\\/logo\\\/image\\\/\",\"url\":\"https:\\\/\\\/www.immobilienbusiness.ch\\\/wp-content\\\/uploads\\\/2021\\\/07\\\/logo_ib.png\",\"contentUrl\":\"https:\\\/\\\/www.immobilienbusiness.ch\\\/wp-content\\\/uploads\\\/2021\\\/07\\\/logo_ib.png\",\"width\":800,\"height\":181,\"caption\":\"IMMOBILIEN Business\"},\"image\":{\"@id\":\"https:\\\/\\\/www.immobilienbusiness.ch\\\/#\\\/schema\\\/logo\\\/image\\\/\"},\"sameAs\":[\"https:\\\/\\\/www.facebook.com\\\/immobilienbusiness\\\/\"]},{\"@type\":\"Person\",\"@id\":\"https:\\\/\\\/www.immobilienbusiness.ch\\\/#\\\/schema\\\/person\\\/aa2bace6c5c5aad60102004a50c4eb1c\",\"name\":\"Redaktion\",\"image\":{\"@type\":\"ImageObject\",\"inLanguage\":\"de\",\"@id\":\"https:\\\/\\\/secure.gravatar.com\\\/avatar\\\/ae2f4d718e6c49043e314ce431e7e645d646302a24a5ef5a8bc8e3f5a032e319?s=96&d=mm&r=g\",\"url\":\"https:\\\/\\\/secure.gravatar.com\\\/avatar\\\/ae2f4d718e6c49043e314ce431e7e645d646302a24a5ef5a8bc8e3f5a032e319?s=96&d=mm&r=g\",\"contentUrl\":\"https:\\\/\\\/secure.gravatar.com\\\/avatar\\\/ae2f4d718e6c49043e314ce431e7e645d646302a24a5ef5a8bc8e3f5a032e319?s=96&d=mm&r=g\",\"caption\":\"Redaktion\"},\"sameAs\":[\"http:\\\/\\\/develop.organisator.galledia.ch\"],\"url\":\"https:\\\/\\\/www.immobilienbusiness.ch\\\/de\\\/author\\\/admin\\\/\"}]}<\/script>\n<!-- \/ Yoast SEO plugin. -->","yoast_head_json":{"title":"Zug Estates: Mirko K\u00e4ppeli wird neuer CFO - IMMOBILIEN Business","description":"Mirko K\u00e4ppeli wird neuer Chief Financial Officer der Zug Estates Holding AG. Er folgt auf Gabriela Theus, die das Unternehmen per Ende M\u00e4rz 2017 verl\u00e4sst.","robots":{"index":"index","follow":"follow","max-snippet":"max-snippet:-1","max-image-preview":"max-image-preview:large","max-video-preview":"max-video-preview:-1"},"canonical":"https:\/\/www.immobilienbusiness.ch\/de\/unternehmen\/2016-10-31\/zug-estates-mirko-kaeppeli-wird-neuer-cfo\/","og_locale":"de_DE","og_type":"article","og_title":"Zug Estates: Mirko K\u00e4ppeli wird neuer CFO","og_description":"Mirko K\u00e4ppeli wird neuer Chief Financial Officer der Zug Estates Holding AG. Er folgt auf Gabriela Theus, die das Unternehmen voraussichtlich per Ende M\u00e4rz 2017 verlassen wird.","og_url":"https:\/\/www.immobilienbusiness.ch\/de\/unternehmen\/2016-10-31\/zug-estates-mirko-kaeppeli-wird-neuer-cfo\/","og_site_name":"IMMOBILIEN Business","article_publisher":"https:\/\/www.facebook.com\/immobilienbusiness\/","article_published_time":"2016-10-31T07:55:39+00:00","author":"Redaktion","twitter_card":"summary_large_image","twitter_image":"https:\/\/www.immobilienbusiness.ch\/wp-content\/uploads\/2016\/12\/Zug-Estates-Mirko-Kaeppeli-wird-neuer-CFO-immobilien-business.jpg","schema":{"@context":"https:\/\/schema.org","@graph":[{"@type":"Article","@id":"https:\/\/www.immobilienbusiness.ch\/de\/unternehmen\/2016-10-31\/zug-estates-mirko-kaeppeli-wird-neuer-cfo\/#article","isPartOf":{"@id":"https:\/\/www.immobilienbusiness.ch\/de\/unternehmen\/2016-10-31\/zug-estates-mirko-kaeppeli-wird-neuer-cfo\/"},"author":{"name":"Redaktion","@id":"https:\/\/www.immobilienbusiness.ch\/#\/schema\/person\/aa2bace6c5c5aad60102004a50c4eb1c"},"headline":"Zug Estates: Mirko K\u00e4ppeli wird neuer CFO","datePublished":"2016-10-31T07:55:39+00:00","mainEntityOfPage":{"@id":"https:\/\/www.immobilienbusiness.ch\/de\/unternehmen\/2016-10-31\/zug-estates-mirko-kaeppeli-wird-neuer-cfo\/"},"wordCount":83,"commentCount":0,"publisher":{"@id":"https:\/\/www.immobilienbusiness.ch\/#organization"},"image":{"@id":"https:\/\/www.immobilienbusiness.ch\/de\/unternehmen\/2016-10-31\/zug-estates-mirko-kaeppeli-wird-neuer-cfo\/#primaryimage"},"thumbnailUrl":"https:\/\/www.immobilienbusiness.ch\/wp-content\/uploads\/2016\/12\/Zug-Estates-Mirko-Kaeppeli-wird-neuer-CFO-immobilien-business.jpg","keywords":["Personalia","Unternehmen"],"articleSection":["UNTERNEHMEN"],"inLanguage":"de"},{"@type":"WebPage","@id":"https:\/\/www.immobilienbusiness.ch\/de\/unternehmen\/2016-10-31\/zug-estates-mirko-kaeppeli-wird-neuer-cfo\/","url":"https:\/\/www.immobilienbusiness.ch\/de\/unternehmen\/2016-10-31\/zug-estates-mirko-kaeppeli-wird-neuer-cfo\/","name":"Zug Estates: Mirko K\u00e4ppeli wird neuer CFO - IMMOBILIEN Business","isPartOf":{"@id":"https:\/\/www.immobilienbusiness.ch\/#website"},"primaryImageOfPage":{"@id":"https:\/\/www.immobilienbusiness.ch\/de\/unternehmen\/2016-10-31\/zug-estates-mirko-kaeppeli-wird-neuer-cfo\/#primaryimage"},"image":{"@id":"https:\/\/www.immobilienbusiness.ch\/de\/unternehmen\/2016-10-31\/zug-estates-mirko-kaeppeli-wird-neuer-cfo\/#primaryimage"},"thumbnailUrl":"https:\/\/www.immobilienbusiness.ch\/wp-content\/uploads\/2016\/12\/Zug-Estates-Mirko-Kaeppeli-wird-neuer-CFO-immobilien-business.jpg","datePublished":"2016-10-31T07:55:39+00:00","description":"Mirko K\u00e4ppeli wird neuer Chief Financial Officer der Zug Estates Holding AG. Er folgt auf Gabriela Theus, die das Unternehmen per Ende M\u00e4rz 2017 verl\u00e4sst.","breadcrumb":{"@id":"https:\/\/www.immobilienbusiness.ch\/de\/unternehmen\/2016-10-31\/zug-estates-mirko-kaeppeli-wird-neuer-cfo\/#breadcrumb"},"inLanguage":"de","potentialAction":[{"@type":"ReadAction","target":["https:\/\/www.immobilienbusiness.ch\/de\/unternehmen\/2016-10-31\/zug-estates-mirko-kaeppeli-wird-neuer-cfo\/"]}]},{"@type":"ImageObject","inLanguage":"de","@id":"https:\/\/www.immobilienbusiness.ch\/de\/unternehmen\/2016-10-31\/zug-estates-mirko-kaeppeli-wird-neuer-cfo\/#primaryimage","url":"https:\/\/www.immobilienbusiness.ch\/wp-content\/uploads\/2016\/12\/Zug-Estates-Mirko-Kaeppeli-wird-neuer-CFO-immobilien-business.jpg","contentUrl":"https:\/\/www.immobilienbusiness.ch\/wp-content\/uploads\/2016\/12\/Zug-Estates-Mirko-Kaeppeli-wird-neuer-CFO-immobilien-business.jpg","width":664,"height":574,"caption":"Mirko K\u00e4ppeli (Foto: Zug Estates Holding AG)"},{"@type":"BreadcrumbList","@id":"https:\/\/www.immobilienbusiness.ch\/de\/unternehmen\/2016-10-31\/zug-estates-mirko-kaeppeli-wird-neuer-cfo\/#breadcrumb","itemListElement":[{"@type":"ListItem","position":1,"name":"Home","item":"https:\/\/www.immobilienbusiness.ch\/"},{"@type":"ListItem","position":2,"name":"Zug Estates: Mirko K\u00e4ppeli wird neuer CFO"}]},{"@type":"WebSite","@id":"https:\/\/www.immobilienbusiness.ch\/#website","url":"https:\/\/www.immobilienbusiness.ch\/","name":"IMMOBILIEN Business","description":"Unabh\u00e4ngiges Schweizer Wirtschaftsmagazin mit Fokus auf Immobilien, Architektur- und Bau sowie Investment- und Finanzierung.","publisher":{"@id":"https:\/\/www.immobilienbusiness.ch\/#organization"},"potentialAction":[{"@type":"SearchAction","target":{"@type":"EntryPoint","urlTemplate":"https:\/\/www.immobilienbusiness.ch\/?s={search_term_string}"},"query-input":{"@type":"PropertyValueSpecification","valueRequired":true,"valueName":"search_term_string"}}],"inLanguage":"de"},{"@type":"Organization","@id":"https:\/\/www.immobilienbusiness.ch\/#organization","name":"IMMOBILIEN Business","url":"https:\/\/www.immobilienbusiness.ch\/","logo":{"@type":"ImageObject","inLanguage":"de","@id":"https:\/\/www.immobilienbusiness.ch\/#\/schema\/logo\/image\/","url":"https:\/\/www.immobilienbusiness.ch\/wp-content\/uploads\/2021\/07\/logo_ib.png","contentUrl":"https:\/\/www.immobilienbusiness.ch\/wp-content\/uploads\/2021\/07\/logo_ib.png","width":800,"height":181,"caption":"IMMOBILIEN Business"},"image":{"@id":"https:\/\/www.immobilienbusiness.ch\/#\/schema\/logo\/image\/"},"sameAs":["https:\/\/www.facebook.com\/immobilienbusiness\/"]},{"@type":"Person","@id":"https:\/\/www.immobilienbusiness.ch\/#\/schema\/person\/aa2bace6c5c5aad60102004a50c4eb1c","name":"Redaktion","image":{"@type":"ImageObject","inLanguage":"de","@id":"https:\/\/secure.gravatar.com\/avatar\/ae2f4d718e6c49043e314ce431e7e645d646302a24a5ef5a8bc8e3f5a032e319?s=96&d=mm&r=g","url":"https:\/\/secure.gravatar.com\/avatar\/ae2f4d718e6c49043e314ce431e7e645d646302a24a5ef5a8bc8e3f5a032e319?s=96&d=mm&r=g","contentUrl":"https:\/\/secure.gravatar.com\/avatar\/ae2f4d718e6c49043e314ce431e7e645d646302a24a5ef5a8bc8e3f5a032e319?s=96&d=mm&r=g","caption":"Redaktion"},"sameAs":["http:\/\/develop.organisator.galledia.ch"],"url":"https:\/\/www.immobilienbusiness.ch\/de\/author\/admin\/"}]}},"_links":{"self":[{"href":"https:\/\/www.immobilienbusiness.ch\/de\/wp-json\/wp\/v2\/posts\/1400","targetHints":{"allow":["GET"]}}],"collection":[{"href":"https:\/\/www.immobilienbusiness.ch\/de\/wp-json\/wp\/v2\/posts"}],"about":[{"href":"https:\/\/www.immobilienbusiness.ch\/de\/wp-json\/wp\/v2\/types\/post"}],"author":[{"embeddable":true,"href":"https:\/\/www.immobilienbusiness.ch\/de\/wp-json\/wp\/v2\/users\/1"}],"replies":[{"embeddable":true,"href":"https:\/\/www.immobilienbusiness.ch\/de\/wp-json\/wp\/v2\/comments?post=1400"}],"version-history":[{"count":0,"href":"https:\/\/www.immobilienbusiness.ch\/de\/wp-json\/wp\/v2\/posts\/1400\/revisions"}],"wp:featuredmedia":[{"embeddable":true,"href":"https:\/\/www.immobilienbusiness.ch\/de\/wp-json\/wp\/v2\/media\/1406"}],"wp:attachment":[{"href":"https:\/\/www.immobilienbusiness.ch\/de\/wp-json\/wp\/v2\/media?parent=1400"}],"wp:term":[{"taxonomy":"category","embeddable":true,"href":"https:\/\/www.immobilienbusiness.ch\/de\/wp-json\/wp\/v2\/categories?post=1400"},{"taxonomy":"post_tag","embeddable":true,"href":"https:\/\/www.immobilienbusiness.ch\/de\/wp-json\/wp\/v2\/tags?post=1400"}],"curies":[{"name":"wp","href":"https:\/\/api.w.org\/{rel}","templated":true}]}}