{"id":1384,"date":"2015-11-04T08:36:58","date_gmt":"2015-11-04T07:36:58","guid":{"rendered":"http:\/\/dev.immobilienbusiness.ch\/?p=1384"},"modified":"2015-11-04T08:36:58","modified_gmt":"2015-11-04T07:36:58","slug":"corestate-sagt-boersengang-ab","status":"publish","type":"post","link":"https:\/\/www.immobilienbusiness.ch\/de\/unternehmen\/2015-11-04\/corestate-sagt-boersengang-ab\/","title":{"rendered":"Corestate sagt B\u00f6rsengang ab"},"content":{"rendered":"<figure id=\"attachment_1386\" aria-describedby=\"caption-attachment-1386\" style=\"width: 680px\" class=\"wp-caption alignnone\"><img loading=\"lazy\" decoding=\"async\" class=\"size-medium wp-image-1386\" src=\"https:\/\/immobilienbusiness.ch\/wp-content\/uploads\/2016\/12\/Corestate-sagt-B\u00f6rsengang-ab-immobilien-business.jpg\" alt=\"Der Handelssaal der Frankfurter B\u00f6rse (Foto: Pythagomath - Eigenes Werk. Lizenziert unter CC-BY-SA 4.0 \u00fcber Wikimedia Commons )\" width=\"680\" height=\"323\" \/><figcaption id=\"caption-attachment-1386\" class=\"wp-caption-text\">Der Handelssaal der Frankfurter B\u00f6rse (Foto: Pythagomath &#8211; Eigenes Werk. Lizenziert unter CC-BY-SA 4.0 \u00fcber Wikimedia Commons )<\/figcaption><\/figure>\n<blockquote><p>Sascha Wilhelm: &#8222;Das Marktumfeld f\u00fcr Small und Mid Cap-Emissionen hat sich seit Ank\u00fcndigung unseres B\u00f6rsengangs stark verschlechtert.&#8220;<\/p><\/blockquote>\n<p>Wie Corestate mitteilt, habe das \u00abderzeit schwierige Marktumfeld f\u00fcr B\u00f6rseng\u00e4nge in den f\u00fcr die Gesellschaft wichtigen Aktienm\u00e4rkten Deutschland und England die Gesellschaft und die Hauptaktion\u00e4re dazu bewogen, den B\u00f6rsengang abzusagen\u00bb.<\/p>\n<p>Sascha Wilhelm, CEO von Corestate, bekr\u00e4ftigt: \u00abDas Marktumfeld f\u00fcr Small und Mid Cap-Emissionen hat sich seit Ank\u00fcndigung unseres B\u00f6rsengangs stark verschlechtert. Die Attraktivit\u00e4t unseres Gesch\u00e4ftsmodells nimmt weiter zu, die Wachstumsziele werden auch in 2015 voll erreicht. Es gibt daher seitens der Aktion\u00e4re und der Gesellschaft keinen Grund, von unseren Expansionspl\u00e4nen f\u00fcr 2016 abzuweichen.\u00bb<\/p>\n<p>Nach Informationen von <em>moneycab<\/em> mangelte es Corestate Capital offenbar am Interesse grosser Investoren. Das Immobilienunternehmen Intershop h\u00e4lt eine Beteiligung von rund 28 Prozent an Corestate und wollte sich von einem Teil seiner Anteile trennen. Corestate rechnete mit einem Bruttoemissionserl\u00f6s in H\u00f6he von rund 100 Millionen Euro aus dem B\u00f6rsengang. Dabei sollten neue Aktien aus einer Kapitalerh\u00f6hung sowie bestehende Anteile der Altaktion\u00e4re ver\u00e4ussert werden, um auf einen Free Float von \u00fcber 50 Prozent zu kommen. (ah)<\/p>\n","protected":false},"excerpt":{"rendered":"<p>Der geplante B\u00f6rsengang der Corestate Capital Holding S.A. findet nicht statt. Urspr\u00fcnglich sollten die Aktien des Unternehmens am Mittwoch, 4.11., erstmals an der Frankfurter B\u00f6rse kotiert werden.<\/p>\n","protected":false},"author":1,"featured_media":1386,"comment_status":"open","ping_status":"open","sticky":false,"template":"","format":"standard","meta":{"_acf_changed":false,"_yoast_wpseo_focuskw":"B\u00f6rsengang Corestate","_yoast_wpseo_title":"B\u00f6rsengang Corestate: Abgesagt wegen Marktumfeld","_yoast_wpseo_metadesc":"Angesichts des verschlechterten Marktumfelds f\u00fcr Small und Mid Cap-Emissionen hat Corestate den geplanten B\u00f6rsengang abgesagt. Investoren zeigen geringes Interesse.","_yoast_wpseo_linkdex":59,"pgc_sgb_lightbox_settings":"","footnotes":""},"categories":[988],"tags":[1807],"class_list":["post-1384","post","type-post","status-publish","format-standard","has-post-thumbnail","hentry","category-unternehmen","tag-unternehmen"],"acf":[],"yoast_head":"<!-- This site is optimized with the Yoast SEO plugin v27.5 - https:\/\/yoast.com\/product\/yoast-seo-wordpress\/ -->\n<title>B\u00f6rsengang Corestate: Abgesagt wegen Marktumfeld<\/title>\n<meta name=\"description\" content=\"Angesichts des verschlechterten Marktumfelds f\u00fcr Small und Mid Cap-Emissionen hat Corestate den geplanten B\u00f6rsengang abgesagt. Investoren zeigen geringes Interesse.\" \/>\n<meta name=\"robots\" content=\"index, follow, max-snippet:-1, max-image-preview:large, max-video-preview:-1\" \/>\n<link rel=\"canonical\" href=\"https:\/\/www.immobilienbusiness.ch\/de\/unternehmen\/2015-11-04\/corestate-sagt-boersengang-ab\/\" \/>\n<meta property=\"og:locale\" content=\"de_DE\" \/>\n<meta property=\"og:type\" content=\"article\" \/>\n<meta property=\"og:title\" content=\"Corestate sagt B\u00f6rsengang ab\" \/>\n<meta property=\"og:description\" content=\"Der geplante B\u00f6rsengang der Corestate Capital Holding S.A. findet nicht statt. Urspr\u00fcnglich sollten die Aktien des Unternehmens am Mittwoch, 4.11., erstmals an der Frankfurter B\u00f6rse kotiert werden.\" \/>\n<meta property=\"og:url\" content=\"https:\/\/www.immobilienbusiness.ch\/de\/unternehmen\/2015-11-04\/corestate-sagt-boersengang-ab\/\" \/>\n<meta property=\"og:site_name\" content=\"IMMOBILIEN Business\" \/>\n<meta property=\"article:publisher\" content=\"https:\/\/www.facebook.com\/immobilienbusiness\/\" \/>\n<meta property=\"article:published_time\" content=\"2015-11-04T07:36:58+00:00\" \/>\n<meta name=\"author\" content=\"Redaktion\" \/>\n<meta name=\"twitter:card\" content=\"summary_large_image\" \/>\n<meta name=\"twitter:image\" content=\"https:\/\/www.immobilienbusiness.ch\/wp-content\/uploads\/2016\/12\/Corestate-sagt-Boersengang-ab-immobilien-business.jpg\" \/>\n<script type=\"application\/ld+json\" class=\"yoast-schema-graph\">{\"@context\":\"https:\\\/\\\/schema.org\",\"@graph\":[{\"@type\":\"Article\",\"@id\":\"https:\\\/\\\/www.immobilienbusiness.ch\\\/unternehmen\\\/2015-11-04\\\/corestate-sagt-boersengang-ab\\\/#article\",\"isPartOf\":{\"@id\":\"https:\\\/\\\/www.immobilienbusiness.ch\\\/unternehmen\\\/2015-11-04\\\/corestate-sagt-boersengang-ab\\\/\"},\"author\":{\"name\":\"Redaktion\",\"@id\":\"https:\\\/\\\/www.immobilienbusiness.ch\\\/#\\\/schema\\\/person\\\/aa2bace6c5c5aad60102004a50c4eb1c\"},\"headline\":\"Corestate sagt B\u00f6rsengang ab\",\"datePublished\":\"2015-11-04T07:36:58+00:00\",\"mainEntityOfPage\":{\"@id\":\"https:\\\/\\\/www.immobilienbusiness.ch\\\/unternehmen\\\/2015-11-04\\\/corestate-sagt-boersengang-ab\\\/\"},\"wordCount\":225,\"commentCount\":0,\"publisher\":{\"@id\":\"https:\\\/\\\/www.immobilienbusiness.ch\\\/#organization\"},\"image\":{\"@id\":\"https:\\\/\\\/www.immobilienbusiness.ch\\\/unternehmen\\\/2015-11-04\\\/corestate-sagt-boersengang-ab\\\/#primaryimage\"},\"thumbnailUrl\":\"https:\\\/\\\/www.immobilienbusiness.ch\\\/wp-content\\\/uploads\\\/2016\\\/12\\\/Corestate-sagt-Boersengang-ab-immobilien-business.jpg\",\"keywords\":[\"Unternehmen\"],\"articleSection\":[\"UNTERNEHMEN\"],\"inLanguage\":\"de\"},{\"@type\":\"WebPage\",\"@id\":\"https:\\\/\\\/www.immobilienbusiness.ch\\\/unternehmen\\\/2015-11-04\\\/corestate-sagt-boersengang-ab\\\/\",\"url\":\"https:\\\/\\\/www.immobilienbusiness.ch\\\/unternehmen\\\/2015-11-04\\\/corestate-sagt-boersengang-ab\\\/\",\"name\":\"B\u00f6rsengang Corestate: Abgesagt wegen Marktumfeld\",\"isPartOf\":{\"@id\":\"https:\\\/\\\/www.immobilienbusiness.ch\\\/#website\"},\"primaryImageOfPage\":{\"@id\":\"https:\\\/\\\/www.immobilienbusiness.ch\\\/unternehmen\\\/2015-11-04\\\/corestate-sagt-boersengang-ab\\\/#primaryimage\"},\"image\":{\"@id\":\"https:\\\/\\\/www.immobilienbusiness.ch\\\/unternehmen\\\/2015-11-04\\\/corestate-sagt-boersengang-ab\\\/#primaryimage\"},\"thumbnailUrl\":\"https:\\\/\\\/www.immobilienbusiness.ch\\\/wp-content\\\/uploads\\\/2016\\\/12\\\/Corestate-sagt-Boersengang-ab-immobilien-business.jpg\",\"datePublished\":\"2015-11-04T07:36:58+00:00\",\"description\":\"Angesichts des verschlechterten Marktumfelds f\u00fcr Small und Mid Cap-Emissionen hat Corestate den geplanten B\u00f6rsengang abgesagt. Investoren zeigen geringes Interesse.\",\"breadcrumb\":{\"@id\":\"https:\\\/\\\/www.immobilienbusiness.ch\\\/unternehmen\\\/2015-11-04\\\/corestate-sagt-boersengang-ab\\\/#breadcrumb\"},\"inLanguage\":\"de\",\"potentialAction\":[{\"@type\":\"ReadAction\",\"target\":[\"https:\\\/\\\/www.immobilienbusiness.ch\\\/unternehmen\\\/2015-11-04\\\/corestate-sagt-boersengang-ab\\\/\"]}]},{\"@type\":\"ImageObject\",\"inLanguage\":\"de\",\"@id\":\"https:\\\/\\\/www.immobilienbusiness.ch\\\/unternehmen\\\/2015-11-04\\\/corestate-sagt-boersengang-ab\\\/#primaryimage\",\"url\":\"https:\\\/\\\/www.immobilienbusiness.ch\\\/wp-content\\\/uploads\\\/2016\\\/12\\\/Corestate-sagt-Boersengang-ab-immobilien-business.jpg\",\"contentUrl\":\"https:\\\/\\\/www.immobilienbusiness.ch\\\/wp-content\\\/uploads\\\/2016\\\/12\\\/Corestate-sagt-Boersengang-ab-immobilien-business.jpg\",\"width\":2560,\"height\":1214,\"caption\":\"Der Handelssaal der Frankfurter B\u00f6rse (Foto: Pythagomath - Eigenes Werk. Lizenziert unter CC-BY-SA 4.0 \u00fcber Wikimedia Commons )\"},{\"@type\":\"BreadcrumbList\",\"@id\":\"https:\\\/\\\/www.immobilienbusiness.ch\\\/unternehmen\\\/2015-11-04\\\/corestate-sagt-boersengang-ab\\\/#breadcrumb\",\"itemListElement\":[{\"@type\":\"ListItem\",\"position\":1,\"name\":\"Home\",\"item\":\"https:\\\/\\\/www.immobilienbusiness.ch\\\/\"},{\"@type\":\"ListItem\",\"position\":2,\"name\":\"Corestate sagt B\u00f6rsengang ab\"}]},{\"@type\":\"WebSite\",\"@id\":\"https:\\\/\\\/www.immobilienbusiness.ch\\\/#website\",\"url\":\"https:\\\/\\\/www.immobilienbusiness.ch\\\/\",\"name\":\"IMMOBILIEN Business\",\"description\":\"Unabh\u00e4ngiges Schweizer Wirtschaftsmagazin mit Fokus auf Immobilien, Architektur- und Bau sowie Investment- und Finanzierung.\",\"publisher\":{\"@id\":\"https:\\\/\\\/www.immobilienbusiness.ch\\\/#organization\"},\"potentialAction\":[{\"@type\":\"SearchAction\",\"target\":{\"@type\":\"EntryPoint\",\"urlTemplate\":\"https:\\\/\\\/www.immobilienbusiness.ch\\\/?s={search_term_string}\"},\"query-input\":{\"@type\":\"PropertyValueSpecification\",\"valueRequired\":true,\"valueName\":\"search_term_string\"}}],\"inLanguage\":\"de\"},{\"@type\":\"Organization\",\"@id\":\"https:\\\/\\\/www.immobilienbusiness.ch\\\/#organization\",\"name\":\"IMMOBILIEN Business\",\"url\":\"https:\\\/\\\/www.immobilienbusiness.ch\\\/\",\"logo\":{\"@type\":\"ImageObject\",\"inLanguage\":\"de\",\"@id\":\"https:\\\/\\\/www.immobilienbusiness.ch\\\/#\\\/schema\\\/logo\\\/image\\\/\",\"url\":\"https:\\\/\\\/www.immobilienbusiness.ch\\\/wp-content\\\/uploads\\\/2021\\\/07\\\/logo_ib.png\",\"contentUrl\":\"https:\\\/\\\/www.immobilienbusiness.ch\\\/wp-content\\\/uploads\\\/2021\\\/07\\\/logo_ib.png\",\"width\":800,\"height\":181,\"caption\":\"IMMOBILIEN Business\"},\"image\":{\"@id\":\"https:\\\/\\\/www.immobilienbusiness.ch\\\/#\\\/schema\\\/logo\\\/image\\\/\"},\"sameAs\":[\"https:\\\/\\\/www.facebook.com\\\/immobilienbusiness\\\/\"]},{\"@type\":\"Person\",\"@id\":\"https:\\\/\\\/www.immobilienbusiness.ch\\\/#\\\/schema\\\/person\\\/aa2bace6c5c5aad60102004a50c4eb1c\",\"name\":\"Redaktion\",\"image\":{\"@type\":\"ImageObject\",\"inLanguage\":\"de\",\"@id\":\"https:\\\/\\\/secure.gravatar.com\\\/avatar\\\/ae2f4d718e6c49043e314ce431e7e645d646302a24a5ef5a8bc8e3f5a032e319?s=96&d=mm&r=g\",\"url\":\"https:\\\/\\\/secure.gravatar.com\\\/avatar\\\/ae2f4d718e6c49043e314ce431e7e645d646302a24a5ef5a8bc8e3f5a032e319?s=96&d=mm&r=g\",\"contentUrl\":\"https:\\\/\\\/secure.gravatar.com\\\/avatar\\\/ae2f4d718e6c49043e314ce431e7e645d646302a24a5ef5a8bc8e3f5a032e319?s=96&d=mm&r=g\",\"caption\":\"Redaktion\"},\"sameAs\":[\"http:\\\/\\\/develop.organisator.galledia.ch\"],\"url\":\"https:\\\/\\\/www.immobilienbusiness.ch\\\/de\\\/author\\\/admin\\\/\"}]}<\/script>\n<!-- \/ Yoast SEO plugin. -->","yoast_head_json":{"title":"B\u00f6rsengang Corestate: Abgesagt wegen Marktumfeld","description":"Angesichts des verschlechterten Marktumfelds f\u00fcr Small und Mid Cap-Emissionen hat Corestate den geplanten B\u00f6rsengang abgesagt. Investoren zeigen geringes Interesse.","robots":{"index":"index","follow":"follow","max-snippet":"max-snippet:-1","max-image-preview":"max-image-preview:large","max-video-preview":"max-video-preview:-1"},"canonical":"https:\/\/www.immobilienbusiness.ch\/de\/unternehmen\/2015-11-04\/corestate-sagt-boersengang-ab\/","og_locale":"de_DE","og_type":"article","og_title":"Corestate sagt B\u00f6rsengang ab","og_description":"Der geplante B\u00f6rsengang der Corestate Capital Holding S.A. findet nicht statt. Urspr\u00fcnglich sollten die Aktien des Unternehmens am Mittwoch, 4.11., erstmals an der Frankfurter B\u00f6rse kotiert werden.","og_url":"https:\/\/www.immobilienbusiness.ch\/de\/unternehmen\/2015-11-04\/corestate-sagt-boersengang-ab\/","og_site_name":"IMMOBILIEN Business","article_publisher":"https:\/\/www.facebook.com\/immobilienbusiness\/","article_published_time":"2015-11-04T07:36:58+00:00","author":"Redaktion","twitter_card":"summary_large_image","twitter_image":"https:\/\/www.immobilienbusiness.ch\/wp-content\/uploads\/2016\/12\/Corestate-sagt-Boersengang-ab-immobilien-business.jpg","schema":{"@context":"https:\/\/schema.org","@graph":[{"@type":"Article","@id":"https:\/\/www.immobilienbusiness.ch\/unternehmen\/2015-11-04\/corestate-sagt-boersengang-ab\/#article","isPartOf":{"@id":"https:\/\/www.immobilienbusiness.ch\/unternehmen\/2015-11-04\/corestate-sagt-boersengang-ab\/"},"author":{"name":"Redaktion","@id":"https:\/\/www.immobilienbusiness.ch\/#\/schema\/person\/aa2bace6c5c5aad60102004a50c4eb1c"},"headline":"Corestate sagt B\u00f6rsengang ab","datePublished":"2015-11-04T07:36:58+00:00","mainEntityOfPage":{"@id":"https:\/\/www.immobilienbusiness.ch\/unternehmen\/2015-11-04\/corestate-sagt-boersengang-ab\/"},"wordCount":225,"commentCount":0,"publisher":{"@id":"https:\/\/www.immobilienbusiness.ch\/#organization"},"image":{"@id":"https:\/\/www.immobilienbusiness.ch\/unternehmen\/2015-11-04\/corestate-sagt-boersengang-ab\/#primaryimage"},"thumbnailUrl":"https:\/\/www.immobilienbusiness.ch\/wp-content\/uploads\/2016\/12\/Corestate-sagt-Boersengang-ab-immobilien-business.jpg","keywords":["Unternehmen"],"articleSection":["UNTERNEHMEN"],"inLanguage":"de"},{"@type":"WebPage","@id":"https:\/\/www.immobilienbusiness.ch\/unternehmen\/2015-11-04\/corestate-sagt-boersengang-ab\/","url":"https:\/\/www.immobilienbusiness.ch\/unternehmen\/2015-11-04\/corestate-sagt-boersengang-ab\/","name":"B\u00f6rsengang Corestate: Abgesagt wegen Marktumfeld","isPartOf":{"@id":"https:\/\/www.immobilienbusiness.ch\/#website"},"primaryImageOfPage":{"@id":"https:\/\/www.immobilienbusiness.ch\/unternehmen\/2015-11-04\/corestate-sagt-boersengang-ab\/#primaryimage"},"image":{"@id":"https:\/\/www.immobilienbusiness.ch\/unternehmen\/2015-11-04\/corestate-sagt-boersengang-ab\/#primaryimage"},"thumbnailUrl":"https:\/\/www.immobilienbusiness.ch\/wp-content\/uploads\/2016\/12\/Corestate-sagt-Boersengang-ab-immobilien-business.jpg","datePublished":"2015-11-04T07:36:58+00:00","description":"Angesichts des verschlechterten Marktumfelds f\u00fcr Small und Mid Cap-Emissionen hat Corestate den geplanten B\u00f6rsengang abgesagt. Investoren zeigen geringes Interesse.","breadcrumb":{"@id":"https:\/\/www.immobilienbusiness.ch\/unternehmen\/2015-11-04\/corestate-sagt-boersengang-ab\/#breadcrumb"},"inLanguage":"de","potentialAction":[{"@type":"ReadAction","target":["https:\/\/www.immobilienbusiness.ch\/unternehmen\/2015-11-04\/corestate-sagt-boersengang-ab\/"]}]},{"@type":"ImageObject","inLanguage":"de","@id":"https:\/\/www.immobilienbusiness.ch\/unternehmen\/2015-11-04\/corestate-sagt-boersengang-ab\/#primaryimage","url":"https:\/\/www.immobilienbusiness.ch\/wp-content\/uploads\/2016\/12\/Corestate-sagt-Boersengang-ab-immobilien-business.jpg","contentUrl":"https:\/\/www.immobilienbusiness.ch\/wp-content\/uploads\/2016\/12\/Corestate-sagt-Boersengang-ab-immobilien-business.jpg","width":2560,"height":1214,"caption":"Der Handelssaal der Frankfurter B\u00f6rse (Foto: Pythagomath - Eigenes Werk. Lizenziert unter CC-BY-SA 4.0 \u00fcber Wikimedia Commons )"},{"@type":"BreadcrumbList","@id":"https:\/\/www.immobilienbusiness.ch\/unternehmen\/2015-11-04\/corestate-sagt-boersengang-ab\/#breadcrumb","itemListElement":[{"@type":"ListItem","position":1,"name":"Home","item":"https:\/\/www.immobilienbusiness.ch\/"},{"@type":"ListItem","position":2,"name":"Corestate sagt B\u00f6rsengang ab"}]},{"@type":"WebSite","@id":"https:\/\/www.immobilienbusiness.ch\/#website","url":"https:\/\/www.immobilienbusiness.ch\/","name":"IMMOBILIEN Business","description":"Unabh\u00e4ngiges Schweizer Wirtschaftsmagazin mit Fokus auf Immobilien, Architektur- und Bau sowie Investment- und Finanzierung.","publisher":{"@id":"https:\/\/www.immobilienbusiness.ch\/#organization"},"potentialAction":[{"@type":"SearchAction","target":{"@type":"EntryPoint","urlTemplate":"https:\/\/www.immobilienbusiness.ch\/?s={search_term_string}"},"query-input":{"@type":"PropertyValueSpecification","valueRequired":true,"valueName":"search_term_string"}}],"inLanguage":"de"},{"@type":"Organization","@id":"https:\/\/www.immobilienbusiness.ch\/#organization","name":"IMMOBILIEN Business","url":"https:\/\/www.immobilienbusiness.ch\/","logo":{"@type":"ImageObject","inLanguage":"de","@id":"https:\/\/www.immobilienbusiness.ch\/#\/schema\/logo\/image\/","url":"https:\/\/www.immobilienbusiness.ch\/wp-content\/uploads\/2021\/07\/logo_ib.png","contentUrl":"https:\/\/www.immobilienbusiness.ch\/wp-content\/uploads\/2021\/07\/logo_ib.png","width":800,"height":181,"caption":"IMMOBILIEN Business"},"image":{"@id":"https:\/\/www.immobilienbusiness.ch\/#\/schema\/logo\/image\/"},"sameAs":["https:\/\/www.facebook.com\/immobilienbusiness\/"]},{"@type":"Person","@id":"https:\/\/www.immobilienbusiness.ch\/#\/schema\/person\/aa2bace6c5c5aad60102004a50c4eb1c","name":"Redaktion","image":{"@type":"ImageObject","inLanguage":"de","@id":"https:\/\/secure.gravatar.com\/avatar\/ae2f4d718e6c49043e314ce431e7e645d646302a24a5ef5a8bc8e3f5a032e319?s=96&d=mm&r=g","url":"https:\/\/secure.gravatar.com\/avatar\/ae2f4d718e6c49043e314ce431e7e645d646302a24a5ef5a8bc8e3f5a032e319?s=96&d=mm&r=g","contentUrl":"https:\/\/secure.gravatar.com\/avatar\/ae2f4d718e6c49043e314ce431e7e645d646302a24a5ef5a8bc8e3f5a032e319?s=96&d=mm&r=g","caption":"Redaktion"},"sameAs":["http:\/\/develop.organisator.galledia.ch"],"url":"https:\/\/www.immobilienbusiness.ch\/de\/author\/admin\/"}]}},"_links":{"self":[{"href":"https:\/\/www.immobilienbusiness.ch\/de\/wp-json\/wp\/v2\/posts\/1384","targetHints":{"allow":["GET"]}}],"collection":[{"href":"https:\/\/www.immobilienbusiness.ch\/de\/wp-json\/wp\/v2\/posts"}],"about":[{"href":"https:\/\/www.immobilienbusiness.ch\/de\/wp-json\/wp\/v2\/types\/post"}],"author":[{"embeddable":true,"href":"https:\/\/www.immobilienbusiness.ch\/de\/wp-json\/wp\/v2\/users\/1"}],"replies":[{"embeddable":true,"href":"https:\/\/www.immobilienbusiness.ch\/de\/wp-json\/wp\/v2\/comments?post=1384"}],"version-history":[{"count":0,"href":"https:\/\/www.immobilienbusiness.ch\/de\/wp-json\/wp\/v2\/posts\/1384\/revisions"}],"wp:featuredmedia":[{"embeddable":true,"href":"https:\/\/www.immobilienbusiness.ch\/de\/wp-json\/wp\/v2\/media\/1386"}],"wp:attachment":[{"href":"https:\/\/www.immobilienbusiness.ch\/de\/wp-json\/wp\/v2\/media?parent=1384"}],"wp:term":[{"taxonomy":"category","embeddable":true,"href":"https:\/\/www.immobilienbusiness.ch\/de\/wp-json\/wp\/v2\/categories?post=1384"},{"taxonomy":"post_tag","embeddable":true,"href":"https:\/\/www.immobilienbusiness.ch\/de\/wp-json\/wp\/v2\/tags?post=1384"}],"curies":[{"name":"wp","href":"https:\/\/api.w.org\/{rel}","templated":true}]}}