{"id":13747,"date":"2018-08-21T08:08:47","date_gmt":"2018-08-21T06:08:47","guid":{"rendered":"https:\/\/www.immobilienbusiness.ch\/?p=13747"},"modified":"2018-08-21T08:08:47","modified_gmt":"2018-08-21T06:08:47","slug":"basel-bebauungsplan-fuer-westfeld-wird-aufgelegt","status":"publish","type":"post","link":"https:\/\/www.immobilienbusiness.ch\/de\/regionen\/2018-08-21\/basel-bebauungsplan-fuer-westfeld-wird-aufgelegt\/","title":{"rendered":"Basel: Bebauungsplan f\u00fcr Westfeld wird aufgelegt"},"content":{"rendered":"<figure id=\"attachment_11942\" aria-describedby=\"caption-attachment-11942\" style=\"width: 680px\" class=\"wp-caption alignnone\"><img loading=\"lazy\" decoding=\"async\" class=\"size-medium wp-image-11942\" src=\"https:\/\/www.immobilienbusiness.ch\/wp-content\/uploads\/2018\/04\/Umnutzung_Felix_Platter-Spital_Aussenansicht_Muller_Sigrist_Rapp_wohnenmehr_klein.jpg\" alt=\"\" width=\"680\" height=\"464\" srcset=\"https:\/\/www.immobilienbusiness.ch\/wp-content\/uploads\/2018\/04\/Umnutzung_Felix_Platter-Spital_Aussenansicht_Muller_Sigrist_Rapp_wohnenmehr_klein.jpg 1729w, https:\/\/www.immobilienbusiness.ch\/wp-content\/uploads\/2018\/04\/Umnutzung_Felix_Platter-Spital_Aussenansicht_Muller_Sigrist_Rapp_wohnenmehr_klein-300x205.jpg 300w, https:\/\/www.immobilienbusiness.ch\/wp-content\/uploads\/2018\/04\/Umnutzung_Felix_Platter-Spital_Aussenansicht_Muller_Sigrist_Rapp_wohnenmehr_klein-1024x699.jpg 1024w, https:\/\/www.immobilienbusiness.ch\/wp-content\/uploads\/2018\/04\/Umnutzung_Felix_Platter-Spital_Aussenansicht_Muller_Sigrist_Rapp_wohnenmehr_klein-768x525.jpg 768w, https:\/\/www.immobilienbusiness.ch\/wp-content\/uploads\/2018\/04\/Umnutzung_Felix_Platter-Spital_Aussenansicht_Muller_Sigrist_Rapp_wohnenmehr_klein-1536x1049.jpg 1536w, https:\/\/www.immobilienbusiness.ch\/wp-content\/uploads\/2018\/04\/Umnutzung_Felix_Platter-Spital_Aussenansicht_Muller_Sigrist_Rapp_wohnenmehr_klein-16x12.jpg 16w, https:\/\/www.immobilienbusiness.ch\/wp-content\/uploads\/2018\/04\/Umnutzung_Felix_Platter-Spital_Aussenansicht_Muller_Sigrist_Rapp_wohnenmehr_klein-256x175.jpg 256w, https:\/\/www.immobilienbusiness.ch\/wp-content\/uploads\/2018\/04\/Umnutzung_Felix_Platter-Spital_Aussenansicht_Muller_Sigrist_Rapp_wohnenmehr_klein-512x350.jpg 512w, https:\/\/www.immobilienbusiness.ch\/wp-content\/uploads\/2018\/04\/Umnutzung_Felix_Platter-Spital_Aussenansicht_Muller_Sigrist_Rapp_wohnenmehr_klein-1171x800.jpg 1171w, https:\/\/www.immobilienbusiness.ch\/wp-content\/uploads\/2018\/04\/Umnutzung_Felix_Platter-Spital_Aussenansicht_Muller_Sigrist_Rapp_wohnenmehr_klein-920x628.jpg 920w, https:\/\/www.immobilienbusiness.ch\/wp-content\/uploads\/2018\/04\/Umnutzung_Felix_Platter-Spital_Aussenansicht_Muller_Sigrist_Rapp_wohnenmehr_klein-1400x956.jpg 1400w\" sizes=\"auto, (max-width: 680px) 100vw, 680px\" \/><figcaption id=\"caption-attachment-11942\" class=\"wp-caption-text\">Geplante Umnutzung des Felix Platter Spitals im Westfeld (Bild: ARGE M\u00fcller Sigrist\/Rapp, wohnen&amp;mehr)<\/figcaption><\/figure>\n<p>Auf Grundlage des im vorigen Jahr durchgef\u00fchrten st\u00e4dtebaulichen Studienauftrags legt der Bebauungsplan unter anderem Vorgaben f\u00fcr die Bauvolumina sowie f\u00fcr neue \u00f6ffentliche Pl\u00e4tze und Wegverbindungen fest. Die \u00dcberbauung Westfeld wird Raum f\u00fcr mehr als 1.000 Bewohner bieten. Damit sei sie \u00abein Meilenstein f\u00fcr den genossenschaftlichen Wohnungsbau in Basel\u00bb, schreibt das Bau- und Verkehrsdepartement in einer Mitteilung.<\/p>\n<p>Vorgesehen ist auf dem Areal des Felix Platter Spitals ein neuer sechs- bis siebengeschossiger Wohnhof im S\u00fcdosten. Der alte Spitalbau soll erhalten bleiben und k\u00fcnftig Wohnungen und flexible R\u00e4ume f\u00fcr \u00f6ffentliche Nutzungen umfassen. Im Inneren des Areals ist eine offene Freifl\u00e4che geplant, die mit kleineren Geb\u00e4uden gegliedert wird.<\/p>\n<p>Der Bebauungsplan schaffe auch Spielr\u00e4ume, um einen grossen Teil der Erdgeschosse f\u00fcr gewerbliche, \u00f6ffentliche oder gemeinschaftliche Zwecke zu nutzen, teilt die Stadt Basel mit. Damit sollen auch quartierdienliche Nutzungen erm\u00f6glicht werden. Mit dem Bebauungsplan wird auch die baumbestandene Promenade an der Ensisheimerstrasse am Rand des Areals dauerhaft gesch\u00fctzt.<\/p>\n<p>L\u00e4uft alles glatt und ergibt sich im Zuge der \u00f6ffentlichen Planauflage (22. August-22. September) kein gr\u00f6sserer \u00c4nderungsbedarf, kann der Bebauungsplan noch in diesem Jahr vom Regierungsrat beschlossen werden. Die Baugenossenschaft wohnen&amp;mehr realisiert die Projekte. Sie hat das Areal im Baurecht \u00fcbernommen und will ab 2022 mit der Vermietung der ersten Wohnungen beginnen. <em>(ah)<\/em><\/p>\n","protected":false},"excerpt":{"rendered":"<p>Das Wohnprojekt Westfeld beim Felix Platter Spital in Basel kommt weiter voran. Ab dem 22. August wird der Bebauungsplan zweiter Stufe \u00f6ffentlich aufgelegt.<\/p>\n","protected":false},"author":3,"featured_media":11942,"comment_status":"open","ping_status":"open","sticky":false,"template":"","format":"standard","meta":{"_acf_changed":false,"_yoast_wpseo_focuskw":"Westfeld","_yoast_wpseo_title":"","_yoast_wpseo_metadesc":"Das Wohnprojekt Westfeld beim Felix Platter Spital in Basel kommt weiter voran. Ab dem 22. August wird der Bebauungsplan zweiter Stufe \u00f6ffentlich aufgelegt.","_yoast_wpseo_linkdex":81,"pgc_sgb_lightbox_settings":"","footnotes":""},"categories":[985],"tags":[1069,1077,1600,1863],"class_list":["post-13747","post","type-post","status-publish","format-standard","has-post-thumbnail","hentry","category-regionen","tag-basel","tag-baugenossenschaft","tag-projekt-in-planung","tag-wohnimmobilien"],"acf":[],"yoast_head":"<!-- This site is optimized with the Yoast SEO plugin v27.4 - https:\/\/yoast.com\/product\/yoast-seo-wordpress\/ -->\n<title>Basel: Bebauungsplan f\u00fcr Westfeld wird aufgelegt - IMMOBILIEN Business<\/title>\n<meta name=\"description\" content=\"Das Wohnprojekt Westfeld beim Felix Platter Spital in Basel kommt weiter voran. Ab dem 22. August wird der Bebauungsplan zweiter Stufe \u00f6ffentlich aufgelegt.\" \/>\n<meta name=\"robots\" content=\"index, follow, max-snippet:-1, max-image-preview:large, max-video-preview:-1\" \/>\n<link rel=\"canonical\" href=\"https:\/\/www.immobilienbusiness.ch\/de\/regionen\/2018-08-21\/basel-bebauungsplan-fuer-westfeld-wird-aufgelegt\/\" \/>\n<meta property=\"og:locale\" content=\"de_DE\" \/>\n<meta property=\"og:type\" content=\"article\" \/>\n<meta property=\"og:title\" content=\"Basel: Bebauungsplan f\u00fcr Westfeld wird aufgelegt - IMMOBILIEN Business\" \/>\n<meta property=\"og:description\" content=\"Das Wohnprojekt Westfeld beim Felix Platter Spital in Basel kommt weiter voran. Ab dem 22. August wird der Bebauungsplan zweiter Stufe \u00f6ffentlich aufgelegt.\" \/>\n<meta property=\"og:url\" content=\"https:\/\/www.immobilienbusiness.ch\/de\/regionen\/2018-08-21\/basel-bebauungsplan-fuer-westfeld-wird-aufgelegt\/\" \/>\n<meta property=\"og:site_name\" content=\"IMMOBILIEN Business\" \/>\n<meta property=\"article:publisher\" content=\"https:\/\/www.facebook.com\/immobilienbusiness\/\" \/>\n<meta property=\"article:published_time\" content=\"2018-08-21T06:08:47+00:00\" \/>\n<meta property=\"og:image\" content=\"https:\/\/www.immobilienbusiness.ch\/wp-content\/uploads\/2018\/04\/Umnutzung_Felix_Platter-Spital_Aussenansicht_Muller_Sigrist_Rapp_wohnenmehr_klein.jpg\" \/>\n\t<meta property=\"og:image:width\" content=\"1729\" \/>\n\t<meta property=\"og:image:height\" content=\"1181\" \/>\n\t<meta property=\"og:image:type\" content=\"image\/jpeg\" \/>\n<meta name=\"author\" content=\"anja.hall\" \/>\n<meta name=\"twitter:card\" content=\"summary_large_image\" \/>\n<meta name=\"twitter:image\" content=\"https:\/\/www.immobilienbusiness.ch\/wp-content\/uploads\/2018\/04\/Umnutzung_Felix_Platter-Spital_Aussenansicht_Muller_Sigrist_Rapp_wohnenmehr_klein.jpg\" \/>\n<script type=\"application\/ld+json\" class=\"yoast-schema-graph\">{\"@context\":\"https:\\\/\\\/schema.org\",\"@graph\":[{\"@type\":\"Article\",\"@id\":\"https:\\\/\\\/www.immobilienbusiness.ch\\\/it\\\/regionen\\\/2018-08-21\\\/basel-bebauungsplan-fuer-westfeld-wird-aufgelegt\\\/#article\",\"isPartOf\":{\"@id\":\"https:\\\/\\\/www.immobilienbusiness.ch\\\/it\\\/regionen\\\/2018-08-21\\\/basel-bebauungsplan-fuer-westfeld-wird-aufgelegt\\\/\"},\"author\":{\"name\":\"anja.hall\",\"@id\":\"https:\\\/\\\/www.immobilienbusiness.ch\\\/#\\\/schema\\\/person\\\/3fc036297b10b9f42d6db5ee932af8c8\"},\"headline\":\"Basel: Bebauungsplan f\u00fcr Westfeld wird aufgelegt\",\"datePublished\":\"2018-08-21T06:08:47+00:00\",\"mainEntityOfPage\":{\"@id\":\"https:\\\/\\\/www.immobilienbusiness.ch\\\/it\\\/regionen\\\/2018-08-21\\\/basel-bebauungsplan-fuer-westfeld-wird-aufgelegt\\\/\"},\"wordCount\":254,\"commentCount\":0,\"publisher\":{\"@id\":\"https:\\\/\\\/www.immobilienbusiness.ch\\\/#organization\"},\"image\":{\"@id\":\"https:\\\/\\\/www.immobilienbusiness.ch\\\/it\\\/regionen\\\/2018-08-21\\\/basel-bebauungsplan-fuer-westfeld-wird-aufgelegt\\\/#primaryimage\"},\"thumbnailUrl\":\"https:\\\/\\\/www.immobilienbusiness.ch\\\/wp-content\\\/uploads\\\/2018\\\/04\\\/Umnutzung_Felix_Platter-Spital_Aussenansicht_Muller_Sigrist_Rapp_wohnenmehr_klein.jpg\",\"keywords\":[\"Basel\",\"Baugenossenschaft\",\"Projekt in Planung\",\"Wohnimmobilien\"],\"articleSection\":[\"REGIONEN\"],\"inLanguage\":\"de\"},{\"@type\":\"WebPage\",\"@id\":\"https:\\\/\\\/www.immobilienbusiness.ch\\\/it\\\/regionen\\\/2018-08-21\\\/basel-bebauungsplan-fuer-westfeld-wird-aufgelegt\\\/\",\"url\":\"https:\\\/\\\/www.immobilienbusiness.ch\\\/it\\\/regionen\\\/2018-08-21\\\/basel-bebauungsplan-fuer-westfeld-wird-aufgelegt\\\/\",\"name\":\"Basel: Bebauungsplan f\u00fcr Westfeld wird aufgelegt - IMMOBILIEN Business\",\"isPartOf\":{\"@id\":\"https:\\\/\\\/www.immobilienbusiness.ch\\\/#website\"},\"primaryImageOfPage\":{\"@id\":\"https:\\\/\\\/www.immobilienbusiness.ch\\\/it\\\/regionen\\\/2018-08-21\\\/basel-bebauungsplan-fuer-westfeld-wird-aufgelegt\\\/#primaryimage\"},\"image\":{\"@id\":\"https:\\\/\\\/www.immobilienbusiness.ch\\\/it\\\/regionen\\\/2018-08-21\\\/basel-bebauungsplan-fuer-westfeld-wird-aufgelegt\\\/#primaryimage\"},\"thumbnailUrl\":\"https:\\\/\\\/www.immobilienbusiness.ch\\\/wp-content\\\/uploads\\\/2018\\\/04\\\/Umnutzung_Felix_Platter-Spital_Aussenansicht_Muller_Sigrist_Rapp_wohnenmehr_klein.jpg\",\"datePublished\":\"2018-08-21T06:08:47+00:00\",\"description\":\"Das Wohnprojekt Westfeld beim Felix Platter Spital in Basel kommt weiter voran. Ab dem 22. August wird der Bebauungsplan zweiter Stufe \u00f6ffentlich aufgelegt.\",\"breadcrumb\":{\"@id\":\"https:\\\/\\\/www.immobilienbusiness.ch\\\/it\\\/regionen\\\/2018-08-21\\\/basel-bebauungsplan-fuer-westfeld-wird-aufgelegt\\\/#breadcrumb\"},\"inLanguage\":\"de\",\"potentialAction\":[{\"@type\":\"ReadAction\",\"target\":[\"https:\\\/\\\/www.immobilienbusiness.ch\\\/it\\\/regionen\\\/2018-08-21\\\/basel-bebauungsplan-fuer-westfeld-wird-aufgelegt\\\/\"]}]},{\"@type\":\"ImageObject\",\"inLanguage\":\"de\",\"@id\":\"https:\\\/\\\/www.immobilienbusiness.ch\\\/it\\\/regionen\\\/2018-08-21\\\/basel-bebauungsplan-fuer-westfeld-wird-aufgelegt\\\/#primaryimage\",\"url\":\"https:\\\/\\\/www.immobilienbusiness.ch\\\/wp-content\\\/uploads\\\/2018\\\/04\\\/Umnutzung_Felix_Platter-Spital_Aussenansicht_Muller_Sigrist_Rapp_wohnenmehr_klein.jpg\",\"contentUrl\":\"https:\\\/\\\/www.immobilienbusiness.ch\\\/wp-content\\\/uploads\\\/2018\\\/04\\\/Umnutzung_Felix_Platter-Spital_Aussenansicht_Muller_Sigrist_Rapp_wohnenmehr_klein.jpg\",\"width\":1729,\"height\":1181,\"caption\":\"Umnutzung_Felix_Platter-Spital_Aussenansicht_Muller_Sigrist_Rapp_wohnenmehr_klein\"},{\"@type\":\"BreadcrumbList\",\"@id\":\"https:\\\/\\\/www.immobilienbusiness.ch\\\/it\\\/regionen\\\/2018-08-21\\\/basel-bebauungsplan-fuer-westfeld-wird-aufgelegt\\\/#breadcrumb\",\"itemListElement\":[{\"@type\":\"ListItem\",\"position\":1,\"name\":\"Home\",\"item\":\"https:\\\/\\\/www.immobilienbusiness.ch\\\/\"},{\"@type\":\"ListItem\",\"position\":2,\"name\":\"Basel: Bebauungsplan f\u00fcr Westfeld wird aufgelegt\"}]},{\"@type\":\"WebSite\",\"@id\":\"https:\\\/\\\/www.immobilienbusiness.ch\\\/#website\",\"url\":\"https:\\\/\\\/www.immobilienbusiness.ch\\\/\",\"name\":\"IMMOBILIEN Business\",\"description\":\"Unabh\u00e4ngiges Schweizer Wirtschaftsmagazin mit Fokus auf Immobilien, Architektur- und Bau sowie Investment- und Finanzierung.\",\"publisher\":{\"@id\":\"https:\\\/\\\/www.immobilienbusiness.ch\\\/#organization\"},\"potentialAction\":[{\"@type\":\"SearchAction\",\"target\":{\"@type\":\"EntryPoint\",\"urlTemplate\":\"https:\\\/\\\/www.immobilienbusiness.ch\\\/?s={search_term_string}\"},\"query-input\":{\"@type\":\"PropertyValueSpecification\",\"valueRequired\":true,\"valueName\":\"search_term_string\"}}],\"inLanguage\":\"de\"},{\"@type\":\"Organization\",\"@id\":\"https:\\\/\\\/www.immobilienbusiness.ch\\\/#organization\",\"name\":\"IMMOBILIEN Business\",\"url\":\"https:\\\/\\\/www.immobilienbusiness.ch\\\/\",\"logo\":{\"@type\":\"ImageObject\",\"inLanguage\":\"de\",\"@id\":\"https:\\\/\\\/www.immobilienbusiness.ch\\\/#\\\/schema\\\/logo\\\/image\\\/\",\"url\":\"https:\\\/\\\/www.immobilienbusiness.ch\\\/wp-content\\\/uploads\\\/2021\\\/07\\\/logo_ib.png\",\"contentUrl\":\"https:\\\/\\\/www.immobilienbusiness.ch\\\/wp-content\\\/uploads\\\/2021\\\/07\\\/logo_ib.png\",\"width\":800,\"height\":181,\"caption\":\"IMMOBILIEN Business\"},\"image\":{\"@id\":\"https:\\\/\\\/www.immobilienbusiness.ch\\\/#\\\/schema\\\/logo\\\/image\\\/\"},\"sameAs\":[\"https:\\\/\\\/www.facebook.com\\\/immobilienbusiness\\\/\"]},{\"@type\":\"Person\",\"@id\":\"https:\\\/\\\/www.immobilienbusiness.ch\\\/#\\\/schema\\\/person\\\/3fc036297b10b9f42d6db5ee932af8c8\",\"name\":\"anja.hall\",\"image\":{\"@type\":\"ImageObject\",\"inLanguage\":\"de\",\"@id\":\"https:\\\/\\\/secure.gravatar.com\\\/avatar\\\/066b5a0d447013502c71a5782f4f3469f03cfe595cc2329fb94652fe47511bfb?s=96&d=mm&r=g\",\"url\":\"https:\\\/\\\/secure.gravatar.com\\\/avatar\\\/066b5a0d447013502c71a5782f4f3469f03cfe595cc2329fb94652fe47511bfb?s=96&d=mm&r=g\",\"contentUrl\":\"https:\\\/\\\/secure.gravatar.com\\\/avatar\\\/066b5a0d447013502c71a5782f4f3469f03cfe595cc2329fb94652fe47511bfb?s=96&d=mm&r=g\",\"caption\":\"anja.hall\"},\"url\":\"https:\\\/\\\/www.immobilienbusiness.ch\\\/de\\\/author\\\/anja-hall\\\/\"}]}<\/script>\n<!-- \/ Yoast SEO plugin. -->","yoast_head_json":{"title":"Basel: Bebauungsplan f\u00fcr Westfeld wird aufgelegt - IMMOBILIEN Business","description":"Das Wohnprojekt Westfeld beim Felix Platter Spital in Basel kommt weiter voran. Ab dem 22. August wird der Bebauungsplan zweiter Stufe \u00f6ffentlich aufgelegt.","robots":{"index":"index","follow":"follow","max-snippet":"max-snippet:-1","max-image-preview":"max-image-preview:large","max-video-preview":"max-video-preview:-1"},"canonical":"https:\/\/www.immobilienbusiness.ch\/de\/regionen\/2018-08-21\/basel-bebauungsplan-fuer-westfeld-wird-aufgelegt\/","og_locale":"de_DE","og_type":"article","og_title":"Basel: Bebauungsplan f\u00fcr Westfeld wird aufgelegt - IMMOBILIEN Business","og_description":"Das Wohnprojekt Westfeld beim Felix Platter Spital in Basel kommt weiter voran. Ab dem 22. August wird der Bebauungsplan zweiter Stufe \u00f6ffentlich aufgelegt.","og_url":"https:\/\/www.immobilienbusiness.ch\/de\/regionen\/2018-08-21\/basel-bebauungsplan-fuer-westfeld-wird-aufgelegt\/","og_site_name":"IMMOBILIEN Business","article_publisher":"https:\/\/www.facebook.com\/immobilienbusiness\/","article_published_time":"2018-08-21T06:08:47+00:00","og_image":[{"width":1729,"height":1181,"url":"https:\/\/www.immobilienbusiness.ch\/wp-content\/uploads\/2018\/04\/Umnutzung_Felix_Platter-Spital_Aussenansicht_Muller_Sigrist_Rapp_wohnenmehr_klein.jpg","type":"image\/jpeg"}],"author":"anja.hall","twitter_card":"summary_large_image","twitter_image":"https:\/\/www.immobilienbusiness.ch\/wp-content\/uploads\/2018\/04\/Umnutzung_Felix_Platter-Spital_Aussenansicht_Muller_Sigrist_Rapp_wohnenmehr_klein.jpg","schema":{"@context":"https:\/\/schema.org","@graph":[{"@type":"Article","@id":"https:\/\/www.immobilienbusiness.ch\/it\/regionen\/2018-08-21\/basel-bebauungsplan-fuer-westfeld-wird-aufgelegt\/#article","isPartOf":{"@id":"https:\/\/www.immobilienbusiness.ch\/it\/regionen\/2018-08-21\/basel-bebauungsplan-fuer-westfeld-wird-aufgelegt\/"},"author":{"name":"anja.hall","@id":"https:\/\/www.immobilienbusiness.ch\/#\/schema\/person\/3fc036297b10b9f42d6db5ee932af8c8"},"headline":"Basel: Bebauungsplan f\u00fcr Westfeld wird aufgelegt","datePublished":"2018-08-21T06:08:47+00:00","mainEntityOfPage":{"@id":"https:\/\/www.immobilienbusiness.ch\/it\/regionen\/2018-08-21\/basel-bebauungsplan-fuer-westfeld-wird-aufgelegt\/"},"wordCount":254,"commentCount":0,"publisher":{"@id":"https:\/\/www.immobilienbusiness.ch\/#organization"},"image":{"@id":"https:\/\/www.immobilienbusiness.ch\/it\/regionen\/2018-08-21\/basel-bebauungsplan-fuer-westfeld-wird-aufgelegt\/#primaryimage"},"thumbnailUrl":"https:\/\/www.immobilienbusiness.ch\/wp-content\/uploads\/2018\/04\/Umnutzung_Felix_Platter-Spital_Aussenansicht_Muller_Sigrist_Rapp_wohnenmehr_klein.jpg","keywords":["Basel","Baugenossenschaft","Projekt in Planung","Wohnimmobilien"],"articleSection":["REGIONEN"],"inLanguage":"de"},{"@type":"WebPage","@id":"https:\/\/www.immobilienbusiness.ch\/it\/regionen\/2018-08-21\/basel-bebauungsplan-fuer-westfeld-wird-aufgelegt\/","url":"https:\/\/www.immobilienbusiness.ch\/it\/regionen\/2018-08-21\/basel-bebauungsplan-fuer-westfeld-wird-aufgelegt\/","name":"Basel: Bebauungsplan f\u00fcr Westfeld wird aufgelegt - IMMOBILIEN Business","isPartOf":{"@id":"https:\/\/www.immobilienbusiness.ch\/#website"},"primaryImageOfPage":{"@id":"https:\/\/www.immobilienbusiness.ch\/it\/regionen\/2018-08-21\/basel-bebauungsplan-fuer-westfeld-wird-aufgelegt\/#primaryimage"},"image":{"@id":"https:\/\/www.immobilienbusiness.ch\/it\/regionen\/2018-08-21\/basel-bebauungsplan-fuer-westfeld-wird-aufgelegt\/#primaryimage"},"thumbnailUrl":"https:\/\/www.immobilienbusiness.ch\/wp-content\/uploads\/2018\/04\/Umnutzung_Felix_Platter-Spital_Aussenansicht_Muller_Sigrist_Rapp_wohnenmehr_klein.jpg","datePublished":"2018-08-21T06:08:47+00:00","description":"Das Wohnprojekt Westfeld beim Felix Platter Spital in Basel kommt weiter voran. Ab dem 22. August wird der Bebauungsplan zweiter Stufe \u00f6ffentlich aufgelegt.","breadcrumb":{"@id":"https:\/\/www.immobilienbusiness.ch\/it\/regionen\/2018-08-21\/basel-bebauungsplan-fuer-westfeld-wird-aufgelegt\/#breadcrumb"},"inLanguage":"de","potentialAction":[{"@type":"ReadAction","target":["https:\/\/www.immobilienbusiness.ch\/it\/regionen\/2018-08-21\/basel-bebauungsplan-fuer-westfeld-wird-aufgelegt\/"]}]},{"@type":"ImageObject","inLanguage":"de","@id":"https:\/\/www.immobilienbusiness.ch\/it\/regionen\/2018-08-21\/basel-bebauungsplan-fuer-westfeld-wird-aufgelegt\/#primaryimage","url":"https:\/\/www.immobilienbusiness.ch\/wp-content\/uploads\/2018\/04\/Umnutzung_Felix_Platter-Spital_Aussenansicht_Muller_Sigrist_Rapp_wohnenmehr_klein.jpg","contentUrl":"https:\/\/www.immobilienbusiness.ch\/wp-content\/uploads\/2018\/04\/Umnutzung_Felix_Platter-Spital_Aussenansicht_Muller_Sigrist_Rapp_wohnenmehr_klein.jpg","width":1729,"height":1181,"caption":"Umnutzung_Felix_Platter-Spital_Aussenansicht_Muller_Sigrist_Rapp_wohnenmehr_klein"},{"@type":"BreadcrumbList","@id":"https:\/\/www.immobilienbusiness.ch\/it\/regionen\/2018-08-21\/basel-bebauungsplan-fuer-westfeld-wird-aufgelegt\/#breadcrumb","itemListElement":[{"@type":"ListItem","position":1,"name":"Home","item":"https:\/\/www.immobilienbusiness.ch\/"},{"@type":"ListItem","position":2,"name":"Basel: Bebauungsplan f\u00fcr Westfeld wird aufgelegt"}]},{"@type":"WebSite","@id":"https:\/\/www.immobilienbusiness.ch\/#website","url":"https:\/\/www.immobilienbusiness.ch\/","name":"IMMOBILIEN Business","description":"Unabh\u00e4ngiges Schweizer Wirtschaftsmagazin mit Fokus auf Immobilien, Architektur- und Bau sowie Investment- und Finanzierung.","publisher":{"@id":"https:\/\/www.immobilienbusiness.ch\/#organization"},"potentialAction":[{"@type":"SearchAction","target":{"@type":"EntryPoint","urlTemplate":"https:\/\/www.immobilienbusiness.ch\/?s={search_term_string}"},"query-input":{"@type":"PropertyValueSpecification","valueRequired":true,"valueName":"search_term_string"}}],"inLanguage":"de"},{"@type":"Organization","@id":"https:\/\/www.immobilienbusiness.ch\/#organization","name":"IMMOBILIEN Business","url":"https:\/\/www.immobilienbusiness.ch\/","logo":{"@type":"ImageObject","inLanguage":"de","@id":"https:\/\/www.immobilienbusiness.ch\/#\/schema\/logo\/image\/","url":"https:\/\/www.immobilienbusiness.ch\/wp-content\/uploads\/2021\/07\/logo_ib.png","contentUrl":"https:\/\/www.immobilienbusiness.ch\/wp-content\/uploads\/2021\/07\/logo_ib.png","width":800,"height":181,"caption":"IMMOBILIEN Business"},"image":{"@id":"https:\/\/www.immobilienbusiness.ch\/#\/schema\/logo\/image\/"},"sameAs":["https:\/\/www.facebook.com\/immobilienbusiness\/"]},{"@type":"Person","@id":"https:\/\/www.immobilienbusiness.ch\/#\/schema\/person\/3fc036297b10b9f42d6db5ee932af8c8","name":"anja.hall","image":{"@type":"ImageObject","inLanguage":"de","@id":"https:\/\/secure.gravatar.com\/avatar\/066b5a0d447013502c71a5782f4f3469f03cfe595cc2329fb94652fe47511bfb?s=96&d=mm&r=g","url":"https:\/\/secure.gravatar.com\/avatar\/066b5a0d447013502c71a5782f4f3469f03cfe595cc2329fb94652fe47511bfb?s=96&d=mm&r=g","contentUrl":"https:\/\/secure.gravatar.com\/avatar\/066b5a0d447013502c71a5782f4f3469f03cfe595cc2329fb94652fe47511bfb?s=96&d=mm&r=g","caption":"anja.hall"},"url":"https:\/\/www.immobilienbusiness.ch\/de\/author\/anja-hall\/"}]}},"_links":{"self":[{"href":"https:\/\/www.immobilienbusiness.ch\/de\/wp-json\/wp\/v2\/posts\/13747","targetHints":{"allow":["GET"]}}],"collection":[{"href":"https:\/\/www.immobilienbusiness.ch\/de\/wp-json\/wp\/v2\/posts"}],"about":[{"href":"https:\/\/www.immobilienbusiness.ch\/de\/wp-json\/wp\/v2\/types\/post"}],"author":[{"embeddable":true,"href":"https:\/\/www.immobilienbusiness.ch\/de\/wp-json\/wp\/v2\/users\/3"}],"replies":[{"embeddable":true,"href":"https:\/\/www.immobilienbusiness.ch\/de\/wp-json\/wp\/v2\/comments?post=13747"}],"version-history":[{"count":0,"href":"https:\/\/www.immobilienbusiness.ch\/de\/wp-json\/wp\/v2\/posts\/13747\/revisions"}],"wp:featuredmedia":[{"embeddable":true,"href":"https:\/\/www.immobilienbusiness.ch\/de\/wp-json\/wp\/v2\/media\/11942"}],"wp:attachment":[{"href":"https:\/\/www.immobilienbusiness.ch\/de\/wp-json\/wp\/v2\/media?parent=13747"}],"wp:term":[{"taxonomy":"category","embeddable":true,"href":"https:\/\/www.immobilienbusiness.ch\/de\/wp-json\/wp\/v2\/categories?post=13747"},{"taxonomy":"post_tag","embeddable":true,"href":"https:\/\/www.immobilienbusiness.ch\/de\/wp-json\/wp\/v2\/tags?post=13747"}],"curies":[{"name":"wp","href":"https:\/\/api.w.org\/{rel}","templated":true}]}}