{"id":13574,"date":"2018-08-09T07:09:24","date_gmt":"2018-08-09T05:09:24","guid":{"rendered":"https:\/\/www.immobilienbusiness.ch\/?p=13574"},"modified":"2018-08-09T07:09:24","modified_gmt":"2018-08-09T05:09:24","slug":"klimawandel-architektur-steht-vor-paradigmenwechsel","status":"publish","type":"post","link":"https:\/\/www.immobilienbusiness.ch\/de\/residential\/2018-08-09\/klimawandel-architektur-steht-vor-paradigmenwechsel\/","title":{"rendered":"Klimawandel: &#8222;Architektur steht vor Paradigmenwechsel&#8220;"},"content":{"rendered":"<figure id=\"attachment_13616\" aria-describedby=\"caption-attachment-13616\" style=\"width: 680px\" class=\"wp-caption alignnone\"><img loading=\"lazy\" decoding=\"async\" class=\"size-medium wp-image-13616\" src=\"https:\/\/www.immobilienbusiness.ch\/wp-content\/uploads\/2018\/08\/Depositphotos_78749192_m-2015.jpg\" alt=\"\" width=\"680\" height=\"454\" srcset=\"https:\/\/www.immobilienbusiness.ch\/wp-content\/uploads\/2018\/08\/Depositphotos_78749192_m-2015.jpg 1000w, https:\/\/www.immobilienbusiness.ch\/wp-content\/uploads\/2018\/08\/Depositphotos_78749192_m-2015-300x200.jpg 300w, https:\/\/www.immobilienbusiness.ch\/wp-content\/uploads\/2018\/08\/Depositphotos_78749192_m-2015-768x513.jpg 768w, https:\/\/www.immobilienbusiness.ch\/wp-content\/uploads\/2018\/08\/Depositphotos_78749192_m-2015-16x12.jpg 16w, https:\/\/www.immobilienbusiness.ch\/wp-content\/uploads\/2018\/08\/Depositphotos_78749192_m-2015-262x175.jpg 262w, https:\/\/www.immobilienbusiness.ch\/wp-content\/uploads\/2018\/08\/Depositphotos_78749192_m-2015-524x350.jpg 524w, https:\/\/www.immobilienbusiness.ch\/wp-content\/uploads\/2018\/08\/Depositphotos_78749192_m-2015-920x615.jpg 920w\" sizes=\"auto, (max-width: 680px) 100vw, 680px\" \/><figcaption id=\"caption-attachment-13616\" class=\"wp-caption-text\">Die Hochschule Luzern hat untersucht, wie sich der Klimawandel auf Wohnbauten auswirken wird (Bild: stevanovicigor &#8211; depositphotos)<\/figcaption><\/figure>\n<p>Eine <a href=\"http:\/\/www.hslu.ch\/climabau\">Studie der Hochschule Luzern<\/a> zeigt auf, mit welchen Temperaturen wir wegen der Temperaturzunahme durch den Klimawandel in Wohnbauten k\u00fcnftig rechnen m\u00fcssen. Erforscht wurde ausserdem, wie sich die Hitze in den R\u00e4umen m\u00f6glichst klimaschonend reduzieren l\u00e4sst. \u00abInsbesondere in den St\u00e4dten sind innovative Ans\u00e4tze gefragt. Hier werden die Temperaturen im Sommer vor allem aufgrund der versiegelten B\u00f6den noch st\u00e4rker steigen\u00bb, sagt Gianrico Settembrini, Forschungsgruppenleiter am Institut f\u00fcr Geb\u00e4udetechnik und Energie der Hochschule Luzern, das die Studie im Auftrag der Bundes\u00e4mter f\u00fcr Energie und Umwelt durchgef\u00fchrt hat.<\/p>\n<p>Das Team der Hochschule Luzern hat in Zusammenarbeit mit Meteo Schweiz ein Zukunftsszenario simuliert, das aufzeigt, wie sich die Raumtemperaturen von vier real existierenden Geb\u00e4uden \u2013 zwei Neu- und zwei Altbauten in Lugano und in Basel \u2013 entwickeln werden, und wie sich dies auf ihren Energiebedarf auswirkt.<\/p>\n<p>F\u00fcr ein Referenzgeb\u00e4ude \u00abneuer Massivbau nach Minergiestandard\u00bb in der Deutschschweiz zeigen die Berechnungen im durchschnittlich warmen Jahr 2004 insgesamt 27 \u00dcberhitzungsstunden. F\u00fcr das Jahr 2068 werden dagegen bereits rund 900 Stunden \u00dcberhitzungsstunden prognostiziert. Im Tessin k\u00e4me es in einem solchen Geb\u00e4ude im Jahr 2068 sogar zu 1.400 \u00dcberhitzungsstunden. Als \u00ab\u00fcberhitzt\u00bb gilt ein Geb\u00e4ude w\u00e4hrend des Sommerhalbjahres dann, wenn im Innenraum mehr als 26,5 Grad herrschen.<\/p>\n<p>In der Regel \u00fcberhitzen Altbauten weniger stark, vor allem weil sie kleinere Fenster haben. Jedoch sind sie schlechter gegen K\u00e4lte isoliert und offenbaren ihre Nachteile somit in den Wintermonaten.<\/p>\n<h2>Entscheidend ist die K\u00fchlung<\/h2>\n<p>\u00abDie Architektur steht jetzt vor einem Paradigmenwechsel\u00bb, sagt Settembrini. \u00abDer Schutz gegen K\u00e4lte ist nach wie vor wichtig. Aber unsere Daten zeigen, dass sich der Bedarf an Heizw\u00e4rme in Zukunft um 20 bis 30 Prozent reduzieren wird.\u00bb Entscheidend f\u00fcr die Planung behaglicher Wohnh\u00e4user werde in Zukunft die K\u00fchlung sein.<\/p>\n<p>Die Studienautoren betonen in diesem Zusammenhang die zentrale Rolle einer sorgf\u00e4ltigen Geb\u00e4udeplanung: Mit optimalem Sonnenschutz und gen\u00fcgender Nachtausk\u00fchlung seien behagliche Innenraumtemperaturen auch ohne Klimaanlage erreichbar, schreiben sie. Eine Schl\u00fcsselfunktion habe dabei der Fensteranteil in Geb\u00e4uden. \u00abDas bedeutet nicht, dass wir wieder in dunklen Wohnungen mit kleinen Fenstern leben m\u00fcssen\u00bb, sagt Settembrini. \u00abGrosse Fenster an der S\u00fcdfassade sind \u2013 zumindest im Mittelland \u2013 auch in Zukunft empfehlenswert.\u00bb<\/p>\n<p>Architekten m\u00fcssen Fensterfronten k\u00fcnftig so konzipieren, dass die flach stehende Wintersonne ins Geb\u00e4ude gelangt, w\u00e4hrend die hochstehende, intensive Sommersonne abgeschirmt wird. Zudem m\u00fcssten sie von Anfang an Beschattungssysteme in die Planung einbeziehen.<\/p>\n<p>Der W\u00e4rmedurchlass nach innen und nach aussen sollte jeweils dem Standort des Geb\u00e4udes angepasst sein, und zus\u00e4tzlich k\u00f6nnte eine starke Erw\u00e4rmung der R\u00e4ume auch mit innovativen K\u00fchlsystemen abgefedert werden, sagt Settembrini. Ein Beispiel sei das \u00abGeocooling\u00bb. Dabei f\u00fchrt das W\u00e4rmeverteilsystem des Geb\u00e4udes, beispielsweise die Bodenheizung, in den Sommermonaten die W\u00e4rme aus den Wohnr\u00e4umen ab, leitet sie \u00fcber eine W\u00e4rmepumpe ins Erdreich und speichert sie dort. Im Winter funktioniert das System umgekehrt: Fie W\u00e4rmepumpe nutzt die im Erdreich gespeicherte W\u00e4rmeenergie f\u00fcr die Heizung des Geb\u00e4udes.<\/p>\n","protected":false},"excerpt":{"rendered":"<p>Wegen des Klimawandels werden Geb\u00e4ude in der Schweiz k\u00fcnftig im Winter weniger geheizt, im Sommer hingegen st\u00e4rker gek\u00fchlt werden m\u00fcssen. Forscher des Instituts f\u00fcr Geb\u00e4udetechnik und Energie der Hochschule Luzern untersuchten, was das f\u00fcr die Bauwirtschaft bedeutet.<\/p>\n","protected":false},"author":3,"featured_media":13616,"comment_status":"open","ping_status":"open","sticky":false,"template":"","format":"standard","meta":{"_acf_changed":false,"_yoast_wpseo_focuskw":"Architektur","_yoast_wpseo_title":"","_yoast_wpseo_metadesc":"Mit dem Klimawandel \u00e4ndern sich auch die Anforderungen an Geb\u00e4ude. Forscher der Hochschule Luzern untersuchten, was das f\u00fcr die Bauwirtschaft bedeutet.","_yoast_wpseo_linkdex":69,"pgc_sgb_lightbox_settings":"","footnotes":""},"categories":[986],"tags":[1039,1514,1740],"class_list":["post-13574","post","type-post","status-publish","format-standard","has-post-thumbnail","hentry","category-residential","tag-architektur","tag-nachhaltiges-bauen","tag-studie"],"acf":[],"yoast_head":"<!-- This site is optimized with the Yoast SEO plugin v27.4 - https:\/\/yoast.com\/product\/yoast-seo-wordpress\/ -->\n<title>Klimawandel: &quot;Architektur steht vor Paradigmenwechsel&quot; - IMMOBILIEN Business<\/title>\n<meta name=\"description\" content=\"Mit dem Klimawandel \u00e4ndern sich auch die Anforderungen an Geb\u00e4ude. Forscher der Hochschule Luzern untersuchten, was das f\u00fcr die Bauwirtschaft bedeutet.\" \/>\n<meta name=\"robots\" content=\"index, follow, max-snippet:-1, max-image-preview:large, max-video-preview:-1\" \/>\n<link rel=\"canonical\" href=\"https:\/\/www.immobilienbusiness.ch\/de\/residential\/2018-08-09\/klimawandel-architektur-steht-vor-paradigmenwechsel\/\" \/>\n<meta property=\"og:locale\" content=\"de_DE\" \/>\n<meta property=\"og:type\" content=\"article\" \/>\n<meta property=\"og:title\" content=\"Klimawandel: &quot;Architektur steht vor Paradigmenwechsel&quot; - IMMOBILIEN Business\" \/>\n<meta property=\"og:description\" content=\"Mit dem Klimawandel \u00e4ndern sich auch die Anforderungen an Geb\u00e4ude. Forscher der Hochschule Luzern untersuchten, was das f\u00fcr die Bauwirtschaft bedeutet.\" \/>\n<meta property=\"og:url\" content=\"https:\/\/www.immobilienbusiness.ch\/de\/residential\/2018-08-09\/klimawandel-architektur-steht-vor-paradigmenwechsel\/\" \/>\n<meta property=\"og:site_name\" content=\"IMMOBILIEN Business\" \/>\n<meta property=\"article:publisher\" content=\"https:\/\/www.facebook.com\/immobilienbusiness\/\" \/>\n<meta property=\"article:published_time\" content=\"2018-08-09T05:09:24+00:00\" \/>\n<meta property=\"og:image\" content=\"https:\/\/www.immobilienbusiness.ch\/wp-content\/uploads\/2018\/08\/Depositphotos_78749192_m-2015.jpg\" \/>\n\t<meta property=\"og:image:width\" content=\"1000\" \/>\n\t<meta property=\"og:image:height\" content=\"668\" \/>\n\t<meta property=\"og:image:type\" content=\"image\/jpeg\" \/>\n<meta name=\"author\" content=\"anja.hall\" \/>\n<meta name=\"twitter:card\" content=\"summary_large_image\" \/>\n<script type=\"application\/ld+json\" class=\"yoast-schema-graph\">{\"@context\":\"https:\\\/\\\/schema.org\",\"@graph\":[{\"@type\":\"Article\",\"@id\":\"https:\\\/\\\/www.immobilienbusiness.ch\\\/residential\\\/2018-08-09\\\/klimawandel-architektur-steht-vor-paradigmenwechsel\\\/#article\",\"isPartOf\":{\"@id\":\"https:\\\/\\\/www.immobilienbusiness.ch\\\/residential\\\/2018-08-09\\\/klimawandel-architektur-steht-vor-paradigmenwechsel\\\/\"},\"author\":{\"name\":\"anja.hall\",\"@id\":\"https:\\\/\\\/www.immobilienbusiness.ch\\\/#\\\/schema\\\/person\\\/3fc036297b10b9f42d6db5ee932af8c8\"},\"headline\":\"Klimawandel: &#8222;Architektur steht vor Paradigmenwechsel&#8220;\",\"datePublished\":\"2018-08-09T05:09:24+00:00\",\"mainEntityOfPage\":{\"@id\":\"https:\\\/\\\/www.immobilienbusiness.ch\\\/residential\\\/2018-08-09\\\/klimawandel-architektur-steht-vor-paradigmenwechsel\\\/\"},\"wordCount\":536,\"commentCount\":0,\"publisher\":{\"@id\":\"https:\\\/\\\/www.immobilienbusiness.ch\\\/#organization\"},\"image\":{\"@id\":\"https:\\\/\\\/www.immobilienbusiness.ch\\\/residential\\\/2018-08-09\\\/klimawandel-architektur-steht-vor-paradigmenwechsel\\\/#primaryimage\"},\"thumbnailUrl\":\"https:\\\/\\\/www.immobilienbusiness.ch\\\/wp-content\\\/uploads\\\/2018\\\/08\\\/Depositphotos_78749192_m-2015.jpg\",\"keywords\":[\"Architektur\",\"Nachhaltiges Bauen\",\"Studie\"],\"articleSection\":[\"RESIDENTIAL\"],\"inLanguage\":\"de\"},{\"@type\":\"WebPage\",\"@id\":\"https:\\\/\\\/www.immobilienbusiness.ch\\\/residential\\\/2018-08-09\\\/klimawandel-architektur-steht-vor-paradigmenwechsel\\\/\",\"url\":\"https:\\\/\\\/www.immobilienbusiness.ch\\\/residential\\\/2018-08-09\\\/klimawandel-architektur-steht-vor-paradigmenwechsel\\\/\",\"name\":\"Klimawandel: \\\"Architektur steht vor Paradigmenwechsel\\\" - IMMOBILIEN Business\",\"isPartOf\":{\"@id\":\"https:\\\/\\\/www.immobilienbusiness.ch\\\/#website\"},\"primaryImageOfPage\":{\"@id\":\"https:\\\/\\\/www.immobilienbusiness.ch\\\/residential\\\/2018-08-09\\\/klimawandel-architektur-steht-vor-paradigmenwechsel\\\/#primaryimage\"},\"image\":{\"@id\":\"https:\\\/\\\/www.immobilienbusiness.ch\\\/residential\\\/2018-08-09\\\/klimawandel-architektur-steht-vor-paradigmenwechsel\\\/#primaryimage\"},\"thumbnailUrl\":\"https:\\\/\\\/www.immobilienbusiness.ch\\\/wp-content\\\/uploads\\\/2018\\\/08\\\/Depositphotos_78749192_m-2015.jpg\",\"datePublished\":\"2018-08-09T05:09:24+00:00\",\"description\":\"Mit dem Klimawandel \u00e4ndern sich auch die Anforderungen an Geb\u00e4ude. Forscher der Hochschule Luzern untersuchten, was das f\u00fcr die Bauwirtschaft bedeutet.\",\"breadcrumb\":{\"@id\":\"https:\\\/\\\/www.immobilienbusiness.ch\\\/residential\\\/2018-08-09\\\/klimawandel-architektur-steht-vor-paradigmenwechsel\\\/#breadcrumb\"},\"inLanguage\":\"de\",\"potentialAction\":[{\"@type\":\"ReadAction\",\"target\":[\"https:\\\/\\\/www.immobilienbusiness.ch\\\/residential\\\/2018-08-09\\\/klimawandel-architektur-steht-vor-paradigmenwechsel\\\/\"]}]},{\"@type\":\"ImageObject\",\"inLanguage\":\"de\",\"@id\":\"https:\\\/\\\/www.immobilienbusiness.ch\\\/residential\\\/2018-08-09\\\/klimawandel-architektur-steht-vor-paradigmenwechsel\\\/#primaryimage\",\"url\":\"https:\\\/\\\/www.immobilienbusiness.ch\\\/wp-content\\\/uploads\\\/2018\\\/08\\\/Depositphotos_78749192_m-2015.jpg\",\"contentUrl\":\"https:\\\/\\\/www.immobilienbusiness.ch\\\/wp-content\\\/uploads\\\/2018\\\/08\\\/Depositphotos_78749192_m-2015.jpg\",\"width\":1000,\"height\":668,\"caption\":\"PSP Swiss Property hat die Mieteinnahmen like-for-like gesteigert (Symbolbild: stevanovicigor - depositphotos)\"},{\"@type\":\"BreadcrumbList\",\"@id\":\"https:\\\/\\\/www.immobilienbusiness.ch\\\/residential\\\/2018-08-09\\\/klimawandel-architektur-steht-vor-paradigmenwechsel\\\/#breadcrumb\",\"itemListElement\":[{\"@type\":\"ListItem\",\"position\":1,\"name\":\"Home\",\"item\":\"https:\\\/\\\/www.immobilienbusiness.ch\\\/\"},{\"@type\":\"ListItem\",\"position\":2,\"name\":\"Klimawandel: &#8222;Architektur steht vor Paradigmenwechsel&#8220;\"}]},{\"@type\":\"WebSite\",\"@id\":\"https:\\\/\\\/www.immobilienbusiness.ch\\\/#website\",\"url\":\"https:\\\/\\\/www.immobilienbusiness.ch\\\/\",\"name\":\"IMMOBILIEN Business\",\"description\":\"Unabh\u00e4ngiges Schweizer Wirtschaftsmagazin mit Fokus auf Immobilien, Architektur- und Bau sowie Investment- und Finanzierung.\",\"publisher\":{\"@id\":\"https:\\\/\\\/www.immobilienbusiness.ch\\\/#organization\"},\"potentialAction\":[{\"@type\":\"SearchAction\",\"target\":{\"@type\":\"EntryPoint\",\"urlTemplate\":\"https:\\\/\\\/www.immobilienbusiness.ch\\\/?s={search_term_string}\"},\"query-input\":{\"@type\":\"PropertyValueSpecification\",\"valueRequired\":true,\"valueName\":\"search_term_string\"}}],\"inLanguage\":\"de\"},{\"@type\":\"Organization\",\"@id\":\"https:\\\/\\\/www.immobilienbusiness.ch\\\/#organization\",\"name\":\"IMMOBILIEN Business\",\"url\":\"https:\\\/\\\/www.immobilienbusiness.ch\\\/\",\"logo\":{\"@type\":\"ImageObject\",\"inLanguage\":\"de\",\"@id\":\"https:\\\/\\\/www.immobilienbusiness.ch\\\/#\\\/schema\\\/logo\\\/image\\\/\",\"url\":\"https:\\\/\\\/www.immobilienbusiness.ch\\\/wp-content\\\/uploads\\\/2021\\\/07\\\/logo_ib.png\",\"contentUrl\":\"https:\\\/\\\/www.immobilienbusiness.ch\\\/wp-content\\\/uploads\\\/2021\\\/07\\\/logo_ib.png\",\"width\":800,\"height\":181,\"caption\":\"IMMOBILIEN Business\"},\"image\":{\"@id\":\"https:\\\/\\\/www.immobilienbusiness.ch\\\/#\\\/schema\\\/logo\\\/image\\\/\"},\"sameAs\":[\"https:\\\/\\\/www.facebook.com\\\/immobilienbusiness\\\/\"]},{\"@type\":\"Person\",\"@id\":\"https:\\\/\\\/www.immobilienbusiness.ch\\\/#\\\/schema\\\/person\\\/3fc036297b10b9f42d6db5ee932af8c8\",\"name\":\"anja.hall\",\"image\":{\"@type\":\"ImageObject\",\"inLanguage\":\"de\",\"@id\":\"https:\\\/\\\/secure.gravatar.com\\\/avatar\\\/066b5a0d447013502c71a5782f4f3469f03cfe595cc2329fb94652fe47511bfb?s=96&d=mm&r=g\",\"url\":\"https:\\\/\\\/secure.gravatar.com\\\/avatar\\\/066b5a0d447013502c71a5782f4f3469f03cfe595cc2329fb94652fe47511bfb?s=96&d=mm&r=g\",\"contentUrl\":\"https:\\\/\\\/secure.gravatar.com\\\/avatar\\\/066b5a0d447013502c71a5782f4f3469f03cfe595cc2329fb94652fe47511bfb?s=96&d=mm&r=g\",\"caption\":\"anja.hall\"},\"url\":\"https:\\\/\\\/www.immobilienbusiness.ch\\\/de\\\/author\\\/anja-hall\\\/\"}]}<\/script>\n<!-- \/ Yoast SEO plugin. -->","yoast_head_json":{"title":"Klimawandel: \"Architektur steht vor Paradigmenwechsel\" - IMMOBILIEN Business","description":"Mit dem Klimawandel \u00e4ndern sich auch die Anforderungen an Geb\u00e4ude. Forscher der Hochschule Luzern untersuchten, was das f\u00fcr die Bauwirtschaft bedeutet.","robots":{"index":"index","follow":"follow","max-snippet":"max-snippet:-1","max-image-preview":"max-image-preview:large","max-video-preview":"max-video-preview:-1"},"canonical":"https:\/\/www.immobilienbusiness.ch\/de\/residential\/2018-08-09\/klimawandel-architektur-steht-vor-paradigmenwechsel\/","og_locale":"de_DE","og_type":"article","og_title":"Klimawandel: \"Architektur steht vor Paradigmenwechsel\" - IMMOBILIEN Business","og_description":"Mit dem Klimawandel \u00e4ndern sich auch die Anforderungen an Geb\u00e4ude. Forscher der Hochschule Luzern untersuchten, was das f\u00fcr die Bauwirtschaft bedeutet.","og_url":"https:\/\/www.immobilienbusiness.ch\/de\/residential\/2018-08-09\/klimawandel-architektur-steht-vor-paradigmenwechsel\/","og_site_name":"IMMOBILIEN Business","article_publisher":"https:\/\/www.facebook.com\/immobilienbusiness\/","article_published_time":"2018-08-09T05:09:24+00:00","og_image":[{"width":1000,"height":668,"url":"https:\/\/www.immobilienbusiness.ch\/wp-content\/uploads\/2018\/08\/Depositphotos_78749192_m-2015.jpg","type":"image\/jpeg"}],"author":"anja.hall","twitter_card":"summary_large_image","schema":{"@context":"https:\/\/schema.org","@graph":[{"@type":"Article","@id":"https:\/\/www.immobilienbusiness.ch\/residential\/2018-08-09\/klimawandel-architektur-steht-vor-paradigmenwechsel\/#article","isPartOf":{"@id":"https:\/\/www.immobilienbusiness.ch\/residential\/2018-08-09\/klimawandel-architektur-steht-vor-paradigmenwechsel\/"},"author":{"name":"anja.hall","@id":"https:\/\/www.immobilienbusiness.ch\/#\/schema\/person\/3fc036297b10b9f42d6db5ee932af8c8"},"headline":"Klimawandel: &#8222;Architektur steht vor Paradigmenwechsel&#8220;","datePublished":"2018-08-09T05:09:24+00:00","mainEntityOfPage":{"@id":"https:\/\/www.immobilienbusiness.ch\/residential\/2018-08-09\/klimawandel-architektur-steht-vor-paradigmenwechsel\/"},"wordCount":536,"commentCount":0,"publisher":{"@id":"https:\/\/www.immobilienbusiness.ch\/#organization"},"image":{"@id":"https:\/\/www.immobilienbusiness.ch\/residential\/2018-08-09\/klimawandel-architektur-steht-vor-paradigmenwechsel\/#primaryimage"},"thumbnailUrl":"https:\/\/www.immobilienbusiness.ch\/wp-content\/uploads\/2018\/08\/Depositphotos_78749192_m-2015.jpg","keywords":["Architektur","Nachhaltiges Bauen","Studie"],"articleSection":["RESIDENTIAL"],"inLanguage":"de"},{"@type":"WebPage","@id":"https:\/\/www.immobilienbusiness.ch\/residential\/2018-08-09\/klimawandel-architektur-steht-vor-paradigmenwechsel\/","url":"https:\/\/www.immobilienbusiness.ch\/residential\/2018-08-09\/klimawandel-architektur-steht-vor-paradigmenwechsel\/","name":"Klimawandel: \"Architektur steht vor Paradigmenwechsel\" - IMMOBILIEN Business","isPartOf":{"@id":"https:\/\/www.immobilienbusiness.ch\/#website"},"primaryImageOfPage":{"@id":"https:\/\/www.immobilienbusiness.ch\/residential\/2018-08-09\/klimawandel-architektur-steht-vor-paradigmenwechsel\/#primaryimage"},"image":{"@id":"https:\/\/www.immobilienbusiness.ch\/residential\/2018-08-09\/klimawandel-architektur-steht-vor-paradigmenwechsel\/#primaryimage"},"thumbnailUrl":"https:\/\/www.immobilienbusiness.ch\/wp-content\/uploads\/2018\/08\/Depositphotos_78749192_m-2015.jpg","datePublished":"2018-08-09T05:09:24+00:00","description":"Mit dem Klimawandel \u00e4ndern sich auch die Anforderungen an Geb\u00e4ude. Forscher der Hochschule Luzern untersuchten, was das f\u00fcr die Bauwirtschaft bedeutet.","breadcrumb":{"@id":"https:\/\/www.immobilienbusiness.ch\/residential\/2018-08-09\/klimawandel-architektur-steht-vor-paradigmenwechsel\/#breadcrumb"},"inLanguage":"de","potentialAction":[{"@type":"ReadAction","target":["https:\/\/www.immobilienbusiness.ch\/residential\/2018-08-09\/klimawandel-architektur-steht-vor-paradigmenwechsel\/"]}]},{"@type":"ImageObject","inLanguage":"de","@id":"https:\/\/www.immobilienbusiness.ch\/residential\/2018-08-09\/klimawandel-architektur-steht-vor-paradigmenwechsel\/#primaryimage","url":"https:\/\/www.immobilienbusiness.ch\/wp-content\/uploads\/2018\/08\/Depositphotos_78749192_m-2015.jpg","contentUrl":"https:\/\/www.immobilienbusiness.ch\/wp-content\/uploads\/2018\/08\/Depositphotos_78749192_m-2015.jpg","width":1000,"height":668,"caption":"PSP Swiss Property hat die Mieteinnahmen like-for-like gesteigert (Symbolbild: stevanovicigor - depositphotos)"},{"@type":"BreadcrumbList","@id":"https:\/\/www.immobilienbusiness.ch\/residential\/2018-08-09\/klimawandel-architektur-steht-vor-paradigmenwechsel\/#breadcrumb","itemListElement":[{"@type":"ListItem","position":1,"name":"Home","item":"https:\/\/www.immobilienbusiness.ch\/"},{"@type":"ListItem","position":2,"name":"Klimawandel: &#8222;Architektur steht vor Paradigmenwechsel&#8220;"}]},{"@type":"WebSite","@id":"https:\/\/www.immobilienbusiness.ch\/#website","url":"https:\/\/www.immobilienbusiness.ch\/","name":"IMMOBILIEN Business","description":"Unabh\u00e4ngiges Schweizer Wirtschaftsmagazin mit Fokus auf Immobilien, Architektur- und Bau sowie Investment- und Finanzierung.","publisher":{"@id":"https:\/\/www.immobilienbusiness.ch\/#organization"},"potentialAction":[{"@type":"SearchAction","target":{"@type":"EntryPoint","urlTemplate":"https:\/\/www.immobilienbusiness.ch\/?s={search_term_string}"},"query-input":{"@type":"PropertyValueSpecification","valueRequired":true,"valueName":"search_term_string"}}],"inLanguage":"de"},{"@type":"Organization","@id":"https:\/\/www.immobilienbusiness.ch\/#organization","name":"IMMOBILIEN Business","url":"https:\/\/www.immobilienbusiness.ch\/","logo":{"@type":"ImageObject","inLanguage":"de","@id":"https:\/\/www.immobilienbusiness.ch\/#\/schema\/logo\/image\/","url":"https:\/\/www.immobilienbusiness.ch\/wp-content\/uploads\/2021\/07\/logo_ib.png","contentUrl":"https:\/\/www.immobilienbusiness.ch\/wp-content\/uploads\/2021\/07\/logo_ib.png","width":800,"height":181,"caption":"IMMOBILIEN Business"},"image":{"@id":"https:\/\/www.immobilienbusiness.ch\/#\/schema\/logo\/image\/"},"sameAs":["https:\/\/www.facebook.com\/immobilienbusiness\/"]},{"@type":"Person","@id":"https:\/\/www.immobilienbusiness.ch\/#\/schema\/person\/3fc036297b10b9f42d6db5ee932af8c8","name":"anja.hall","image":{"@type":"ImageObject","inLanguage":"de","@id":"https:\/\/secure.gravatar.com\/avatar\/066b5a0d447013502c71a5782f4f3469f03cfe595cc2329fb94652fe47511bfb?s=96&d=mm&r=g","url":"https:\/\/secure.gravatar.com\/avatar\/066b5a0d447013502c71a5782f4f3469f03cfe595cc2329fb94652fe47511bfb?s=96&d=mm&r=g","contentUrl":"https:\/\/secure.gravatar.com\/avatar\/066b5a0d447013502c71a5782f4f3469f03cfe595cc2329fb94652fe47511bfb?s=96&d=mm&r=g","caption":"anja.hall"},"url":"https:\/\/www.immobilienbusiness.ch\/de\/author\/anja-hall\/"}]}},"_links":{"self":[{"href":"https:\/\/www.immobilienbusiness.ch\/de\/wp-json\/wp\/v2\/posts\/13574","targetHints":{"allow":["GET"]}}],"collection":[{"href":"https:\/\/www.immobilienbusiness.ch\/de\/wp-json\/wp\/v2\/posts"}],"about":[{"href":"https:\/\/www.immobilienbusiness.ch\/de\/wp-json\/wp\/v2\/types\/post"}],"author":[{"embeddable":true,"href":"https:\/\/www.immobilienbusiness.ch\/de\/wp-json\/wp\/v2\/users\/3"}],"replies":[{"embeddable":true,"href":"https:\/\/www.immobilienbusiness.ch\/de\/wp-json\/wp\/v2\/comments?post=13574"}],"version-history":[{"count":0,"href":"https:\/\/www.immobilienbusiness.ch\/de\/wp-json\/wp\/v2\/posts\/13574\/revisions"}],"wp:featuredmedia":[{"embeddable":true,"href":"https:\/\/www.immobilienbusiness.ch\/de\/wp-json\/wp\/v2\/media\/13616"}],"wp:attachment":[{"href":"https:\/\/www.immobilienbusiness.ch\/de\/wp-json\/wp\/v2\/media?parent=13574"}],"wp:term":[{"taxonomy":"category","embeddable":true,"href":"https:\/\/www.immobilienbusiness.ch\/de\/wp-json\/wp\/v2\/categories?post=13574"},{"taxonomy":"post_tag","embeddable":true,"href":"https:\/\/www.immobilienbusiness.ch\/de\/wp-json\/wp\/v2\/tags?post=13574"}],"curies":[{"name":"wp","href":"https:\/\/api.w.org\/{rel}","templated":true}]}}