{"id":13559,"date":"2018-08-02T13:32:40","date_gmt":"2018-08-02T11:32:40","guid":{"rendered":"https:\/\/www.immobilienbusiness.ch\/?p=13559"},"modified":"2018-08-02T13:32:40","modified_gmt":"2018-08-02T11:32:40","slug":"neue-huerden-fuer-das-neubauprojekt-hotel-flaz","status":"publish","type":"post","link":"https:\/\/www.immobilienbusiness.ch\/de\/allgemein\/2018-08-02\/neue-huerden-fuer-das-neubauprojekt-hotel-flaz\/","title":{"rendered":"Neue H\u00fcrden f\u00fcr das Neubauprojekt &#8222;Hotel Flaz&#8220;"},"content":{"rendered":"<figure id=\"attachment_13556\" aria-describedby=\"caption-attachment-13556\" style=\"width: 555px\" class=\"wp-caption alignnone\"><img loading=\"lazy\" decoding=\"async\" class=\"wp-image-13556 size-full\" src=\"https:\/\/www.immobilienbusiness.ch\/wp-content\/uploads\/2018\/08\/Hotel-Flaz_Pontresina.jpg\" alt=\"Das geplante Hotel Flaz in Pontresina\" width=\"555\" height=\"554\" srcset=\"https:\/\/www.immobilienbusiness.ch\/wp-content\/uploads\/2018\/08\/Hotel-Flaz_Pontresina.jpg 555w, https:\/\/www.immobilienbusiness.ch\/wp-content\/uploads\/2018\/08\/Hotel-Flaz_Pontresina-300x299.jpg 300w, https:\/\/www.immobilienbusiness.ch\/wp-content\/uploads\/2018\/08\/Hotel-Flaz_Pontresina-150x150.jpg 150w, https:\/\/www.immobilienbusiness.ch\/wp-content\/uploads\/2018\/08\/Hotel-Flaz_Pontresina-12x12.jpg 12w, https:\/\/www.immobilienbusiness.ch\/wp-content\/uploads\/2018\/08\/Hotel-Flaz_Pontresina-175x175.jpg 175w, https:\/\/www.immobilienbusiness.ch\/wp-content\/uploads\/2018\/08\/Hotel-Flaz_Pontresina-351x350.jpg 351w, https:\/\/www.immobilienbusiness.ch\/wp-content\/uploads\/2018\/08\/Hotel-Flaz_Pontresina-250x250.jpg 250w, https:\/\/www.immobilienbusiness.ch\/wp-content\/uploads\/2018\/08\/Hotel-Flaz_Pontresina-100x100.jpg 100w\" sizes=\"auto, (max-width: 555px) 100vw, 555px\" \/><figcaption id=\"caption-attachment-13556\" class=\"wp-caption-text\"><em>Das geplante Hotel Flaz in Pontresina<\/em><\/figcaption><\/figure>\n<p>In Pontresina soll auf dem gemeindeeigenen Sportplatz Roseg ein neues Sporthotel im Drei-Sterne-Bereich entstehen. Das auf rund 20 Millionen CHF veranschlagte Projekt (exklusive Grundst\u00fcck) entsteht im Baurecht und wird von einer Investorengruppe aus Werner Baumgartner, Luis Wieser und Kurt Baumgartner realisiert (Quelle: HRS).<\/p>\n<p>Die Gemeinde hat ihr Plazet bereits gegeben: Ende 2014 haben die Stimmberechtigten der Gemeinde Pontresina den raumplanerischen Grundlagen mit der Umzonung des Areals zugestimmt. Die Planungen f\u00fcr das f\u00fcnfst\u00f6ckige Hotel Flaz mit 94 Zimmern und 188 Betten sind weit fortgeschritten, das Baugesuch ist eingereicht \u2013\u00a0doch nun wird das Projekt ein Fall f\u00fcr das Bundesgericht.<\/p>\n<p>Denn inzwischen gibt es Widerstand gegen das Bauvorhaben. Das geplante Projekt sei zu gross und passe nicht ins Dorfbild, meinen die Kritiker. Ende 2017 reichte ein Komitee eine Initiative ein, die den Erhalt des Sportplatzes und ein \u00abortsvertr\u00e4gliches Hotel\u00bb fordert. Die Gemeinde wies die Initiative zur\u00fcck mit der Begr\u00fcndung, dass der Protest zu sp\u00e4t komme \u2013 schliesslich habe das Volk zum neuen Hotel bereits Ja gesagt. Eine Entscheidung, die das B\u00fcndner Verwaltungsgericht st\u00fctzte. Doch nun ziehen die Initianten Fall ans Bundesgericht weiter, wie regionale Medien berichten.<\/p>\n","protected":false},"excerpt":{"rendered":"<p>In Pontresina gibt es Widerstand gegen den geplant Bau des Hotel Flaz. Die Gegner des Projekts ziehen ihre Klage vor das Bundesgericht weiter. <\/p>\n","protected":false},"author":102,"featured_media":13556,"comment_status":"open","ping_status":"open","sticky":false,"template":"","format":"standard","meta":{"_acf_changed":false,"_yoast_wpseo_focuskw":"Neue H\u00fcrden f\u00fcr das Neubauprojekt Hotel Flaz","_yoast_wpseo_title":"","_yoast_wpseo_metadesc":"","_yoast_wpseo_linkdex":41,"pgc_sgb_lightbox_settings":"","footnotes":""},"categories":[1],"tags":[1314,1581],"class_list":["post-13559","post","type-post","status-publish","format-standard","has-post-thumbnail","hentry","category-allgemein","tag-hotel-flaz","tag-pontresina"],"acf":[],"yoast_head":"<!-- This site is optimized with the Yoast SEO plugin v27.5 - https:\/\/yoast.com\/product\/yoast-seo-wordpress\/ -->\n<title>Neue H\u00fcrden f\u00fcr das Neubauprojekt &quot;Hotel Flaz&quot; - IMMOBILIEN Business<\/title>\n<meta name=\"robots\" content=\"index, follow, max-snippet:-1, max-image-preview:large, max-video-preview:-1\" \/>\n<link rel=\"canonical\" href=\"https:\/\/www.immobilienbusiness.ch\/de\/allgemein\/2018-08-02\/neue-huerden-fuer-das-neubauprojekt-hotel-flaz\/\" \/>\n<meta property=\"og:locale\" content=\"de_DE\" \/>\n<meta property=\"og:type\" content=\"article\" \/>\n<meta property=\"og:title\" content=\"Neue H\u00fcrden f\u00fcr das Neubauprojekt &quot;Hotel Flaz&quot; - IMMOBILIEN Business\" \/>\n<meta property=\"og:description\" content=\"In Pontresina gibt es Widerstand gegen den geplant Bau des Hotel Flaz. Die Gegner des Projekts ziehen ihre Klage vor das Bundesgericht weiter.\" \/>\n<meta property=\"og:url\" content=\"https:\/\/www.immobilienbusiness.ch\/de\/allgemein\/2018-08-02\/neue-huerden-fuer-das-neubauprojekt-hotel-flaz\/\" \/>\n<meta property=\"og:site_name\" content=\"IMMOBILIEN Business\" \/>\n<meta property=\"article:publisher\" content=\"https:\/\/www.facebook.com\/immobilienbusiness\/\" \/>\n<meta property=\"article:published_time\" content=\"2018-08-02T11:32:40+00:00\" \/>\n<meta property=\"og:image\" content=\"https:\/\/www.immobilienbusiness.ch\/wp-content\/uploads\/2018\/08\/Hotel-Flaz_Pontresina.jpg\" \/>\n\t<meta property=\"og:image:width\" content=\"555\" \/>\n\t<meta property=\"og:image:height\" content=\"554\" \/>\n\t<meta property=\"og:image:type\" content=\"image\/jpeg\" \/>\n<meta name=\"author\" content=\"Alexander Wachter\" \/>\n<meta name=\"twitter:card\" content=\"summary_large_image\" \/>\n<script type=\"application\/ld+json\" class=\"yoast-schema-graph\">{\"@context\":\"https:\\\/\\\/schema.org\",\"@graph\":[{\"@type\":\"Article\",\"@id\":\"https:\\\/\\\/www.immobilienbusiness.ch\\\/allgemein\\\/2018-08-02\\\/neue-huerden-fuer-das-neubauprojekt-hotel-flaz\\\/#article\",\"isPartOf\":{\"@id\":\"https:\\\/\\\/www.immobilienbusiness.ch\\\/allgemein\\\/2018-08-02\\\/neue-huerden-fuer-das-neubauprojekt-hotel-flaz\\\/\"},\"author\":{\"name\":\"Alexander Wachter\",\"@id\":\"https:\\\/\\\/www.immobilienbusiness.ch\\\/#\\\/schema\\\/person\\\/aba8bea2db926aa0c24c08c43fe1fcd5\"},\"headline\":\"Neue H\u00fcrden f\u00fcr das Neubauprojekt &#8222;Hotel Flaz&#8220;\",\"datePublished\":\"2018-08-02T11:32:40+00:00\",\"mainEntityOfPage\":{\"@id\":\"https:\\\/\\\/www.immobilienbusiness.ch\\\/allgemein\\\/2018-08-02\\\/neue-huerden-fuer-das-neubauprojekt-hotel-flaz\\\/\"},\"wordCount\":210,\"commentCount\":0,\"publisher\":{\"@id\":\"https:\\\/\\\/www.immobilienbusiness.ch\\\/#organization\"},\"image\":{\"@id\":\"https:\\\/\\\/www.immobilienbusiness.ch\\\/allgemein\\\/2018-08-02\\\/neue-huerden-fuer-das-neubauprojekt-hotel-flaz\\\/#primaryimage\"},\"thumbnailUrl\":\"https:\\\/\\\/www.immobilienbusiness.ch\\\/wp-content\\\/uploads\\\/2018\\\/08\\\/Hotel-Flaz_Pontresina.jpg\",\"keywords\":[\"Hotel Flaz\",\"Pontresina\"],\"inLanguage\":\"de\"},{\"@type\":\"WebPage\",\"@id\":\"https:\\\/\\\/www.immobilienbusiness.ch\\\/allgemein\\\/2018-08-02\\\/neue-huerden-fuer-das-neubauprojekt-hotel-flaz\\\/\",\"url\":\"https:\\\/\\\/www.immobilienbusiness.ch\\\/allgemein\\\/2018-08-02\\\/neue-huerden-fuer-das-neubauprojekt-hotel-flaz\\\/\",\"name\":\"Neue H\u00fcrden f\u00fcr das Neubauprojekt \\\"Hotel Flaz\\\" - IMMOBILIEN Business\",\"isPartOf\":{\"@id\":\"https:\\\/\\\/www.immobilienbusiness.ch\\\/#website\"},\"primaryImageOfPage\":{\"@id\":\"https:\\\/\\\/www.immobilienbusiness.ch\\\/allgemein\\\/2018-08-02\\\/neue-huerden-fuer-das-neubauprojekt-hotel-flaz\\\/#primaryimage\"},\"image\":{\"@id\":\"https:\\\/\\\/www.immobilienbusiness.ch\\\/allgemein\\\/2018-08-02\\\/neue-huerden-fuer-das-neubauprojekt-hotel-flaz\\\/#primaryimage\"},\"thumbnailUrl\":\"https:\\\/\\\/www.immobilienbusiness.ch\\\/wp-content\\\/uploads\\\/2018\\\/08\\\/Hotel-Flaz_Pontresina.jpg\",\"datePublished\":\"2018-08-02T11:32:40+00:00\",\"breadcrumb\":{\"@id\":\"https:\\\/\\\/www.immobilienbusiness.ch\\\/allgemein\\\/2018-08-02\\\/neue-huerden-fuer-das-neubauprojekt-hotel-flaz\\\/#breadcrumb\"},\"inLanguage\":\"de\",\"potentialAction\":[{\"@type\":\"ReadAction\",\"target\":[\"https:\\\/\\\/www.immobilienbusiness.ch\\\/allgemein\\\/2018-08-02\\\/neue-huerden-fuer-das-neubauprojekt-hotel-flaz\\\/\"]}]},{\"@type\":\"ImageObject\",\"inLanguage\":\"de\",\"@id\":\"https:\\\/\\\/www.immobilienbusiness.ch\\\/allgemein\\\/2018-08-02\\\/neue-huerden-fuer-das-neubauprojekt-hotel-flaz\\\/#primaryimage\",\"url\":\"https:\\\/\\\/www.immobilienbusiness.ch\\\/wp-content\\\/uploads\\\/2018\\\/08\\\/Hotel-Flaz_Pontresina.jpg\",\"contentUrl\":\"https:\\\/\\\/www.immobilienbusiness.ch\\\/wp-content\\\/uploads\\\/2018\\\/08\\\/Hotel-Flaz_Pontresina.jpg\",\"width\":555,\"height\":554,\"caption\":\"Das geplante Hotel Flaz in Pontresina\"},{\"@type\":\"BreadcrumbList\",\"@id\":\"https:\\\/\\\/www.immobilienbusiness.ch\\\/allgemein\\\/2018-08-02\\\/neue-huerden-fuer-das-neubauprojekt-hotel-flaz\\\/#breadcrumb\",\"itemListElement\":[{\"@type\":\"ListItem\",\"position\":1,\"name\":\"Home\",\"item\":\"https:\\\/\\\/www.immobilienbusiness.ch\\\/\"},{\"@type\":\"ListItem\",\"position\":2,\"name\":\"Neue H\u00fcrden f\u00fcr das Neubauprojekt &#8222;Hotel Flaz&#8220;\"}]},{\"@type\":\"WebSite\",\"@id\":\"https:\\\/\\\/www.immobilienbusiness.ch\\\/#website\",\"url\":\"https:\\\/\\\/www.immobilienbusiness.ch\\\/\",\"name\":\"IMMOBILIEN Business\",\"description\":\"Unabh\u00e4ngiges Schweizer Wirtschaftsmagazin mit Fokus auf Immobilien, Architektur- und Bau sowie Investment- und Finanzierung.\",\"publisher\":{\"@id\":\"https:\\\/\\\/www.immobilienbusiness.ch\\\/#organization\"},\"potentialAction\":[{\"@type\":\"SearchAction\",\"target\":{\"@type\":\"EntryPoint\",\"urlTemplate\":\"https:\\\/\\\/www.immobilienbusiness.ch\\\/?s={search_term_string}\"},\"query-input\":{\"@type\":\"PropertyValueSpecification\",\"valueRequired\":true,\"valueName\":\"search_term_string\"}}],\"inLanguage\":\"de\"},{\"@type\":\"Organization\",\"@id\":\"https:\\\/\\\/www.immobilienbusiness.ch\\\/#organization\",\"name\":\"IMMOBILIEN Business\",\"url\":\"https:\\\/\\\/www.immobilienbusiness.ch\\\/\",\"logo\":{\"@type\":\"ImageObject\",\"inLanguage\":\"de\",\"@id\":\"https:\\\/\\\/www.immobilienbusiness.ch\\\/#\\\/schema\\\/logo\\\/image\\\/\",\"url\":\"https:\\\/\\\/www.immobilienbusiness.ch\\\/wp-content\\\/uploads\\\/2021\\\/07\\\/logo_ib.png\",\"contentUrl\":\"https:\\\/\\\/www.immobilienbusiness.ch\\\/wp-content\\\/uploads\\\/2021\\\/07\\\/logo_ib.png\",\"width\":800,\"height\":181,\"caption\":\"IMMOBILIEN Business\"},\"image\":{\"@id\":\"https:\\\/\\\/www.immobilienbusiness.ch\\\/#\\\/schema\\\/logo\\\/image\\\/\"},\"sameAs\":[\"https:\\\/\\\/www.facebook.com\\\/immobilienbusiness\\\/\"]},{\"@type\":\"Person\",\"@id\":\"https:\\\/\\\/www.immobilienbusiness.ch\\\/#\\\/schema\\\/person\\\/aba8bea2db926aa0c24c08c43fe1fcd5\",\"name\":\"Alexander Wachter\",\"image\":{\"@type\":\"ImageObject\",\"inLanguage\":\"de\",\"@id\":\"https:\\\/\\\/secure.gravatar.com\\\/avatar\\\/1a09e471f5389b0e0a6416eac287e0927c7c97a7b77f9e787eba3af7aee281dd?s=96&d=mm&r=g\",\"url\":\"https:\\\/\\\/secure.gravatar.com\\\/avatar\\\/1a09e471f5389b0e0a6416eac287e0927c7c97a7b77f9e787eba3af7aee281dd?s=96&d=mm&r=g\",\"contentUrl\":\"https:\\\/\\\/secure.gravatar.com\\\/avatar\\\/1a09e471f5389b0e0a6416eac287e0927c7c97a7b77f9e787eba3af7aee281dd?s=96&d=mm&r=g\",\"caption\":\"Alexander Wachter\"},\"url\":\"https:\\\/\\\/www.immobilienbusiness.ch\\\/de\\\/author\\\/alexander-wachter\\\/\"}]}<\/script>\n<!-- \/ Yoast SEO plugin. -->","yoast_head_json":{"title":"Neue H\u00fcrden f\u00fcr das Neubauprojekt \"Hotel Flaz\" - IMMOBILIEN Business","robots":{"index":"index","follow":"follow","max-snippet":"max-snippet:-1","max-image-preview":"max-image-preview:large","max-video-preview":"max-video-preview:-1"},"canonical":"https:\/\/www.immobilienbusiness.ch\/de\/allgemein\/2018-08-02\/neue-huerden-fuer-das-neubauprojekt-hotel-flaz\/","og_locale":"de_DE","og_type":"article","og_title":"Neue H\u00fcrden f\u00fcr das Neubauprojekt \"Hotel Flaz\" - IMMOBILIEN Business","og_description":"In Pontresina gibt es Widerstand gegen den geplant Bau des Hotel Flaz. Die Gegner des Projekts ziehen ihre Klage vor das Bundesgericht weiter.","og_url":"https:\/\/www.immobilienbusiness.ch\/de\/allgemein\/2018-08-02\/neue-huerden-fuer-das-neubauprojekt-hotel-flaz\/","og_site_name":"IMMOBILIEN Business","article_publisher":"https:\/\/www.facebook.com\/immobilienbusiness\/","article_published_time":"2018-08-02T11:32:40+00:00","og_image":[{"width":555,"height":554,"url":"https:\/\/www.immobilienbusiness.ch\/wp-content\/uploads\/2018\/08\/Hotel-Flaz_Pontresina.jpg","type":"image\/jpeg"}],"author":"Alexander Wachter","twitter_card":"summary_large_image","schema":{"@context":"https:\/\/schema.org","@graph":[{"@type":"Article","@id":"https:\/\/www.immobilienbusiness.ch\/allgemein\/2018-08-02\/neue-huerden-fuer-das-neubauprojekt-hotel-flaz\/#article","isPartOf":{"@id":"https:\/\/www.immobilienbusiness.ch\/allgemein\/2018-08-02\/neue-huerden-fuer-das-neubauprojekt-hotel-flaz\/"},"author":{"name":"Alexander Wachter","@id":"https:\/\/www.immobilienbusiness.ch\/#\/schema\/person\/aba8bea2db926aa0c24c08c43fe1fcd5"},"headline":"Neue H\u00fcrden f\u00fcr das Neubauprojekt &#8222;Hotel Flaz&#8220;","datePublished":"2018-08-02T11:32:40+00:00","mainEntityOfPage":{"@id":"https:\/\/www.immobilienbusiness.ch\/allgemein\/2018-08-02\/neue-huerden-fuer-das-neubauprojekt-hotel-flaz\/"},"wordCount":210,"commentCount":0,"publisher":{"@id":"https:\/\/www.immobilienbusiness.ch\/#organization"},"image":{"@id":"https:\/\/www.immobilienbusiness.ch\/allgemein\/2018-08-02\/neue-huerden-fuer-das-neubauprojekt-hotel-flaz\/#primaryimage"},"thumbnailUrl":"https:\/\/www.immobilienbusiness.ch\/wp-content\/uploads\/2018\/08\/Hotel-Flaz_Pontresina.jpg","keywords":["Hotel Flaz","Pontresina"],"inLanguage":"de"},{"@type":"WebPage","@id":"https:\/\/www.immobilienbusiness.ch\/allgemein\/2018-08-02\/neue-huerden-fuer-das-neubauprojekt-hotel-flaz\/","url":"https:\/\/www.immobilienbusiness.ch\/allgemein\/2018-08-02\/neue-huerden-fuer-das-neubauprojekt-hotel-flaz\/","name":"Neue H\u00fcrden f\u00fcr das Neubauprojekt \"Hotel Flaz\" - IMMOBILIEN Business","isPartOf":{"@id":"https:\/\/www.immobilienbusiness.ch\/#website"},"primaryImageOfPage":{"@id":"https:\/\/www.immobilienbusiness.ch\/allgemein\/2018-08-02\/neue-huerden-fuer-das-neubauprojekt-hotel-flaz\/#primaryimage"},"image":{"@id":"https:\/\/www.immobilienbusiness.ch\/allgemein\/2018-08-02\/neue-huerden-fuer-das-neubauprojekt-hotel-flaz\/#primaryimage"},"thumbnailUrl":"https:\/\/www.immobilienbusiness.ch\/wp-content\/uploads\/2018\/08\/Hotel-Flaz_Pontresina.jpg","datePublished":"2018-08-02T11:32:40+00:00","breadcrumb":{"@id":"https:\/\/www.immobilienbusiness.ch\/allgemein\/2018-08-02\/neue-huerden-fuer-das-neubauprojekt-hotel-flaz\/#breadcrumb"},"inLanguage":"de","potentialAction":[{"@type":"ReadAction","target":["https:\/\/www.immobilienbusiness.ch\/allgemein\/2018-08-02\/neue-huerden-fuer-das-neubauprojekt-hotel-flaz\/"]}]},{"@type":"ImageObject","inLanguage":"de","@id":"https:\/\/www.immobilienbusiness.ch\/allgemein\/2018-08-02\/neue-huerden-fuer-das-neubauprojekt-hotel-flaz\/#primaryimage","url":"https:\/\/www.immobilienbusiness.ch\/wp-content\/uploads\/2018\/08\/Hotel-Flaz_Pontresina.jpg","contentUrl":"https:\/\/www.immobilienbusiness.ch\/wp-content\/uploads\/2018\/08\/Hotel-Flaz_Pontresina.jpg","width":555,"height":554,"caption":"Das geplante Hotel Flaz in Pontresina"},{"@type":"BreadcrumbList","@id":"https:\/\/www.immobilienbusiness.ch\/allgemein\/2018-08-02\/neue-huerden-fuer-das-neubauprojekt-hotel-flaz\/#breadcrumb","itemListElement":[{"@type":"ListItem","position":1,"name":"Home","item":"https:\/\/www.immobilienbusiness.ch\/"},{"@type":"ListItem","position":2,"name":"Neue H\u00fcrden f\u00fcr das Neubauprojekt &#8222;Hotel Flaz&#8220;"}]},{"@type":"WebSite","@id":"https:\/\/www.immobilienbusiness.ch\/#website","url":"https:\/\/www.immobilienbusiness.ch\/","name":"IMMOBILIEN Business","description":"Unabh\u00e4ngiges Schweizer Wirtschaftsmagazin mit Fokus auf Immobilien, Architektur- und Bau sowie Investment- und Finanzierung.","publisher":{"@id":"https:\/\/www.immobilienbusiness.ch\/#organization"},"potentialAction":[{"@type":"SearchAction","target":{"@type":"EntryPoint","urlTemplate":"https:\/\/www.immobilienbusiness.ch\/?s={search_term_string}"},"query-input":{"@type":"PropertyValueSpecification","valueRequired":true,"valueName":"search_term_string"}}],"inLanguage":"de"},{"@type":"Organization","@id":"https:\/\/www.immobilienbusiness.ch\/#organization","name":"IMMOBILIEN Business","url":"https:\/\/www.immobilienbusiness.ch\/","logo":{"@type":"ImageObject","inLanguage":"de","@id":"https:\/\/www.immobilienbusiness.ch\/#\/schema\/logo\/image\/","url":"https:\/\/www.immobilienbusiness.ch\/wp-content\/uploads\/2021\/07\/logo_ib.png","contentUrl":"https:\/\/www.immobilienbusiness.ch\/wp-content\/uploads\/2021\/07\/logo_ib.png","width":800,"height":181,"caption":"IMMOBILIEN Business"},"image":{"@id":"https:\/\/www.immobilienbusiness.ch\/#\/schema\/logo\/image\/"},"sameAs":["https:\/\/www.facebook.com\/immobilienbusiness\/"]},{"@type":"Person","@id":"https:\/\/www.immobilienbusiness.ch\/#\/schema\/person\/aba8bea2db926aa0c24c08c43fe1fcd5","name":"Alexander Wachter","image":{"@type":"ImageObject","inLanguage":"de","@id":"https:\/\/secure.gravatar.com\/avatar\/1a09e471f5389b0e0a6416eac287e0927c7c97a7b77f9e787eba3af7aee281dd?s=96&d=mm&r=g","url":"https:\/\/secure.gravatar.com\/avatar\/1a09e471f5389b0e0a6416eac287e0927c7c97a7b77f9e787eba3af7aee281dd?s=96&d=mm&r=g","contentUrl":"https:\/\/secure.gravatar.com\/avatar\/1a09e471f5389b0e0a6416eac287e0927c7c97a7b77f9e787eba3af7aee281dd?s=96&d=mm&r=g","caption":"Alexander Wachter"},"url":"https:\/\/www.immobilienbusiness.ch\/de\/author\/alexander-wachter\/"}]}},"_links":{"self":[{"href":"https:\/\/www.immobilienbusiness.ch\/de\/wp-json\/wp\/v2\/posts\/13559","targetHints":{"allow":["GET"]}}],"collection":[{"href":"https:\/\/www.immobilienbusiness.ch\/de\/wp-json\/wp\/v2\/posts"}],"about":[{"href":"https:\/\/www.immobilienbusiness.ch\/de\/wp-json\/wp\/v2\/types\/post"}],"author":[{"embeddable":true,"href":"https:\/\/www.immobilienbusiness.ch\/de\/wp-json\/wp\/v2\/users\/102"}],"replies":[{"embeddable":true,"href":"https:\/\/www.immobilienbusiness.ch\/de\/wp-json\/wp\/v2\/comments?post=13559"}],"version-history":[{"count":0,"href":"https:\/\/www.immobilienbusiness.ch\/de\/wp-json\/wp\/v2\/posts\/13559\/revisions"}],"wp:featuredmedia":[{"embeddable":true,"href":"https:\/\/www.immobilienbusiness.ch\/de\/wp-json\/wp\/v2\/media\/13556"}],"wp:attachment":[{"href":"https:\/\/www.immobilienbusiness.ch\/de\/wp-json\/wp\/v2\/media?parent=13559"}],"wp:term":[{"taxonomy":"category","embeddable":true,"href":"https:\/\/www.immobilienbusiness.ch\/de\/wp-json\/wp\/v2\/categories?post=13559"},{"taxonomy":"post_tag","embeddable":true,"href":"https:\/\/www.immobilienbusiness.ch\/de\/wp-json\/wp\/v2\/tags?post=13559"}],"curies":[{"name":"wp","href":"https:\/\/api.w.org\/{rel}","templated":true}]}}