{"id":13444,"date":"2018-07-23T07:59:07","date_gmt":"2018-07-23T05:59:07","guid":{"rendered":"https:\/\/www.immobilienbusiness.ch\/?p=13444"},"modified":"2018-07-23T07:59:07","modified_gmt":"2018-07-23T05:59:07","slug":"frederick-widl-wird-schweiz-chef-bei-axa-im-real-assets","status":"publish","type":"post","link":"https:\/\/www.immobilienbusiness.ch\/de\/unternehmen\/2018-07-23\/frederick-widl-wird-schweiz-chef-bei-axa-im-real-assets\/","title":{"rendered":"Frederick Widl wird Schweiz-Chef bei Axa IM Real Assets"},"content":{"rendered":"<figure id=\"attachment_13446\" aria-describedby=\"caption-attachment-13446\" style=\"width: 680px\" class=\"wp-caption alignnone\"><img loading=\"lazy\" decoding=\"async\" class=\"size-medium wp-image-13446\" src=\"https:\/\/www.immobilienbusiness.ch\/wp-content\/uploads\/2018\/07\/Frederick-Widl.jpg\" alt=\"\" width=\"680\" height=\"680\" srcset=\"https:\/\/www.immobilienbusiness.ch\/wp-content\/uploads\/2018\/07\/Frederick-Widl.jpg 2560w, https:\/\/www.immobilienbusiness.ch\/wp-content\/uploads\/2018\/07\/Frederick-Widl-300x300.jpg 300w, https:\/\/www.immobilienbusiness.ch\/wp-content\/uploads\/2018\/07\/Frederick-Widl-1024x1024.jpg 1024w, https:\/\/www.immobilienbusiness.ch\/wp-content\/uploads\/2018\/07\/Frederick-Widl-150x150.jpg 150w, https:\/\/www.immobilienbusiness.ch\/wp-content\/uploads\/2018\/07\/Frederick-Widl-768x768.jpg 768w, https:\/\/www.immobilienbusiness.ch\/wp-content\/uploads\/2018\/07\/Frederick-Widl-1536x1536.jpg 1536w, https:\/\/www.immobilienbusiness.ch\/wp-content\/uploads\/2018\/07\/Frederick-Widl-2048x2048.jpg 2048w, https:\/\/www.immobilienbusiness.ch\/wp-content\/uploads\/2018\/07\/Frederick-Widl-12x12.jpg 12w, https:\/\/www.immobilienbusiness.ch\/wp-content\/uploads\/2018\/07\/Frederick-Widl-175x175.jpg 175w, https:\/\/www.immobilienbusiness.ch\/wp-content\/uploads\/2018\/07\/Frederick-Widl-350x350.jpg 350w, https:\/\/www.immobilienbusiness.ch\/wp-content\/uploads\/2018\/07\/Frederick-Widl-800x800.jpg 800w, https:\/\/www.immobilienbusiness.ch\/wp-content\/uploads\/2018\/07\/Frederick-Widl-920x920.jpg 920w, https:\/\/www.immobilienbusiness.ch\/wp-content\/uploads\/2018\/07\/Frederick-Widl-1400x1400.jpg 1400w, https:\/\/www.immobilienbusiness.ch\/wp-content\/uploads\/2018\/07\/Frederick-Widl-250x250.jpg 250w, https:\/\/www.immobilienbusiness.ch\/wp-content\/uploads\/2018\/07\/Frederick-Widl-100x100.jpg 100w\" sizes=\"auto, (max-width: 680px) 100vw, 680px\" \/><figcaption id=\"caption-attachment-13446\" class=\"wp-caption-text\">Frederick Widl (Bild: Axa IM Real Assets)<\/figcaption><\/figure>\n<p>Frederick Widl hat zw\u00f6lf Jahre Erfahrung im Immobilien- und Assetmanagement und arbeitet seit 2011 bei Axa IM Real Assets. Zuerst war er Development Project Manager und seit 2013 als Head of Transactions in der Schweiz. Als L\u00e4nderchef wird Widl f\u00fcr das gesamte Assetmanagement und die Projektentwicklung in der Schweiz sowie die Leitung das Schweizer Teams verantwortlich sein. Vor seiner Zeit bei Axa IM Real Assets war Widl Development Manager Real Estate CEE bei dem Projektentwickler Strabag Real Estate.<\/p>\n<p>Ernst Schaufelberger, Widls Vorg\u00e4nger als L\u00e4nderchef Schweiz, war seit 2005 f\u00fcr Axa IM Real Assets t\u00e4tig.<\/p>\n<p>Gemessen am Verm\u00f6genswert ist die Schweiz der zweitgr\u00f6sste Markt von Axa Real Assets, das hier verwaltete Verm\u00f6gen betr\u00e4gt rund 15 Milliarden CHF. Zudem sei die Schweizer Niederlassung ein Kompetenzzentrum f\u00fcr Wohnimmobilien und Immobilienentwicklung, teilt Axa IM Real Assets weiter mit. Geplant ist, das Portfoliovolumen weiter zu steigern &#8211; durch Immobilienk\u00e4ufe, Sanierungen und Projektentwicklungen im Auftrag von Kunden<\/p>\n","protected":false},"excerpt":{"rendered":"<p>Axa Investment Managers Real Assets (Axa IM Real Assets) beruft Frederick Widl zum Country Head Switzerland. Der heutige Schweizer L\u00e4nderchef Ernst Schaufelberger geht Ende Januar 2019 in Pension, Widl \u00fcbernimmt seine Position zum Februar 2019.<\/p>\n","protected":false},"author":3,"featured_media":13446,"comment_status":"open","ping_status":"open","sticky":false,"template":"","format":"standard","meta":{"_acf_changed":false,"_yoast_wpseo_focuskw":"Widl","_yoast_wpseo_title":"","_yoast_wpseo_metadesc":"Axa IM Real Assets beruft Frederick Widl zum Country Head Switzerland. Er folgt auf Ernst Schaufelberger, der Ende Januar 2019 in Pension geht.","_yoast_wpseo_linkdex":66,"pgc_sgb_lightbox_settings":"","footnotes":""},"categories":[988],"tags":[1057,1563],"class_list":["post-13444","post","type-post","status-publish","format-standard","has-post-thumbnail","hentry","category-unternehmen","tag-axa","tag-personalia"],"acf":[],"yoast_head":"<!-- This site is optimized with the Yoast SEO plugin v27.4 - https:\/\/yoast.com\/product\/yoast-seo-wordpress\/ -->\n<title>Frederick Widl wird Schweiz-Chef bei Axa IM Real Assets - IMMOBILIEN Business<\/title>\n<meta name=\"description\" content=\"Axa IM Real Assets beruft Frederick Widl zum Country Head Switzerland. Er folgt auf Ernst Schaufelberger, der Ende Januar 2019 in Pension geht.\" \/>\n<meta name=\"robots\" content=\"index, follow, max-snippet:-1, max-image-preview:large, max-video-preview:-1\" \/>\n<link rel=\"canonical\" href=\"https:\/\/www.immobilienbusiness.ch\/de\/unternehmen\/2018-07-23\/frederick-widl-wird-schweiz-chef-bei-axa-im-real-assets\/\" \/>\n<meta property=\"og:locale\" content=\"de_DE\" \/>\n<meta property=\"og:type\" content=\"article\" \/>\n<meta property=\"og:title\" content=\"Frederick Widl wird Schweiz-Chef bei Axa IM Real Assets - IMMOBILIEN Business\" \/>\n<meta property=\"og:description\" content=\"Axa IM Real Assets beruft Frederick Widl zum Country Head Switzerland. Er folgt auf Ernst Schaufelberger, der Ende Januar 2019 in Pension geht.\" \/>\n<meta property=\"og:url\" content=\"https:\/\/www.immobilienbusiness.ch\/de\/unternehmen\/2018-07-23\/frederick-widl-wird-schweiz-chef-bei-axa-im-real-assets\/\" \/>\n<meta property=\"og:site_name\" content=\"IMMOBILIEN Business\" \/>\n<meta property=\"article:publisher\" content=\"https:\/\/www.facebook.com\/immobilienbusiness\/\" \/>\n<meta property=\"article:published_time\" content=\"2018-07-23T05:59:07+00:00\" \/>\n<meta property=\"og:image\" content=\"https:\/\/www.immobilienbusiness.ch\/wp-content\/uploads\/2018\/07\/Frederick-Widl-1024x1024.jpg\" \/>\n\t<meta property=\"og:image:width\" content=\"1024\" \/>\n\t<meta property=\"og:image:height\" content=\"1024\" \/>\n\t<meta property=\"og:image:type\" content=\"image\/jpeg\" \/>\n<meta name=\"author\" content=\"anja.hall\" \/>\n<meta name=\"twitter:card\" content=\"summary_large_image\" \/>\n<meta name=\"twitter:image\" content=\"https:\/\/www.immobilienbusiness.ch\/wp-content\/uploads\/2018\/07\/Frederick-Widl.jpg\" \/>\n<script type=\"application\/ld+json\" class=\"yoast-schema-graph\">{\"@context\":\"https:\\\/\\\/schema.org\",\"@graph\":[{\"@type\":\"Article\",\"@id\":\"https:\\\/\\\/www.immobilienbusiness.ch\\\/unternehmen\\\/2018-07-23\\\/frederick-widl-wird-schweiz-chef-bei-axa-im-real-assets\\\/#article\",\"isPartOf\":{\"@id\":\"https:\\\/\\\/www.immobilienbusiness.ch\\\/unternehmen\\\/2018-07-23\\\/frederick-widl-wird-schweiz-chef-bei-axa-im-real-assets\\\/\"},\"author\":{\"name\":\"anja.hall\",\"@id\":\"https:\\\/\\\/www.immobilienbusiness.ch\\\/#\\\/schema\\\/person\\\/3fc036297b10b9f42d6db5ee932af8c8\"},\"headline\":\"Frederick Widl wird Schweiz-Chef bei Axa IM Real Assets\",\"datePublished\":\"2018-07-23T05:59:07+00:00\",\"mainEntityOfPage\":{\"@id\":\"https:\\\/\\\/www.immobilienbusiness.ch\\\/unternehmen\\\/2018-07-23\\\/frederick-widl-wird-schweiz-chef-bei-axa-im-real-assets\\\/\"},\"wordCount\":183,\"commentCount\":0,\"publisher\":{\"@id\":\"https:\\\/\\\/www.immobilienbusiness.ch\\\/#organization\"},\"image\":{\"@id\":\"https:\\\/\\\/www.immobilienbusiness.ch\\\/unternehmen\\\/2018-07-23\\\/frederick-widl-wird-schweiz-chef-bei-axa-im-real-assets\\\/#primaryimage\"},\"thumbnailUrl\":\"https:\\\/\\\/www.immobilienbusiness.ch\\\/wp-content\\\/uploads\\\/2018\\\/07\\\/Frederick-Widl.jpg\",\"keywords\":[\"Axa\",\"Personalia\"],\"articleSection\":[\"UNTERNEHMEN\"],\"inLanguage\":\"de\"},{\"@type\":\"WebPage\",\"@id\":\"https:\\\/\\\/www.immobilienbusiness.ch\\\/unternehmen\\\/2018-07-23\\\/frederick-widl-wird-schweiz-chef-bei-axa-im-real-assets\\\/\",\"url\":\"https:\\\/\\\/www.immobilienbusiness.ch\\\/unternehmen\\\/2018-07-23\\\/frederick-widl-wird-schweiz-chef-bei-axa-im-real-assets\\\/\",\"name\":\"Frederick Widl wird Schweiz-Chef bei Axa IM Real Assets - IMMOBILIEN Business\",\"isPartOf\":{\"@id\":\"https:\\\/\\\/www.immobilienbusiness.ch\\\/#website\"},\"primaryImageOfPage\":{\"@id\":\"https:\\\/\\\/www.immobilienbusiness.ch\\\/unternehmen\\\/2018-07-23\\\/frederick-widl-wird-schweiz-chef-bei-axa-im-real-assets\\\/#primaryimage\"},\"image\":{\"@id\":\"https:\\\/\\\/www.immobilienbusiness.ch\\\/unternehmen\\\/2018-07-23\\\/frederick-widl-wird-schweiz-chef-bei-axa-im-real-assets\\\/#primaryimage\"},\"thumbnailUrl\":\"https:\\\/\\\/www.immobilienbusiness.ch\\\/wp-content\\\/uploads\\\/2018\\\/07\\\/Frederick-Widl.jpg\",\"datePublished\":\"2018-07-23T05:59:07+00:00\",\"description\":\"Axa IM Real Assets beruft Frederick Widl zum Country Head Switzerland. Er folgt auf Ernst Schaufelberger, der Ende Januar 2019 in Pension geht.\",\"breadcrumb\":{\"@id\":\"https:\\\/\\\/www.immobilienbusiness.ch\\\/unternehmen\\\/2018-07-23\\\/frederick-widl-wird-schweiz-chef-bei-axa-im-real-assets\\\/#breadcrumb\"},\"inLanguage\":\"de\",\"potentialAction\":[{\"@type\":\"ReadAction\",\"target\":[\"https:\\\/\\\/www.immobilienbusiness.ch\\\/unternehmen\\\/2018-07-23\\\/frederick-widl-wird-schweiz-chef-bei-axa-im-real-assets\\\/\"]}]},{\"@type\":\"ImageObject\",\"inLanguage\":\"de\",\"@id\":\"https:\\\/\\\/www.immobilienbusiness.ch\\\/unternehmen\\\/2018-07-23\\\/frederick-widl-wird-schweiz-chef-bei-axa-im-real-assets\\\/#primaryimage\",\"url\":\"https:\\\/\\\/www.immobilienbusiness.ch\\\/wp-content\\\/uploads\\\/2018\\\/07\\\/Frederick-Widl.jpg\",\"contentUrl\":\"https:\\\/\\\/www.immobilienbusiness.ch\\\/wp-content\\\/uploads\\\/2018\\\/07\\\/Frederick-Widl.jpg\",\"width\":2560,\"height\":2560,\"caption\":\"Frederick Widl (Bild: Axa IM Real Assets)\"},{\"@type\":\"BreadcrumbList\",\"@id\":\"https:\\\/\\\/www.immobilienbusiness.ch\\\/unternehmen\\\/2018-07-23\\\/frederick-widl-wird-schweiz-chef-bei-axa-im-real-assets\\\/#breadcrumb\",\"itemListElement\":[{\"@type\":\"ListItem\",\"position\":1,\"name\":\"Home\",\"item\":\"https:\\\/\\\/www.immobilienbusiness.ch\\\/\"},{\"@type\":\"ListItem\",\"position\":2,\"name\":\"Frederick Widl wird Schweiz-Chef bei Axa IM Real Assets\"}]},{\"@type\":\"WebSite\",\"@id\":\"https:\\\/\\\/www.immobilienbusiness.ch\\\/#website\",\"url\":\"https:\\\/\\\/www.immobilienbusiness.ch\\\/\",\"name\":\"IMMOBILIEN Business\",\"description\":\"Unabh\u00e4ngiges Schweizer Wirtschaftsmagazin mit Fokus auf Immobilien, Architektur- und Bau sowie Investment- und Finanzierung.\",\"publisher\":{\"@id\":\"https:\\\/\\\/www.immobilienbusiness.ch\\\/#organization\"},\"potentialAction\":[{\"@type\":\"SearchAction\",\"target\":{\"@type\":\"EntryPoint\",\"urlTemplate\":\"https:\\\/\\\/www.immobilienbusiness.ch\\\/?s={search_term_string}\"},\"query-input\":{\"@type\":\"PropertyValueSpecification\",\"valueRequired\":true,\"valueName\":\"search_term_string\"}}],\"inLanguage\":\"de\"},{\"@type\":\"Organization\",\"@id\":\"https:\\\/\\\/www.immobilienbusiness.ch\\\/#organization\",\"name\":\"IMMOBILIEN Business\",\"url\":\"https:\\\/\\\/www.immobilienbusiness.ch\\\/\",\"logo\":{\"@type\":\"ImageObject\",\"inLanguage\":\"de\",\"@id\":\"https:\\\/\\\/www.immobilienbusiness.ch\\\/#\\\/schema\\\/logo\\\/image\\\/\",\"url\":\"https:\\\/\\\/www.immobilienbusiness.ch\\\/wp-content\\\/uploads\\\/2021\\\/07\\\/logo_ib.png\",\"contentUrl\":\"https:\\\/\\\/www.immobilienbusiness.ch\\\/wp-content\\\/uploads\\\/2021\\\/07\\\/logo_ib.png\",\"width\":800,\"height\":181,\"caption\":\"IMMOBILIEN Business\"},\"image\":{\"@id\":\"https:\\\/\\\/www.immobilienbusiness.ch\\\/#\\\/schema\\\/logo\\\/image\\\/\"},\"sameAs\":[\"https:\\\/\\\/www.facebook.com\\\/immobilienbusiness\\\/\"]},{\"@type\":\"Person\",\"@id\":\"https:\\\/\\\/www.immobilienbusiness.ch\\\/#\\\/schema\\\/person\\\/3fc036297b10b9f42d6db5ee932af8c8\",\"name\":\"anja.hall\",\"image\":{\"@type\":\"ImageObject\",\"inLanguage\":\"de\",\"@id\":\"https:\\\/\\\/secure.gravatar.com\\\/avatar\\\/066b5a0d447013502c71a5782f4f3469f03cfe595cc2329fb94652fe47511bfb?s=96&d=mm&r=g\",\"url\":\"https:\\\/\\\/secure.gravatar.com\\\/avatar\\\/066b5a0d447013502c71a5782f4f3469f03cfe595cc2329fb94652fe47511bfb?s=96&d=mm&r=g\",\"contentUrl\":\"https:\\\/\\\/secure.gravatar.com\\\/avatar\\\/066b5a0d447013502c71a5782f4f3469f03cfe595cc2329fb94652fe47511bfb?s=96&d=mm&r=g\",\"caption\":\"anja.hall\"},\"url\":\"https:\\\/\\\/www.immobilienbusiness.ch\\\/de\\\/author\\\/anja-hall\\\/\"}]}<\/script>\n<!-- \/ Yoast SEO plugin. -->","yoast_head_json":{"title":"Frederick Widl wird Schweiz-Chef bei Axa IM Real Assets - IMMOBILIEN Business","description":"Axa IM Real Assets beruft Frederick Widl zum Country Head Switzerland. Er folgt auf Ernst Schaufelberger, der Ende Januar 2019 in Pension geht.","robots":{"index":"index","follow":"follow","max-snippet":"max-snippet:-1","max-image-preview":"max-image-preview:large","max-video-preview":"max-video-preview:-1"},"canonical":"https:\/\/www.immobilienbusiness.ch\/de\/unternehmen\/2018-07-23\/frederick-widl-wird-schweiz-chef-bei-axa-im-real-assets\/","og_locale":"de_DE","og_type":"article","og_title":"Frederick Widl wird Schweiz-Chef bei Axa IM Real Assets - IMMOBILIEN Business","og_description":"Axa IM Real Assets beruft Frederick Widl zum Country Head Switzerland. Er folgt auf Ernst Schaufelberger, der Ende Januar 2019 in Pension geht.","og_url":"https:\/\/www.immobilienbusiness.ch\/de\/unternehmen\/2018-07-23\/frederick-widl-wird-schweiz-chef-bei-axa-im-real-assets\/","og_site_name":"IMMOBILIEN Business","article_publisher":"https:\/\/www.facebook.com\/immobilienbusiness\/","article_published_time":"2018-07-23T05:59:07+00:00","og_image":[{"width":1024,"height":1024,"url":"https:\/\/www.immobilienbusiness.ch\/wp-content\/uploads\/2018\/07\/Frederick-Widl-1024x1024.jpg","type":"image\/jpeg"}],"author":"anja.hall","twitter_card":"summary_large_image","twitter_image":"https:\/\/www.immobilienbusiness.ch\/wp-content\/uploads\/2018\/07\/Frederick-Widl.jpg","schema":{"@context":"https:\/\/schema.org","@graph":[{"@type":"Article","@id":"https:\/\/www.immobilienbusiness.ch\/unternehmen\/2018-07-23\/frederick-widl-wird-schweiz-chef-bei-axa-im-real-assets\/#article","isPartOf":{"@id":"https:\/\/www.immobilienbusiness.ch\/unternehmen\/2018-07-23\/frederick-widl-wird-schweiz-chef-bei-axa-im-real-assets\/"},"author":{"name":"anja.hall","@id":"https:\/\/www.immobilienbusiness.ch\/#\/schema\/person\/3fc036297b10b9f42d6db5ee932af8c8"},"headline":"Frederick Widl wird Schweiz-Chef bei Axa IM Real Assets","datePublished":"2018-07-23T05:59:07+00:00","mainEntityOfPage":{"@id":"https:\/\/www.immobilienbusiness.ch\/unternehmen\/2018-07-23\/frederick-widl-wird-schweiz-chef-bei-axa-im-real-assets\/"},"wordCount":183,"commentCount":0,"publisher":{"@id":"https:\/\/www.immobilienbusiness.ch\/#organization"},"image":{"@id":"https:\/\/www.immobilienbusiness.ch\/unternehmen\/2018-07-23\/frederick-widl-wird-schweiz-chef-bei-axa-im-real-assets\/#primaryimage"},"thumbnailUrl":"https:\/\/www.immobilienbusiness.ch\/wp-content\/uploads\/2018\/07\/Frederick-Widl.jpg","keywords":["Axa","Personalia"],"articleSection":["UNTERNEHMEN"],"inLanguage":"de"},{"@type":"WebPage","@id":"https:\/\/www.immobilienbusiness.ch\/unternehmen\/2018-07-23\/frederick-widl-wird-schweiz-chef-bei-axa-im-real-assets\/","url":"https:\/\/www.immobilienbusiness.ch\/unternehmen\/2018-07-23\/frederick-widl-wird-schweiz-chef-bei-axa-im-real-assets\/","name":"Frederick Widl wird Schweiz-Chef bei Axa IM Real Assets - IMMOBILIEN Business","isPartOf":{"@id":"https:\/\/www.immobilienbusiness.ch\/#website"},"primaryImageOfPage":{"@id":"https:\/\/www.immobilienbusiness.ch\/unternehmen\/2018-07-23\/frederick-widl-wird-schweiz-chef-bei-axa-im-real-assets\/#primaryimage"},"image":{"@id":"https:\/\/www.immobilienbusiness.ch\/unternehmen\/2018-07-23\/frederick-widl-wird-schweiz-chef-bei-axa-im-real-assets\/#primaryimage"},"thumbnailUrl":"https:\/\/www.immobilienbusiness.ch\/wp-content\/uploads\/2018\/07\/Frederick-Widl.jpg","datePublished":"2018-07-23T05:59:07+00:00","description":"Axa IM Real Assets beruft Frederick Widl zum Country Head Switzerland. Er folgt auf Ernst Schaufelberger, der Ende Januar 2019 in Pension geht.","breadcrumb":{"@id":"https:\/\/www.immobilienbusiness.ch\/unternehmen\/2018-07-23\/frederick-widl-wird-schweiz-chef-bei-axa-im-real-assets\/#breadcrumb"},"inLanguage":"de","potentialAction":[{"@type":"ReadAction","target":["https:\/\/www.immobilienbusiness.ch\/unternehmen\/2018-07-23\/frederick-widl-wird-schweiz-chef-bei-axa-im-real-assets\/"]}]},{"@type":"ImageObject","inLanguage":"de","@id":"https:\/\/www.immobilienbusiness.ch\/unternehmen\/2018-07-23\/frederick-widl-wird-schweiz-chef-bei-axa-im-real-assets\/#primaryimage","url":"https:\/\/www.immobilienbusiness.ch\/wp-content\/uploads\/2018\/07\/Frederick-Widl.jpg","contentUrl":"https:\/\/www.immobilienbusiness.ch\/wp-content\/uploads\/2018\/07\/Frederick-Widl.jpg","width":2560,"height":2560,"caption":"Frederick Widl (Bild: Axa IM Real Assets)"},{"@type":"BreadcrumbList","@id":"https:\/\/www.immobilienbusiness.ch\/unternehmen\/2018-07-23\/frederick-widl-wird-schweiz-chef-bei-axa-im-real-assets\/#breadcrumb","itemListElement":[{"@type":"ListItem","position":1,"name":"Home","item":"https:\/\/www.immobilienbusiness.ch\/"},{"@type":"ListItem","position":2,"name":"Frederick Widl wird Schweiz-Chef bei Axa IM Real Assets"}]},{"@type":"WebSite","@id":"https:\/\/www.immobilienbusiness.ch\/#website","url":"https:\/\/www.immobilienbusiness.ch\/","name":"IMMOBILIEN Business","description":"Unabh\u00e4ngiges Schweizer Wirtschaftsmagazin mit Fokus auf Immobilien, Architektur- und Bau sowie Investment- und Finanzierung.","publisher":{"@id":"https:\/\/www.immobilienbusiness.ch\/#organization"},"potentialAction":[{"@type":"SearchAction","target":{"@type":"EntryPoint","urlTemplate":"https:\/\/www.immobilienbusiness.ch\/?s={search_term_string}"},"query-input":{"@type":"PropertyValueSpecification","valueRequired":true,"valueName":"search_term_string"}}],"inLanguage":"de"},{"@type":"Organization","@id":"https:\/\/www.immobilienbusiness.ch\/#organization","name":"IMMOBILIEN Business","url":"https:\/\/www.immobilienbusiness.ch\/","logo":{"@type":"ImageObject","inLanguage":"de","@id":"https:\/\/www.immobilienbusiness.ch\/#\/schema\/logo\/image\/","url":"https:\/\/www.immobilienbusiness.ch\/wp-content\/uploads\/2021\/07\/logo_ib.png","contentUrl":"https:\/\/www.immobilienbusiness.ch\/wp-content\/uploads\/2021\/07\/logo_ib.png","width":800,"height":181,"caption":"IMMOBILIEN Business"},"image":{"@id":"https:\/\/www.immobilienbusiness.ch\/#\/schema\/logo\/image\/"},"sameAs":["https:\/\/www.facebook.com\/immobilienbusiness\/"]},{"@type":"Person","@id":"https:\/\/www.immobilienbusiness.ch\/#\/schema\/person\/3fc036297b10b9f42d6db5ee932af8c8","name":"anja.hall","image":{"@type":"ImageObject","inLanguage":"de","@id":"https:\/\/secure.gravatar.com\/avatar\/066b5a0d447013502c71a5782f4f3469f03cfe595cc2329fb94652fe47511bfb?s=96&d=mm&r=g","url":"https:\/\/secure.gravatar.com\/avatar\/066b5a0d447013502c71a5782f4f3469f03cfe595cc2329fb94652fe47511bfb?s=96&d=mm&r=g","contentUrl":"https:\/\/secure.gravatar.com\/avatar\/066b5a0d447013502c71a5782f4f3469f03cfe595cc2329fb94652fe47511bfb?s=96&d=mm&r=g","caption":"anja.hall"},"url":"https:\/\/www.immobilienbusiness.ch\/de\/author\/anja-hall\/"}]}},"_links":{"self":[{"href":"https:\/\/www.immobilienbusiness.ch\/de\/wp-json\/wp\/v2\/posts\/13444","targetHints":{"allow":["GET"]}}],"collection":[{"href":"https:\/\/www.immobilienbusiness.ch\/de\/wp-json\/wp\/v2\/posts"}],"about":[{"href":"https:\/\/www.immobilienbusiness.ch\/de\/wp-json\/wp\/v2\/types\/post"}],"author":[{"embeddable":true,"href":"https:\/\/www.immobilienbusiness.ch\/de\/wp-json\/wp\/v2\/users\/3"}],"replies":[{"embeddable":true,"href":"https:\/\/www.immobilienbusiness.ch\/de\/wp-json\/wp\/v2\/comments?post=13444"}],"version-history":[{"count":0,"href":"https:\/\/www.immobilienbusiness.ch\/de\/wp-json\/wp\/v2\/posts\/13444\/revisions"}],"wp:featuredmedia":[{"embeddable":true,"href":"https:\/\/www.immobilienbusiness.ch\/de\/wp-json\/wp\/v2\/media\/13446"}],"wp:attachment":[{"href":"https:\/\/www.immobilienbusiness.ch\/de\/wp-json\/wp\/v2\/media?parent=13444"}],"wp:term":[{"taxonomy":"category","embeddable":true,"href":"https:\/\/www.immobilienbusiness.ch\/de\/wp-json\/wp\/v2\/categories?post=13444"},{"taxonomy":"post_tag","embeddable":true,"href":"https:\/\/www.immobilienbusiness.ch\/de\/wp-json\/wp\/v2\/tags?post=13444"}],"curies":[{"name":"wp","href":"https:\/\/api.w.org\/{rel}","templated":true}]}}