{"id":13031,"date":"2018-06-21T08:26:04","date_gmt":"2018-06-21T06:26:04","guid":{"rendered":"https:\/\/www.immobilienbusiness.ch\/?p=13031"},"modified":"2018-06-21T08:26:04","modified_gmt":"2018-06-21T06:26:04","slug":"zuerich-greencity-waechst-weiter","status":"publish","type":"post","link":"https:\/\/www.immobilienbusiness.ch\/de\/regionen\/2018-06-21\/zuerich-greencity-waechst-weiter\/","title":{"rendered":"Z\u00fcrich: Greencity w\u00e4chst weiter"},"content":{"rendered":"<figure id=\"attachment_13032\" aria-describedby=\"caption-attachment-13032\" style=\"width: 680px\" class=\"wp-caption alignnone\"><img loading=\"lazy\" decoding=\"async\" class=\"size-medium wp-image-13032\" src=\"https:\/\/www.immobilienbusiness.ch\/wp-content\/uploads\/2018\/06\/burogebaude_c1_ost_mit_c1w_und_b6_-_ld.jpg__1000x1000_q60_subsampling-2.jpg\" alt=\"\" width=\"680\" height=\"680\" srcset=\"https:\/\/www.immobilienbusiness.ch\/wp-content\/uploads\/2018\/06\/burogebaude_c1_ost_mit_c1w_und_b6_-_ld.jpg__1000x1000_q60_subsampling-2.jpg 1000w, https:\/\/www.immobilienbusiness.ch\/wp-content\/uploads\/2018\/06\/burogebaude_c1_ost_mit_c1w_und_b6_-_ld.jpg__1000x1000_q60_subsampling-2-300x300.jpg 300w, https:\/\/www.immobilienbusiness.ch\/wp-content\/uploads\/2018\/06\/burogebaude_c1_ost_mit_c1w_und_b6_-_ld.jpg__1000x1000_q60_subsampling-2-150x150.jpg 150w, https:\/\/www.immobilienbusiness.ch\/wp-content\/uploads\/2018\/06\/burogebaude_c1_ost_mit_c1w_und_b6_-_ld.jpg__1000x1000_q60_subsampling-2-768x768.jpg 768w, https:\/\/www.immobilienbusiness.ch\/wp-content\/uploads\/2018\/06\/burogebaude_c1_ost_mit_c1w_und_b6_-_ld.jpg__1000x1000_q60_subsampling-2-12x12.jpg 12w, https:\/\/www.immobilienbusiness.ch\/wp-content\/uploads\/2018\/06\/burogebaude_c1_ost_mit_c1w_und_b6_-_ld.jpg__1000x1000_q60_subsampling-2-175x175.jpg 175w, https:\/\/www.immobilienbusiness.ch\/wp-content\/uploads\/2018\/06\/burogebaude_c1_ost_mit_c1w_und_b6_-_ld.jpg__1000x1000_q60_subsampling-2-350x350.jpg 350w, https:\/\/www.immobilienbusiness.ch\/wp-content\/uploads\/2018\/06\/burogebaude_c1_ost_mit_c1w_und_b6_-_ld.jpg__1000x1000_q60_subsampling-2-800x800.jpg 800w, https:\/\/www.immobilienbusiness.ch\/wp-content\/uploads\/2018\/06\/burogebaude_c1_ost_mit_c1w_und_b6_-_ld.jpg__1000x1000_q60_subsampling-2-920x920.jpg 920w, https:\/\/www.immobilienbusiness.ch\/wp-content\/uploads\/2018\/06\/burogebaude_c1_ost_mit_c1w_und_b6_-_ld.jpg__1000x1000_q60_subsampling-2-250x250.jpg 250w, https:\/\/www.immobilienbusiness.ch\/wp-content\/uploads\/2018\/06\/burogebaude_c1_ost_mit_c1w_und_b6_-_ld.jpg__1000x1000_q60_subsampling-2-100x100.jpg 100w\" sizes=\"auto, (max-width: 680px) 100vw, 680px\" \/><figcaption id=\"caption-attachment-13032\" class=\"wp-caption-text\">Pergamin II in der Greencity (Visualisierung: Losinger Marazzi)<\/figcaption><\/figure>\n<p>Mit dem Startschuss f\u00fcr das Geb\u00e4ude Pergamin II hat im nachhaltigen Stadtquartier Greencity in Z\u00fcrich S\u00fcd der Bau der dritten Etappe begonnen. Diese besteht aus drei B\u00fcrogeb\u00e4uden, einem Hotel und der \u00f6ffentlichen Schule. Derweil geht die zweite Etappe ihrer Vollendung entgegen. Die erste Etappe ist bereits vollst\u00e4ndig bezogen \u2013 zurzeit leben bereits rund 1.000 Menschen in Greencity.<\/p>\n<p>Das B\u00fcrogeb\u00e4ude Pergamin II realisiert Losinger Marazzi als Totalunternehmer im Auftrag der CSA Real Estate Switzerland (CSA RES), einer Anlagegruppe der Credit Suisse Anlagestiftung. Wie die Gesellschaft mitteilt, wird das am n\u00f6rdlichen Kopf des Quartiers liegende Gewerbe- und Dienstleistungsgeb\u00e4ude nach seiner Fertigstellung ca. 12.000 qm Hauptnutzfl\u00e4che bieten. Es wurde vom Pariser Architekturb\u00fcro Architecture-Studio konzipiert und erf\u00fcllt die Vorgaben des internationalen Labels LEED Core &amp; Shell in Platinum. Der Name des Geb\u00e4udes, eine Papiersorte, erinnert an die Vergangenheit des Areals als Standort der Sihl Papierfabrik.<\/p>\n<p>Der Ankermieter von Pergamin II steht bereits fest: Auf ca. 7.250 qm (ca. 60% der Fl\u00e4che) wird die Organisation der Arbeitswelt Gesundheit Z\u00fcrich (OdA-G-ZH) mit einem Kurszentrum f\u00fcr die \u00fcberbetrieblichen Kurse der Gesundheitsbranche und ihrer H\u00f6heren Fachschule f\u00fcr Intensiv-, Notfall- und An\u00e4sthesiepflege (Z-INA) einziehen. Rund 700 Studierende werden ab Anfang 2020 im neuen Geb\u00e4ude berufsspezifische und praxisorientierte Aus- und Weiterbildungen absolvieren. Insgesamt stehen 35 Klassenzimmer mit Betten sowie eine Aula mit rund 120 Pl\u00e4tzen zur Verf\u00fcgung. Eine wesentliche Rolle bei der Ansiedlung von OdA-G-ZH spielte neben der Anlagegruppe CSA RES auch CSL Immobilien.<\/p>\n<h2>In K\u00fcrze Baustart f\u00fcr den Hotel-Neubau<\/h2>\n<p>Zusammen mit Pergamin I (rund 15.000 qm Nutzungsfl\u00e4che) bildet Pergamin II das Eingangstor zu Greencity von der Z\u00fcrcher Innenstadt her. Beide Geb\u00e4ude verf\u00fcgen \u00fcber elf Geschosse und sind rund 40 Meter hoch. Kurz nach dem Baubeginn von Pergamin II beginnen auch die Arbeiten f\u00fcr das vom Z\u00fcrcher Architekturb\u00fcro Gigon\/Guyer entworfene siebenst\u00f6ckige Geb\u00e4ude Ingres, in dem die deutsche Meininger Gruppe ihr erstes Hotel in der Schweiz er\u00f6ffnen wird. Das Hotel wird \u00fcber rund 170 Zimmer und circa 600 Betten verf\u00fcgen.<\/p>\n<p>Der bis zu 3.000 Arbeitspl\u00e4tze fassende Dienstleistungscluster von Greencity wird vom Geb\u00e4ude Verg\u00e9 von JSWD Architekten, <span data-cmp_parsed_location_name=\"K\u00f6ln\" data-cmp_parsed_location_weather=\"K05315000\" data-cmp_parsed_location_other=\"0\" data-ce-class=\"Locations\">K\u00f6ln<\/span>, mit rund 17.000 qm Hauptnutzfl\u00e4che komplettiert. Das Thema Health&amp;Care wird in der dritten Etappe einen Schwerpunkt darstellen. Zus\u00e4tzlich zur OdA-G-ZH zeichnen sich Schl\u00fcsselmieter und -nutzungen aus den Bereichen medizinisches Consulting und Rehabilitation\/Fitness ab. Ebenfalls zur dritten Etappe geh\u00f6rt die \u00f6ffentliche Primarschule, welche die Stadt Z\u00fcrich bis 2023 nach Pl\u00e4nen des Architekturb\u00fcros Studio Burkhardt, Z\u00fcrich, und Pirmin Jung Holzbauingenieure AG, <span data-cmp_parsed_location_name=\"Rain\" data-cmp_parsed_location_weather=\"K09779201\" data-cmp_parsed_location_other=\"1\" data-ce-class=\"Locations\">Rain<\/span>, realisiert.<\/p>\n","protected":false},"excerpt":{"rendered":"<p>In Z\u00fcrich S\u00fcd drehen sich die Baukr\u00e4ne weiter: Am 20. Juni fiel mit dem Baubeginn f\u00fcr das Geb\u00e4ude Pergamin der Startschuss f\u00fcr die dritte Bauetappe des nachhaltigen Quartiers Greencity.<\/p>\n","protected":false},"author":3,"featured_media":13032,"comment_status":"open","ping_status":"open","sticky":false,"template":"","format":"standard","meta":{"_acf_changed":false,"_yoast_wpseo_focuskw":"Greencity","_yoast_wpseo_title":"","_yoast_wpseo_metadesc":"In Z\u00fcrich S\u00fcd drehen sich die Baukr\u00e4ne weiter: Am 20. Juni fiel mit dem Baubeginn f\u00fcr das Geb\u00e4ude Pergamin der Startschuss f\u00fcr die dritte Bauetappe des nachhaltigen Quartiers Greencity.","_yoast_wpseo_linkdex":76,"pgc_sgb_lightbox_settings":"","footnotes":""},"categories":[985],"tags":[1119,1282,1599,1888],"class_list":["post-13031","post","type-post","status-publish","format-standard","has-post-thumbnail","hentry","category-regionen","tag-bueroimmobilien","tag-greencity","tag-projekt-in-bau","tag-zuerich"],"acf":[],"yoast_head":"<!-- This site is optimized with the Yoast SEO plugin v27.4 - https:\/\/yoast.com\/product\/yoast-seo-wordpress\/ -->\n<title>Z\u00fcrich: Greencity w\u00e4chst weiter - IMMOBILIEN Business<\/title>\n<meta name=\"description\" content=\"In Z\u00fcrich S\u00fcd drehen sich die Baukr\u00e4ne weiter: Am 20. Juni fiel mit dem Baubeginn f\u00fcr das Geb\u00e4ude Pergamin der Startschuss f\u00fcr die dritte Bauetappe des nachhaltigen Quartiers Greencity.\" \/>\n<meta name=\"robots\" content=\"index, follow, max-snippet:-1, max-image-preview:large, max-video-preview:-1\" \/>\n<link rel=\"canonical\" href=\"https:\/\/www.immobilienbusiness.ch\/de\/regionen\/2018-06-21\/zuerich-greencity-waechst-weiter\/\" \/>\n<meta property=\"og:locale\" content=\"de_DE\" \/>\n<meta property=\"og:type\" content=\"article\" \/>\n<meta property=\"og:title\" content=\"Z\u00fcrich: Greencity w\u00e4chst weiter - IMMOBILIEN Business\" \/>\n<meta property=\"og:description\" content=\"In Z\u00fcrich S\u00fcd drehen sich die Baukr\u00e4ne weiter: Am 20. Juni fiel mit dem Baubeginn f\u00fcr das Geb\u00e4ude Pergamin der Startschuss f\u00fcr die dritte Bauetappe des nachhaltigen Quartiers Greencity.\" \/>\n<meta property=\"og:url\" content=\"https:\/\/www.immobilienbusiness.ch\/de\/regionen\/2018-06-21\/zuerich-greencity-waechst-weiter\/\" \/>\n<meta property=\"og:site_name\" content=\"IMMOBILIEN Business\" \/>\n<meta property=\"article:publisher\" content=\"https:\/\/www.facebook.com\/immobilienbusiness\/\" \/>\n<meta property=\"article:published_time\" content=\"2018-06-21T06:26:04+00:00\" \/>\n<meta property=\"og:image\" content=\"https:\/\/www.immobilienbusiness.ch\/wp-content\/uploads\/2018\/06\/burogebaude_c1_ost_mit_c1w_und_b6_-_ld.jpg__1000x1000_q60_subsampling-2.jpg\" \/>\n\t<meta property=\"og:image:width\" content=\"1000\" \/>\n\t<meta property=\"og:image:height\" content=\"1000\" \/>\n\t<meta property=\"og:image:type\" content=\"image\/jpeg\" \/>\n<meta name=\"author\" content=\"anja.hall\" \/>\n<meta name=\"twitter:card\" content=\"summary_large_image\" \/>\n<meta name=\"twitter:image\" content=\"https:\/\/www.immobilienbusiness.ch\/wp-content\/uploads\/2018\/06\/burogebaude_c1_ost_mit_c1w_und_b6_-_ld.jpg__1000x1000_q60_subsampling-2.jpg\" \/>\n<script type=\"application\/ld+json\" class=\"yoast-schema-graph\">{\"@context\":\"https:\\\/\\\/schema.org\",\"@graph\":[{\"@type\":\"Article\",\"@id\":\"https:\\\/\\\/www.immobilienbusiness.ch\\\/en\\\/regionen\\\/2018-06-21\\\/zuerich-greencity-waechst-weiter\\\/#article\",\"isPartOf\":{\"@id\":\"https:\\\/\\\/www.immobilienbusiness.ch\\\/en\\\/regionen\\\/2018-06-21\\\/zuerich-greencity-waechst-weiter\\\/\"},\"author\":{\"name\":\"anja.hall\",\"@id\":\"https:\\\/\\\/www.immobilienbusiness.ch\\\/#\\\/schema\\\/person\\\/3fc036297b10b9f42d6db5ee932af8c8\"},\"headline\":\"Z\u00fcrich: Greencity w\u00e4chst weiter\",\"datePublished\":\"2018-06-21T06:26:04+00:00\",\"mainEntityOfPage\":{\"@id\":\"https:\\\/\\\/www.immobilienbusiness.ch\\\/en\\\/regionen\\\/2018-06-21\\\/zuerich-greencity-waechst-weiter\\\/\"},\"wordCount\":454,\"commentCount\":0,\"publisher\":{\"@id\":\"https:\\\/\\\/www.immobilienbusiness.ch\\\/#organization\"},\"image\":{\"@id\":\"https:\\\/\\\/www.immobilienbusiness.ch\\\/en\\\/regionen\\\/2018-06-21\\\/zuerich-greencity-waechst-weiter\\\/#primaryimage\"},\"thumbnailUrl\":\"https:\\\/\\\/www.immobilienbusiness.ch\\\/wp-content\\\/uploads\\\/2018\\\/06\\\/burogebaude_c1_ost_mit_c1w_und_b6_-_ld.jpg__1000x1000_q60_subsampling-2.jpg\",\"keywords\":[\"B\u00fcroimmobilien\",\"Greencity\",\"Projekt in Bau\",\"Z\u00fcrich\"],\"articleSection\":[\"REGIONEN\"],\"inLanguage\":\"de\"},{\"@type\":\"WebPage\",\"@id\":\"https:\\\/\\\/www.immobilienbusiness.ch\\\/en\\\/regionen\\\/2018-06-21\\\/zuerich-greencity-waechst-weiter\\\/\",\"url\":\"https:\\\/\\\/www.immobilienbusiness.ch\\\/en\\\/regionen\\\/2018-06-21\\\/zuerich-greencity-waechst-weiter\\\/\",\"name\":\"Z\u00fcrich: Greencity w\u00e4chst weiter - IMMOBILIEN Business\",\"isPartOf\":{\"@id\":\"https:\\\/\\\/www.immobilienbusiness.ch\\\/#website\"},\"primaryImageOfPage\":{\"@id\":\"https:\\\/\\\/www.immobilienbusiness.ch\\\/en\\\/regionen\\\/2018-06-21\\\/zuerich-greencity-waechst-weiter\\\/#primaryimage\"},\"image\":{\"@id\":\"https:\\\/\\\/www.immobilienbusiness.ch\\\/en\\\/regionen\\\/2018-06-21\\\/zuerich-greencity-waechst-weiter\\\/#primaryimage\"},\"thumbnailUrl\":\"https:\\\/\\\/www.immobilienbusiness.ch\\\/wp-content\\\/uploads\\\/2018\\\/06\\\/burogebaude_c1_ost_mit_c1w_und_b6_-_ld.jpg__1000x1000_q60_subsampling-2.jpg\",\"datePublished\":\"2018-06-21T06:26:04+00:00\",\"description\":\"In Z\u00fcrich S\u00fcd drehen sich die Baukr\u00e4ne weiter: Am 20. Juni fiel mit dem Baubeginn f\u00fcr das Geb\u00e4ude Pergamin der Startschuss f\u00fcr die dritte Bauetappe des nachhaltigen Quartiers Greencity.\",\"breadcrumb\":{\"@id\":\"https:\\\/\\\/www.immobilienbusiness.ch\\\/en\\\/regionen\\\/2018-06-21\\\/zuerich-greencity-waechst-weiter\\\/#breadcrumb\"},\"inLanguage\":\"de\",\"potentialAction\":[{\"@type\":\"ReadAction\",\"target\":[\"https:\\\/\\\/www.immobilienbusiness.ch\\\/en\\\/regionen\\\/2018-06-21\\\/zuerich-greencity-waechst-weiter\\\/\"]}]},{\"@type\":\"ImageObject\",\"inLanguage\":\"de\",\"@id\":\"https:\\\/\\\/www.immobilienbusiness.ch\\\/en\\\/regionen\\\/2018-06-21\\\/zuerich-greencity-waechst-weiter\\\/#primaryimage\",\"url\":\"https:\\\/\\\/www.immobilienbusiness.ch\\\/wp-content\\\/uploads\\\/2018\\\/06\\\/burogebaude_c1_ost_mit_c1w_und_b6_-_ld.jpg__1000x1000_q60_subsampling-2.jpg\",\"contentUrl\":\"https:\\\/\\\/www.immobilienbusiness.ch\\\/wp-content\\\/uploads\\\/2018\\\/06\\\/burogebaude_c1_ost_mit_c1w_und_b6_-_ld.jpg__1000x1000_q60_subsampling-2.jpg\",\"width\":1000,\"height\":1000},{\"@type\":\"BreadcrumbList\",\"@id\":\"https:\\\/\\\/www.immobilienbusiness.ch\\\/en\\\/regionen\\\/2018-06-21\\\/zuerich-greencity-waechst-weiter\\\/#breadcrumb\",\"itemListElement\":[{\"@type\":\"ListItem\",\"position\":1,\"name\":\"Home\",\"item\":\"https:\\\/\\\/www.immobilienbusiness.ch\\\/\"},{\"@type\":\"ListItem\",\"position\":2,\"name\":\"Z\u00fcrich: Greencity w\u00e4chst weiter\"}]},{\"@type\":\"WebSite\",\"@id\":\"https:\\\/\\\/www.immobilienbusiness.ch\\\/#website\",\"url\":\"https:\\\/\\\/www.immobilienbusiness.ch\\\/\",\"name\":\"IMMOBILIEN Business\",\"description\":\"Unabh\u00e4ngiges Schweizer Wirtschaftsmagazin mit Fokus auf Immobilien, Architektur- und Bau sowie Investment- und Finanzierung.\",\"publisher\":{\"@id\":\"https:\\\/\\\/www.immobilienbusiness.ch\\\/#organization\"},\"potentialAction\":[{\"@type\":\"SearchAction\",\"target\":{\"@type\":\"EntryPoint\",\"urlTemplate\":\"https:\\\/\\\/www.immobilienbusiness.ch\\\/?s={search_term_string}\"},\"query-input\":{\"@type\":\"PropertyValueSpecification\",\"valueRequired\":true,\"valueName\":\"search_term_string\"}}],\"inLanguage\":\"de\"},{\"@type\":\"Organization\",\"@id\":\"https:\\\/\\\/www.immobilienbusiness.ch\\\/#organization\",\"name\":\"IMMOBILIEN Business\",\"url\":\"https:\\\/\\\/www.immobilienbusiness.ch\\\/\",\"logo\":{\"@type\":\"ImageObject\",\"inLanguage\":\"de\",\"@id\":\"https:\\\/\\\/www.immobilienbusiness.ch\\\/#\\\/schema\\\/logo\\\/image\\\/\",\"url\":\"https:\\\/\\\/www.immobilienbusiness.ch\\\/wp-content\\\/uploads\\\/2021\\\/07\\\/logo_ib.png\",\"contentUrl\":\"https:\\\/\\\/www.immobilienbusiness.ch\\\/wp-content\\\/uploads\\\/2021\\\/07\\\/logo_ib.png\",\"width\":800,\"height\":181,\"caption\":\"IMMOBILIEN Business\"},\"image\":{\"@id\":\"https:\\\/\\\/www.immobilienbusiness.ch\\\/#\\\/schema\\\/logo\\\/image\\\/\"},\"sameAs\":[\"https:\\\/\\\/www.facebook.com\\\/immobilienbusiness\\\/\"]},{\"@type\":\"Person\",\"@id\":\"https:\\\/\\\/www.immobilienbusiness.ch\\\/#\\\/schema\\\/person\\\/3fc036297b10b9f42d6db5ee932af8c8\",\"name\":\"anja.hall\",\"image\":{\"@type\":\"ImageObject\",\"inLanguage\":\"de\",\"@id\":\"https:\\\/\\\/secure.gravatar.com\\\/avatar\\\/066b5a0d447013502c71a5782f4f3469f03cfe595cc2329fb94652fe47511bfb?s=96&d=mm&r=g\",\"url\":\"https:\\\/\\\/secure.gravatar.com\\\/avatar\\\/066b5a0d447013502c71a5782f4f3469f03cfe595cc2329fb94652fe47511bfb?s=96&d=mm&r=g\",\"contentUrl\":\"https:\\\/\\\/secure.gravatar.com\\\/avatar\\\/066b5a0d447013502c71a5782f4f3469f03cfe595cc2329fb94652fe47511bfb?s=96&d=mm&r=g\",\"caption\":\"anja.hall\"},\"url\":\"https:\\\/\\\/www.immobilienbusiness.ch\\\/de\\\/author\\\/anja-hall\\\/\"}]}<\/script>\n<!-- \/ Yoast SEO plugin. -->","yoast_head_json":{"title":"Z\u00fcrich: Greencity w\u00e4chst weiter - IMMOBILIEN Business","description":"In Z\u00fcrich S\u00fcd drehen sich die Baukr\u00e4ne weiter: Am 20. Juni fiel mit dem Baubeginn f\u00fcr das Geb\u00e4ude Pergamin der Startschuss f\u00fcr die dritte Bauetappe des nachhaltigen Quartiers Greencity.","robots":{"index":"index","follow":"follow","max-snippet":"max-snippet:-1","max-image-preview":"max-image-preview:large","max-video-preview":"max-video-preview:-1"},"canonical":"https:\/\/www.immobilienbusiness.ch\/de\/regionen\/2018-06-21\/zuerich-greencity-waechst-weiter\/","og_locale":"de_DE","og_type":"article","og_title":"Z\u00fcrich: Greencity w\u00e4chst weiter - IMMOBILIEN Business","og_description":"In Z\u00fcrich S\u00fcd drehen sich die Baukr\u00e4ne weiter: Am 20. Juni fiel mit dem Baubeginn f\u00fcr das Geb\u00e4ude Pergamin der Startschuss f\u00fcr die dritte Bauetappe des nachhaltigen Quartiers Greencity.","og_url":"https:\/\/www.immobilienbusiness.ch\/de\/regionen\/2018-06-21\/zuerich-greencity-waechst-weiter\/","og_site_name":"IMMOBILIEN Business","article_publisher":"https:\/\/www.facebook.com\/immobilienbusiness\/","article_published_time":"2018-06-21T06:26:04+00:00","og_image":[{"width":1000,"height":1000,"url":"https:\/\/www.immobilienbusiness.ch\/wp-content\/uploads\/2018\/06\/burogebaude_c1_ost_mit_c1w_und_b6_-_ld.jpg__1000x1000_q60_subsampling-2.jpg","type":"image\/jpeg"}],"author":"anja.hall","twitter_card":"summary_large_image","twitter_image":"https:\/\/www.immobilienbusiness.ch\/wp-content\/uploads\/2018\/06\/burogebaude_c1_ost_mit_c1w_und_b6_-_ld.jpg__1000x1000_q60_subsampling-2.jpg","schema":{"@context":"https:\/\/schema.org","@graph":[{"@type":"Article","@id":"https:\/\/www.immobilienbusiness.ch\/en\/regionen\/2018-06-21\/zuerich-greencity-waechst-weiter\/#article","isPartOf":{"@id":"https:\/\/www.immobilienbusiness.ch\/en\/regionen\/2018-06-21\/zuerich-greencity-waechst-weiter\/"},"author":{"name":"anja.hall","@id":"https:\/\/www.immobilienbusiness.ch\/#\/schema\/person\/3fc036297b10b9f42d6db5ee932af8c8"},"headline":"Z\u00fcrich: Greencity w\u00e4chst weiter","datePublished":"2018-06-21T06:26:04+00:00","mainEntityOfPage":{"@id":"https:\/\/www.immobilienbusiness.ch\/en\/regionen\/2018-06-21\/zuerich-greencity-waechst-weiter\/"},"wordCount":454,"commentCount":0,"publisher":{"@id":"https:\/\/www.immobilienbusiness.ch\/#organization"},"image":{"@id":"https:\/\/www.immobilienbusiness.ch\/en\/regionen\/2018-06-21\/zuerich-greencity-waechst-weiter\/#primaryimage"},"thumbnailUrl":"https:\/\/www.immobilienbusiness.ch\/wp-content\/uploads\/2018\/06\/burogebaude_c1_ost_mit_c1w_und_b6_-_ld.jpg__1000x1000_q60_subsampling-2.jpg","keywords":["B\u00fcroimmobilien","Greencity","Projekt in Bau","Z\u00fcrich"],"articleSection":["REGIONEN"],"inLanguage":"de"},{"@type":"WebPage","@id":"https:\/\/www.immobilienbusiness.ch\/en\/regionen\/2018-06-21\/zuerich-greencity-waechst-weiter\/","url":"https:\/\/www.immobilienbusiness.ch\/en\/regionen\/2018-06-21\/zuerich-greencity-waechst-weiter\/","name":"Z\u00fcrich: Greencity w\u00e4chst weiter - IMMOBILIEN Business","isPartOf":{"@id":"https:\/\/www.immobilienbusiness.ch\/#website"},"primaryImageOfPage":{"@id":"https:\/\/www.immobilienbusiness.ch\/en\/regionen\/2018-06-21\/zuerich-greencity-waechst-weiter\/#primaryimage"},"image":{"@id":"https:\/\/www.immobilienbusiness.ch\/en\/regionen\/2018-06-21\/zuerich-greencity-waechst-weiter\/#primaryimage"},"thumbnailUrl":"https:\/\/www.immobilienbusiness.ch\/wp-content\/uploads\/2018\/06\/burogebaude_c1_ost_mit_c1w_und_b6_-_ld.jpg__1000x1000_q60_subsampling-2.jpg","datePublished":"2018-06-21T06:26:04+00:00","description":"In Z\u00fcrich S\u00fcd drehen sich die Baukr\u00e4ne weiter: Am 20. Juni fiel mit dem Baubeginn f\u00fcr das Geb\u00e4ude Pergamin der Startschuss f\u00fcr die dritte Bauetappe des nachhaltigen Quartiers Greencity.","breadcrumb":{"@id":"https:\/\/www.immobilienbusiness.ch\/en\/regionen\/2018-06-21\/zuerich-greencity-waechst-weiter\/#breadcrumb"},"inLanguage":"de","potentialAction":[{"@type":"ReadAction","target":["https:\/\/www.immobilienbusiness.ch\/en\/regionen\/2018-06-21\/zuerich-greencity-waechst-weiter\/"]}]},{"@type":"ImageObject","inLanguage":"de","@id":"https:\/\/www.immobilienbusiness.ch\/en\/regionen\/2018-06-21\/zuerich-greencity-waechst-weiter\/#primaryimage","url":"https:\/\/www.immobilienbusiness.ch\/wp-content\/uploads\/2018\/06\/burogebaude_c1_ost_mit_c1w_und_b6_-_ld.jpg__1000x1000_q60_subsampling-2.jpg","contentUrl":"https:\/\/www.immobilienbusiness.ch\/wp-content\/uploads\/2018\/06\/burogebaude_c1_ost_mit_c1w_und_b6_-_ld.jpg__1000x1000_q60_subsampling-2.jpg","width":1000,"height":1000},{"@type":"BreadcrumbList","@id":"https:\/\/www.immobilienbusiness.ch\/en\/regionen\/2018-06-21\/zuerich-greencity-waechst-weiter\/#breadcrumb","itemListElement":[{"@type":"ListItem","position":1,"name":"Home","item":"https:\/\/www.immobilienbusiness.ch\/"},{"@type":"ListItem","position":2,"name":"Z\u00fcrich: Greencity w\u00e4chst weiter"}]},{"@type":"WebSite","@id":"https:\/\/www.immobilienbusiness.ch\/#website","url":"https:\/\/www.immobilienbusiness.ch\/","name":"IMMOBILIEN Business","description":"Unabh\u00e4ngiges Schweizer Wirtschaftsmagazin mit Fokus auf Immobilien, Architektur- und Bau sowie Investment- und Finanzierung.","publisher":{"@id":"https:\/\/www.immobilienbusiness.ch\/#organization"},"potentialAction":[{"@type":"SearchAction","target":{"@type":"EntryPoint","urlTemplate":"https:\/\/www.immobilienbusiness.ch\/?s={search_term_string}"},"query-input":{"@type":"PropertyValueSpecification","valueRequired":true,"valueName":"search_term_string"}}],"inLanguage":"de"},{"@type":"Organization","@id":"https:\/\/www.immobilienbusiness.ch\/#organization","name":"IMMOBILIEN Business","url":"https:\/\/www.immobilienbusiness.ch\/","logo":{"@type":"ImageObject","inLanguage":"de","@id":"https:\/\/www.immobilienbusiness.ch\/#\/schema\/logo\/image\/","url":"https:\/\/www.immobilienbusiness.ch\/wp-content\/uploads\/2021\/07\/logo_ib.png","contentUrl":"https:\/\/www.immobilienbusiness.ch\/wp-content\/uploads\/2021\/07\/logo_ib.png","width":800,"height":181,"caption":"IMMOBILIEN Business"},"image":{"@id":"https:\/\/www.immobilienbusiness.ch\/#\/schema\/logo\/image\/"},"sameAs":["https:\/\/www.facebook.com\/immobilienbusiness\/"]},{"@type":"Person","@id":"https:\/\/www.immobilienbusiness.ch\/#\/schema\/person\/3fc036297b10b9f42d6db5ee932af8c8","name":"anja.hall","image":{"@type":"ImageObject","inLanguage":"de","@id":"https:\/\/secure.gravatar.com\/avatar\/066b5a0d447013502c71a5782f4f3469f03cfe595cc2329fb94652fe47511bfb?s=96&d=mm&r=g","url":"https:\/\/secure.gravatar.com\/avatar\/066b5a0d447013502c71a5782f4f3469f03cfe595cc2329fb94652fe47511bfb?s=96&d=mm&r=g","contentUrl":"https:\/\/secure.gravatar.com\/avatar\/066b5a0d447013502c71a5782f4f3469f03cfe595cc2329fb94652fe47511bfb?s=96&d=mm&r=g","caption":"anja.hall"},"url":"https:\/\/www.immobilienbusiness.ch\/de\/author\/anja-hall\/"}]}},"_links":{"self":[{"href":"https:\/\/www.immobilienbusiness.ch\/de\/wp-json\/wp\/v2\/posts\/13031","targetHints":{"allow":["GET"]}}],"collection":[{"href":"https:\/\/www.immobilienbusiness.ch\/de\/wp-json\/wp\/v2\/posts"}],"about":[{"href":"https:\/\/www.immobilienbusiness.ch\/de\/wp-json\/wp\/v2\/types\/post"}],"author":[{"embeddable":true,"href":"https:\/\/www.immobilienbusiness.ch\/de\/wp-json\/wp\/v2\/users\/3"}],"replies":[{"embeddable":true,"href":"https:\/\/www.immobilienbusiness.ch\/de\/wp-json\/wp\/v2\/comments?post=13031"}],"version-history":[{"count":0,"href":"https:\/\/www.immobilienbusiness.ch\/de\/wp-json\/wp\/v2\/posts\/13031\/revisions"}],"wp:featuredmedia":[{"embeddable":true,"href":"https:\/\/www.immobilienbusiness.ch\/de\/wp-json\/wp\/v2\/media\/13032"}],"wp:attachment":[{"href":"https:\/\/www.immobilienbusiness.ch\/de\/wp-json\/wp\/v2\/media?parent=13031"}],"wp:term":[{"taxonomy":"category","embeddable":true,"href":"https:\/\/www.immobilienbusiness.ch\/de\/wp-json\/wp\/v2\/categories?post=13031"},{"taxonomy":"post_tag","embeddable":true,"href":"https:\/\/www.immobilienbusiness.ch\/de\/wp-json\/wp\/v2\/tags?post=13031"}],"curies":[{"name":"wp","href":"https:\/\/api.w.org\/{rel}","templated":true}]}}