{"id":12954,"date":"2018-06-14T08:25:25","date_gmt":"2018-06-14T06:25:25","guid":{"rendered":"https:\/\/www.immobilienbusiness.ch\/?p=12954"},"modified":"2018-06-14T08:25:25","modified_gmt":"2018-06-14T06:25:25","slug":"bfw-liegenschaften-beat-frischknecht-wird-ceo","status":"publish","type":"post","link":"https:\/\/www.immobilienbusiness.ch\/de\/unternehmen\/2018-06-14\/bfw-liegenschaften-beat-frischknecht-wird-ceo\/","title":{"rendered":"BFW Liegenschaften: Beat Frischknecht bleibt CEO"},"content":{"rendered":"<figure id=\"attachment_7926\" aria-describedby=\"caption-attachment-7926\" style=\"width: 680px\" class=\"wp-caption alignnone\"><img loading=\"lazy\" decoding=\"async\" class=\"size-medium wp-image-7926\" src=\"https:\/\/www.immobilienbusiness.ch\/wp-content\/uploads\/2017\/06\/Depositphotos_71529275_m-2015.jpg\" alt=\"\" width=\"680\" height=\"445\" srcset=\"https:\/\/www.immobilienbusiness.ch\/wp-content\/uploads\/2017\/06\/Depositphotos_71529275_m-2015.jpg 1000w, https:\/\/www.immobilienbusiness.ch\/wp-content\/uploads\/2017\/06\/Depositphotos_71529275_m-2015-300x196.jpg 300w, https:\/\/www.immobilienbusiness.ch\/wp-content\/uploads\/2017\/06\/Depositphotos_71529275_m-2015-768x502.jpg 768w, https:\/\/www.immobilienbusiness.ch\/wp-content\/uploads\/2017\/06\/Depositphotos_71529275_m-2015-16x10.jpg 16w, https:\/\/www.immobilienbusiness.ch\/wp-content\/uploads\/2017\/06\/Depositphotos_71529275_m-2015-268x175.jpg 268w, https:\/\/www.immobilienbusiness.ch\/wp-content\/uploads\/2017\/06\/Depositphotos_71529275_m-2015-535x350.jpg 535w, https:\/\/www.immobilienbusiness.ch\/wp-content\/uploads\/2017\/06\/Depositphotos_71529275_m-2015-920x602.jpg 920w\" sizes=\"auto, (max-width: 680px) 100vw, 680px\" \/><figcaption id=\"caption-attachment-7926\" class=\"wp-caption-text\">Beat Frischknecht bleibt CEO der BFW Liegenschaften (Foto: Rawpixel &#8211; depositphotos)<\/figcaption><\/figure>\n<p>Beat Frischknecht ist seit der Generalversammlung 2017 Verwaltungsratspr\u00e4sident der BFW Liegenschaften. Das Amt des Chief Executive Officer (CEO) \u00fcbernimmt er nun im Mandatsverh\u00e4ltnis, nachdem er Ende M\u00e4rz dieses Jahres den Chefposten interimistisch von Reto Borner \u00fcbernommen hatte. <a href=\"https:\/\/www.immobilienbusiness.ch\/bfw-liegenschaften-veraenderung-in-der-geschaeftsleitung\/\">Borner stand insgesamt mehr als sieben Jahre als CFO und CEO an der Spitze der Immobiliengesellschaft und hat sich im Fr\u00fchjahr entschieden, das Unternehmen zu verlassen. <\/a><\/p>\n<p>Frischknecht, der ab 1992 die verschiedenen Gesellschaften der BFW Liegenschaften aufgebaut hat, hatte die operative Leitung des Unternehmens bereits von 2000 bis Ende April 2006 sowie von Juli 2012 bis Ende M\u00e4rz 2017 inne. Zudem war er als Verwaltungsratmitglied in den vergangenen Jahren in den Akquisitions- und Devestitionsprozess der Portfolioliegenschaften eingebunden.<\/p>\n<p>Der Verwaltungsrat der BFW Liegenschaften hat ausserdem beschlossen, die Rechnungslegung von IFRS auf Swiss GAAP FER f\u00fcr das laufende Gesch\u00e4ftsjahr mit Wirkung per 1. Januar 2018 umzustellen. Grund sei die immer komplexer und restriktiver werdende Anwendung des IFRS-Standards in den vergangenen Jahren, teilt der VR mit. Swiss GAAP FER verfolge dagegen einen pragmatischeren Ansatz, der besser zu den Bed\u00fcrfnissen kleiner und mittelgrosser Unternehmen mit nationaler Ausrichtung &#8211; wie der BFW Liegenschaften &#8211; zugeschnitten ist. Aus der Umstellung seien keine wesentlichen \u00c4nderungen im Eigenkapital, Ergebnis und in den Bewertungen zu erwarten, heisst es weiter. Der Verwaltungsrat betont ausserdem, dass die Aktien der Firma an der SIX Swiss Exchange kotiert bleiben und weiterhin Bestandteil des Swiss Performance Index (SPI) sind.<\/p>\n","protected":false},"excerpt":{"rendered":"<p>Der Verwaltungsrat der BFW Liegenschaften hat an seiner Sitzung vom 13. Juni Beat Frischknecht zum CEO ernannt. Er hatte die Position bereits ad interim inne, nachdem Reto Borner im M\u00e4rz aus dem Unternehmen ausgeschieden war.<\/p>\n","protected":false},"author":3,"featured_media":7926,"comment_status":"open","ping_status":"open","sticky":false,"template":"","format":"standard","meta":{"_acf_changed":false,"_yoast_wpseo_focuskw":"Frischknecht","_yoast_wpseo_title":"","_yoast_wpseo_metadesc":"Der Verwaltungsrat der BFW Liegenschaften hat an seiner Sitzung vom 13. Juni Beat Frischknecht zum CEO ernannt. Er hatte die Position bereits ad interim inne, nachdem Reto Borner im M\u00e4rz aus dem Unternehmen ausgeschieden war.","_yoast_wpseo_linkdex":82,"pgc_sgb_lightbox_settings":"","footnotes":""},"categories":[988],"tags":[1096,1563,1807],"class_list":["post-12954","post","type-post","status-publish","format-standard","has-post-thumbnail","hentry","category-unternehmen","tag-bfw-liegenschaften-ag","tag-personalia","tag-unternehmen"],"acf":[],"yoast_head":"<!-- This site is optimized with the Yoast SEO plugin v27.4 - https:\/\/yoast.com\/product\/yoast-seo-wordpress\/ -->\n<title>BFW Liegenschaften: Beat Frischknecht bleibt CEO - IMMOBILIEN Business<\/title>\n<meta name=\"description\" content=\"Der Verwaltungsrat der BFW Liegenschaften hat an seiner Sitzung vom 13. Juni Beat Frischknecht zum CEO ernannt. Er hatte die Position bereits ad interim inne, nachdem Reto Borner im M\u00e4rz aus dem Unternehmen ausgeschieden war.\" \/>\n<meta name=\"robots\" content=\"index, follow, max-snippet:-1, max-image-preview:large, max-video-preview:-1\" \/>\n<link rel=\"canonical\" href=\"https:\/\/www.immobilienbusiness.ch\/de\/unternehmen\/2018-06-14\/bfw-liegenschaften-beat-frischknecht-wird-ceo\/\" \/>\n<meta property=\"og:locale\" content=\"de_DE\" \/>\n<meta property=\"og:type\" content=\"article\" \/>\n<meta property=\"og:title\" content=\"BFW Liegenschaften: Beat Frischknecht bleibt CEO - IMMOBILIEN Business\" \/>\n<meta property=\"og:description\" content=\"Der Verwaltungsrat der BFW Liegenschaften hat an seiner Sitzung vom 13. Juni Beat Frischknecht zum CEO ernannt. Er hatte die Position bereits ad interim inne, nachdem Reto Borner im M\u00e4rz aus dem Unternehmen ausgeschieden war.\" \/>\n<meta property=\"og:url\" content=\"https:\/\/www.immobilienbusiness.ch\/de\/unternehmen\/2018-06-14\/bfw-liegenschaften-beat-frischknecht-wird-ceo\/\" \/>\n<meta property=\"og:site_name\" content=\"IMMOBILIEN Business\" \/>\n<meta property=\"article:publisher\" content=\"https:\/\/www.facebook.com\/immobilienbusiness\/\" \/>\n<meta property=\"article:published_time\" content=\"2018-06-14T06:25:25+00:00\" \/>\n<meta property=\"og:image\" content=\"https:\/\/www.immobilienbusiness.ch\/wp-content\/uploads\/2017\/06\/Depositphotos_71529275_m-2015.jpg\" \/>\n\t<meta property=\"og:image:width\" content=\"1000\" \/>\n\t<meta property=\"og:image:height\" content=\"654\" \/>\n\t<meta property=\"og:image:type\" content=\"image\/jpeg\" \/>\n<meta name=\"author\" content=\"anja.hall\" \/>\n<meta name=\"twitter:card\" content=\"summary_large_image\" \/>\n<meta name=\"twitter:image\" content=\"https:\/\/www.immobilienbusiness.ch\/wp-content\/uploads\/2017\/06\/Depositphotos_71529275_m-2015.jpg\" \/>\n<script type=\"application\/ld+json\" class=\"yoast-schema-graph\">{\"@context\":\"https:\\\/\\\/schema.org\",\"@graph\":[{\"@type\":\"Article\",\"@id\":\"https:\\\/\\\/www.immobilienbusiness.ch\\\/de\\\/unternehmen\\\/2018-06-14\\\/bfw-liegenschaften-beat-frischknecht-wird-ceo\\\/#article\",\"isPartOf\":{\"@id\":\"https:\\\/\\\/www.immobilienbusiness.ch\\\/de\\\/unternehmen\\\/2018-06-14\\\/bfw-liegenschaften-beat-frischknecht-wird-ceo\\\/\"},\"author\":{\"name\":\"anja.hall\",\"@id\":\"https:\\\/\\\/www.immobilienbusiness.ch\\\/#\\\/schema\\\/person\\\/3fc036297b10b9f42d6db5ee932af8c8\"},\"headline\":\"BFW Liegenschaften: Beat Frischknecht bleibt CEO\",\"datePublished\":\"2018-06-14T06:25:25+00:00\",\"mainEntityOfPage\":{\"@id\":\"https:\\\/\\\/www.immobilienbusiness.ch\\\/de\\\/unternehmen\\\/2018-06-14\\\/bfw-liegenschaften-beat-frischknecht-wird-ceo\\\/\"},\"wordCount\":256,\"commentCount\":0,\"publisher\":{\"@id\":\"https:\\\/\\\/www.immobilienbusiness.ch\\\/#organization\"},\"image\":{\"@id\":\"https:\\\/\\\/www.immobilienbusiness.ch\\\/de\\\/unternehmen\\\/2018-06-14\\\/bfw-liegenschaften-beat-frischknecht-wird-ceo\\\/#primaryimage\"},\"thumbnailUrl\":\"https:\\\/\\\/www.immobilienbusiness.ch\\\/wp-content\\\/uploads\\\/2017\\\/06\\\/Depositphotos_71529275_m-2015.jpg\",\"keywords\":[\"bfw liegenschaften ag\",\"Personalia\",\"Unternehmen\"],\"articleSection\":[\"UNTERNEHMEN\"],\"inLanguage\":\"de\"},{\"@type\":\"WebPage\",\"@id\":\"https:\\\/\\\/www.immobilienbusiness.ch\\\/de\\\/unternehmen\\\/2018-06-14\\\/bfw-liegenschaften-beat-frischknecht-wird-ceo\\\/\",\"url\":\"https:\\\/\\\/www.immobilienbusiness.ch\\\/de\\\/unternehmen\\\/2018-06-14\\\/bfw-liegenschaften-beat-frischknecht-wird-ceo\\\/\",\"name\":\"BFW Liegenschaften: Beat Frischknecht bleibt CEO - IMMOBILIEN Business\",\"isPartOf\":{\"@id\":\"https:\\\/\\\/www.immobilienbusiness.ch\\\/#website\"},\"primaryImageOfPage\":{\"@id\":\"https:\\\/\\\/www.immobilienbusiness.ch\\\/de\\\/unternehmen\\\/2018-06-14\\\/bfw-liegenschaften-beat-frischknecht-wird-ceo\\\/#primaryimage\"},\"image\":{\"@id\":\"https:\\\/\\\/www.immobilienbusiness.ch\\\/de\\\/unternehmen\\\/2018-06-14\\\/bfw-liegenschaften-beat-frischknecht-wird-ceo\\\/#primaryimage\"},\"thumbnailUrl\":\"https:\\\/\\\/www.immobilienbusiness.ch\\\/wp-content\\\/uploads\\\/2017\\\/06\\\/Depositphotos_71529275_m-2015.jpg\",\"datePublished\":\"2018-06-14T06:25:25+00:00\",\"description\":\"Der Verwaltungsrat der BFW Liegenschaften hat an seiner Sitzung vom 13. Juni Beat Frischknecht zum CEO ernannt. Er hatte die Position bereits ad interim inne, nachdem Reto Borner im M\u00e4rz aus dem Unternehmen ausgeschieden war.\",\"breadcrumb\":{\"@id\":\"https:\\\/\\\/www.immobilienbusiness.ch\\\/de\\\/unternehmen\\\/2018-06-14\\\/bfw-liegenschaften-beat-frischknecht-wird-ceo\\\/#breadcrumb\"},\"inLanguage\":\"de\",\"potentialAction\":[{\"@type\":\"ReadAction\",\"target\":[\"https:\\\/\\\/www.immobilienbusiness.ch\\\/de\\\/unternehmen\\\/2018-06-14\\\/bfw-liegenschaften-beat-frischknecht-wird-ceo\\\/\"]}]},{\"@type\":\"ImageObject\",\"inLanguage\":\"de\",\"@id\":\"https:\\\/\\\/www.immobilienbusiness.ch\\\/de\\\/unternehmen\\\/2018-06-14\\\/bfw-liegenschaften-beat-frischknecht-wird-ceo\\\/#primaryimage\",\"url\":\"https:\\\/\\\/www.immobilienbusiness.ch\\\/wp-content\\\/uploads\\\/2017\\\/06\\\/Depositphotos_71529275_m-2015.jpg\",\"contentUrl\":\"https:\\\/\\\/www.immobilienbusiness.ch\\\/wp-content\\\/uploads\\\/2017\\\/06\\\/Depositphotos_71529275_m-2015.jpg\",\"width\":1000,\"height\":654,\"caption\":\"Im Verwaltungsrat der PSP soll es im Fr\u00fchjahr einen Neuzugang geben (Foto: Rawpixel - depositphotos)\"},{\"@type\":\"BreadcrumbList\",\"@id\":\"https:\\\/\\\/www.immobilienbusiness.ch\\\/de\\\/unternehmen\\\/2018-06-14\\\/bfw-liegenschaften-beat-frischknecht-wird-ceo\\\/#breadcrumb\",\"itemListElement\":[{\"@type\":\"ListItem\",\"position\":1,\"name\":\"Home\",\"item\":\"https:\\\/\\\/www.immobilienbusiness.ch\\\/\"},{\"@type\":\"ListItem\",\"position\":2,\"name\":\"BFW Liegenschaften: Beat Frischknecht bleibt CEO\"}]},{\"@type\":\"WebSite\",\"@id\":\"https:\\\/\\\/www.immobilienbusiness.ch\\\/#website\",\"url\":\"https:\\\/\\\/www.immobilienbusiness.ch\\\/\",\"name\":\"IMMOBILIEN Business\",\"description\":\"Unabh\u00e4ngiges Schweizer Wirtschaftsmagazin mit Fokus auf Immobilien, Architektur- und Bau sowie Investment- und Finanzierung.\",\"publisher\":{\"@id\":\"https:\\\/\\\/www.immobilienbusiness.ch\\\/#organization\"},\"potentialAction\":[{\"@type\":\"SearchAction\",\"target\":{\"@type\":\"EntryPoint\",\"urlTemplate\":\"https:\\\/\\\/www.immobilienbusiness.ch\\\/?s={search_term_string}\"},\"query-input\":{\"@type\":\"PropertyValueSpecification\",\"valueRequired\":true,\"valueName\":\"search_term_string\"}}],\"inLanguage\":\"de\"},{\"@type\":\"Organization\",\"@id\":\"https:\\\/\\\/www.immobilienbusiness.ch\\\/#organization\",\"name\":\"IMMOBILIEN Business\",\"url\":\"https:\\\/\\\/www.immobilienbusiness.ch\\\/\",\"logo\":{\"@type\":\"ImageObject\",\"inLanguage\":\"de\",\"@id\":\"https:\\\/\\\/www.immobilienbusiness.ch\\\/#\\\/schema\\\/logo\\\/image\\\/\",\"url\":\"https:\\\/\\\/www.immobilienbusiness.ch\\\/wp-content\\\/uploads\\\/2021\\\/07\\\/logo_ib.png\",\"contentUrl\":\"https:\\\/\\\/www.immobilienbusiness.ch\\\/wp-content\\\/uploads\\\/2021\\\/07\\\/logo_ib.png\",\"width\":800,\"height\":181,\"caption\":\"IMMOBILIEN Business\"},\"image\":{\"@id\":\"https:\\\/\\\/www.immobilienbusiness.ch\\\/#\\\/schema\\\/logo\\\/image\\\/\"},\"sameAs\":[\"https:\\\/\\\/www.facebook.com\\\/immobilienbusiness\\\/\"]},{\"@type\":\"Person\",\"@id\":\"https:\\\/\\\/www.immobilienbusiness.ch\\\/#\\\/schema\\\/person\\\/3fc036297b10b9f42d6db5ee932af8c8\",\"name\":\"anja.hall\",\"image\":{\"@type\":\"ImageObject\",\"inLanguage\":\"de\",\"@id\":\"https:\\\/\\\/secure.gravatar.com\\\/avatar\\\/066b5a0d447013502c71a5782f4f3469f03cfe595cc2329fb94652fe47511bfb?s=96&d=mm&r=g\",\"url\":\"https:\\\/\\\/secure.gravatar.com\\\/avatar\\\/066b5a0d447013502c71a5782f4f3469f03cfe595cc2329fb94652fe47511bfb?s=96&d=mm&r=g\",\"contentUrl\":\"https:\\\/\\\/secure.gravatar.com\\\/avatar\\\/066b5a0d447013502c71a5782f4f3469f03cfe595cc2329fb94652fe47511bfb?s=96&d=mm&r=g\",\"caption\":\"anja.hall\"},\"url\":\"https:\\\/\\\/www.immobilienbusiness.ch\\\/de\\\/author\\\/anja-hall\\\/\"}]}<\/script>\n<!-- \/ Yoast SEO plugin. -->","yoast_head_json":{"title":"BFW Liegenschaften: Beat Frischknecht bleibt CEO - IMMOBILIEN Business","description":"Der Verwaltungsrat der BFW Liegenschaften hat an seiner Sitzung vom 13. Juni Beat Frischknecht zum CEO ernannt. Er hatte die Position bereits ad interim inne, nachdem Reto Borner im M\u00e4rz aus dem Unternehmen ausgeschieden war.","robots":{"index":"index","follow":"follow","max-snippet":"max-snippet:-1","max-image-preview":"max-image-preview:large","max-video-preview":"max-video-preview:-1"},"canonical":"https:\/\/www.immobilienbusiness.ch\/de\/unternehmen\/2018-06-14\/bfw-liegenschaften-beat-frischknecht-wird-ceo\/","og_locale":"de_DE","og_type":"article","og_title":"BFW Liegenschaften: Beat Frischknecht bleibt CEO - IMMOBILIEN Business","og_description":"Der Verwaltungsrat der BFW Liegenschaften hat an seiner Sitzung vom 13. Juni Beat Frischknecht zum CEO ernannt. Er hatte die Position bereits ad interim inne, nachdem Reto Borner im M\u00e4rz aus dem Unternehmen ausgeschieden war.","og_url":"https:\/\/www.immobilienbusiness.ch\/de\/unternehmen\/2018-06-14\/bfw-liegenschaften-beat-frischknecht-wird-ceo\/","og_site_name":"IMMOBILIEN Business","article_publisher":"https:\/\/www.facebook.com\/immobilienbusiness\/","article_published_time":"2018-06-14T06:25:25+00:00","og_image":[{"width":1000,"height":654,"url":"https:\/\/www.immobilienbusiness.ch\/wp-content\/uploads\/2017\/06\/Depositphotos_71529275_m-2015.jpg","type":"image\/jpeg"}],"author":"anja.hall","twitter_card":"summary_large_image","twitter_image":"https:\/\/www.immobilienbusiness.ch\/wp-content\/uploads\/2017\/06\/Depositphotos_71529275_m-2015.jpg","schema":{"@context":"https:\/\/schema.org","@graph":[{"@type":"Article","@id":"https:\/\/www.immobilienbusiness.ch\/de\/unternehmen\/2018-06-14\/bfw-liegenschaften-beat-frischknecht-wird-ceo\/#article","isPartOf":{"@id":"https:\/\/www.immobilienbusiness.ch\/de\/unternehmen\/2018-06-14\/bfw-liegenschaften-beat-frischknecht-wird-ceo\/"},"author":{"name":"anja.hall","@id":"https:\/\/www.immobilienbusiness.ch\/#\/schema\/person\/3fc036297b10b9f42d6db5ee932af8c8"},"headline":"BFW Liegenschaften: Beat Frischknecht bleibt CEO","datePublished":"2018-06-14T06:25:25+00:00","mainEntityOfPage":{"@id":"https:\/\/www.immobilienbusiness.ch\/de\/unternehmen\/2018-06-14\/bfw-liegenschaften-beat-frischknecht-wird-ceo\/"},"wordCount":256,"commentCount":0,"publisher":{"@id":"https:\/\/www.immobilienbusiness.ch\/#organization"},"image":{"@id":"https:\/\/www.immobilienbusiness.ch\/de\/unternehmen\/2018-06-14\/bfw-liegenschaften-beat-frischknecht-wird-ceo\/#primaryimage"},"thumbnailUrl":"https:\/\/www.immobilienbusiness.ch\/wp-content\/uploads\/2017\/06\/Depositphotos_71529275_m-2015.jpg","keywords":["bfw liegenschaften ag","Personalia","Unternehmen"],"articleSection":["UNTERNEHMEN"],"inLanguage":"de"},{"@type":"WebPage","@id":"https:\/\/www.immobilienbusiness.ch\/de\/unternehmen\/2018-06-14\/bfw-liegenschaften-beat-frischknecht-wird-ceo\/","url":"https:\/\/www.immobilienbusiness.ch\/de\/unternehmen\/2018-06-14\/bfw-liegenschaften-beat-frischknecht-wird-ceo\/","name":"BFW Liegenschaften: Beat Frischknecht bleibt CEO - IMMOBILIEN Business","isPartOf":{"@id":"https:\/\/www.immobilienbusiness.ch\/#website"},"primaryImageOfPage":{"@id":"https:\/\/www.immobilienbusiness.ch\/de\/unternehmen\/2018-06-14\/bfw-liegenschaften-beat-frischknecht-wird-ceo\/#primaryimage"},"image":{"@id":"https:\/\/www.immobilienbusiness.ch\/de\/unternehmen\/2018-06-14\/bfw-liegenschaften-beat-frischknecht-wird-ceo\/#primaryimage"},"thumbnailUrl":"https:\/\/www.immobilienbusiness.ch\/wp-content\/uploads\/2017\/06\/Depositphotos_71529275_m-2015.jpg","datePublished":"2018-06-14T06:25:25+00:00","description":"Der Verwaltungsrat der BFW Liegenschaften hat an seiner Sitzung vom 13. Juni Beat Frischknecht zum CEO ernannt. Er hatte die Position bereits ad interim inne, nachdem Reto Borner im M\u00e4rz aus dem Unternehmen ausgeschieden war.","breadcrumb":{"@id":"https:\/\/www.immobilienbusiness.ch\/de\/unternehmen\/2018-06-14\/bfw-liegenschaften-beat-frischknecht-wird-ceo\/#breadcrumb"},"inLanguage":"de","potentialAction":[{"@type":"ReadAction","target":["https:\/\/www.immobilienbusiness.ch\/de\/unternehmen\/2018-06-14\/bfw-liegenschaften-beat-frischknecht-wird-ceo\/"]}]},{"@type":"ImageObject","inLanguage":"de","@id":"https:\/\/www.immobilienbusiness.ch\/de\/unternehmen\/2018-06-14\/bfw-liegenschaften-beat-frischknecht-wird-ceo\/#primaryimage","url":"https:\/\/www.immobilienbusiness.ch\/wp-content\/uploads\/2017\/06\/Depositphotos_71529275_m-2015.jpg","contentUrl":"https:\/\/www.immobilienbusiness.ch\/wp-content\/uploads\/2017\/06\/Depositphotos_71529275_m-2015.jpg","width":1000,"height":654,"caption":"Im Verwaltungsrat der PSP soll es im Fr\u00fchjahr einen Neuzugang geben (Foto: Rawpixel - depositphotos)"},{"@type":"BreadcrumbList","@id":"https:\/\/www.immobilienbusiness.ch\/de\/unternehmen\/2018-06-14\/bfw-liegenschaften-beat-frischknecht-wird-ceo\/#breadcrumb","itemListElement":[{"@type":"ListItem","position":1,"name":"Home","item":"https:\/\/www.immobilienbusiness.ch\/"},{"@type":"ListItem","position":2,"name":"BFW Liegenschaften: Beat Frischknecht bleibt CEO"}]},{"@type":"WebSite","@id":"https:\/\/www.immobilienbusiness.ch\/#website","url":"https:\/\/www.immobilienbusiness.ch\/","name":"IMMOBILIEN Business","description":"Unabh\u00e4ngiges Schweizer Wirtschaftsmagazin mit Fokus auf Immobilien, Architektur- und Bau sowie Investment- und Finanzierung.","publisher":{"@id":"https:\/\/www.immobilienbusiness.ch\/#organization"},"potentialAction":[{"@type":"SearchAction","target":{"@type":"EntryPoint","urlTemplate":"https:\/\/www.immobilienbusiness.ch\/?s={search_term_string}"},"query-input":{"@type":"PropertyValueSpecification","valueRequired":true,"valueName":"search_term_string"}}],"inLanguage":"de"},{"@type":"Organization","@id":"https:\/\/www.immobilienbusiness.ch\/#organization","name":"IMMOBILIEN Business","url":"https:\/\/www.immobilienbusiness.ch\/","logo":{"@type":"ImageObject","inLanguage":"de","@id":"https:\/\/www.immobilienbusiness.ch\/#\/schema\/logo\/image\/","url":"https:\/\/www.immobilienbusiness.ch\/wp-content\/uploads\/2021\/07\/logo_ib.png","contentUrl":"https:\/\/www.immobilienbusiness.ch\/wp-content\/uploads\/2021\/07\/logo_ib.png","width":800,"height":181,"caption":"IMMOBILIEN Business"},"image":{"@id":"https:\/\/www.immobilienbusiness.ch\/#\/schema\/logo\/image\/"},"sameAs":["https:\/\/www.facebook.com\/immobilienbusiness\/"]},{"@type":"Person","@id":"https:\/\/www.immobilienbusiness.ch\/#\/schema\/person\/3fc036297b10b9f42d6db5ee932af8c8","name":"anja.hall","image":{"@type":"ImageObject","inLanguage":"de","@id":"https:\/\/secure.gravatar.com\/avatar\/066b5a0d447013502c71a5782f4f3469f03cfe595cc2329fb94652fe47511bfb?s=96&d=mm&r=g","url":"https:\/\/secure.gravatar.com\/avatar\/066b5a0d447013502c71a5782f4f3469f03cfe595cc2329fb94652fe47511bfb?s=96&d=mm&r=g","contentUrl":"https:\/\/secure.gravatar.com\/avatar\/066b5a0d447013502c71a5782f4f3469f03cfe595cc2329fb94652fe47511bfb?s=96&d=mm&r=g","caption":"anja.hall"},"url":"https:\/\/www.immobilienbusiness.ch\/de\/author\/anja-hall\/"}]}},"_links":{"self":[{"href":"https:\/\/www.immobilienbusiness.ch\/de\/wp-json\/wp\/v2\/posts\/12954","targetHints":{"allow":["GET"]}}],"collection":[{"href":"https:\/\/www.immobilienbusiness.ch\/de\/wp-json\/wp\/v2\/posts"}],"about":[{"href":"https:\/\/www.immobilienbusiness.ch\/de\/wp-json\/wp\/v2\/types\/post"}],"author":[{"embeddable":true,"href":"https:\/\/www.immobilienbusiness.ch\/de\/wp-json\/wp\/v2\/users\/3"}],"replies":[{"embeddable":true,"href":"https:\/\/www.immobilienbusiness.ch\/de\/wp-json\/wp\/v2\/comments?post=12954"}],"version-history":[{"count":0,"href":"https:\/\/www.immobilienbusiness.ch\/de\/wp-json\/wp\/v2\/posts\/12954\/revisions"}],"wp:featuredmedia":[{"embeddable":true,"href":"https:\/\/www.immobilienbusiness.ch\/de\/wp-json\/wp\/v2\/media\/7926"}],"wp:attachment":[{"href":"https:\/\/www.immobilienbusiness.ch\/de\/wp-json\/wp\/v2\/media?parent=12954"}],"wp:term":[{"taxonomy":"category","embeddable":true,"href":"https:\/\/www.immobilienbusiness.ch\/de\/wp-json\/wp\/v2\/categories?post=12954"},{"taxonomy":"post_tag","embeddable":true,"href":"https:\/\/www.immobilienbusiness.ch\/de\/wp-json\/wp\/v2\/tags?post=12954"}],"curies":[{"name":"wp","href":"https:\/\/api.w.org\/{rel}","templated":true}]}}