{"id":12899,"date":"2018-06-15T09:01:05","date_gmt":"2018-06-15T07:01:05","guid":{"rendered":"https:\/\/www.immobilienbusiness.ch\/?p=12899"},"modified":"2018-06-15T09:01:05","modified_gmt":"2018-06-15T07:01:05","slug":"luzern-gemeinden-beschliessen-neues-hochhauskonzept","status":"publish","type":"post","link":"https:\/\/www.immobilienbusiness.ch\/de\/regionen\/2018-06-15\/luzern-gemeinden-beschliessen-neues-hochhauskonzept\/","title":{"rendered":"Luzern: Gemeinden beschliessen neues Hochhauskonzept"},"content":{"rendered":"<figure id=\"attachment_12901\" aria-describedby=\"caption-attachment-12901\" style=\"width: 680px\" class=\"wp-caption alignnone\"><img loading=\"lazy\" decoding=\"async\" class=\"size-medium wp-image-12901\" src=\"https:\/\/www.immobilienbusiness.ch\/wp-content\/uploads\/2018\/06\/LuzernPlus_Allmend_Hochh\u00e4user_LuzernS\u00fcd_Flugaufnahme.jpg\" alt=\"\" width=\"680\" height=\"510\" \/><figcaption id=\"caption-attachment-12901\" class=\"wp-caption-text\">Die Mitgliedsgemeinden von LuzernPlus haben ein Hochhauskonzept beschlossen (Quelle: LuzernPlus)<\/figcaption><\/figure>\n<p>Das bestehende Hochhauskonzept in der Region LuzernPlus stammt aus dem Jahr 2008. Man habe es aufgrund der Planungen in den neuen Zentren der Kernagglomeration \u00fcberarbeitet, teilt der Verband mit. Das Konzept regelt, wo neue Hochh\u00e4user gebaut werden d\u00fcrfen und wo nicht. Ebenso legt es den Umgang mit bestehenden und industriell genutzten Hochh\u00e4usern fest. Als Hochh\u00e4user gelten nach dem Planungs- und Baugesetz des Kantons Luzern alle Bauten mit einer Gesamth\u00f6he von mehr als 30 Metern.<\/p>\n<p>\u00abWichtig im ganzen Prozess ist die Definition von gemeinsamen regionalen Qualit\u00e4tsstandards f\u00fcr den Bau, die Freir\u00e4ume und den Schattenwurf. Ebenso wurden einheitliche Methoden f\u00fcr die Planungsverfahren definiert. Unabh\u00e4ngig vom Standort eines Hochhauses erhalten alle Beteiligten dieselben Rahmenbedingungen\u00bb, sagt Pius Z\u00e4ngerle, Pr\u00e4sident von LuzernPlus. Der Wirkungshorizont des Konzepts ist auf zehn Jahre ausgelegt.<\/p>\n<p>Auch wenn in dem Konzept M\u00f6glichkeitsgebiete f\u00fcr Hochh\u00e4user festgelegt werden, hat\u00a0 es jedoch \u00abkeinen Anspruch auf eine abschliessende Analyse und st\u00e4dtebauliche Festsetzung der Hochhausstandorte\u00bb, wie Armin Camenzind, Gesch\u00e4ftsf\u00fchrer von LuzernPlus, betont. Als Bewilligungs- und Planungsinstanz liegt die Entscheidungshoheit bei den jeweiligen Gemeinden.<\/p>\n<p>Der Gemeindeverband LuzernPlus koordiniert f\u00fcr 24 Gemeinden mit insgesamt 230.000 Einwohnern \u00fcbergreifende Themen, etwa Raumplanung und Mobilit\u00e4tskonzepte, und entwickelt Angebote f\u00fcr Sport, Freizeit und Kultur.<\/p>\n","protected":false},"excerpt":{"rendered":"<p>Die 24 Mitgliedsgemeinden des Verbands LuzernPlus haben sich auf ein neues regionales Hochhauskonzept geeinigt. Wird kein Referendum ergriffen, wird es f\u00fcr die Gemeinden beh\u00f6rdenverbindlich.<\/p>\n","protected":false},"author":3,"featured_media":12901,"comment_status":"open","ping_status":"open","sticky":false,"template":"","format":"standard","meta":{"_acf_changed":false,"_yoast_wpseo_focuskw":"Hochhauskonzept","_yoast_wpseo_title":"","_yoast_wpseo_metadesc":"Die 24 Mitgliedsgemeinden des Verbands LuzernPlus haben sich auf ein neues regionales Hochhauskonzept geeinigt.Wird kein Referendum ergriffen, wird es Gemeinden beh\u00f6rdenverbindlich.","_yoast_wpseo_linkdex":78,"pgc_sgb_lightbox_settings":"","footnotes":""},"categories":[985],"tags":[1308,1459,1724],"class_list":["post-12899","post","type-post","status-publish","format-standard","has-post-thumbnail","hentry","category-regionen","tag-hochhaus","tag-luzern","tag-stadtentwicklung"],"acf":[],"yoast_head":"<!-- This site is optimized with the Yoast SEO plugin v27.4 - https:\/\/yoast.com\/product\/yoast-seo-wordpress\/ -->\n<title>Luzern: Gemeinden beschliessen neues Hochhauskonzept - IMMOBILIEN Business<\/title>\n<meta name=\"description\" content=\"Die 24 Mitgliedsgemeinden des Verbands LuzernPlus haben sich auf ein neues regionales Hochhauskonzept geeinigt.Wird kein Referendum ergriffen, wird es Gemeinden beh\u00f6rdenverbindlich.\" \/>\n<meta name=\"robots\" content=\"index, follow, max-snippet:-1, max-image-preview:large, max-video-preview:-1\" \/>\n<link rel=\"canonical\" href=\"https:\/\/www.immobilienbusiness.ch\/de\/regionen\/2018-06-15\/luzern-gemeinden-beschliessen-neues-hochhauskonzept\/\" \/>\n<meta property=\"og:locale\" content=\"de_DE\" \/>\n<meta property=\"og:type\" content=\"article\" \/>\n<meta property=\"og:title\" content=\"Luzern: Gemeinden beschliessen neues Hochhauskonzept - IMMOBILIEN Business\" \/>\n<meta property=\"og:description\" content=\"Die 24 Mitgliedsgemeinden des Verbands LuzernPlus haben sich auf ein neues regionales Hochhauskonzept geeinigt.Wird kein Referendum ergriffen, wird es Gemeinden beh\u00f6rdenverbindlich.\" \/>\n<meta property=\"og:url\" content=\"https:\/\/www.immobilienbusiness.ch\/de\/regionen\/2018-06-15\/luzern-gemeinden-beschliessen-neues-hochhauskonzept\/\" \/>\n<meta property=\"og:site_name\" content=\"IMMOBILIEN Business\" \/>\n<meta property=\"article:publisher\" content=\"https:\/\/www.facebook.com\/immobilienbusiness\/\" \/>\n<meta property=\"article:published_time\" content=\"2018-06-15T07:01:05+00:00\" \/>\n<meta property=\"og:image\" content=\"https:\/\/www.immobilienbusiness.ch\/wp-content\/uploads\/2018\/06\/LuzernPlus_Allmend_Hochhaeuser_LuzernSued_Flugaufnahme-1024x767.jpg\" \/>\n\t<meta property=\"og:image:width\" content=\"1024\" \/>\n\t<meta property=\"og:image:height\" content=\"767\" \/>\n\t<meta property=\"og:image:type\" content=\"image\/jpeg\" \/>\n<meta name=\"author\" content=\"anja.hall\" \/>\n<meta name=\"twitter:card\" content=\"summary_large_image\" \/>\n<meta name=\"twitter:image\" content=\"https:\/\/www.immobilienbusiness.ch\/wp-content\/uploads\/2018\/06\/LuzernPlus_Allmend_Hochh\u00e4user_LuzernS\u00fcd_Flugaufnahme.jpg\" \/>\n<script type=\"application\/ld+json\" class=\"yoast-schema-graph\">{\"@context\":\"https:\\\/\\\/schema.org\",\"@graph\":[{\"@type\":\"Article\",\"@id\":\"https:\\\/\\\/www.immobilienbusiness.ch\\\/de\\\/regionen\\\/2018-06-15\\\/luzern-gemeinden-beschliessen-neues-hochhauskonzept\\\/#article\",\"isPartOf\":{\"@id\":\"https:\\\/\\\/www.immobilienbusiness.ch\\\/de\\\/regionen\\\/2018-06-15\\\/luzern-gemeinden-beschliessen-neues-hochhauskonzept\\\/\"},\"author\":{\"name\":\"anja.hall\",\"@id\":\"https:\\\/\\\/www.immobilienbusiness.ch\\\/#\\\/schema\\\/person\\\/3fc036297b10b9f42d6db5ee932af8c8\"},\"headline\":\"Luzern: Gemeinden beschliessen neues Hochhauskonzept\",\"datePublished\":\"2018-06-15T07:01:05+00:00\",\"mainEntityOfPage\":{\"@id\":\"https:\\\/\\\/www.immobilienbusiness.ch\\\/de\\\/regionen\\\/2018-06-15\\\/luzern-gemeinden-beschliessen-neues-hochhauskonzept\\\/\"},\"wordCount\":232,\"commentCount\":0,\"publisher\":{\"@id\":\"https:\\\/\\\/www.immobilienbusiness.ch\\\/#organization\"},\"image\":{\"@id\":\"https:\\\/\\\/www.immobilienbusiness.ch\\\/de\\\/regionen\\\/2018-06-15\\\/luzern-gemeinden-beschliessen-neues-hochhauskonzept\\\/#primaryimage\"},\"thumbnailUrl\":\"https:\\\/\\\/www.immobilienbusiness.ch\\\/wp-content\\\/uploads\\\/2018\\\/06\\\/LuzernPlus_Allmend_Hochhaeuser_LuzernSued_Flugaufnahme.jpg\",\"keywords\":[\"Hochhaus\",\"Luzern\",\"Stadtentwicklung\"],\"articleSection\":[\"REGIONEN\"],\"inLanguage\":\"de\"},{\"@type\":\"WebPage\",\"@id\":\"https:\\\/\\\/www.immobilienbusiness.ch\\\/de\\\/regionen\\\/2018-06-15\\\/luzern-gemeinden-beschliessen-neues-hochhauskonzept\\\/\",\"url\":\"https:\\\/\\\/www.immobilienbusiness.ch\\\/de\\\/regionen\\\/2018-06-15\\\/luzern-gemeinden-beschliessen-neues-hochhauskonzept\\\/\",\"name\":\"Luzern: Gemeinden beschliessen neues Hochhauskonzept - IMMOBILIEN Business\",\"isPartOf\":{\"@id\":\"https:\\\/\\\/www.immobilienbusiness.ch\\\/#website\"},\"primaryImageOfPage\":{\"@id\":\"https:\\\/\\\/www.immobilienbusiness.ch\\\/de\\\/regionen\\\/2018-06-15\\\/luzern-gemeinden-beschliessen-neues-hochhauskonzept\\\/#primaryimage\"},\"image\":{\"@id\":\"https:\\\/\\\/www.immobilienbusiness.ch\\\/de\\\/regionen\\\/2018-06-15\\\/luzern-gemeinden-beschliessen-neues-hochhauskonzept\\\/#primaryimage\"},\"thumbnailUrl\":\"https:\\\/\\\/www.immobilienbusiness.ch\\\/wp-content\\\/uploads\\\/2018\\\/06\\\/LuzernPlus_Allmend_Hochhaeuser_LuzernSued_Flugaufnahme.jpg\",\"datePublished\":\"2018-06-15T07:01:05+00:00\",\"description\":\"Die 24 Mitgliedsgemeinden des Verbands LuzernPlus haben sich auf ein neues regionales Hochhauskonzept geeinigt.Wird kein Referendum ergriffen, wird es Gemeinden beh\u00f6rdenverbindlich.\",\"breadcrumb\":{\"@id\":\"https:\\\/\\\/www.immobilienbusiness.ch\\\/de\\\/regionen\\\/2018-06-15\\\/luzern-gemeinden-beschliessen-neues-hochhauskonzept\\\/#breadcrumb\"},\"inLanguage\":\"de\",\"potentialAction\":[{\"@type\":\"ReadAction\",\"target\":[\"https:\\\/\\\/www.immobilienbusiness.ch\\\/de\\\/regionen\\\/2018-06-15\\\/luzern-gemeinden-beschliessen-neues-hochhauskonzept\\\/\"]}]},{\"@type\":\"ImageObject\",\"inLanguage\":\"de\",\"@id\":\"https:\\\/\\\/www.immobilienbusiness.ch\\\/de\\\/regionen\\\/2018-06-15\\\/luzern-gemeinden-beschliessen-neues-hochhauskonzept\\\/#primaryimage\",\"url\":\"https:\\\/\\\/www.immobilienbusiness.ch\\\/wp-content\\\/uploads\\\/2018\\\/06\\\/LuzernPlus_Allmend_Hochhaeuser_LuzernSued_Flugaufnahme.jpg\",\"contentUrl\":\"https:\\\/\\\/www.immobilienbusiness.ch\\\/wp-content\\\/uploads\\\/2018\\\/06\\\/LuzernPlus_Allmend_Hochhaeuser_LuzernSued_Flugaufnahme.jpg\",\"width\":2560,\"height\":1919,\"caption\":\"LuzernPlus_Allmend_Hochh\u00e4user_LuzernS\u00fcd_Flugaufnahme\"},{\"@type\":\"BreadcrumbList\",\"@id\":\"https:\\\/\\\/www.immobilienbusiness.ch\\\/de\\\/regionen\\\/2018-06-15\\\/luzern-gemeinden-beschliessen-neues-hochhauskonzept\\\/#breadcrumb\",\"itemListElement\":[{\"@type\":\"ListItem\",\"position\":1,\"name\":\"Home\",\"item\":\"https:\\\/\\\/www.immobilienbusiness.ch\\\/\"},{\"@type\":\"ListItem\",\"position\":2,\"name\":\"Luzern: Gemeinden beschliessen neues Hochhauskonzept\"}]},{\"@type\":\"WebSite\",\"@id\":\"https:\\\/\\\/www.immobilienbusiness.ch\\\/#website\",\"url\":\"https:\\\/\\\/www.immobilienbusiness.ch\\\/\",\"name\":\"IMMOBILIEN Business\",\"description\":\"Unabh\u00e4ngiges Schweizer Wirtschaftsmagazin mit Fokus auf Immobilien, Architektur- und Bau sowie Investment- und Finanzierung.\",\"publisher\":{\"@id\":\"https:\\\/\\\/www.immobilienbusiness.ch\\\/#organization\"},\"potentialAction\":[{\"@type\":\"SearchAction\",\"target\":{\"@type\":\"EntryPoint\",\"urlTemplate\":\"https:\\\/\\\/www.immobilienbusiness.ch\\\/?s={search_term_string}\"},\"query-input\":{\"@type\":\"PropertyValueSpecification\",\"valueRequired\":true,\"valueName\":\"search_term_string\"}}],\"inLanguage\":\"de\"},{\"@type\":\"Organization\",\"@id\":\"https:\\\/\\\/www.immobilienbusiness.ch\\\/#organization\",\"name\":\"IMMOBILIEN Business\",\"url\":\"https:\\\/\\\/www.immobilienbusiness.ch\\\/\",\"logo\":{\"@type\":\"ImageObject\",\"inLanguage\":\"de\",\"@id\":\"https:\\\/\\\/www.immobilienbusiness.ch\\\/#\\\/schema\\\/logo\\\/image\\\/\",\"url\":\"https:\\\/\\\/www.immobilienbusiness.ch\\\/wp-content\\\/uploads\\\/2021\\\/07\\\/logo_ib.png\",\"contentUrl\":\"https:\\\/\\\/www.immobilienbusiness.ch\\\/wp-content\\\/uploads\\\/2021\\\/07\\\/logo_ib.png\",\"width\":800,\"height\":181,\"caption\":\"IMMOBILIEN Business\"},\"image\":{\"@id\":\"https:\\\/\\\/www.immobilienbusiness.ch\\\/#\\\/schema\\\/logo\\\/image\\\/\"},\"sameAs\":[\"https:\\\/\\\/www.facebook.com\\\/immobilienbusiness\\\/\"]},{\"@type\":\"Person\",\"@id\":\"https:\\\/\\\/www.immobilienbusiness.ch\\\/#\\\/schema\\\/person\\\/3fc036297b10b9f42d6db5ee932af8c8\",\"name\":\"anja.hall\",\"image\":{\"@type\":\"ImageObject\",\"inLanguage\":\"de\",\"@id\":\"https:\\\/\\\/secure.gravatar.com\\\/avatar\\\/066b5a0d447013502c71a5782f4f3469f03cfe595cc2329fb94652fe47511bfb?s=96&d=mm&r=g\",\"url\":\"https:\\\/\\\/secure.gravatar.com\\\/avatar\\\/066b5a0d447013502c71a5782f4f3469f03cfe595cc2329fb94652fe47511bfb?s=96&d=mm&r=g\",\"contentUrl\":\"https:\\\/\\\/secure.gravatar.com\\\/avatar\\\/066b5a0d447013502c71a5782f4f3469f03cfe595cc2329fb94652fe47511bfb?s=96&d=mm&r=g\",\"caption\":\"anja.hall\"},\"url\":\"https:\\\/\\\/www.immobilienbusiness.ch\\\/de\\\/author\\\/anja-hall\\\/\"}]}<\/script>\n<!-- \/ Yoast SEO plugin. -->","yoast_head_json":{"title":"Luzern: Gemeinden beschliessen neues Hochhauskonzept - IMMOBILIEN Business","description":"Die 24 Mitgliedsgemeinden des Verbands LuzernPlus haben sich auf ein neues regionales Hochhauskonzept geeinigt.Wird kein Referendum ergriffen, wird es Gemeinden beh\u00f6rdenverbindlich.","robots":{"index":"index","follow":"follow","max-snippet":"max-snippet:-1","max-image-preview":"max-image-preview:large","max-video-preview":"max-video-preview:-1"},"canonical":"https:\/\/www.immobilienbusiness.ch\/de\/regionen\/2018-06-15\/luzern-gemeinden-beschliessen-neues-hochhauskonzept\/","og_locale":"de_DE","og_type":"article","og_title":"Luzern: Gemeinden beschliessen neues Hochhauskonzept - IMMOBILIEN Business","og_description":"Die 24 Mitgliedsgemeinden des Verbands LuzernPlus haben sich auf ein neues regionales Hochhauskonzept geeinigt.Wird kein Referendum ergriffen, wird es Gemeinden beh\u00f6rdenverbindlich.","og_url":"https:\/\/www.immobilienbusiness.ch\/de\/regionen\/2018-06-15\/luzern-gemeinden-beschliessen-neues-hochhauskonzept\/","og_site_name":"IMMOBILIEN Business","article_publisher":"https:\/\/www.facebook.com\/immobilienbusiness\/","article_published_time":"2018-06-15T07:01:05+00:00","og_image":[{"width":1024,"height":767,"url":"https:\/\/www.immobilienbusiness.ch\/wp-content\/uploads\/2018\/06\/LuzernPlus_Allmend_Hochhaeuser_LuzernSued_Flugaufnahme-1024x767.jpg","type":"image\/jpeg"}],"author":"anja.hall","twitter_card":"summary_large_image","twitter_image":"https:\/\/www.immobilienbusiness.ch\/wp-content\/uploads\/2018\/06\/LuzernPlus_Allmend_Hochh\u00e4user_LuzernS\u00fcd_Flugaufnahme.jpg","schema":{"@context":"https:\/\/schema.org","@graph":[{"@type":"Article","@id":"https:\/\/www.immobilienbusiness.ch\/de\/regionen\/2018-06-15\/luzern-gemeinden-beschliessen-neues-hochhauskonzept\/#article","isPartOf":{"@id":"https:\/\/www.immobilienbusiness.ch\/de\/regionen\/2018-06-15\/luzern-gemeinden-beschliessen-neues-hochhauskonzept\/"},"author":{"name":"anja.hall","@id":"https:\/\/www.immobilienbusiness.ch\/#\/schema\/person\/3fc036297b10b9f42d6db5ee932af8c8"},"headline":"Luzern: Gemeinden beschliessen neues Hochhauskonzept","datePublished":"2018-06-15T07:01:05+00:00","mainEntityOfPage":{"@id":"https:\/\/www.immobilienbusiness.ch\/de\/regionen\/2018-06-15\/luzern-gemeinden-beschliessen-neues-hochhauskonzept\/"},"wordCount":232,"commentCount":0,"publisher":{"@id":"https:\/\/www.immobilienbusiness.ch\/#organization"},"image":{"@id":"https:\/\/www.immobilienbusiness.ch\/de\/regionen\/2018-06-15\/luzern-gemeinden-beschliessen-neues-hochhauskonzept\/#primaryimage"},"thumbnailUrl":"https:\/\/www.immobilienbusiness.ch\/wp-content\/uploads\/2018\/06\/LuzernPlus_Allmend_Hochhaeuser_LuzernSued_Flugaufnahme.jpg","keywords":["Hochhaus","Luzern","Stadtentwicklung"],"articleSection":["REGIONEN"],"inLanguage":"de"},{"@type":"WebPage","@id":"https:\/\/www.immobilienbusiness.ch\/de\/regionen\/2018-06-15\/luzern-gemeinden-beschliessen-neues-hochhauskonzept\/","url":"https:\/\/www.immobilienbusiness.ch\/de\/regionen\/2018-06-15\/luzern-gemeinden-beschliessen-neues-hochhauskonzept\/","name":"Luzern: Gemeinden beschliessen neues Hochhauskonzept - IMMOBILIEN Business","isPartOf":{"@id":"https:\/\/www.immobilienbusiness.ch\/#website"},"primaryImageOfPage":{"@id":"https:\/\/www.immobilienbusiness.ch\/de\/regionen\/2018-06-15\/luzern-gemeinden-beschliessen-neues-hochhauskonzept\/#primaryimage"},"image":{"@id":"https:\/\/www.immobilienbusiness.ch\/de\/regionen\/2018-06-15\/luzern-gemeinden-beschliessen-neues-hochhauskonzept\/#primaryimage"},"thumbnailUrl":"https:\/\/www.immobilienbusiness.ch\/wp-content\/uploads\/2018\/06\/LuzernPlus_Allmend_Hochhaeuser_LuzernSued_Flugaufnahme.jpg","datePublished":"2018-06-15T07:01:05+00:00","description":"Die 24 Mitgliedsgemeinden des Verbands LuzernPlus haben sich auf ein neues regionales Hochhauskonzept geeinigt.Wird kein Referendum ergriffen, wird es Gemeinden beh\u00f6rdenverbindlich.","breadcrumb":{"@id":"https:\/\/www.immobilienbusiness.ch\/de\/regionen\/2018-06-15\/luzern-gemeinden-beschliessen-neues-hochhauskonzept\/#breadcrumb"},"inLanguage":"de","potentialAction":[{"@type":"ReadAction","target":["https:\/\/www.immobilienbusiness.ch\/de\/regionen\/2018-06-15\/luzern-gemeinden-beschliessen-neues-hochhauskonzept\/"]}]},{"@type":"ImageObject","inLanguage":"de","@id":"https:\/\/www.immobilienbusiness.ch\/de\/regionen\/2018-06-15\/luzern-gemeinden-beschliessen-neues-hochhauskonzept\/#primaryimage","url":"https:\/\/www.immobilienbusiness.ch\/wp-content\/uploads\/2018\/06\/LuzernPlus_Allmend_Hochhaeuser_LuzernSued_Flugaufnahme.jpg","contentUrl":"https:\/\/www.immobilienbusiness.ch\/wp-content\/uploads\/2018\/06\/LuzernPlus_Allmend_Hochhaeuser_LuzernSued_Flugaufnahme.jpg","width":2560,"height":1919,"caption":"LuzernPlus_Allmend_Hochh\u00e4user_LuzernS\u00fcd_Flugaufnahme"},{"@type":"BreadcrumbList","@id":"https:\/\/www.immobilienbusiness.ch\/de\/regionen\/2018-06-15\/luzern-gemeinden-beschliessen-neues-hochhauskonzept\/#breadcrumb","itemListElement":[{"@type":"ListItem","position":1,"name":"Home","item":"https:\/\/www.immobilienbusiness.ch\/"},{"@type":"ListItem","position":2,"name":"Luzern: Gemeinden beschliessen neues Hochhauskonzept"}]},{"@type":"WebSite","@id":"https:\/\/www.immobilienbusiness.ch\/#website","url":"https:\/\/www.immobilienbusiness.ch\/","name":"IMMOBILIEN Business","description":"Unabh\u00e4ngiges Schweizer Wirtschaftsmagazin mit Fokus auf Immobilien, Architektur- und Bau sowie Investment- und Finanzierung.","publisher":{"@id":"https:\/\/www.immobilienbusiness.ch\/#organization"},"potentialAction":[{"@type":"SearchAction","target":{"@type":"EntryPoint","urlTemplate":"https:\/\/www.immobilienbusiness.ch\/?s={search_term_string}"},"query-input":{"@type":"PropertyValueSpecification","valueRequired":true,"valueName":"search_term_string"}}],"inLanguage":"de"},{"@type":"Organization","@id":"https:\/\/www.immobilienbusiness.ch\/#organization","name":"IMMOBILIEN Business","url":"https:\/\/www.immobilienbusiness.ch\/","logo":{"@type":"ImageObject","inLanguage":"de","@id":"https:\/\/www.immobilienbusiness.ch\/#\/schema\/logo\/image\/","url":"https:\/\/www.immobilienbusiness.ch\/wp-content\/uploads\/2021\/07\/logo_ib.png","contentUrl":"https:\/\/www.immobilienbusiness.ch\/wp-content\/uploads\/2021\/07\/logo_ib.png","width":800,"height":181,"caption":"IMMOBILIEN Business"},"image":{"@id":"https:\/\/www.immobilienbusiness.ch\/#\/schema\/logo\/image\/"},"sameAs":["https:\/\/www.facebook.com\/immobilienbusiness\/"]},{"@type":"Person","@id":"https:\/\/www.immobilienbusiness.ch\/#\/schema\/person\/3fc036297b10b9f42d6db5ee932af8c8","name":"anja.hall","image":{"@type":"ImageObject","inLanguage":"de","@id":"https:\/\/secure.gravatar.com\/avatar\/066b5a0d447013502c71a5782f4f3469f03cfe595cc2329fb94652fe47511bfb?s=96&d=mm&r=g","url":"https:\/\/secure.gravatar.com\/avatar\/066b5a0d447013502c71a5782f4f3469f03cfe595cc2329fb94652fe47511bfb?s=96&d=mm&r=g","contentUrl":"https:\/\/secure.gravatar.com\/avatar\/066b5a0d447013502c71a5782f4f3469f03cfe595cc2329fb94652fe47511bfb?s=96&d=mm&r=g","caption":"anja.hall"},"url":"https:\/\/www.immobilienbusiness.ch\/de\/author\/anja-hall\/"}]}},"_links":{"self":[{"href":"https:\/\/www.immobilienbusiness.ch\/de\/wp-json\/wp\/v2\/posts\/12899","targetHints":{"allow":["GET"]}}],"collection":[{"href":"https:\/\/www.immobilienbusiness.ch\/de\/wp-json\/wp\/v2\/posts"}],"about":[{"href":"https:\/\/www.immobilienbusiness.ch\/de\/wp-json\/wp\/v2\/types\/post"}],"author":[{"embeddable":true,"href":"https:\/\/www.immobilienbusiness.ch\/de\/wp-json\/wp\/v2\/users\/3"}],"replies":[{"embeddable":true,"href":"https:\/\/www.immobilienbusiness.ch\/de\/wp-json\/wp\/v2\/comments?post=12899"}],"version-history":[{"count":0,"href":"https:\/\/www.immobilienbusiness.ch\/de\/wp-json\/wp\/v2\/posts\/12899\/revisions"}],"wp:featuredmedia":[{"embeddable":true,"href":"https:\/\/www.immobilienbusiness.ch\/de\/wp-json\/wp\/v2\/media\/12901"}],"wp:attachment":[{"href":"https:\/\/www.immobilienbusiness.ch\/de\/wp-json\/wp\/v2\/media?parent=12899"}],"wp:term":[{"taxonomy":"category","embeddable":true,"href":"https:\/\/www.immobilienbusiness.ch\/de\/wp-json\/wp\/v2\/categories?post=12899"},{"taxonomy":"post_tag","embeddable":true,"href":"https:\/\/www.immobilienbusiness.ch\/de\/wp-json\/wp\/v2\/tags?post=12899"}],"curies":[{"name":"wp","href":"https:\/\/api.w.org\/{rel}","templated":true}]}}