{"id":12789,"date":"2018-06-05T08:31:43","date_gmt":"2018-06-05T06:31:43","guid":{"rendered":"https:\/\/www.immobilienbusiness.ch\/?p=12789"},"modified":"2018-06-05T08:31:43","modified_gmt":"2018-06-05T06:31:43","slug":"conforama-eroeffnet-filiale-in-visp","status":"publish","type":"post","link":"https:\/\/www.immobilienbusiness.ch\/de\/retail\/2018-06-05\/conforama-eroeffnet-filiale-in-visp\/","title":{"rendered":"Conforama er\u00f6ffnet in Visp"},"content":{"rendered":"<figure id=\"attachment_12790\" aria-describedby=\"caption-attachment-12790\" style=\"width: 680px\" class=\"wp-caption alignnone\"><img loading=\"lazy\" decoding=\"async\" class=\"size-medium wp-image-12790\" src=\"https:\/\/www.immobilienbusiness.ch\/wp-content\/uploads\/2018\/05\/Conforama_Visp.jpg\" alt=\"\" width=\"680\" height=\"510\" srcset=\"https:\/\/www.immobilienbusiness.ch\/wp-content\/uploads\/2018\/05\/Conforama_Visp.jpg 2016w, https:\/\/www.immobilienbusiness.ch\/wp-content\/uploads\/2018\/05\/Conforama_Visp-300x225.jpg 300w, https:\/\/www.immobilienbusiness.ch\/wp-content\/uploads\/2018\/05\/Conforama_Visp-1024x768.jpg 1024w, https:\/\/www.immobilienbusiness.ch\/wp-content\/uploads\/2018\/05\/Conforama_Visp-768x576.jpg 768w, https:\/\/www.immobilienbusiness.ch\/wp-content\/uploads\/2018\/05\/Conforama_Visp-1536x1152.jpg 1536w, https:\/\/www.immobilienbusiness.ch\/wp-content\/uploads\/2018\/05\/Conforama_Visp-16x12.jpg 16w, https:\/\/www.immobilienbusiness.ch\/wp-content\/uploads\/2018\/05\/Conforama_Visp-233x175.jpg 233w, https:\/\/www.immobilienbusiness.ch\/wp-content\/uploads\/2018\/05\/Conforama_Visp-467x350.jpg 467w, https:\/\/www.immobilienbusiness.ch\/wp-content\/uploads\/2018\/05\/Conforama_Visp-1067x800.jpg 1067w, https:\/\/www.immobilienbusiness.ch\/wp-content\/uploads\/2018\/05\/Conforama_Visp-920x690.jpg 920w, https:\/\/www.immobilienbusiness.ch\/wp-content\/uploads\/2018\/05\/Conforama_Visp-1400x1050.jpg 1400w, https:\/\/www.immobilienbusiness.ch\/wp-content\/uploads\/2018\/05\/Conforama_Visp-1867x1400.jpg 1867w\" sizes=\"auto, (max-width: 680px) 100vw, 680px\" \/><figcaption id=\"caption-attachment-12790\" class=\"wp-caption-text\">Conforama er\u00f6ffnet eine Filiale in Visp (Quelle: Conforama)<\/figcaption><\/figure>\n<p>Der neue Standort in Visp hat eine mehr als 4.000 qm grosse Ausstellungsfl\u00e4che; im Mittelpunkt des Warenangebots stehen Dekoration, Inneneinrichtung und Unterhaltungselektronik.<\/p>\n<p>Patrice Dupasquier, Gesch\u00e4ftsf\u00fchrer von Conforama Schweiz, sagt: \u00abDieses zweite Gesch\u00e4ft im Wallis ist der Beweis f\u00fcr unsere Bereitschaft, bis ins Herz der Schweiz zu expandieren, auf neue Kunden zuzugehen und alles zu tun, um die Bev\u00f6lkerung der Region Oberwallis zu \u00fcberzeugen.\u00bb<\/p>\n<p>Die Conforama-Gruppe betreibt 321 Gesch\u00e4fte. Davon befinden sich 226 in Frankreich und 95 weitere in Spanien, der Schweiz, Portugal, Luxemburg, Italien, Kroatien und Serbien. Die Firma erwirtschaftet einen Umsatz von 3,5 Milliarden Euro (vor Steuern) und besch\u00e4ftigt 14.700 Mitarbeitende. In der Schweiz ist das Unternehmen seit 1976 aktiv und betreibt inzwischen landesweit 20 Gesch\u00e4fte.<\/p>\n","protected":false},"excerpt":{"rendered":"<p>Conforama expandiert weiter und er\u00f6ffnet am 5. Juni ein Gesch\u00e4ft in Visp (VS). Es ist das zweite Gesch\u00e4ft der Einrichtungskette im Wallis.  <\/p>\n","protected":false},"author":3,"featured_media":12790,"comment_status":"open","ping_status":"open","sticky":false,"template":"","format":"standard","meta":{"_acf_changed":false,"_yoast_wpseo_focuskw":"Conforama","_yoast_wpseo_title":"","_yoast_wpseo_metadesc":"Conforama expandiert weiter und er\u00f6ffnet am 5. Juni ein Gesch\u00e4ft in Visp (VS). Es ist das zweite Gesch\u00e4ft der Einrichtungskette im Wallis.","_yoast_wpseo_linkdex":53,"pgc_sgb_lightbox_settings":"","footnotes":""},"categories":[987],"tags":[1212,1261,1645],"class_list":["post-12789","post","type-post","status-publish","format-standard","has-post-thumbnail","hentry","category-retail","tag-expansion","tag-genferseeregion","tag-retailflaechen"],"acf":[],"yoast_head":"<!-- This site is optimized with the Yoast SEO plugin v27.4 - https:\/\/yoast.com\/product\/yoast-seo-wordpress\/ -->\n<title>Conforama er\u00f6ffnet in Visp - IMMOBILIEN Business<\/title>\n<meta name=\"description\" content=\"Conforama expandiert weiter und er\u00f6ffnet am 5. Juni ein Gesch\u00e4ft in Visp (VS). Es ist das zweite Gesch\u00e4ft der Einrichtungskette im Wallis.\" \/>\n<meta name=\"robots\" content=\"index, follow, max-snippet:-1, max-image-preview:large, max-video-preview:-1\" \/>\n<link rel=\"canonical\" href=\"https:\/\/www.immobilienbusiness.ch\/de\/retail\/2018-06-05\/conforama-eroeffnet-filiale-in-visp\/\" \/>\n<meta property=\"og:locale\" content=\"de_DE\" \/>\n<meta property=\"og:type\" content=\"article\" \/>\n<meta property=\"og:title\" content=\"Conforama er\u00f6ffnet in Visp - IMMOBILIEN Business\" \/>\n<meta property=\"og:description\" content=\"Conforama expandiert weiter und er\u00f6ffnet am 5. Juni ein Gesch\u00e4ft in Visp (VS). Es ist das zweite Gesch\u00e4ft der Einrichtungskette im Wallis.\" \/>\n<meta property=\"og:url\" content=\"https:\/\/www.immobilienbusiness.ch\/de\/retail\/2018-06-05\/conforama-eroeffnet-filiale-in-visp\/\" \/>\n<meta property=\"og:site_name\" content=\"IMMOBILIEN Business\" \/>\n<meta property=\"article:publisher\" content=\"https:\/\/www.facebook.com\/immobilienbusiness\/\" \/>\n<meta property=\"article:published_time\" content=\"2018-06-05T06:31:43+00:00\" \/>\n<meta property=\"og:image\" content=\"https:\/\/www.immobilienbusiness.ch\/wp-content\/uploads\/2018\/05\/Conforama_Visp.jpg\" \/>\n\t<meta property=\"og:image:width\" content=\"2016\" \/>\n\t<meta property=\"og:image:height\" content=\"1512\" \/>\n\t<meta property=\"og:image:type\" content=\"image\/jpeg\" \/>\n<meta name=\"author\" content=\"anja.hall\" \/>\n<meta name=\"twitter:card\" content=\"summary_large_image\" \/>\n<meta name=\"twitter:image\" content=\"https:\/\/www.immobilienbusiness.ch\/wp-content\/uploads\/2018\/05\/Conforama_Visp.jpg\" \/>\n<script type=\"application\/ld+json\" class=\"yoast-schema-graph\">{\"@context\":\"https:\\\/\\\/schema.org\",\"@graph\":[{\"@type\":\"Article\",\"@id\":\"https:\\\/\\\/www.immobilienbusiness.ch\\\/en\\\/retail\\\/2018-06-05\\\/conforama-eroeffnet-filiale-in-visp\\\/#article\",\"isPartOf\":{\"@id\":\"https:\\\/\\\/www.immobilienbusiness.ch\\\/en\\\/retail\\\/2018-06-05\\\/conforama-eroeffnet-filiale-in-visp\\\/\"},\"author\":{\"name\":\"anja.hall\",\"@id\":\"https:\\\/\\\/www.immobilienbusiness.ch\\\/#\\\/schema\\\/person\\\/3fc036297b10b9f42d6db5ee932af8c8\"},\"headline\":\"Conforama er\u00f6ffnet in Visp\",\"datePublished\":\"2018-06-05T06:31:43+00:00\",\"mainEntityOfPage\":{\"@id\":\"https:\\\/\\\/www.immobilienbusiness.ch\\\/en\\\/retail\\\/2018-06-05\\\/conforama-eroeffnet-filiale-in-visp\\\/\"},\"wordCount\":139,\"commentCount\":0,\"publisher\":{\"@id\":\"https:\\\/\\\/www.immobilienbusiness.ch\\\/#organization\"},\"image\":{\"@id\":\"https:\\\/\\\/www.immobilienbusiness.ch\\\/en\\\/retail\\\/2018-06-05\\\/conforama-eroeffnet-filiale-in-visp\\\/#primaryimage\"},\"thumbnailUrl\":\"https:\\\/\\\/www.immobilienbusiness.ch\\\/wp-content\\\/uploads\\\/2018\\\/05\\\/Conforama_Visp.jpg\",\"keywords\":[\"Expansion\",\"Genferseeregion\",\"Retailfl\u00e4chen\"],\"articleSection\":[\"RETAIL\"],\"inLanguage\":\"de\"},{\"@type\":\"WebPage\",\"@id\":\"https:\\\/\\\/www.immobilienbusiness.ch\\\/en\\\/retail\\\/2018-06-05\\\/conforama-eroeffnet-filiale-in-visp\\\/\",\"url\":\"https:\\\/\\\/www.immobilienbusiness.ch\\\/en\\\/retail\\\/2018-06-05\\\/conforama-eroeffnet-filiale-in-visp\\\/\",\"name\":\"Conforama er\u00f6ffnet in Visp - IMMOBILIEN Business\",\"isPartOf\":{\"@id\":\"https:\\\/\\\/www.immobilienbusiness.ch\\\/#website\"},\"primaryImageOfPage\":{\"@id\":\"https:\\\/\\\/www.immobilienbusiness.ch\\\/en\\\/retail\\\/2018-06-05\\\/conforama-eroeffnet-filiale-in-visp\\\/#primaryimage\"},\"image\":{\"@id\":\"https:\\\/\\\/www.immobilienbusiness.ch\\\/en\\\/retail\\\/2018-06-05\\\/conforama-eroeffnet-filiale-in-visp\\\/#primaryimage\"},\"thumbnailUrl\":\"https:\\\/\\\/www.immobilienbusiness.ch\\\/wp-content\\\/uploads\\\/2018\\\/05\\\/Conforama_Visp.jpg\",\"datePublished\":\"2018-06-05T06:31:43+00:00\",\"description\":\"Conforama expandiert weiter und er\u00f6ffnet am 5. Juni ein Gesch\u00e4ft in Visp (VS). Es ist das zweite Gesch\u00e4ft der Einrichtungskette im Wallis.\",\"breadcrumb\":{\"@id\":\"https:\\\/\\\/www.immobilienbusiness.ch\\\/en\\\/retail\\\/2018-06-05\\\/conforama-eroeffnet-filiale-in-visp\\\/#breadcrumb\"},\"inLanguage\":\"de\",\"potentialAction\":[{\"@type\":\"ReadAction\",\"target\":[\"https:\\\/\\\/www.immobilienbusiness.ch\\\/en\\\/retail\\\/2018-06-05\\\/conforama-eroeffnet-filiale-in-visp\\\/\"]}]},{\"@type\":\"ImageObject\",\"inLanguage\":\"de\",\"@id\":\"https:\\\/\\\/www.immobilienbusiness.ch\\\/en\\\/retail\\\/2018-06-05\\\/conforama-eroeffnet-filiale-in-visp\\\/#primaryimage\",\"url\":\"https:\\\/\\\/www.immobilienbusiness.ch\\\/wp-content\\\/uploads\\\/2018\\\/05\\\/Conforama_Visp.jpg\",\"contentUrl\":\"https:\\\/\\\/www.immobilienbusiness.ch\\\/wp-content\\\/uploads\\\/2018\\\/05\\\/Conforama_Visp.jpg\",\"width\":2016,\"height\":1512,\"caption\":\"(Quelle: Conforama)\"},{\"@type\":\"BreadcrumbList\",\"@id\":\"https:\\\/\\\/www.immobilienbusiness.ch\\\/en\\\/retail\\\/2018-06-05\\\/conforama-eroeffnet-filiale-in-visp\\\/#breadcrumb\",\"itemListElement\":[{\"@type\":\"ListItem\",\"position\":1,\"name\":\"Home\",\"item\":\"https:\\\/\\\/www.immobilienbusiness.ch\\\/\"},{\"@type\":\"ListItem\",\"position\":2,\"name\":\"Conforama er\u00f6ffnet in Visp\"}]},{\"@type\":\"WebSite\",\"@id\":\"https:\\\/\\\/www.immobilienbusiness.ch\\\/#website\",\"url\":\"https:\\\/\\\/www.immobilienbusiness.ch\\\/\",\"name\":\"IMMOBILIEN Business\",\"description\":\"Unabh\u00e4ngiges Schweizer Wirtschaftsmagazin mit Fokus auf Immobilien, Architektur- und Bau sowie Investment- und Finanzierung.\",\"publisher\":{\"@id\":\"https:\\\/\\\/www.immobilienbusiness.ch\\\/#organization\"},\"potentialAction\":[{\"@type\":\"SearchAction\",\"target\":{\"@type\":\"EntryPoint\",\"urlTemplate\":\"https:\\\/\\\/www.immobilienbusiness.ch\\\/?s={search_term_string}\"},\"query-input\":{\"@type\":\"PropertyValueSpecification\",\"valueRequired\":true,\"valueName\":\"search_term_string\"}}],\"inLanguage\":\"de\"},{\"@type\":\"Organization\",\"@id\":\"https:\\\/\\\/www.immobilienbusiness.ch\\\/#organization\",\"name\":\"IMMOBILIEN Business\",\"url\":\"https:\\\/\\\/www.immobilienbusiness.ch\\\/\",\"logo\":{\"@type\":\"ImageObject\",\"inLanguage\":\"de\",\"@id\":\"https:\\\/\\\/www.immobilienbusiness.ch\\\/#\\\/schema\\\/logo\\\/image\\\/\",\"url\":\"https:\\\/\\\/www.immobilienbusiness.ch\\\/wp-content\\\/uploads\\\/2021\\\/07\\\/logo_ib.png\",\"contentUrl\":\"https:\\\/\\\/www.immobilienbusiness.ch\\\/wp-content\\\/uploads\\\/2021\\\/07\\\/logo_ib.png\",\"width\":800,\"height\":181,\"caption\":\"IMMOBILIEN Business\"},\"image\":{\"@id\":\"https:\\\/\\\/www.immobilienbusiness.ch\\\/#\\\/schema\\\/logo\\\/image\\\/\"},\"sameAs\":[\"https:\\\/\\\/www.facebook.com\\\/immobilienbusiness\\\/\"]},{\"@type\":\"Person\",\"@id\":\"https:\\\/\\\/www.immobilienbusiness.ch\\\/#\\\/schema\\\/person\\\/3fc036297b10b9f42d6db5ee932af8c8\",\"name\":\"anja.hall\",\"image\":{\"@type\":\"ImageObject\",\"inLanguage\":\"de\",\"@id\":\"https:\\\/\\\/secure.gravatar.com\\\/avatar\\\/066b5a0d447013502c71a5782f4f3469f03cfe595cc2329fb94652fe47511bfb?s=96&d=mm&r=g\",\"url\":\"https:\\\/\\\/secure.gravatar.com\\\/avatar\\\/066b5a0d447013502c71a5782f4f3469f03cfe595cc2329fb94652fe47511bfb?s=96&d=mm&r=g\",\"contentUrl\":\"https:\\\/\\\/secure.gravatar.com\\\/avatar\\\/066b5a0d447013502c71a5782f4f3469f03cfe595cc2329fb94652fe47511bfb?s=96&d=mm&r=g\",\"caption\":\"anja.hall\"},\"url\":\"https:\\\/\\\/www.immobilienbusiness.ch\\\/de\\\/author\\\/anja-hall\\\/\"}]}<\/script>\n<!-- \/ Yoast SEO plugin. -->","yoast_head_json":{"title":"Conforama er\u00f6ffnet in Visp - IMMOBILIEN Business","description":"Conforama expandiert weiter und er\u00f6ffnet am 5. Juni ein Gesch\u00e4ft in Visp (VS). Es ist das zweite Gesch\u00e4ft der Einrichtungskette im Wallis.","robots":{"index":"index","follow":"follow","max-snippet":"max-snippet:-1","max-image-preview":"max-image-preview:large","max-video-preview":"max-video-preview:-1"},"canonical":"https:\/\/www.immobilienbusiness.ch\/de\/retail\/2018-06-05\/conforama-eroeffnet-filiale-in-visp\/","og_locale":"de_DE","og_type":"article","og_title":"Conforama er\u00f6ffnet in Visp - IMMOBILIEN Business","og_description":"Conforama expandiert weiter und er\u00f6ffnet am 5. Juni ein Gesch\u00e4ft in Visp (VS). Es ist das zweite Gesch\u00e4ft der Einrichtungskette im Wallis.","og_url":"https:\/\/www.immobilienbusiness.ch\/de\/retail\/2018-06-05\/conforama-eroeffnet-filiale-in-visp\/","og_site_name":"IMMOBILIEN Business","article_publisher":"https:\/\/www.facebook.com\/immobilienbusiness\/","article_published_time":"2018-06-05T06:31:43+00:00","og_image":[{"width":2016,"height":1512,"url":"https:\/\/www.immobilienbusiness.ch\/wp-content\/uploads\/2018\/05\/Conforama_Visp.jpg","type":"image\/jpeg"}],"author":"anja.hall","twitter_card":"summary_large_image","twitter_image":"https:\/\/www.immobilienbusiness.ch\/wp-content\/uploads\/2018\/05\/Conforama_Visp.jpg","schema":{"@context":"https:\/\/schema.org","@graph":[{"@type":"Article","@id":"https:\/\/www.immobilienbusiness.ch\/en\/retail\/2018-06-05\/conforama-eroeffnet-filiale-in-visp\/#article","isPartOf":{"@id":"https:\/\/www.immobilienbusiness.ch\/en\/retail\/2018-06-05\/conforama-eroeffnet-filiale-in-visp\/"},"author":{"name":"anja.hall","@id":"https:\/\/www.immobilienbusiness.ch\/#\/schema\/person\/3fc036297b10b9f42d6db5ee932af8c8"},"headline":"Conforama er\u00f6ffnet in Visp","datePublished":"2018-06-05T06:31:43+00:00","mainEntityOfPage":{"@id":"https:\/\/www.immobilienbusiness.ch\/en\/retail\/2018-06-05\/conforama-eroeffnet-filiale-in-visp\/"},"wordCount":139,"commentCount":0,"publisher":{"@id":"https:\/\/www.immobilienbusiness.ch\/#organization"},"image":{"@id":"https:\/\/www.immobilienbusiness.ch\/en\/retail\/2018-06-05\/conforama-eroeffnet-filiale-in-visp\/#primaryimage"},"thumbnailUrl":"https:\/\/www.immobilienbusiness.ch\/wp-content\/uploads\/2018\/05\/Conforama_Visp.jpg","keywords":["Expansion","Genferseeregion","Retailfl\u00e4chen"],"articleSection":["RETAIL"],"inLanguage":"de"},{"@type":"WebPage","@id":"https:\/\/www.immobilienbusiness.ch\/en\/retail\/2018-06-05\/conforama-eroeffnet-filiale-in-visp\/","url":"https:\/\/www.immobilienbusiness.ch\/en\/retail\/2018-06-05\/conforama-eroeffnet-filiale-in-visp\/","name":"Conforama er\u00f6ffnet in Visp - IMMOBILIEN Business","isPartOf":{"@id":"https:\/\/www.immobilienbusiness.ch\/#website"},"primaryImageOfPage":{"@id":"https:\/\/www.immobilienbusiness.ch\/en\/retail\/2018-06-05\/conforama-eroeffnet-filiale-in-visp\/#primaryimage"},"image":{"@id":"https:\/\/www.immobilienbusiness.ch\/en\/retail\/2018-06-05\/conforama-eroeffnet-filiale-in-visp\/#primaryimage"},"thumbnailUrl":"https:\/\/www.immobilienbusiness.ch\/wp-content\/uploads\/2018\/05\/Conforama_Visp.jpg","datePublished":"2018-06-05T06:31:43+00:00","description":"Conforama expandiert weiter und er\u00f6ffnet am 5. Juni ein Gesch\u00e4ft in Visp (VS). Es ist das zweite Gesch\u00e4ft der Einrichtungskette im Wallis.","breadcrumb":{"@id":"https:\/\/www.immobilienbusiness.ch\/en\/retail\/2018-06-05\/conforama-eroeffnet-filiale-in-visp\/#breadcrumb"},"inLanguage":"de","potentialAction":[{"@type":"ReadAction","target":["https:\/\/www.immobilienbusiness.ch\/en\/retail\/2018-06-05\/conforama-eroeffnet-filiale-in-visp\/"]}]},{"@type":"ImageObject","inLanguage":"de","@id":"https:\/\/www.immobilienbusiness.ch\/en\/retail\/2018-06-05\/conforama-eroeffnet-filiale-in-visp\/#primaryimage","url":"https:\/\/www.immobilienbusiness.ch\/wp-content\/uploads\/2018\/05\/Conforama_Visp.jpg","contentUrl":"https:\/\/www.immobilienbusiness.ch\/wp-content\/uploads\/2018\/05\/Conforama_Visp.jpg","width":2016,"height":1512,"caption":"(Quelle: Conforama)"},{"@type":"BreadcrumbList","@id":"https:\/\/www.immobilienbusiness.ch\/en\/retail\/2018-06-05\/conforama-eroeffnet-filiale-in-visp\/#breadcrumb","itemListElement":[{"@type":"ListItem","position":1,"name":"Home","item":"https:\/\/www.immobilienbusiness.ch\/"},{"@type":"ListItem","position":2,"name":"Conforama er\u00f6ffnet in Visp"}]},{"@type":"WebSite","@id":"https:\/\/www.immobilienbusiness.ch\/#website","url":"https:\/\/www.immobilienbusiness.ch\/","name":"IMMOBILIEN Business","description":"Unabh\u00e4ngiges Schweizer Wirtschaftsmagazin mit Fokus auf Immobilien, Architektur- und Bau sowie Investment- und Finanzierung.","publisher":{"@id":"https:\/\/www.immobilienbusiness.ch\/#organization"},"potentialAction":[{"@type":"SearchAction","target":{"@type":"EntryPoint","urlTemplate":"https:\/\/www.immobilienbusiness.ch\/?s={search_term_string}"},"query-input":{"@type":"PropertyValueSpecification","valueRequired":true,"valueName":"search_term_string"}}],"inLanguage":"de"},{"@type":"Organization","@id":"https:\/\/www.immobilienbusiness.ch\/#organization","name":"IMMOBILIEN Business","url":"https:\/\/www.immobilienbusiness.ch\/","logo":{"@type":"ImageObject","inLanguage":"de","@id":"https:\/\/www.immobilienbusiness.ch\/#\/schema\/logo\/image\/","url":"https:\/\/www.immobilienbusiness.ch\/wp-content\/uploads\/2021\/07\/logo_ib.png","contentUrl":"https:\/\/www.immobilienbusiness.ch\/wp-content\/uploads\/2021\/07\/logo_ib.png","width":800,"height":181,"caption":"IMMOBILIEN Business"},"image":{"@id":"https:\/\/www.immobilienbusiness.ch\/#\/schema\/logo\/image\/"},"sameAs":["https:\/\/www.facebook.com\/immobilienbusiness\/"]},{"@type":"Person","@id":"https:\/\/www.immobilienbusiness.ch\/#\/schema\/person\/3fc036297b10b9f42d6db5ee932af8c8","name":"anja.hall","image":{"@type":"ImageObject","inLanguage":"de","@id":"https:\/\/secure.gravatar.com\/avatar\/066b5a0d447013502c71a5782f4f3469f03cfe595cc2329fb94652fe47511bfb?s=96&d=mm&r=g","url":"https:\/\/secure.gravatar.com\/avatar\/066b5a0d447013502c71a5782f4f3469f03cfe595cc2329fb94652fe47511bfb?s=96&d=mm&r=g","contentUrl":"https:\/\/secure.gravatar.com\/avatar\/066b5a0d447013502c71a5782f4f3469f03cfe595cc2329fb94652fe47511bfb?s=96&d=mm&r=g","caption":"anja.hall"},"url":"https:\/\/www.immobilienbusiness.ch\/de\/author\/anja-hall\/"}]}},"_links":{"self":[{"href":"https:\/\/www.immobilienbusiness.ch\/de\/wp-json\/wp\/v2\/posts\/12789","targetHints":{"allow":["GET"]}}],"collection":[{"href":"https:\/\/www.immobilienbusiness.ch\/de\/wp-json\/wp\/v2\/posts"}],"about":[{"href":"https:\/\/www.immobilienbusiness.ch\/de\/wp-json\/wp\/v2\/types\/post"}],"author":[{"embeddable":true,"href":"https:\/\/www.immobilienbusiness.ch\/de\/wp-json\/wp\/v2\/users\/3"}],"replies":[{"embeddable":true,"href":"https:\/\/www.immobilienbusiness.ch\/de\/wp-json\/wp\/v2\/comments?post=12789"}],"version-history":[{"count":0,"href":"https:\/\/www.immobilienbusiness.ch\/de\/wp-json\/wp\/v2\/posts\/12789\/revisions"}],"wp:featuredmedia":[{"embeddable":true,"href":"https:\/\/www.immobilienbusiness.ch\/de\/wp-json\/wp\/v2\/media\/12790"}],"wp:attachment":[{"href":"https:\/\/www.immobilienbusiness.ch\/de\/wp-json\/wp\/v2\/media?parent=12789"}],"wp:term":[{"taxonomy":"category","embeddable":true,"href":"https:\/\/www.immobilienbusiness.ch\/de\/wp-json\/wp\/v2\/categories?post=12789"},{"taxonomy":"post_tag","embeddable":true,"href":"https:\/\/www.immobilienbusiness.ch\/de\/wp-json\/wp\/v2\/tags?post=12789"}],"curies":[{"name":"wp","href":"https:\/\/api.w.org\/{rel}","templated":true}]}}