{"id":1277,"date":"2016-05-11T08:12:30","date_gmt":"2016-05-11T06:12:30","guid":{"rendered":"http:\/\/dev.immobilienbusiness.ch\/?p=1277"},"modified":"2016-05-11T08:12:30","modified_gmt":"2016-05-11T06:12:30","slug":"crissier-gruenes-licht-fuer-patrimonium-projekt-oassis","status":"publish","type":"post","link":"https:\/\/www.immobilienbusiness.ch\/de\/residential\/2016-05-11\/crissier-gruenes-licht-fuer-patrimonium-projekt-oassis\/","title":{"rendered":"Crissier: Gr\u00fcnes Licht f\u00fcr Patrimonium-Projekt OASSIS"},"content":{"rendered":"<figure id=\"attachment_1279\" aria-describedby=\"caption-attachment-1279\" style=\"width: 680px\" class=\"wp-caption alignnone\"><img loading=\"lazy\" decoding=\"async\" class=\"size-medium wp-image-1279\" src=\"https:\/\/immobilienbusiness.ch\/wp-content\/uploads\/2016\/12\/Crissier-Gr\u00fcnes-Licht-f\u00fcr-Patrimonium-Projekt-OASSIS-immobilien-business.jpg\" alt=\"In K\u00fcrze beginnt der Bau des OASSIS in Crissier (Foto: Pixabay)\" width=\"680\" height=\"510\" \/><figcaption id=\"caption-attachment-1279\" class=\"wp-caption-text\">In K\u00fcrze beginnt der Bau des OASSIS in Crissier (Foto: Pixabay)<\/figcaption><\/figure>\n<p>Patrimonium errichtet nach Pl\u00e4nen der Architekten Bauart und KCAP ein neues Quartier, bestehend aus sechs Wohnh\u00e4usern mit begr\u00fcnten D\u00e4chern und Dienstleistungsfl\u00e4chen im Erdgeschoss. Die abgewinkelten Geb\u00e4uderiegel werden in drei Zweiergruppen angeordnet, mit jeweils begr\u00fcnten Innenh\u00f6fen. Ein siebtes Geb\u00e4ude mit B\u00fcrofl\u00e4chen und ein 800 qm grosser \u00f6ffentlicher Pavillon vervollst\u00e4ndigen das Ensemble.<\/p>\n<p>Auf einem 5.700 qm grossen Areal entstehen so \u00fcber 53.000 qm Mietfl\u00e4che. Davon entfallen 70 Prozent auf Wohnungen (550 Wohneinheiten). Die restlichen 30 Prozent verteilen sich auf Retail- und B\u00fcrofl\u00e4chen.<\/p>\n<p>Die Baubewilligungen f\u00fcr die einzelnen Geb\u00e4ude werden in den n\u00e4chsten Monaten beantragt. Das B\u00fcrogeb\u00e4ude will Patrimonium als erstes erstellen. Der Baustart ist f\u00fcr das zweite Halbjahr 2016 geplant. Nach Angaben von Patrimonium konnten bislang schon viele Fl\u00e4chen vorvermietet werden, und die Verhandlungen f\u00fcr die Vermietung der verbleibenden Fl\u00e4chen st\u00fcnden kurz vor dem Abschluss. (ah)<\/p>\n","protected":false},"excerpt":{"rendered":"<p>Das Wohn- und Gewerbeprojekt OASSIS mit rund 550 Wohnungen in Crissier (VD)\u00a0kommt voran. Wie Bauherrin Patrimonium mitteilt, ist der Quartierplan nun in Kraft und der R\u00fcckbau der bestehenden Hallen auf dem Areal hat begonnen.<\/p>\n","protected":false},"author":1,"featured_media":1279,"comment_status":"open","ping_status":"open","sticky":false,"template":"","format":"standard","meta":{"_acf_changed":false,"_yoast_wpseo_focuskw":"Patrimonium OASSIS Crissier","_yoast_wpseo_title":"Patrimonium OASSIS: Neues Quartier in Crissier im Bau","_yoast_wpseo_metadesc":"Das Patrimonium-Projekt OASSIS in Crissier umfasst 53.000 qm Mietfl\u00e4che mit Wohnungen, B\u00fcros und Dienstleistungsfl\u00e4chen. Baubewilligungen sind beantragt.","_yoast_wpseo_linkdex":68,"pgc_sgb_lightbox_settings":"","footnotes":""},"categories":[986],"tags":[1601,1852,1862],"class_list":["post-1277","post","type-post","status-publish","format-standard","has-post-thumbnail","hentry","category-residential","tag-projektentwicklung","tag-west-schweiz","tag-wohnen"],"acf":[],"yoast_head":"<!-- This site is optimized with the Yoast SEO plugin v27.4 - https:\/\/yoast.com\/product\/yoast-seo-wordpress\/ -->\n<title>Patrimonium OASSIS: Neues Quartier in Crissier im Bau<\/title>\n<meta name=\"description\" content=\"Das Patrimonium-Projekt OASSIS in Crissier umfasst 53.000 qm Mietfl\u00e4che mit Wohnungen, B\u00fcros und Dienstleistungsfl\u00e4chen. Baubewilligungen sind beantragt.\" \/>\n<meta name=\"robots\" content=\"index, follow, max-snippet:-1, max-image-preview:large, max-video-preview:-1\" \/>\n<link rel=\"canonical\" href=\"https:\/\/www.immobilienbusiness.ch\/de\/residential\/2016-05-11\/crissier-gruenes-licht-fuer-patrimonium-projekt-oassis\/\" \/>\n<meta property=\"og:locale\" content=\"de_DE\" \/>\n<meta property=\"og:type\" content=\"article\" \/>\n<meta property=\"og:title\" content=\"Crissier: Gr\u00fcnes Licht f\u00fcr Patrimonium-Projekt OASSIS\" \/>\n<meta property=\"og:description\" content=\"Das Wohn- und Gewerbeprojekt OASSIS mit rund 550 Wohnungen in Crissier (VD)\u00a0kommt voran. Wie Bauherrin Patrimonium mitteilt, ist der Quartierplan nun in Kraft und der R\u00fcckbau der bestehenden Hallen auf dem Areal hat begonnen.\" \/>\n<meta property=\"og:url\" content=\"https:\/\/www.immobilienbusiness.ch\/de\/residential\/2016-05-11\/crissier-gruenes-licht-fuer-patrimonium-projekt-oassis\/\" \/>\n<meta property=\"og:site_name\" content=\"IMMOBILIEN Business\" \/>\n<meta property=\"article:publisher\" content=\"https:\/\/www.facebook.com\/immobilienbusiness\/\" \/>\n<meta property=\"article:published_time\" content=\"2016-05-11T06:12:30+00:00\" \/>\n<meta name=\"author\" content=\"Redaktion\" \/>\n<meta name=\"twitter:card\" content=\"summary_large_image\" \/>\n<meta name=\"twitter:image\" content=\"https:\/\/www.immobilienbusiness.ch\/wp-content\/uploads\/2016\/12\/Crissier-Gruenes-Licht-fuer-Patrimonium-Projekt-OASSIS-immobilien-business.jpg\" \/>\n<script type=\"application\/ld+json\" class=\"yoast-schema-graph\">{\"@context\":\"https:\\\/\\\/schema.org\",\"@graph\":[{\"@type\":\"Article\",\"@id\":\"https:\\\/\\\/www.immobilienbusiness.ch\\\/residential\\\/2016-05-11\\\/crissier-gruenes-licht-fuer-patrimonium-projekt-oassis\\\/#article\",\"isPartOf\":{\"@id\":\"https:\\\/\\\/www.immobilienbusiness.ch\\\/residential\\\/2016-05-11\\\/crissier-gruenes-licht-fuer-patrimonium-projekt-oassis\\\/\"},\"author\":{\"name\":\"Redaktion\",\"@id\":\"https:\\\/\\\/www.immobilienbusiness.ch\\\/#\\\/schema\\\/person\\\/aa2bace6c5c5aad60102004a50c4eb1c\"},\"headline\":\"Crissier: Gr\u00fcnes Licht f\u00fcr Patrimonium-Projekt OASSIS\",\"datePublished\":\"2016-05-11T06:12:30+00:00\",\"mainEntityOfPage\":{\"@id\":\"https:\\\/\\\/www.immobilienbusiness.ch\\\/residential\\\/2016-05-11\\\/crissier-gruenes-licht-fuer-patrimonium-projekt-oassis\\\/\"},\"wordCount\":179,\"commentCount\":0,\"publisher\":{\"@id\":\"https:\\\/\\\/www.immobilienbusiness.ch\\\/#organization\"},\"image\":{\"@id\":\"https:\\\/\\\/www.immobilienbusiness.ch\\\/residential\\\/2016-05-11\\\/crissier-gruenes-licht-fuer-patrimonium-projekt-oassis\\\/#primaryimage\"},\"thumbnailUrl\":\"https:\\\/\\\/www.immobilienbusiness.ch\\\/wp-content\\\/uploads\\\/2016\\\/12\\\/Crissier-Gruenes-Licht-fuer-Patrimonium-Projekt-OASSIS-immobilien-business.jpg\",\"keywords\":[\"Projektentwicklung\",\"West-Schweiz\",\"Wohnen\"],\"articleSection\":[\"RESIDENTIAL\"],\"inLanguage\":\"de\"},{\"@type\":\"WebPage\",\"@id\":\"https:\\\/\\\/www.immobilienbusiness.ch\\\/residential\\\/2016-05-11\\\/crissier-gruenes-licht-fuer-patrimonium-projekt-oassis\\\/\",\"url\":\"https:\\\/\\\/www.immobilienbusiness.ch\\\/residential\\\/2016-05-11\\\/crissier-gruenes-licht-fuer-patrimonium-projekt-oassis\\\/\",\"name\":\"Patrimonium OASSIS: Neues Quartier in Crissier im Bau\",\"isPartOf\":{\"@id\":\"https:\\\/\\\/www.immobilienbusiness.ch\\\/#website\"},\"primaryImageOfPage\":{\"@id\":\"https:\\\/\\\/www.immobilienbusiness.ch\\\/residential\\\/2016-05-11\\\/crissier-gruenes-licht-fuer-patrimonium-projekt-oassis\\\/#primaryimage\"},\"image\":{\"@id\":\"https:\\\/\\\/www.immobilienbusiness.ch\\\/residential\\\/2016-05-11\\\/crissier-gruenes-licht-fuer-patrimonium-projekt-oassis\\\/#primaryimage\"},\"thumbnailUrl\":\"https:\\\/\\\/www.immobilienbusiness.ch\\\/wp-content\\\/uploads\\\/2016\\\/12\\\/Crissier-Gruenes-Licht-fuer-Patrimonium-Projekt-OASSIS-immobilien-business.jpg\",\"datePublished\":\"2016-05-11T06:12:30+00:00\",\"description\":\"Das Patrimonium-Projekt OASSIS in Crissier umfasst 53.000 qm Mietfl\u00e4che mit Wohnungen, B\u00fcros und Dienstleistungsfl\u00e4chen. Baubewilligungen sind beantragt.\",\"breadcrumb\":{\"@id\":\"https:\\\/\\\/www.immobilienbusiness.ch\\\/residential\\\/2016-05-11\\\/crissier-gruenes-licht-fuer-patrimonium-projekt-oassis\\\/#breadcrumb\"},\"inLanguage\":\"de\",\"potentialAction\":[{\"@type\":\"ReadAction\",\"target\":[\"https:\\\/\\\/www.immobilienbusiness.ch\\\/residential\\\/2016-05-11\\\/crissier-gruenes-licht-fuer-patrimonium-projekt-oassis\\\/\"]}]},{\"@type\":\"ImageObject\",\"inLanguage\":\"de\",\"@id\":\"https:\\\/\\\/www.immobilienbusiness.ch\\\/residential\\\/2016-05-11\\\/crissier-gruenes-licht-fuer-patrimonium-projekt-oassis\\\/#primaryimage\",\"url\":\"https:\\\/\\\/www.immobilienbusiness.ch\\\/wp-content\\\/uploads\\\/2016\\\/12\\\/Crissier-Gruenes-Licht-fuer-Patrimonium-Projekt-OASSIS-immobilien-business.jpg\",\"contentUrl\":\"https:\\\/\\\/www.immobilienbusiness.ch\\\/wp-content\\\/uploads\\\/2016\\\/12\\\/Crissier-Gruenes-Licht-fuer-Patrimonium-Projekt-OASSIS-immobilien-business.jpg\",\"width\":1280,\"height\":960,\"caption\":\"In K\u00fcrze beginnt der Bau des OASSIS in Crissier (Foto: Pixabay)\"},{\"@type\":\"BreadcrumbList\",\"@id\":\"https:\\\/\\\/www.immobilienbusiness.ch\\\/residential\\\/2016-05-11\\\/crissier-gruenes-licht-fuer-patrimonium-projekt-oassis\\\/#breadcrumb\",\"itemListElement\":[{\"@type\":\"ListItem\",\"position\":1,\"name\":\"Home\",\"item\":\"https:\\\/\\\/www.immobilienbusiness.ch\\\/\"},{\"@type\":\"ListItem\",\"position\":2,\"name\":\"Crissier: Gr\u00fcnes Licht f\u00fcr Patrimonium-Projekt OASSIS\"}]},{\"@type\":\"WebSite\",\"@id\":\"https:\\\/\\\/www.immobilienbusiness.ch\\\/#website\",\"url\":\"https:\\\/\\\/www.immobilienbusiness.ch\\\/\",\"name\":\"IMMOBILIEN Business\",\"description\":\"Unabh\u00e4ngiges Schweizer Wirtschaftsmagazin mit Fokus auf Immobilien, Architektur- und Bau sowie Investment- und Finanzierung.\",\"publisher\":{\"@id\":\"https:\\\/\\\/www.immobilienbusiness.ch\\\/#organization\"},\"potentialAction\":[{\"@type\":\"SearchAction\",\"target\":{\"@type\":\"EntryPoint\",\"urlTemplate\":\"https:\\\/\\\/www.immobilienbusiness.ch\\\/?s={search_term_string}\"},\"query-input\":{\"@type\":\"PropertyValueSpecification\",\"valueRequired\":true,\"valueName\":\"search_term_string\"}}],\"inLanguage\":\"de\"},{\"@type\":\"Organization\",\"@id\":\"https:\\\/\\\/www.immobilienbusiness.ch\\\/#organization\",\"name\":\"IMMOBILIEN Business\",\"url\":\"https:\\\/\\\/www.immobilienbusiness.ch\\\/\",\"logo\":{\"@type\":\"ImageObject\",\"inLanguage\":\"de\",\"@id\":\"https:\\\/\\\/www.immobilienbusiness.ch\\\/#\\\/schema\\\/logo\\\/image\\\/\",\"url\":\"https:\\\/\\\/www.immobilienbusiness.ch\\\/wp-content\\\/uploads\\\/2021\\\/07\\\/logo_ib.png\",\"contentUrl\":\"https:\\\/\\\/www.immobilienbusiness.ch\\\/wp-content\\\/uploads\\\/2021\\\/07\\\/logo_ib.png\",\"width\":800,\"height\":181,\"caption\":\"IMMOBILIEN Business\"},\"image\":{\"@id\":\"https:\\\/\\\/www.immobilienbusiness.ch\\\/#\\\/schema\\\/logo\\\/image\\\/\"},\"sameAs\":[\"https:\\\/\\\/www.facebook.com\\\/immobilienbusiness\\\/\"]},{\"@type\":\"Person\",\"@id\":\"https:\\\/\\\/www.immobilienbusiness.ch\\\/#\\\/schema\\\/person\\\/aa2bace6c5c5aad60102004a50c4eb1c\",\"name\":\"Redaktion\",\"image\":{\"@type\":\"ImageObject\",\"inLanguage\":\"de\",\"@id\":\"https:\\\/\\\/secure.gravatar.com\\\/avatar\\\/ae2f4d718e6c49043e314ce431e7e645d646302a24a5ef5a8bc8e3f5a032e319?s=96&d=mm&r=g\",\"url\":\"https:\\\/\\\/secure.gravatar.com\\\/avatar\\\/ae2f4d718e6c49043e314ce431e7e645d646302a24a5ef5a8bc8e3f5a032e319?s=96&d=mm&r=g\",\"contentUrl\":\"https:\\\/\\\/secure.gravatar.com\\\/avatar\\\/ae2f4d718e6c49043e314ce431e7e645d646302a24a5ef5a8bc8e3f5a032e319?s=96&d=mm&r=g\",\"caption\":\"Redaktion\"},\"sameAs\":[\"http:\\\/\\\/develop.organisator.galledia.ch\"],\"url\":\"https:\\\/\\\/www.immobilienbusiness.ch\\\/de\\\/author\\\/admin\\\/\"}]}<\/script>\n<!-- \/ Yoast SEO plugin. -->","yoast_head_json":{"title":"Patrimonium OASSIS: Neues Quartier in Crissier im Bau","description":"Das Patrimonium-Projekt OASSIS in Crissier umfasst 53.000 qm Mietfl\u00e4che mit Wohnungen, B\u00fcros und Dienstleistungsfl\u00e4chen. Baubewilligungen sind beantragt.","robots":{"index":"index","follow":"follow","max-snippet":"max-snippet:-1","max-image-preview":"max-image-preview:large","max-video-preview":"max-video-preview:-1"},"canonical":"https:\/\/www.immobilienbusiness.ch\/de\/residential\/2016-05-11\/crissier-gruenes-licht-fuer-patrimonium-projekt-oassis\/","og_locale":"de_DE","og_type":"article","og_title":"Crissier: Gr\u00fcnes Licht f\u00fcr Patrimonium-Projekt OASSIS","og_description":"Das Wohn- und Gewerbeprojekt OASSIS mit rund 550 Wohnungen in Crissier (VD)\u00a0kommt voran. Wie Bauherrin Patrimonium mitteilt, ist der Quartierplan nun in Kraft und der R\u00fcckbau der bestehenden Hallen auf dem Areal hat begonnen.","og_url":"https:\/\/www.immobilienbusiness.ch\/de\/residential\/2016-05-11\/crissier-gruenes-licht-fuer-patrimonium-projekt-oassis\/","og_site_name":"IMMOBILIEN Business","article_publisher":"https:\/\/www.facebook.com\/immobilienbusiness\/","article_published_time":"2016-05-11T06:12:30+00:00","author":"Redaktion","twitter_card":"summary_large_image","twitter_image":"https:\/\/www.immobilienbusiness.ch\/wp-content\/uploads\/2016\/12\/Crissier-Gruenes-Licht-fuer-Patrimonium-Projekt-OASSIS-immobilien-business.jpg","schema":{"@context":"https:\/\/schema.org","@graph":[{"@type":"Article","@id":"https:\/\/www.immobilienbusiness.ch\/residential\/2016-05-11\/crissier-gruenes-licht-fuer-patrimonium-projekt-oassis\/#article","isPartOf":{"@id":"https:\/\/www.immobilienbusiness.ch\/residential\/2016-05-11\/crissier-gruenes-licht-fuer-patrimonium-projekt-oassis\/"},"author":{"name":"Redaktion","@id":"https:\/\/www.immobilienbusiness.ch\/#\/schema\/person\/aa2bace6c5c5aad60102004a50c4eb1c"},"headline":"Crissier: Gr\u00fcnes Licht f\u00fcr Patrimonium-Projekt OASSIS","datePublished":"2016-05-11T06:12:30+00:00","mainEntityOfPage":{"@id":"https:\/\/www.immobilienbusiness.ch\/residential\/2016-05-11\/crissier-gruenes-licht-fuer-patrimonium-projekt-oassis\/"},"wordCount":179,"commentCount":0,"publisher":{"@id":"https:\/\/www.immobilienbusiness.ch\/#organization"},"image":{"@id":"https:\/\/www.immobilienbusiness.ch\/residential\/2016-05-11\/crissier-gruenes-licht-fuer-patrimonium-projekt-oassis\/#primaryimage"},"thumbnailUrl":"https:\/\/www.immobilienbusiness.ch\/wp-content\/uploads\/2016\/12\/Crissier-Gruenes-Licht-fuer-Patrimonium-Projekt-OASSIS-immobilien-business.jpg","keywords":["Projektentwicklung","West-Schweiz","Wohnen"],"articleSection":["RESIDENTIAL"],"inLanguage":"de"},{"@type":"WebPage","@id":"https:\/\/www.immobilienbusiness.ch\/residential\/2016-05-11\/crissier-gruenes-licht-fuer-patrimonium-projekt-oassis\/","url":"https:\/\/www.immobilienbusiness.ch\/residential\/2016-05-11\/crissier-gruenes-licht-fuer-patrimonium-projekt-oassis\/","name":"Patrimonium OASSIS: Neues Quartier in Crissier im Bau","isPartOf":{"@id":"https:\/\/www.immobilienbusiness.ch\/#website"},"primaryImageOfPage":{"@id":"https:\/\/www.immobilienbusiness.ch\/residential\/2016-05-11\/crissier-gruenes-licht-fuer-patrimonium-projekt-oassis\/#primaryimage"},"image":{"@id":"https:\/\/www.immobilienbusiness.ch\/residential\/2016-05-11\/crissier-gruenes-licht-fuer-patrimonium-projekt-oassis\/#primaryimage"},"thumbnailUrl":"https:\/\/www.immobilienbusiness.ch\/wp-content\/uploads\/2016\/12\/Crissier-Gruenes-Licht-fuer-Patrimonium-Projekt-OASSIS-immobilien-business.jpg","datePublished":"2016-05-11T06:12:30+00:00","description":"Das Patrimonium-Projekt OASSIS in Crissier umfasst 53.000 qm Mietfl\u00e4che mit Wohnungen, B\u00fcros und Dienstleistungsfl\u00e4chen. Baubewilligungen sind beantragt.","breadcrumb":{"@id":"https:\/\/www.immobilienbusiness.ch\/residential\/2016-05-11\/crissier-gruenes-licht-fuer-patrimonium-projekt-oassis\/#breadcrumb"},"inLanguage":"de","potentialAction":[{"@type":"ReadAction","target":["https:\/\/www.immobilienbusiness.ch\/residential\/2016-05-11\/crissier-gruenes-licht-fuer-patrimonium-projekt-oassis\/"]}]},{"@type":"ImageObject","inLanguage":"de","@id":"https:\/\/www.immobilienbusiness.ch\/residential\/2016-05-11\/crissier-gruenes-licht-fuer-patrimonium-projekt-oassis\/#primaryimage","url":"https:\/\/www.immobilienbusiness.ch\/wp-content\/uploads\/2016\/12\/Crissier-Gruenes-Licht-fuer-Patrimonium-Projekt-OASSIS-immobilien-business.jpg","contentUrl":"https:\/\/www.immobilienbusiness.ch\/wp-content\/uploads\/2016\/12\/Crissier-Gruenes-Licht-fuer-Patrimonium-Projekt-OASSIS-immobilien-business.jpg","width":1280,"height":960,"caption":"In K\u00fcrze beginnt der Bau des OASSIS in Crissier (Foto: Pixabay)"},{"@type":"BreadcrumbList","@id":"https:\/\/www.immobilienbusiness.ch\/residential\/2016-05-11\/crissier-gruenes-licht-fuer-patrimonium-projekt-oassis\/#breadcrumb","itemListElement":[{"@type":"ListItem","position":1,"name":"Home","item":"https:\/\/www.immobilienbusiness.ch\/"},{"@type":"ListItem","position":2,"name":"Crissier: Gr\u00fcnes Licht f\u00fcr Patrimonium-Projekt OASSIS"}]},{"@type":"WebSite","@id":"https:\/\/www.immobilienbusiness.ch\/#website","url":"https:\/\/www.immobilienbusiness.ch\/","name":"IMMOBILIEN Business","description":"Unabh\u00e4ngiges Schweizer Wirtschaftsmagazin mit Fokus auf Immobilien, Architektur- und Bau sowie Investment- und Finanzierung.","publisher":{"@id":"https:\/\/www.immobilienbusiness.ch\/#organization"},"potentialAction":[{"@type":"SearchAction","target":{"@type":"EntryPoint","urlTemplate":"https:\/\/www.immobilienbusiness.ch\/?s={search_term_string}"},"query-input":{"@type":"PropertyValueSpecification","valueRequired":true,"valueName":"search_term_string"}}],"inLanguage":"de"},{"@type":"Organization","@id":"https:\/\/www.immobilienbusiness.ch\/#organization","name":"IMMOBILIEN Business","url":"https:\/\/www.immobilienbusiness.ch\/","logo":{"@type":"ImageObject","inLanguage":"de","@id":"https:\/\/www.immobilienbusiness.ch\/#\/schema\/logo\/image\/","url":"https:\/\/www.immobilienbusiness.ch\/wp-content\/uploads\/2021\/07\/logo_ib.png","contentUrl":"https:\/\/www.immobilienbusiness.ch\/wp-content\/uploads\/2021\/07\/logo_ib.png","width":800,"height":181,"caption":"IMMOBILIEN Business"},"image":{"@id":"https:\/\/www.immobilienbusiness.ch\/#\/schema\/logo\/image\/"},"sameAs":["https:\/\/www.facebook.com\/immobilienbusiness\/"]},{"@type":"Person","@id":"https:\/\/www.immobilienbusiness.ch\/#\/schema\/person\/aa2bace6c5c5aad60102004a50c4eb1c","name":"Redaktion","image":{"@type":"ImageObject","inLanguage":"de","@id":"https:\/\/secure.gravatar.com\/avatar\/ae2f4d718e6c49043e314ce431e7e645d646302a24a5ef5a8bc8e3f5a032e319?s=96&d=mm&r=g","url":"https:\/\/secure.gravatar.com\/avatar\/ae2f4d718e6c49043e314ce431e7e645d646302a24a5ef5a8bc8e3f5a032e319?s=96&d=mm&r=g","contentUrl":"https:\/\/secure.gravatar.com\/avatar\/ae2f4d718e6c49043e314ce431e7e645d646302a24a5ef5a8bc8e3f5a032e319?s=96&d=mm&r=g","caption":"Redaktion"},"sameAs":["http:\/\/develop.organisator.galledia.ch"],"url":"https:\/\/www.immobilienbusiness.ch\/de\/author\/admin\/"}]}},"_links":{"self":[{"href":"https:\/\/www.immobilienbusiness.ch\/de\/wp-json\/wp\/v2\/posts\/1277","targetHints":{"allow":["GET"]}}],"collection":[{"href":"https:\/\/www.immobilienbusiness.ch\/de\/wp-json\/wp\/v2\/posts"}],"about":[{"href":"https:\/\/www.immobilienbusiness.ch\/de\/wp-json\/wp\/v2\/types\/post"}],"author":[{"embeddable":true,"href":"https:\/\/www.immobilienbusiness.ch\/de\/wp-json\/wp\/v2\/users\/1"}],"replies":[{"embeddable":true,"href":"https:\/\/www.immobilienbusiness.ch\/de\/wp-json\/wp\/v2\/comments?post=1277"}],"version-history":[{"count":0,"href":"https:\/\/www.immobilienbusiness.ch\/de\/wp-json\/wp\/v2\/posts\/1277\/revisions"}],"wp:featuredmedia":[{"embeddable":true,"href":"https:\/\/www.immobilienbusiness.ch\/de\/wp-json\/wp\/v2\/media\/1279"}],"wp:attachment":[{"href":"https:\/\/www.immobilienbusiness.ch\/de\/wp-json\/wp\/v2\/media?parent=1277"}],"wp:term":[{"taxonomy":"category","embeddable":true,"href":"https:\/\/www.immobilienbusiness.ch\/de\/wp-json\/wp\/v2\/categories?post=1277"},{"taxonomy":"post_tag","embeddable":true,"href":"https:\/\/www.immobilienbusiness.ch\/de\/wp-json\/wp\/v2\/tags?post=1277"}],"curies":[{"name":"wp","href":"https:\/\/api.w.org\/{rel}","templated":true}]}}