{"id":12584,"date":"2018-05-18T08:19:55","date_gmt":"2018-05-18T06:19:55","guid":{"rendered":"https:\/\/www.immobilienbusiness.ch\/?p=12584"},"modified":"2018-05-18T08:19:55","modified_gmt":"2018-05-18T06:19:55","slug":"zuerich-sp-will-wohntuerme-fuer-hardturm-stadion-streichen","status":"publish","type":"post","link":"https:\/\/www.immobilienbusiness.ch\/de\/regionen\/2018-05-18\/zuerich-sp-will-wohntuerme-fuer-hardturm-stadion-streichen\/","title":{"rendered":"Z\u00fcrich: SP will Wohnt\u00fcrme f\u00fcr Hardturm-Stadion streichen"},"content":{"rendered":"<figure id=\"attachment_9189\" aria-describedby=\"caption-attachment-9189\" style=\"width: 680px\" class=\"wp-caption alignnone\"><img loading=\"lazy\" decoding=\"async\" class=\"wp-image-9189 size-medium\" src=\"https:\/\/www.immobilienbusiness.ch\/wp-content\/uploads\/2017\/09\/04pfingstweidstrasse_nightnurse.jpg\" alt=\"\" width=\"680\" height=\"453\" srcset=\"https:\/\/www.immobilienbusiness.ch\/wp-content\/uploads\/2017\/09\/04pfingstweidstrasse_nightnurse.jpg 2560w, https:\/\/www.immobilienbusiness.ch\/wp-content\/uploads\/2017\/09\/04pfingstweidstrasse_nightnurse-300x200.jpg 300w, https:\/\/www.immobilienbusiness.ch\/wp-content\/uploads\/2017\/09\/04pfingstweidstrasse_nightnurse-1024x683.jpg 1024w, https:\/\/www.immobilienbusiness.ch\/wp-content\/uploads\/2017\/09\/04pfingstweidstrasse_nightnurse-768x512.jpg 768w, https:\/\/www.immobilienbusiness.ch\/wp-content\/uploads\/2017\/09\/04pfingstweidstrasse_nightnurse-1536x1024.jpg 1536w, https:\/\/www.immobilienbusiness.ch\/wp-content\/uploads\/2017\/09\/04pfingstweidstrasse_nightnurse-2048x1365.jpg 2048w, https:\/\/www.immobilienbusiness.ch\/wp-content\/uploads\/2017\/09\/04pfingstweidstrasse_nightnurse-16x12.jpg 16w, https:\/\/www.immobilienbusiness.ch\/wp-content\/uploads\/2017\/09\/04pfingstweidstrasse_nightnurse-263x175.jpg 263w, https:\/\/www.immobilienbusiness.ch\/wp-content\/uploads\/2017\/09\/04pfingstweidstrasse_nightnurse-525x350.jpg 525w, https:\/\/www.immobilienbusiness.ch\/wp-content\/uploads\/2017\/09\/04pfingstweidstrasse_nightnurse-1200x800.jpg 1200w, https:\/\/www.immobilienbusiness.ch\/wp-content\/uploads\/2017\/09\/04pfingstweidstrasse_nightnurse-920x613.jpg 920w, https:\/\/www.immobilienbusiness.ch\/wp-content\/uploads\/2017\/09\/04pfingstweidstrasse_nightnurse-1400x933.jpg 1400w\" sizes=\"auto, (max-width: 680px) 100vw, 680px\" \/><figcaption id=\"caption-attachment-9189\" class=\"wp-caption-text\">Das geplante Hardturm-Stadion (Visualisierung \u00a9 Nightnurse Images, Z\u00fcrich, im Auftrag der HRS Real Estate AG, Boltshauser Architekten, pool Architekten und Caruso St John Architekten)<\/figcaption><\/figure>\n<p><a href=\"https:\/\/www.tagesanzeiger.ch\/zuerich\/stadt\/weg-mit-den-tuermen\/story\/10165850\">Wie zuerst der Tages-Anzeiger berichtete<\/a>, hat die SP vorgeschlagen, die beiden 137 Meter hohen T\u00fcrme nicht zu realisieren, um zu verhindern, dass das Projekt durch Rekurse scheitert. Eine B\u00fcrgerinitiative aus H\u00f6ngg wolle die Hochh\u00e4user auf juristischem Weg verhindern und habe bereits angek\u00fcndigt, dazu bis vor das Bundesgericht zu ziehen.<\/p>\n<p>Ohne die Wohnhochh\u00e4user w\u00fcrde jedoch die Querfinanzierung f\u00fcr das Stadion wegfallen: <a href=\"https:\/\/www.immobilienbusiness.ch\/ueberbauung-auf-dem-areal-hardturm-kommt-einen-schritt-weiter\/\">In den zwei Hochh\u00e4usern sind fr\u00fcheren Angaben zufoge rund 600 Wohnungen im mittleren Preissegment geplant, i<\/a>n den Sockelgeschossen sind bis zum vierten Obergeschoss Atelier- und Gewerbefl\u00e4chen vorgesehen. F\u00fcr das Baufeld C, auf dem die T\u00fcrme gebaut werden sollen, erhebt die Stadt nur einen reduzierten Baurechtszins. Damit soll den Investoren &#8211; Anlagegef\u00e4sse der Credit Suisse &#8211; der Stadionbau erm\u00f6glicht werden. Daraus resultiert nach Angaben der Stadt ein j\u00e4hrlich wiederkehrender Einnahmeverzicht von maximal 1,7 Millionen CHF.\u00a0 Ohne eine Querfinanzierung durch die Wohnhochh\u00e4user, so der <em>Tages-Anzeiger, <\/em>m\u00fcsste die Stadt 85 Millionen f\u00fcr das Station aufbringen.<\/p>\n<p>Nach Auffassung der SP lohne sich das Gesch\u00e4ft mit der Credit Suisse nicht, heisst es in der Zeitung weiter. Die Partei will die Parzelle an eine Genossenschaft im Baurecht abgeben. Das w\u00fcrde der Stadt so rund eine Milliarde auf 92 Jahre gerechnet sparen. Zurzeit wird im Stadtparlament \u00fcber das Stadionprojekt beraten. Ob der Antrag der SP durchkommt, ist noch unklar. Sollte er scheitern, erw\u00e4gt die SP laut dem Zeitungsbericht eine Volksinitiative.<\/p>\n","protected":false},"excerpt":{"rendered":"<p>Laut Medienberichten will die SP die Wohnt\u00fcrme im Z\u00fcrcher Hardturm-Stadion-Projekt streichen. Die Partei f\u00fcrchtet, dass ansonsten das ganze Bauvorhaben durch Rekurse zum Scheitern gebracht wird.<\/p>\n","protected":false},"author":3,"featured_media":9189,"comment_status":"open","ping_status":"open","sticky":false,"template":"","format":"standard","meta":{"_acf_changed":false,"_yoast_wpseo_focuskw":"Hardturm-Stadion","_yoast_wpseo_title":"","_yoast_wpseo_metadesc":"Laut Medienberichten will die SP die Wohnt\u00fcrme im Z\u00fcrcher Hardturm-Stadion-Projekt streichen. Die Partei f\u00fcrchtet, dass ansonsten das ganze Bauvorhaben durch Rekurse zum Scheitern gebracht wird.","_yoast_wpseo_linkdex":56,"pgc_sgb_lightbox_settings":"","footnotes":""},"categories":[985],"tags":[1579,1600,1888],"class_list":["post-12584","post","type-post","status-publish","format-standard","has-post-thumbnail","hentry","category-regionen","tag-politik","tag-projekt-in-planung","tag-zuerich"],"acf":[],"yoast_head":"<!-- This site is optimized with the Yoast SEO plugin v27.4 - https:\/\/yoast.com\/product\/yoast-seo-wordpress\/ -->\n<title>Z\u00fcrich: SP will Wohnt\u00fcrme f\u00fcr Hardturm-Stadion streichen - IMMOBILIEN Business<\/title>\n<meta name=\"description\" content=\"Laut Medienberichten will die SP die Wohnt\u00fcrme im Z\u00fcrcher Hardturm-Stadion-Projekt streichen. Die Partei f\u00fcrchtet, dass ansonsten das ganze Bauvorhaben durch Rekurse zum Scheitern gebracht wird.\" \/>\n<meta name=\"robots\" content=\"index, follow, max-snippet:-1, max-image-preview:large, max-video-preview:-1\" \/>\n<link rel=\"canonical\" href=\"https:\/\/www.immobilienbusiness.ch\/de\/regionen\/2018-05-18\/zuerich-sp-will-wohntuerme-fuer-hardturm-stadion-streichen\/\" \/>\n<meta property=\"og:locale\" content=\"de_DE\" \/>\n<meta property=\"og:type\" content=\"article\" \/>\n<meta property=\"og:title\" content=\"Z\u00fcrich: SP will Wohnt\u00fcrme f\u00fcr Hardturm-Stadion streichen - IMMOBILIEN Business\" \/>\n<meta property=\"og:description\" content=\"Laut Medienberichten will die SP die Wohnt\u00fcrme im Z\u00fcrcher Hardturm-Stadion-Projekt streichen. Die Partei f\u00fcrchtet, dass ansonsten das ganze Bauvorhaben durch Rekurse zum Scheitern gebracht wird.\" \/>\n<meta property=\"og:url\" content=\"https:\/\/www.immobilienbusiness.ch\/de\/regionen\/2018-05-18\/zuerich-sp-will-wohntuerme-fuer-hardturm-stadion-streichen\/\" \/>\n<meta property=\"og:site_name\" content=\"IMMOBILIEN Business\" \/>\n<meta property=\"article:publisher\" content=\"https:\/\/www.facebook.com\/immobilienbusiness\/\" \/>\n<meta property=\"article:published_time\" content=\"2018-05-18T06:19:55+00:00\" \/>\n<meta property=\"og:image\" content=\"https:\/\/www.immobilienbusiness.ch\/wp-content\/uploads\/2017\/09\/04pfingstweidstrasse_nightnurse-1024x683.jpg\" \/>\n\t<meta property=\"og:image:width\" content=\"1024\" \/>\n\t<meta property=\"og:image:height\" content=\"683\" \/>\n\t<meta property=\"og:image:type\" content=\"image\/jpeg\" \/>\n<meta name=\"author\" content=\"anja.hall\" \/>\n<meta name=\"twitter:card\" content=\"summary_large_image\" \/>\n<meta name=\"twitter:image\" content=\"https:\/\/www.immobilienbusiness.ch\/wp-content\/uploads\/2017\/09\/04pfingstweidstrasse_nightnurse.jpg\" \/>\n<script type=\"application\/ld+json\" class=\"yoast-schema-graph\">{\"@context\":\"https:\\\/\\\/schema.org\",\"@graph\":[{\"@type\":\"Article\",\"@id\":\"https:\\\/\\\/www.immobilienbusiness.ch\\\/it\\\/regionen\\\/2018-05-18\\\/zuerich-sp-will-wohntuerme-fuer-hardturm-stadion-streichen\\\/#article\",\"isPartOf\":{\"@id\":\"https:\\\/\\\/www.immobilienbusiness.ch\\\/it\\\/regionen\\\/2018-05-18\\\/zuerich-sp-will-wohntuerme-fuer-hardturm-stadion-streichen\\\/\"},\"author\":{\"name\":\"anja.hall\",\"@id\":\"https:\\\/\\\/www.immobilienbusiness.ch\\\/#\\\/schema\\\/person\\\/3fc036297b10b9f42d6db5ee932af8c8\"},\"headline\":\"Z\u00fcrich: SP will Wohnt\u00fcrme f\u00fcr Hardturm-Stadion streichen\",\"datePublished\":\"2018-05-18T06:19:55+00:00\",\"mainEntityOfPage\":{\"@id\":\"https:\\\/\\\/www.immobilienbusiness.ch\\\/it\\\/regionen\\\/2018-05-18\\\/zuerich-sp-will-wohntuerme-fuer-hardturm-stadion-streichen\\\/\"},\"wordCount\":281,\"commentCount\":0,\"publisher\":{\"@id\":\"https:\\\/\\\/www.immobilienbusiness.ch\\\/#organization\"},\"image\":{\"@id\":\"https:\\\/\\\/www.immobilienbusiness.ch\\\/it\\\/regionen\\\/2018-05-18\\\/zuerich-sp-will-wohntuerme-fuer-hardturm-stadion-streichen\\\/#primaryimage\"},\"thumbnailUrl\":\"https:\\\/\\\/www.immobilienbusiness.ch\\\/wp-content\\\/uploads\\\/2017\\\/09\\\/04pfingstweidstrasse_nightnurse.jpg\",\"keywords\":[\"Politik\",\"Projekt in Planung\",\"Z\u00fcrich\"],\"articleSection\":[\"REGIONEN\"],\"inLanguage\":\"de\"},{\"@type\":\"WebPage\",\"@id\":\"https:\\\/\\\/www.immobilienbusiness.ch\\\/it\\\/regionen\\\/2018-05-18\\\/zuerich-sp-will-wohntuerme-fuer-hardturm-stadion-streichen\\\/\",\"url\":\"https:\\\/\\\/www.immobilienbusiness.ch\\\/it\\\/regionen\\\/2018-05-18\\\/zuerich-sp-will-wohntuerme-fuer-hardturm-stadion-streichen\\\/\",\"name\":\"Z\u00fcrich: SP will Wohnt\u00fcrme f\u00fcr Hardturm-Stadion streichen - IMMOBILIEN Business\",\"isPartOf\":{\"@id\":\"https:\\\/\\\/www.immobilienbusiness.ch\\\/#website\"},\"primaryImageOfPage\":{\"@id\":\"https:\\\/\\\/www.immobilienbusiness.ch\\\/it\\\/regionen\\\/2018-05-18\\\/zuerich-sp-will-wohntuerme-fuer-hardturm-stadion-streichen\\\/#primaryimage\"},\"image\":{\"@id\":\"https:\\\/\\\/www.immobilienbusiness.ch\\\/it\\\/regionen\\\/2018-05-18\\\/zuerich-sp-will-wohntuerme-fuer-hardturm-stadion-streichen\\\/#primaryimage\"},\"thumbnailUrl\":\"https:\\\/\\\/www.immobilienbusiness.ch\\\/wp-content\\\/uploads\\\/2017\\\/09\\\/04pfingstweidstrasse_nightnurse.jpg\",\"datePublished\":\"2018-05-18T06:19:55+00:00\",\"description\":\"Laut Medienberichten will die SP die Wohnt\u00fcrme im Z\u00fcrcher Hardturm-Stadion-Projekt streichen. Die Partei f\u00fcrchtet, dass ansonsten das ganze Bauvorhaben durch Rekurse zum Scheitern gebracht wird.\",\"breadcrumb\":{\"@id\":\"https:\\\/\\\/www.immobilienbusiness.ch\\\/it\\\/regionen\\\/2018-05-18\\\/zuerich-sp-will-wohntuerme-fuer-hardturm-stadion-streichen\\\/#breadcrumb\"},\"inLanguage\":\"de\",\"potentialAction\":[{\"@type\":\"ReadAction\",\"target\":[\"https:\\\/\\\/www.immobilienbusiness.ch\\\/it\\\/regionen\\\/2018-05-18\\\/zuerich-sp-will-wohntuerme-fuer-hardturm-stadion-streichen\\\/\"]}]},{\"@type\":\"ImageObject\",\"inLanguage\":\"de\",\"@id\":\"https:\\\/\\\/www.immobilienbusiness.ch\\\/it\\\/regionen\\\/2018-05-18\\\/zuerich-sp-will-wohntuerme-fuer-hardturm-stadion-streichen\\\/#primaryimage\",\"url\":\"https:\\\/\\\/www.immobilienbusiness.ch\\\/wp-content\\\/uploads\\\/2017\\\/09\\\/04pfingstweidstrasse_nightnurse.jpg\",\"contentUrl\":\"https:\\\/\\\/www.immobilienbusiness.ch\\\/wp-content\\\/uploads\\\/2017\\\/09\\\/04pfingstweidstrasse_nightnurse.jpg\",\"width\":2560,\"height\":1707,\"caption\":\"Die beiden geplanten Wohnhochh\u00e4user in Limmat-N\u00e4he (Visualisierung: Nightnurse Images)\"},{\"@type\":\"BreadcrumbList\",\"@id\":\"https:\\\/\\\/www.immobilienbusiness.ch\\\/it\\\/regionen\\\/2018-05-18\\\/zuerich-sp-will-wohntuerme-fuer-hardturm-stadion-streichen\\\/#breadcrumb\",\"itemListElement\":[{\"@type\":\"ListItem\",\"position\":1,\"name\":\"Home\",\"item\":\"https:\\\/\\\/www.immobilienbusiness.ch\\\/\"},{\"@type\":\"ListItem\",\"position\":2,\"name\":\"Z\u00fcrich: SP will Wohnt\u00fcrme f\u00fcr Hardturm-Stadion streichen\"}]},{\"@type\":\"WebSite\",\"@id\":\"https:\\\/\\\/www.immobilienbusiness.ch\\\/#website\",\"url\":\"https:\\\/\\\/www.immobilienbusiness.ch\\\/\",\"name\":\"IMMOBILIEN Business\",\"description\":\"Unabh\u00e4ngiges Schweizer Wirtschaftsmagazin mit Fokus auf Immobilien, Architektur- und Bau sowie Investment- und Finanzierung.\",\"publisher\":{\"@id\":\"https:\\\/\\\/www.immobilienbusiness.ch\\\/#organization\"},\"potentialAction\":[{\"@type\":\"SearchAction\",\"target\":{\"@type\":\"EntryPoint\",\"urlTemplate\":\"https:\\\/\\\/www.immobilienbusiness.ch\\\/?s={search_term_string}\"},\"query-input\":{\"@type\":\"PropertyValueSpecification\",\"valueRequired\":true,\"valueName\":\"search_term_string\"}}],\"inLanguage\":\"de\"},{\"@type\":\"Organization\",\"@id\":\"https:\\\/\\\/www.immobilienbusiness.ch\\\/#organization\",\"name\":\"IMMOBILIEN Business\",\"url\":\"https:\\\/\\\/www.immobilienbusiness.ch\\\/\",\"logo\":{\"@type\":\"ImageObject\",\"inLanguage\":\"de\",\"@id\":\"https:\\\/\\\/www.immobilienbusiness.ch\\\/#\\\/schema\\\/logo\\\/image\\\/\",\"url\":\"https:\\\/\\\/www.immobilienbusiness.ch\\\/wp-content\\\/uploads\\\/2021\\\/07\\\/logo_ib.png\",\"contentUrl\":\"https:\\\/\\\/www.immobilienbusiness.ch\\\/wp-content\\\/uploads\\\/2021\\\/07\\\/logo_ib.png\",\"width\":800,\"height\":181,\"caption\":\"IMMOBILIEN Business\"},\"image\":{\"@id\":\"https:\\\/\\\/www.immobilienbusiness.ch\\\/#\\\/schema\\\/logo\\\/image\\\/\"},\"sameAs\":[\"https:\\\/\\\/www.facebook.com\\\/immobilienbusiness\\\/\"]},{\"@type\":\"Person\",\"@id\":\"https:\\\/\\\/www.immobilienbusiness.ch\\\/#\\\/schema\\\/person\\\/3fc036297b10b9f42d6db5ee932af8c8\",\"name\":\"anja.hall\",\"image\":{\"@type\":\"ImageObject\",\"inLanguage\":\"de\",\"@id\":\"https:\\\/\\\/secure.gravatar.com\\\/avatar\\\/066b5a0d447013502c71a5782f4f3469f03cfe595cc2329fb94652fe47511bfb?s=96&d=mm&r=g\",\"url\":\"https:\\\/\\\/secure.gravatar.com\\\/avatar\\\/066b5a0d447013502c71a5782f4f3469f03cfe595cc2329fb94652fe47511bfb?s=96&d=mm&r=g\",\"contentUrl\":\"https:\\\/\\\/secure.gravatar.com\\\/avatar\\\/066b5a0d447013502c71a5782f4f3469f03cfe595cc2329fb94652fe47511bfb?s=96&d=mm&r=g\",\"caption\":\"anja.hall\"},\"url\":\"https:\\\/\\\/www.immobilienbusiness.ch\\\/de\\\/author\\\/anja-hall\\\/\"}]}<\/script>\n<!-- \/ Yoast SEO plugin. -->","yoast_head_json":{"title":"Z\u00fcrich: SP will Wohnt\u00fcrme f\u00fcr Hardturm-Stadion streichen - IMMOBILIEN Business","description":"Laut Medienberichten will die SP die Wohnt\u00fcrme im Z\u00fcrcher Hardturm-Stadion-Projekt streichen. Die Partei f\u00fcrchtet, dass ansonsten das ganze Bauvorhaben durch Rekurse zum Scheitern gebracht wird.","robots":{"index":"index","follow":"follow","max-snippet":"max-snippet:-1","max-image-preview":"max-image-preview:large","max-video-preview":"max-video-preview:-1"},"canonical":"https:\/\/www.immobilienbusiness.ch\/de\/regionen\/2018-05-18\/zuerich-sp-will-wohntuerme-fuer-hardturm-stadion-streichen\/","og_locale":"de_DE","og_type":"article","og_title":"Z\u00fcrich: SP will Wohnt\u00fcrme f\u00fcr Hardturm-Stadion streichen - IMMOBILIEN Business","og_description":"Laut Medienberichten will die SP die Wohnt\u00fcrme im Z\u00fcrcher Hardturm-Stadion-Projekt streichen. Die Partei f\u00fcrchtet, dass ansonsten das ganze Bauvorhaben durch Rekurse zum Scheitern gebracht wird.","og_url":"https:\/\/www.immobilienbusiness.ch\/de\/regionen\/2018-05-18\/zuerich-sp-will-wohntuerme-fuer-hardturm-stadion-streichen\/","og_site_name":"IMMOBILIEN Business","article_publisher":"https:\/\/www.facebook.com\/immobilienbusiness\/","article_published_time":"2018-05-18T06:19:55+00:00","og_image":[{"width":1024,"height":683,"url":"https:\/\/www.immobilienbusiness.ch\/wp-content\/uploads\/2017\/09\/04pfingstweidstrasse_nightnurse-1024x683.jpg","type":"image\/jpeg"}],"author":"anja.hall","twitter_card":"summary_large_image","twitter_image":"https:\/\/www.immobilienbusiness.ch\/wp-content\/uploads\/2017\/09\/04pfingstweidstrasse_nightnurse.jpg","schema":{"@context":"https:\/\/schema.org","@graph":[{"@type":"Article","@id":"https:\/\/www.immobilienbusiness.ch\/it\/regionen\/2018-05-18\/zuerich-sp-will-wohntuerme-fuer-hardturm-stadion-streichen\/#article","isPartOf":{"@id":"https:\/\/www.immobilienbusiness.ch\/it\/regionen\/2018-05-18\/zuerich-sp-will-wohntuerme-fuer-hardturm-stadion-streichen\/"},"author":{"name":"anja.hall","@id":"https:\/\/www.immobilienbusiness.ch\/#\/schema\/person\/3fc036297b10b9f42d6db5ee932af8c8"},"headline":"Z\u00fcrich: SP will Wohnt\u00fcrme f\u00fcr Hardturm-Stadion streichen","datePublished":"2018-05-18T06:19:55+00:00","mainEntityOfPage":{"@id":"https:\/\/www.immobilienbusiness.ch\/it\/regionen\/2018-05-18\/zuerich-sp-will-wohntuerme-fuer-hardturm-stadion-streichen\/"},"wordCount":281,"commentCount":0,"publisher":{"@id":"https:\/\/www.immobilienbusiness.ch\/#organization"},"image":{"@id":"https:\/\/www.immobilienbusiness.ch\/it\/regionen\/2018-05-18\/zuerich-sp-will-wohntuerme-fuer-hardturm-stadion-streichen\/#primaryimage"},"thumbnailUrl":"https:\/\/www.immobilienbusiness.ch\/wp-content\/uploads\/2017\/09\/04pfingstweidstrasse_nightnurse.jpg","keywords":["Politik","Projekt in Planung","Z\u00fcrich"],"articleSection":["REGIONEN"],"inLanguage":"de"},{"@type":"WebPage","@id":"https:\/\/www.immobilienbusiness.ch\/it\/regionen\/2018-05-18\/zuerich-sp-will-wohntuerme-fuer-hardturm-stadion-streichen\/","url":"https:\/\/www.immobilienbusiness.ch\/it\/regionen\/2018-05-18\/zuerich-sp-will-wohntuerme-fuer-hardturm-stadion-streichen\/","name":"Z\u00fcrich: SP will Wohnt\u00fcrme f\u00fcr Hardturm-Stadion streichen - IMMOBILIEN Business","isPartOf":{"@id":"https:\/\/www.immobilienbusiness.ch\/#website"},"primaryImageOfPage":{"@id":"https:\/\/www.immobilienbusiness.ch\/it\/regionen\/2018-05-18\/zuerich-sp-will-wohntuerme-fuer-hardturm-stadion-streichen\/#primaryimage"},"image":{"@id":"https:\/\/www.immobilienbusiness.ch\/it\/regionen\/2018-05-18\/zuerich-sp-will-wohntuerme-fuer-hardturm-stadion-streichen\/#primaryimage"},"thumbnailUrl":"https:\/\/www.immobilienbusiness.ch\/wp-content\/uploads\/2017\/09\/04pfingstweidstrasse_nightnurse.jpg","datePublished":"2018-05-18T06:19:55+00:00","description":"Laut Medienberichten will die SP die Wohnt\u00fcrme im Z\u00fcrcher Hardturm-Stadion-Projekt streichen. Die Partei f\u00fcrchtet, dass ansonsten das ganze Bauvorhaben durch Rekurse zum Scheitern gebracht wird.","breadcrumb":{"@id":"https:\/\/www.immobilienbusiness.ch\/it\/regionen\/2018-05-18\/zuerich-sp-will-wohntuerme-fuer-hardturm-stadion-streichen\/#breadcrumb"},"inLanguage":"de","potentialAction":[{"@type":"ReadAction","target":["https:\/\/www.immobilienbusiness.ch\/it\/regionen\/2018-05-18\/zuerich-sp-will-wohntuerme-fuer-hardturm-stadion-streichen\/"]}]},{"@type":"ImageObject","inLanguage":"de","@id":"https:\/\/www.immobilienbusiness.ch\/it\/regionen\/2018-05-18\/zuerich-sp-will-wohntuerme-fuer-hardturm-stadion-streichen\/#primaryimage","url":"https:\/\/www.immobilienbusiness.ch\/wp-content\/uploads\/2017\/09\/04pfingstweidstrasse_nightnurse.jpg","contentUrl":"https:\/\/www.immobilienbusiness.ch\/wp-content\/uploads\/2017\/09\/04pfingstweidstrasse_nightnurse.jpg","width":2560,"height":1707,"caption":"Die beiden geplanten Wohnhochh\u00e4user in Limmat-N\u00e4he (Visualisierung: Nightnurse Images)"},{"@type":"BreadcrumbList","@id":"https:\/\/www.immobilienbusiness.ch\/it\/regionen\/2018-05-18\/zuerich-sp-will-wohntuerme-fuer-hardturm-stadion-streichen\/#breadcrumb","itemListElement":[{"@type":"ListItem","position":1,"name":"Home","item":"https:\/\/www.immobilienbusiness.ch\/"},{"@type":"ListItem","position":2,"name":"Z\u00fcrich: SP will Wohnt\u00fcrme f\u00fcr Hardturm-Stadion streichen"}]},{"@type":"WebSite","@id":"https:\/\/www.immobilienbusiness.ch\/#website","url":"https:\/\/www.immobilienbusiness.ch\/","name":"IMMOBILIEN Business","description":"Unabh\u00e4ngiges Schweizer Wirtschaftsmagazin mit Fokus auf Immobilien, Architektur- und Bau sowie Investment- und Finanzierung.","publisher":{"@id":"https:\/\/www.immobilienbusiness.ch\/#organization"},"potentialAction":[{"@type":"SearchAction","target":{"@type":"EntryPoint","urlTemplate":"https:\/\/www.immobilienbusiness.ch\/?s={search_term_string}"},"query-input":{"@type":"PropertyValueSpecification","valueRequired":true,"valueName":"search_term_string"}}],"inLanguage":"de"},{"@type":"Organization","@id":"https:\/\/www.immobilienbusiness.ch\/#organization","name":"IMMOBILIEN Business","url":"https:\/\/www.immobilienbusiness.ch\/","logo":{"@type":"ImageObject","inLanguage":"de","@id":"https:\/\/www.immobilienbusiness.ch\/#\/schema\/logo\/image\/","url":"https:\/\/www.immobilienbusiness.ch\/wp-content\/uploads\/2021\/07\/logo_ib.png","contentUrl":"https:\/\/www.immobilienbusiness.ch\/wp-content\/uploads\/2021\/07\/logo_ib.png","width":800,"height":181,"caption":"IMMOBILIEN Business"},"image":{"@id":"https:\/\/www.immobilienbusiness.ch\/#\/schema\/logo\/image\/"},"sameAs":["https:\/\/www.facebook.com\/immobilienbusiness\/"]},{"@type":"Person","@id":"https:\/\/www.immobilienbusiness.ch\/#\/schema\/person\/3fc036297b10b9f42d6db5ee932af8c8","name":"anja.hall","image":{"@type":"ImageObject","inLanguage":"de","@id":"https:\/\/secure.gravatar.com\/avatar\/066b5a0d447013502c71a5782f4f3469f03cfe595cc2329fb94652fe47511bfb?s=96&d=mm&r=g","url":"https:\/\/secure.gravatar.com\/avatar\/066b5a0d447013502c71a5782f4f3469f03cfe595cc2329fb94652fe47511bfb?s=96&d=mm&r=g","contentUrl":"https:\/\/secure.gravatar.com\/avatar\/066b5a0d447013502c71a5782f4f3469f03cfe595cc2329fb94652fe47511bfb?s=96&d=mm&r=g","caption":"anja.hall"},"url":"https:\/\/www.immobilienbusiness.ch\/de\/author\/anja-hall\/"}]}},"_links":{"self":[{"href":"https:\/\/www.immobilienbusiness.ch\/de\/wp-json\/wp\/v2\/posts\/12584","targetHints":{"allow":["GET"]}}],"collection":[{"href":"https:\/\/www.immobilienbusiness.ch\/de\/wp-json\/wp\/v2\/posts"}],"about":[{"href":"https:\/\/www.immobilienbusiness.ch\/de\/wp-json\/wp\/v2\/types\/post"}],"author":[{"embeddable":true,"href":"https:\/\/www.immobilienbusiness.ch\/de\/wp-json\/wp\/v2\/users\/3"}],"replies":[{"embeddable":true,"href":"https:\/\/www.immobilienbusiness.ch\/de\/wp-json\/wp\/v2\/comments?post=12584"}],"version-history":[{"count":0,"href":"https:\/\/www.immobilienbusiness.ch\/de\/wp-json\/wp\/v2\/posts\/12584\/revisions"}],"wp:featuredmedia":[{"embeddable":true,"href":"https:\/\/www.immobilienbusiness.ch\/de\/wp-json\/wp\/v2\/media\/9189"}],"wp:attachment":[{"href":"https:\/\/www.immobilienbusiness.ch\/de\/wp-json\/wp\/v2\/media?parent=12584"}],"wp:term":[{"taxonomy":"category","embeddable":true,"href":"https:\/\/www.immobilienbusiness.ch\/de\/wp-json\/wp\/v2\/categories?post=12584"},{"taxonomy":"post_tag","embeddable":true,"href":"https:\/\/www.immobilienbusiness.ch\/de\/wp-json\/wp\/v2\/tags?post=12584"}],"curies":[{"name":"wp","href":"https:\/\/api.w.org\/{rel}","templated":true}]}}