{"id":12571,"date":"2018-05-16T08:31:10","date_gmt":"2018-05-16T06:31:10","guid":{"rendered":"https:\/\/www.immobilienbusiness.ch\/?p=12571"},"modified":"2018-05-16T08:31:10","modified_gmt":"2018-05-16T06:31:10","slug":"roger-rufener-jll-leiter-vermietung","status":"publish","type":"post","link":"https:\/\/www.immobilienbusiness.ch\/de\/unternehmen\/2018-05-16\/roger-rufener-jll-leiter-vermietung\/","title":{"rendered":"JLL: Roger Rufener leitet die Vermietung in der Deutschschweiz"},"content":{"rendered":"<figure id=\"attachment_12577\" aria-describedby=\"caption-attachment-12577\" style=\"width: 380px\" class=\"wp-caption alignnone\"><img loading=\"lazy\" decoding=\"async\" class=\"size-full wp-image-12577\" src=\"https:\/\/www.immobilienbusiness.ch\/wp-content\/uploads\/2018\/05\/roger-rufener-jll-2018.jpg\" alt=\"\" width=\"380\" height=\"260\" srcset=\"https:\/\/www.immobilienbusiness.ch\/wp-content\/uploads\/2018\/05\/roger-rufener-jll-2018.jpg 380w, https:\/\/www.immobilienbusiness.ch\/wp-content\/uploads\/2018\/05\/roger-rufener-jll-2018-300x205.jpg 300w, https:\/\/www.immobilienbusiness.ch\/wp-content\/uploads\/2018\/05\/roger-rufener-jll-2018-16x12.jpg 16w, https:\/\/www.immobilienbusiness.ch\/wp-content\/uploads\/2018\/05\/roger-rufener-jll-2018-256x175.jpg 256w\" sizes=\"auto, (max-width: 380px) 100vw, 380px\" \/><figcaption id=\"caption-attachment-12577\" class=\"wp-caption-text\">Roger Rufener (Quelle: JLL)<\/figcaption><\/figure>\n<p>Der 50-J\u00e4hrige kommt von Halter, wo er in den vergangenen f\u00fcnf Jahren die Vermarktung der Gewerbeimmobilien leitete. Zuvor war Roger Rufener f\u00fcr Wincasa t\u00e4tig. Er ist ausgebildeter Hochbauzeichner und verf\u00fcgt \u00fcber einen eidgen\u00f6ssischen Fachausweis als Immobilienvermarkter.<\/p>\n<p>Mit Rufeners Zugang kommt es bei JLL Schweiz zu einer organisatorischen Neuaufstellung. Die Gesch\u00e4ftsbereiche Vermietung kommerzieller Fl\u00e4chen und Mietervertretung werden getrennt. Der Schritt ist nach Angaben des Immobiliendienstleisters die Folge des starken Wachstums in beiden Bereichen in den letzten Jahren.<\/p>\n<p>JLL Schweiz z\u00e4hlt heute insgesamt \u00fcber 40 Mitarbeitende in Z\u00fcrich und Genf, rund zehn davon sind ausschliesslich mit den Beratungsdienstleistungen im Fl\u00e4chenmarkt besch\u00e4ftigt. Rufener soll die Wachstumsstrategie in der Vermietung weiter vorantreiben und dabei eng mit Anita Bleiker, Verantwortliche f\u00fcr die Mietervertretung in Z\u00fcrich, und Anna Briffod, Verantwortliche f\u00fcr die Vermietung in der Romandie, zusammenarbeiten, teilt JLL mit.<\/p>\n","protected":false},"excerpt":{"rendered":"<p>Roger Rufener hat bei JLL zum Anfang Mai die Leitung der Vermietung kommerzieller Fl\u00e4chen in der deutschsprachigen Schweiz \u00fcbernommen.<\/p>\n","protected":false},"author":3,"featured_media":12577,"comment_status":"open","ping_status":"open","sticky":false,"template":"","format":"standard","meta":{"_acf_changed":false,"_yoast_wpseo_focuskw":"Roger Rufener","_yoast_wpseo_title":"","_yoast_wpseo_metadesc":"Roger Rufener hat bei JLL zum Anfang Mai die Leitung der Vermietung kommerzieller Fl\u00e4chen in der deutschsprachigen Schweiz \u00fcbernommen.","_yoast_wpseo_linkdex":69,"pgc_sgb_lightbox_settings":"","footnotes":""},"categories":[988],"tags":[1391,1563,1807],"class_list":["post-12571","post","type-post","status-publish","format-standard","has-post-thumbnail","hentry","category-unternehmen","tag-jll","tag-personalia","tag-unternehmen"],"acf":[],"yoast_head":"<!-- This site is optimized with the Yoast SEO plugin v27.5 - https:\/\/yoast.com\/product\/yoast-seo-wordpress\/ -->\n<title>JLL: Roger Rufener leitet die Vermietung in der Deutschschweiz - IMMOBILIEN Business<\/title>\n<meta name=\"description\" content=\"Roger Rufener hat bei JLL zum Anfang Mai die Leitung der Vermietung kommerzieller Fl\u00e4chen in der deutschsprachigen Schweiz \u00fcbernommen.\" \/>\n<meta name=\"robots\" content=\"index, follow, max-snippet:-1, max-image-preview:large, max-video-preview:-1\" \/>\n<link rel=\"canonical\" href=\"https:\/\/www.immobilienbusiness.ch\/de\/unternehmen\/2018-05-16\/roger-rufener-jll-leiter-vermietung\/\" \/>\n<meta property=\"og:locale\" content=\"de_DE\" \/>\n<meta property=\"og:type\" content=\"article\" \/>\n<meta property=\"og:title\" content=\"JLL: Roger Rufener leitet die Vermietung in der Deutschschweiz - IMMOBILIEN Business\" \/>\n<meta property=\"og:description\" content=\"Roger Rufener hat bei JLL zum Anfang Mai die Leitung der Vermietung kommerzieller Fl\u00e4chen in der deutschsprachigen Schweiz \u00fcbernommen.\" \/>\n<meta property=\"og:url\" content=\"https:\/\/www.immobilienbusiness.ch\/de\/unternehmen\/2018-05-16\/roger-rufener-jll-leiter-vermietung\/\" \/>\n<meta property=\"og:site_name\" content=\"IMMOBILIEN Business\" \/>\n<meta property=\"article:publisher\" content=\"https:\/\/www.facebook.com\/immobilienbusiness\/\" \/>\n<meta property=\"article:published_time\" content=\"2018-05-16T06:31:10+00:00\" \/>\n<meta property=\"og:image\" content=\"https:\/\/www.immobilienbusiness.ch\/wp-content\/uploads\/2018\/05\/roger-rufener-jll-2018.jpg\" \/>\n\t<meta property=\"og:image:width\" content=\"380\" \/>\n\t<meta property=\"og:image:height\" content=\"260\" \/>\n\t<meta property=\"og:image:type\" content=\"image\/jpeg\" \/>\n<meta name=\"author\" content=\"anja.hall\" \/>\n<meta name=\"twitter:card\" content=\"summary_large_image\" \/>\n<meta name=\"twitter:image\" content=\"https:\/\/www.immobilienbusiness.ch\/wp-content\/uploads\/2018\/05\/roger-rufener-jll-2018.jpg\" \/>\n<script type=\"application\/ld+json\" class=\"yoast-schema-graph\">{\"@context\":\"https:\\\/\\\/schema.org\",\"@graph\":[{\"@type\":\"Article\",\"@id\":\"https:\\\/\\\/www.immobilienbusiness.ch\\\/en\\\/unternehmen\\\/2018-05-16\\\/roger-rufener-jll-leiter-vermietung\\\/#article\",\"isPartOf\":{\"@id\":\"https:\\\/\\\/www.immobilienbusiness.ch\\\/en\\\/unternehmen\\\/2018-05-16\\\/roger-rufener-jll-leiter-vermietung\\\/\"},\"author\":{\"name\":\"anja.hall\",\"@id\":\"https:\\\/\\\/www.immobilienbusiness.ch\\\/#\\\/schema\\\/person\\\/3fc036297b10b9f42d6db5ee932af8c8\"},\"headline\":\"JLL: Roger Rufener leitet die Vermietung in der Deutschschweiz\",\"datePublished\":\"2018-05-16T06:31:10+00:00\",\"mainEntityOfPage\":{\"@id\":\"https:\\\/\\\/www.immobilienbusiness.ch\\\/en\\\/unternehmen\\\/2018-05-16\\\/roger-rufener-jll-leiter-vermietung\\\/\"},\"wordCount\":168,\"commentCount\":0,\"publisher\":{\"@id\":\"https:\\\/\\\/www.immobilienbusiness.ch\\\/#organization\"},\"image\":{\"@id\":\"https:\\\/\\\/www.immobilienbusiness.ch\\\/en\\\/unternehmen\\\/2018-05-16\\\/roger-rufener-jll-leiter-vermietung\\\/#primaryimage\"},\"thumbnailUrl\":\"https:\\\/\\\/www.immobilienbusiness.ch\\\/wp-content\\\/uploads\\\/2018\\\/05\\\/roger-rufener-jll-2018.jpg\",\"keywords\":[\"JLL\",\"Personalia\",\"Unternehmen\"],\"articleSection\":[\"UNTERNEHMEN\"],\"inLanguage\":\"de\"},{\"@type\":\"WebPage\",\"@id\":\"https:\\\/\\\/www.immobilienbusiness.ch\\\/en\\\/unternehmen\\\/2018-05-16\\\/roger-rufener-jll-leiter-vermietung\\\/\",\"url\":\"https:\\\/\\\/www.immobilienbusiness.ch\\\/en\\\/unternehmen\\\/2018-05-16\\\/roger-rufener-jll-leiter-vermietung\\\/\",\"name\":\"JLL: Roger Rufener leitet die Vermietung in der Deutschschweiz - IMMOBILIEN Business\",\"isPartOf\":{\"@id\":\"https:\\\/\\\/www.immobilienbusiness.ch\\\/#website\"},\"primaryImageOfPage\":{\"@id\":\"https:\\\/\\\/www.immobilienbusiness.ch\\\/en\\\/unternehmen\\\/2018-05-16\\\/roger-rufener-jll-leiter-vermietung\\\/#primaryimage\"},\"image\":{\"@id\":\"https:\\\/\\\/www.immobilienbusiness.ch\\\/en\\\/unternehmen\\\/2018-05-16\\\/roger-rufener-jll-leiter-vermietung\\\/#primaryimage\"},\"thumbnailUrl\":\"https:\\\/\\\/www.immobilienbusiness.ch\\\/wp-content\\\/uploads\\\/2018\\\/05\\\/roger-rufener-jll-2018.jpg\",\"datePublished\":\"2018-05-16T06:31:10+00:00\",\"description\":\"Roger Rufener hat bei JLL zum Anfang Mai die Leitung der Vermietung kommerzieller Fl\u00e4chen in der deutschsprachigen Schweiz \u00fcbernommen.\",\"breadcrumb\":{\"@id\":\"https:\\\/\\\/www.immobilienbusiness.ch\\\/en\\\/unternehmen\\\/2018-05-16\\\/roger-rufener-jll-leiter-vermietung\\\/#breadcrumb\"},\"inLanguage\":\"de\",\"potentialAction\":[{\"@type\":\"ReadAction\",\"target\":[\"https:\\\/\\\/www.immobilienbusiness.ch\\\/en\\\/unternehmen\\\/2018-05-16\\\/roger-rufener-jll-leiter-vermietung\\\/\"]}]},{\"@type\":\"ImageObject\",\"inLanguage\":\"de\",\"@id\":\"https:\\\/\\\/www.immobilienbusiness.ch\\\/en\\\/unternehmen\\\/2018-05-16\\\/roger-rufener-jll-leiter-vermietung\\\/#primaryimage\",\"url\":\"https:\\\/\\\/www.immobilienbusiness.ch\\\/wp-content\\\/uploads\\\/2018\\\/05\\\/roger-rufener-jll-2018.jpg\",\"contentUrl\":\"https:\\\/\\\/www.immobilienbusiness.ch\\\/wp-content\\\/uploads\\\/2018\\\/05\\\/roger-rufener-jll-2018.jpg\",\"width\":380,\"height\":260,\"caption\":\"Roger Rufener (Quelle: JLL)\"},{\"@type\":\"BreadcrumbList\",\"@id\":\"https:\\\/\\\/www.immobilienbusiness.ch\\\/en\\\/unternehmen\\\/2018-05-16\\\/roger-rufener-jll-leiter-vermietung\\\/#breadcrumb\",\"itemListElement\":[{\"@type\":\"ListItem\",\"position\":1,\"name\":\"Home\",\"item\":\"https:\\\/\\\/www.immobilienbusiness.ch\\\/\"},{\"@type\":\"ListItem\",\"position\":2,\"name\":\"JLL: Roger Rufener leitet die Vermietung in der Deutschschweiz\"}]},{\"@type\":\"WebSite\",\"@id\":\"https:\\\/\\\/www.immobilienbusiness.ch\\\/#website\",\"url\":\"https:\\\/\\\/www.immobilienbusiness.ch\\\/\",\"name\":\"IMMOBILIEN Business\",\"description\":\"Unabh\u00e4ngiges Schweizer Wirtschaftsmagazin mit Fokus auf Immobilien, Architektur- und Bau sowie Investment- und Finanzierung.\",\"publisher\":{\"@id\":\"https:\\\/\\\/www.immobilienbusiness.ch\\\/#organization\"},\"potentialAction\":[{\"@type\":\"SearchAction\",\"target\":{\"@type\":\"EntryPoint\",\"urlTemplate\":\"https:\\\/\\\/www.immobilienbusiness.ch\\\/?s={search_term_string}\"},\"query-input\":{\"@type\":\"PropertyValueSpecification\",\"valueRequired\":true,\"valueName\":\"search_term_string\"}}],\"inLanguage\":\"de\"},{\"@type\":\"Organization\",\"@id\":\"https:\\\/\\\/www.immobilienbusiness.ch\\\/#organization\",\"name\":\"IMMOBILIEN Business\",\"url\":\"https:\\\/\\\/www.immobilienbusiness.ch\\\/\",\"logo\":{\"@type\":\"ImageObject\",\"inLanguage\":\"de\",\"@id\":\"https:\\\/\\\/www.immobilienbusiness.ch\\\/#\\\/schema\\\/logo\\\/image\\\/\",\"url\":\"https:\\\/\\\/www.immobilienbusiness.ch\\\/wp-content\\\/uploads\\\/2021\\\/07\\\/logo_ib.png\",\"contentUrl\":\"https:\\\/\\\/www.immobilienbusiness.ch\\\/wp-content\\\/uploads\\\/2021\\\/07\\\/logo_ib.png\",\"width\":800,\"height\":181,\"caption\":\"IMMOBILIEN Business\"},\"image\":{\"@id\":\"https:\\\/\\\/www.immobilienbusiness.ch\\\/#\\\/schema\\\/logo\\\/image\\\/\"},\"sameAs\":[\"https:\\\/\\\/www.facebook.com\\\/immobilienbusiness\\\/\"]},{\"@type\":\"Person\",\"@id\":\"https:\\\/\\\/www.immobilienbusiness.ch\\\/#\\\/schema\\\/person\\\/3fc036297b10b9f42d6db5ee932af8c8\",\"name\":\"anja.hall\",\"image\":{\"@type\":\"ImageObject\",\"inLanguage\":\"de\",\"@id\":\"https:\\\/\\\/secure.gravatar.com\\\/avatar\\\/066b5a0d447013502c71a5782f4f3469f03cfe595cc2329fb94652fe47511bfb?s=96&d=mm&r=g\",\"url\":\"https:\\\/\\\/secure.gravatar.com\\\/avatar\\\/066b5a0d447013502c71a5782f4f3469f03cfe595cc2329fb94652fe47511bfb?s=96&d=mm&r=g\",\"contentUrl\":\"https:\\\/\\\/secure.gravatar.com\\\/avatar\\\/066b5a0d447013502c71a5782f4f3469f03cfe595cc2329fb94652fe47511bfb?s=96&d=mm&r=g\",\"caption\":\"anja.hall\"},\"url\":\"https:\\\/\\\/www.immobilienbusiness.ch\\\/de\\\/author\\\/anja-hall\\\/\"}]}<\/script>\n<!-- \/ Yoast SEO plugin. -->","yoast_head_json":{"title":"JLL: Roger Rufener leitet die Vermietung in der Deutschschweiz - IMMOBILIEN Business","description":"Roger Rufener hat bei JLL zum Anfang Mai die Leitung der Vermietung kommerzieller Fl\u00e4chen in der deutschsprachigen Schweiz \u00fcbernommen.","robots":{"index":"index","follow":"follow","max-snippet":"max-snippet:-1","max-image-preview":"max-image-preview:large","max-video-preview":"max-video-preview:-1"},"canonical":"https:\/\/www.immobilienbusiness.ch\/de\/unternehmen\/2018-05-16\/roger-rufener-jll-leiter-vermietung\/","og_locale":"de_DE","og_type":"article","og_title":"JLL: Roger Rufener leitet die Vermietung in der Deutschschweiz - IMMOBILIEN Business","og_description":"Roger Rufener hat bei JLL zum Anfang Mai die Leitung der Vermietung kommerzieller Fl\u00e4chen in der deutschsprachigen Schweiz \u00fcbernommen.","og_url":"https:\/\/www.immobilienbusiness.ch\/de\/unternehmen\/2018-05-16\/roger-rufener-jll-leiter-vermietung\/","og_site_name":"IMMOBILIEN Business","article_publisher":"https:\/\/www.facebook.com\/immobilienbusiness\/","article_published_time":"2018-05-16T06:31:10+00:00","og_image":[{"width":380,"height":260,"url":"https:\/\/www.immobilienbusiness.ch\/wp-content\/uploads\/2018\/05\/roger-rufener-jll-2018.jpg","type":"image\/jpeg"}],"author":"anja.hall","twitter_card":"summary_large_image","twitter_image":"https:\/\/www.immobilienbusiness.ch\/wp-content\/uploads\/2018\/05\/roger-rufener-jll-2018.jpg","schema":{"@context":"https:\/\/schema.org","@graph":[{"@type":"Article","@id":"https:\/\/www.immobilienbusiness.ch\/en\/unternehmen\/2018-05-16\/roger-rufener-jll-leiter-vermietung\/#article","isPartOf":{"@id":"https:\/\/www.immobilienbusiness.ch\/en\/unternehmen\/2018-05-16\/roger-rufener-jll-leiter-vermietung\/"},"author":{"name":"anja.hall","@id":"https:\/\/www.immobilienbusiness.ch\/#\/schema\/person\/3fc036297b10b9f42d6db5ee932af8c8"},"headline":"JLL: Roger Rufener leitet die Vermietung in der Deutschschweiz","datePublished":"2018-05-16T06:31:10+00:00","mainEntityOfPage":{"@id":"https:\/\/www.immobilienbusiness.ch\/en\/unternehmen\/2018-05-16\/roger-rufener-jll-leiter-vermietung\/"},"wordCount":168,"commentCount":0,"publisher":{"@id":"https:\/\/www.immobilienbusiness.ch\/#organization"},"image":{"@id":"https:\/\/www.immobilienbusiness.ch\/en\/unternehmen\/2018-05-16\/roger-rufener-jll-leiter-vermietung\/#primaryimage"},"thumbnailUrl":"https:\/\/www.immobilienbusiness.ch\/wp-content\/uploads\/2018\/05\/roger-rufener-jll-2018.jpg","keywords":["JLL","Personalia","Unternehmen"],"articleSection":["UNTERNEHMEN"],"inLanguage":"de"},{"@type":"WebPage","@id":"https:\/\/www.immobilienbusiness.ch\/en\/unternehmen\/2018-05-16\/roger-rufener-jll-leiter-vermietung\/","url":"https:\/\/www.immobilienbusiness.ch\/en\/unternehmen\/2018-05-16\/roger-rufener-jll-leiter-vermietung\/","name":"JLL: Roger Rufener leitet die Vermietung in der Deutschschweiz - IMMOBILIEN Business","isPartOf":{"@id":"https:\/\/www.immobilienbusiness.ch\/#website"},"primaryImageOfPage":{"@id":"https:\/\/www.immobilienbusiness.ch\/en\/unternehmen\/2018-05-16\/roger-rufener-jll-leiter-vermietung\/#primaryimage"},"image":{"@id":"https:\/\/www.immobilienbusiness.ch\/en\/unternehmen\/2018-05-16\/roger-rufener-jll-leiter-vermietung\/#primaryimage"},"thumbnailUrl":"https:\/\/www.immobilienbusiness.ch\/wp-content\/uploads\/2018\/05\/roger-rufener-jll-2018.jpg","datePublished":"2018-05-16T06:31:10+00:00","description":"Roger Rufener hat bei JLL zum Anfang Mai die Leitung der Vermietung kommerzieller Fl\u00e4chen in der deutschsprachigen Schweiz \u00fcbernommen.","breadcrumb":{"@id":"https:\/\/www.immobilienbusiness.ch\/en\/unternehmen\/2018-05-16\/roger-rufener-jll-leiter-vermietung\/#breadcrumb"},"inLanguage":"de","potentialAction":[{"@type":"ReadAction","target":["https:\/\/www.immobilienbusiness.ch\/en\/unternehmen\/2018-05-16\/roger-rufener-jll-leiter-vermietung\/"]}]},{"@type":"ImageObject","inLanguage":"de","@id":"https:\/\/www.immobilienbusiness.ch\/en\/unternehmen\/2018-05-16\/roger-rufener-jll-leiter-vermietung\/#primaryimage","url":"https:\/\/www.immobilienbusiness.ch\/wp-content\/uploads\/2018\/05\/roger-rufener-jll-2018.jpg","contentUrl":"https:\/\/www.immobilienbusiness.ch\/wp-content\/uploads\/2018\/05\/roger-rufener-jll-2018.jpg","width":380,"height":260,"caption":"Roger Rufener (Quelle: JLL)"},{"@type":"BreadcrumbList","@id":"https:\/\/www.immobilienbusiness.ch\/en\/unternehmen\/2018-05-16\/roger-rufener-jll-leiter-vermietung\/#breadcrumb","itemListElement":[{"@type":"ListItem","position":1,"name":"Home","item":"https:\/\/www.immobilienbusiness.ch\/"},{"@type":"ListItem","position":2,"name":"JLL: Roger Rufener leitet die Vermietung in der Deutschschweiz"}]},{"@type":"WebSite","@id":"https:\/\/www.immobilienbusiness.ch\/#website","url":"https:\/\/www.immobilienbusiness.ch\/","name":"IMMOBILIEN Business","description":"Unabh\u00e4ngiges Schweizer Wirtschaftsmagazin mit Fokus auf Immobilien, Architektur- und Bau sowie Investment- und Finanzierung.","publisher":{"@id":"https:\/\/www.immobilienbusiness.ch\/#organization"},"potentialAction":[{"@type":"SearchAction","target":{"@type":"EntryPoint","urlTemplate":"https:\/\/www.immobilienbusiness.ch\/?s={search_term_string}"},"query-input":{"@type":"PropertyValueSpecification","valueRequired":true,"valueName":"search_term_string"}}],"inLanguage":"de"},{"@type":"Organization","@id":"https:\/\/www.immobilienbusiness.ch\/#organization","name":"IMMOBILIEN Business","url":"https:\/\/www.immobilienbusiness.ch\/","logo":{"@type":"ImageObject","inLanguage":"de","@id":"https:\/\/www.immobilienbusiness.ch\/#\/schema\/logo\/image\/","url":"https:\/\/www.immobilienbusiness.ch\/wp-content\/uploads\/2021\/07\/logo_ib.png","contentUrl":"https:\/\/www.immobilienbusiness.ch\/wp-content\/uploads\/2021\/07\/logo_ib.png","width":800,"height":181,"caption":"IMMOBILIEN Business"},"image":{"@id":"https:\/\/www.immobilienbusiness.ch\/#\/schema\/logo\/image\/"},"sameAs":["https:\/\/www.facebook.com\/immobilienbusiness\/"]},{"@type":"Person","@id":"https:\/\/www.immobilienbusiness.ch\/#\/schema\/person\/3fc036297b10b9f42d6db5ee932af8c8","name":"anja.hall","image":{"@type":"ImageObject","inLanguage":"de","@id":"https:\/\/secure.gravatar.com\/avatar\/066b5a0d447013502c71a5782f4f3469f03cfe595cc2329fb94652fe47511bfb?s=96&d=mm&r=g","url":"https:\/\/secure.gravatar.com\/avatar\/066b5a0d447013502c71a5782f4f3469f03cfe595cc2329fb94652fe47511bfb?s=96&d=mm&r=g","contentUrl":"https:\/\/secure.gravatar.com\/avatar\/066b5a0d447013502c71a5782f4f3469f03cfe595cc2329fb94652fe47511bfb?s=96&d=mm&r=g","caption":"anja.hall"},"url":"https:\/\/www.immobilienbusiness.ch\/de\/author\/anja-hall\/"}]}},"_links":{"self":[{"href":"https:\/\/www.immobilienbusiness.ch\/de\/wp-json\/wp\/v2\/posts\/12571","targetHints":{"allow":["GET"]}}],"collection":[{"href":"https:\/\/www.immobilienbusiness.ch\/de\/wp-json\/wp\/v2\/posts"}],"about":[{"href":"https:\/\/www.immobilienbusiness.ch\/de\/wp-json\/wp\/v2\/types\/post"}],"author":[{"embeddable":true,"href":"https:\/\/www.immobilienbusiness.ch\/de\/wp-json\/wp\/v2\/users\/3"}],"replies":[{"embeddable":true,"href":"https:\/\/www.immobilienbusiness.ch\/de\/wp-json\/wp\/v2\/comments?post=12571"}],"version-history":[{"count":0,"href":"https:\/\/www.immobilienbusiness.ch\/de\/wp-json\/wp\/v2\/posts\/12571\/revisions"}],"wp:featuredmedia":[{"embeddable":true,"href":"https:\/\/www.immobilienbusiness.ch\/de\/wp-json\/wp\/v2\/media\/12577"}],"wp:attachment":[{"href":"https:\/\/www.immobilienbusiness.ch\/de\/wp-json\/wp\/v2\/media?parent=12571"}],"wp:term":[{"taxonomy":"category","embeddable":true,"href":"https:\/\/www.immobilienbusiness.ch\/de\/wp-json\/wp\/v2\/categories?post=12571"},{"taxonomy":"post_tag","embeddable":true,"href":"https:\/\/www.immobilienbusiness.ch\/de\/wp-json\/wp\/v2\/tags?post=12571"}],"curies":[{"name":"wp","href":"https:\/\/api.w.org\/{rel}","templated":true}]}}