{"id":1241,"date":"2015-10-28T08:48:51","date_gmt":"2015-10-28T07:48:51","guid":{"rendered":"http:\/\/dev.immobilienbusiness.ch\/?p=1241"},"modified":"2015-10-28T08:48:51","modified_gmt":"2015-10-28T07:48:51","slug":"basel-gruenes-licht-fuer-ueberbauung-am-bachgraben","status":"publish","type":"post","link":"https:\/\/www.immobilienbusiness.ch\/de\/residential\/2015-10-28\/basel-gruenes-licht-fuer-ueberbauung-am-bachgraben\/","title":{"rendered":"Basel: Gr\u00fcnes Licht f\u00fcr \u00dcberbauung am Bachgraben"},"content":{"rendered":"<p><img loading=\"lazy\" decoding=\"async\" class=\"alignnone size-medium wp-image-1243\" src=\"https:\/\/immobilienbusiness.ch\/wp-content\/uploads\/2016\/12\/Basel-Gr\u00fcnes-Licht-f\u00fcr-\u00dcberbauung-am-Bachgraben-immobilien-business.jpg\" alt=\"basel-gruenes-licht-fuer-ueberbauung-am-bachgraben-immobilien-business\" width=\"680\" height=\"510\" \/><\/p>\n<p>Man rechne damit, im 2016 mit den Bauarbeiten f\u00fcr das Projekt\u00a0\u00a0\u00abAlmendra\u00bb von Burckhardt Partner\u00a0aus Basel starten zu k\u00f6nnen, welches als Sieger aus der Projektkonkurrenz zwischen f\u00fcnf Architekturb\u00fcros hervorging, heisst es bei Wohnstadt. Die Basler Regierung hat den Baurechtsvertrag genehmigt und das Baubegehren ist eingereicht.<\/p>\n<p>Gebaut werden Zweieinhalb- bis Viereinhalb-Zimmer-Wohnungen. Neben Einzelpersonen, Paaren und Familien sollen dort auch Studenten in Wohngemeinschaften eine Bleibe finden. Wohnstadt hat mit dem Verein f\u00fcr studentisches Wohnen (WoVe) entsprechende Vorgespr\u00e4che gef\u00fchrt. Der Mietzins f\u00fcr eine Zweieinhalb-Zimmerwohnung wird zwischen 1.400 und 1.600 CHF liegen, f\u00fcr viereinhalb Zimmer werden 2.000 bis 2.200 CHF netto f\u00e4llig. (ah)<\/p>\n","protected":false},"excerpt":{"rendered":"<p>Beim Gartenbad Bachgraben in Basel, am Stadtrand gegen Allschwil und Hegenheim gelegen, entsteht eine neue \u00dcberbauung. Die Genossenschaft Wohnstadt Basel plant einen Bau mit 68 Wohnungen, und parallel zur Genossenschafts\u00fcberbauung realisiert der Kanton auf dem Areal ein Wohnheim f\u00fcr Menschen mit Behinderungen.<\/p>\n","protected":false},"author":1,"featured_media":1243,"comment_status":"open","ping_status":"open","sticky":false,"template":"","format":"standard","meta":{"_acf_changed":false,"_yoast_wpseo_focuskw":"\u00dcberbauung am Bachgraben","_yoast_wpseo_title":"\u00dcberbauung am Bachgraben: Basel genehmigt Bauprojekt","_yoast_wpseo_metadesc":"Die Basler Regierung hat das Baurecht f\u00fcr das Projekt \u00abAlmendra\u00bb am Bachgraben genehmigt, das Wohnungen f\u00fcr Familien, Paare und Studenten bietet.","_yoast_wpseo_linkdex":51,"pgc_sgb_lightbox_settings":"","footnotes":""},"categories":[986],"tags":[1069,1639,1862],"class_list":["post-1241","post","type-post","status-publish","format-standard","has-post-thumbnail","hentry","category-residential","tag-basel","tag-residential","tag-wohnen"],"acf":[],"yoast_head":"<!-- This site is optimized with the Yoast SEO plugin v27.4 - https:\/\/yoast.com\/product\/yoast-seo-wordpress\/ -->\n<title>\u00dcberbauung am Bachgraben: Basel genehmigt Bauprojekt<\/title>\n<meta name=\"description\" content=\"Die Basler Regierung hat das Baurecht f\u00fcr das Projekt \u00abAlmendra\u00bb am Bachgraben genehmigt, das Wohnungen f\u00fcr Familien, Paare und Studenten bietet.\" \/>\n<meta name=\"robots\" content=\"index, follow, max-snippet:-1, max-image-preview:large, max-video-preview:-1\" \/>\n<link rel=\"canonical\" href=\"https:\/\/www.immobilienbusiness.ch\/de\/residential\/2015-10-28\/basel-gruenes-licht-fuer-ueberbauung-am-bachgraben\/\" \/>\n<meta property=\"og:locale\" content=\"de_DE\" \/>\n<meta property=\"og:type\" content=\"article\" \/>\n<meta property=\"og:title\" content=\"Basel: Gr\u00fcnes Licht f\u00fcr \u00dcberbauung am Bachgraben\" \/>\n<meta property=\"og:description\" content=\"Beim Gartenbad Bachgraben in Basel, am Stadtrand gegen Allschwil und Hegenheim gelegen, entsteht eine neue \u00dcberbauung. Die Genossenschaft Wohnstadt Basel plant einen Bau mit 68 Wohnungen, und parallel zur Genossenschafts\u00fcberbauung realisiert der Kanton auf dem Areal ein Wohnheim f\u00fcr Menschen mit Behinderungen.\" \/>\n<meta property=\"og:url\" content=\"https:\/\/www.immobilienbusiness.ch\/de\/residential\/2015-10-28\/basel-gruenes-licht-fuer-ueberbauung-am-bachgraben\/\" \/>\n<meta property=\"og:site_name\" content=\"IMMOBILIEN Business\" \/>\n<meta property=\"article:publisher\" content=\"https:\/\/www.facebook.com\/immobilienbusiness\/\" \/>\n<meta property=\"article:published_time\" content=\"2015-10-28T07:48:51+00:00\" \/>\n<meta name=\"author\" content=\"Redaktion\" \/>\n<meta name=\"twitter:card\" content=\"summary_large_image\" \/>\n<meta name=\"twitter:image\" content=\"https:\/\/www.immobilienbusiness.ch\/wp-content\/uploads\/2016\/12\/Basel-Gruenes-Licht-fuer-Ueberbauung-am-Bachgraben-immobilien-business.jpg\" \/>\n<script type=\"application\/ld+json\" class=\"yoast-schema-graph\">{\"@context\":\"https:\\\/\\\/schema.org\",\"@graph\":[{\"@type\":\"Article\",\"@id\":\"https:\\\/\\\/www.immobilienbusiness.ch\\\/de\\\/residential\\\/2015-10-28\\\/basel-gruenes-licht-fuer-ueberbauung-am-bachgraben\\\/#article\",\"isPartOf\":{\"@id\":\"https:\\\/\\\/www.immobilienbusiness.ch\\\/de\\\/residential\\\/2015-10-28\\\/basel-gruenes-licht-fuer-ueberbauung-am-bachgraben\\\/\"},\"author\":{\"name\":\"Redaktion\",\"@id\":\"https:\\\/\\\/www.immobilienbusiness.ch\\\/#\\\/schema\\\/person\\\/aa2bace6c5c5aad60102004a50c4eb1c\"},\"headline\":\"Basel: Gr\u00fcnes Licht f\u00fcr \u00dcberbauung am Bachgraben\",\"datePublished\":\"2015-10-28T07:48:51+00:00\",\"mainEntityOfPage\":{\"@id\":\"https:\\\/\\\/www.immobilienbusiness.ch\\\/de\\\/residential\\\/2015-10-28\\\/basel-gruenes-licht-fuer-ueberbauung-am-bachgraben\\\/\"},\"wordCount\":114,\"commentCount\":0,\"publisher\":{\"@id\":\"https:\\\/\\\/www.immobilienbusiness.ch\\\/#organization\"},\"image\":{\"@id\":\"https:\\\/\\\/www.immobilienbusiness.ch\\\/de\\\/residential\\\/2015-10-28\\\/basel-gruenes-licht-fuer-ueberbauung-am-bachgraben\\\/#primaryimage\"},\"thumbnailUrl\":\"https:\\\/\\\/www.immobilienbusiness.ch\\\/wp-content\\\/uploads\\\/2016\\\/12\\\/Basel-Gruenes-Licht-fuer-Ueberbauung-am-Bachgraben-immobilien-business.jpg\",\"keywords\":[\"Basel\",\"Residential\",\"Wohnen\"],\"articleSection\":[\"RESIDENTIAL\"],\"inLanguage\":\"de\"},{\"@type\":\"WebPage\",\"@id\":\"https:\\\/\\\/www.immobilienbusiness.ch\\\/de\\\/residential\\\/2015-10-28\\\/basel-gruenes-licht-fuer-ueberbauung-am-bachgraben\\\/\",\"url\":\"https:\\\/\\\/www.immobilienbusiness.ch\\\/de\\\/residential\\\/2015-10-28\\\/basel-gruenes-licht-fuer-ueberbauung-am-bachgraben\\\/\",\"name\":\"\u00dcberbauung am Bachgraben: Basel genehmigt Bauprojekt\",\"isPartOf\":{\"@id\":\"https:\\\/\\\/www.immobilienbusiness.ch\\\/#website\"},\"primaryImageOfPage\":{\"@id\":\"https:\\\/\\\/www.immobilienbusiness.ch\\\/de\\\/residential\\\/2015-10-28\\\/basel-gruenes-licht-fuer-ueberbauung-am-bachgraben\\\/#primaryimage\"},\"image\":{\"@id\":\"https:\\\/\\\/www.immobilienbusiness.ch\\\/de\\\/residential\\\/2015-10-28\\\/basel-gruenes-licht-fuer-ueberbauung-am-bachgraben\\\/#primaryimage\"},\"thumbnailUrl\":\"https:\\\/\\\/www.immobilienbusiness.ch\\\/wp-content\\\/uploads\\\/2016\\\/12\\\/Basel-Gruenes-Licht-fuer-Ueberbauung-am-Bachgraben-immobilien-business.jpg\",\"datePublished\":\"2015-10-28T07:48:51+00:00\",\"description\":\"Die Basler Regierung hat das Baurecht f\u00fcr das Projekt \u00abAlmendra\u00bb am Bachgraben genehmigt, das Wohnungen f\u00fcr Familien, Paare und Studenten bietet.\",\"breadcrumb\":{\"@id\":\"https:\\\/\\\/www.immobilienbusiness.ch\\\/de\\\/residential\\\/2015-10-28\\\/basel-gruenes-licht-fuer-ueberbauung-am-bachgraben\\\/#breadcrumb\"},\"inLanguage\":\"de\",\"potentialAction\":[{\"@type\":\"ReadAction\",\"target\":[\"https:\\\/\\\/www.immobilienbusiness.ch\\\/de\\\/residential\\\/2015-10-28\\\/basel-gruenes-licht-fuer-ueberbauung-am-bachgraben\\\/\"]}]},{\"@type\":\"ImageObject\",\"inLanguage\":\"de\",\"@id\":\"https:\\\/\\\/www.immobilienbusiness.ch\\\/de\\\/residential\\\/2015-10-28\\\/basel-gruenes-licht-fuer-ueberbauung-am-bachgraben\\\/#primaryimage\",\"url\":\"https:\\\/\\\/www.immobilienbusiness.ch\\\/wp-content\\\/uploads\\\/2016\\\/12\\\/Basel-Gruenes-Licht-fuer-Ueberbauung-am-Bachgraben-immobilien-business.jpg\",\"contentUrl\":\"https:\\\/\\\/www.immobilienbusiness.ch\\\/wp-content\\\/uploads\\\/2016\\\/12\\\/Basel-Gruenes-Licht-fuer-Ueberbauung-am-Bachgraben-immobilien-business.jpg\",\"width\":1280,\"height\":960},{\"@type\":\"BreadcrumbList\",\"@id\":\"https:\\\/\\\/www.immobilienbusiness.ch\\\/de\\\/residential\\\/2015-10-28\\\/basel-gruenes-licht-fuer-ueberbauung-am-bachgraben\\\/#breadcrumb\",\"itemListElement\":[{\"@type\":\"ListItem\",\"position\":1,\"name\":\"Home\",\"item\":\"https:\\\/\\\/www.immobilienbusiness.ch\\\/\"},{\"@type\":\"ListItem\",\"position\":2,\"name\":\"Basel: Gr\u00fcnes Licht f\u00fcr \u00dcberbauung am Bachgraben\"}]},{\"@type\":\"WebSite\",\"@id\":\"https:\\\/\\\/www.immobilienbusiness.ch\\\/#website\",\"url\":\"https:\\\/\\\/www.immobilienbusiness.ch\\\/\",\"name\":\"IMMOBILIEN Business\",\"description\":\"Unabh\u00e4ngiges Schweizer Wirtschaftsmagazin mit Fokus auf Immobilien, Architektur- und Bau sowie Investment- und Finanzierung.\",\"publisher\":{\"@id\":\"https:\\\/\\\/www.immobilienbusiness.ch\\\/#organization\"},\"potentialAction\":[{\"@type\":\"SearchAction\",\"target\":{\"@type\":\"EntryPoint\",\"urlTemplate\":\"https:\\\/\\\/www.immobilienbusiness.ch\\\/?s={search_term_string}\"},\"query-input\":{\"@type\":\"PropertyValueSpecification\",\"valueRequired\":true,\"valueName\":\"search_term_string\"}}],\"inLanguage\":\"de\"},{\"@type\":\"Organization\",\"@id\":\"https:\\\/\\\/www.immobilienbusiness.ch\\\/#organization\",\"name\":\"IMMOBILIEN Business\",\"url\":\"https:\\\/\\\/www.immobilienbusiness.ch\\\/\",\"logo\":{\"@type\":\"ImageObject\",\"inLanguage\":\"de\",\"@id\":\"https:\\\/\\\/www.immobilienbusiness.ch\\\/#\\\/schema\\\/logo\\\/image\\\/\",\"url\":\"https:\\\/\\\/www.immobilienbusiness.ch\\\/wp-content\\\/uploads\\\/2021\\\/07\\\/logo_ib.png\",\"contentUrl\":\"https:\\\/\\\/www.immobilienbusiness.ch\\\/wp-content\\\/uploads\\\/2021\\\/07\\\/logo_ib.png\",\"width\":800,\"height\":181,\"caption\":\"IMMOBILIEN Business\"},\"image\":{\"@id\":\"https:\\\/\\\/www.immobilienbusiness.ch\\\/#\\\/schema\\\/logo\\\/image\\\/\"},\"sameAs\":[\"https:\\\/\\\/www.facebook.com\\\/immobilienbusiness\\\/\"]},{\"@type\":\"Person\",\"@id\":\"https:\\\/\\\/www.immobilienbusiness.ch\\\/#\\\/schema\\\/person\\\/aa2bace6c5c5aad60102004a50c4eb1c\",\"name\":\"Redaktion\",\"image\":{\"@type\":\"ImageObject\",\"inLanguage\":\"de\",\"@id\":\"https:\\\/\\\/secure.gravatar.com\\\/avatar\\\/ae2f4d718e6c49043e314ce431e7e645d646302a24a5ef5a8bc8e3f5a032e319?s=96&d=mm&r=g\",\"url\":\"https:\\\/\\\/secure.gravatar.com\\\/avatar\\\/ae2f4d718e6c49043e314ce431e7e645d646302a24a5ef5a8bc8e3f5a032e319?s=96&d=mm&r=g\",\"contentUrl\":\"https:\\\/\\\/secure.gravatar.com\\\/avatar\\\/ae2f4d718e6c49043e314ce431e7e645d646302a24a5ef5a8bc8e3f5a032e319?s=96&d=mm&r=g\",\"caption\":\"Redaktion\"},\"sameAs\":[\"http:\\\/\\\/develop.organisator.galledia.ch\"],\"url\":\"https:\\\/\\\/www.immobilienbusiness.ch\\\/de\\\/author\\\/admin\\\/\"}]}<\/script>\n<!-- \/ Yoast SEO plugin. -->","yoast_head_json":{"title":"\u00dcberbauung am Bachgraben: Basel genehmigt Bauprojekt","description":"Die Basler Regierung hat das Baurecht f\u00fcr das Projekt \u00abAlmendra\u00bb am Bachgraben genehmigt, das Wohnungen f\u00fcr Familien, Paare und Studenten bietet.","robots":{"index":"index","follow":"follow","max-snippet":"max-snippet:-1","max-image-preview":"max-image-preview:large","max-video-preview":"max-video-preview:-1"},"canonical":"https:\/\/www.immobilienbusiness.ch\/de\/residential\/2015-10-28\/basel-gruenes-licht-fuer-ueberbauung-am-bachgraben\/","og_locale":"de_DE","og_type":"article","og_title":"Basel: Gr\u00fcnes Licht f\u00fcr \u00dcberbauung am Bachgraben","og_description":"Beim Gartenbad Bachgraben in Basel, am Stadtrand gegen Allschwil und Hegenheim gelegen, entsteht eine neue \u00dcberbauung. Die Genossenschaft Wohnstadt Basel plant einen Bau mit 68 Wohnungen, und parallel zur Genossenschafts\u00fcberbauung realisiert der Kanton auf dem Areal ein Wohnheim f\u00fcr Menschen mit Behinderungen.","og_url":"https:\/\/www.immobilienbusiness.ch\/de\/residential\/2015-10-28\/basel-gruenes-licht-fuer-ueberbauung-am-bachgraben\/","og_site_name":"IMMOBILIEN Business","article_publisher":"https:\/\/www.facebook.com\/immobilienbusiness\/","article_published_time":"2015-10-28T07:48:51+00:00","author":"Redaktion","twitter_card":"summary_large_image","twitter_image":"https:\/\/www.immobilienbusiness.ch\/wp-content\/uploads\/2016\/12\/Basel-Gruenes-Licht-fuer-Ueberbauung-am-Bachgraben-immobilien-business.jpg","schema":{"@context":"https:\/\/schema.org","@graph":[{"@type":"Article","@id":"https:\/\/www.immobilienbusiness.ch\/de\/residential\/2015-10-28\/basel-gruenes-licht-fuer-ueberbauung-am-bachgraben\/#article","isPartOf":{"@id":"https:\/\/www.immobilienbusiness.ch\/de\/residential\/2015-10-28\/basel-gruenes-licht-fuer-ueberbauung-am-bachgraben\/"},"author":{"name":"Redaktion","@id":"https:\/\/www.immobilienbusiness.ch\/#\/schema\/person\/aa2bace6c5c5aad60102004a50c4eb1c"},"headline":"Basel: Gr\u00fcnes Licht f\u00fcr \u00dcberbauung am Bachgraben","datePublished":"2015-10-28T07:48:51+00:00","mainEntityOfPage":{"@id":"https:\/\/www.immobilienbusiness.ch\/de\/residential\/2015-10-28\/basel-gruenes-licht-fuer-ueberbauung-am-bachgraben\/"},"wordCount":114,"commentCount":0,"publisher":{"@id":"https:\/\/www.immobilienbusiness.ch\/#organization"},"image":{"@id":"https:\/\/www.immobilienbusiness.ch\/de\/residential\/2015-10-28\/basel-gruenes-licht-fuer-ueberbauung-am-bachgraben\/#primaryimage"},"thumbnailUrl":"https:\/\/www.immobilienbusiness.ch\/wp-content\/uploads\/2016\/12\/Basel-Gruenes-Licht-fuer-Ueberbauung-am-Bachgraben-immobilien-business.jpg","keywords":["Basel","Residential","Wohnen"],"articleSection":["RESIDENTIAL"],"inLanguage":"de"},{"@type":"WebPage","@id":"https:\/\/www.immobilienbusiness.ch\/de\/residential\/2015-10-28\/basel-gruenes-licht-fuer-ueberbauung-am-bachgraben\/","url":"https:\/\/www.immobilienbusiness.ch\/de\/residential\/2015-10-28\/basel-gruenes-licht-fuer-ueberbauung-am-bachgraben\/","name":"\u00dcberbauung am Bachgraben: Basel genehmigt Bauprojekt","isPartOf":{"@id":"https:\/\/www.immobilienbusiness.ch\/#website"},"primaryImageOfPage":{"@id":"https:\/\/www.immobilienbusiness.ch\/de\/residential\/2015-10-28\/basel-gruenes-licht-fuer-ueberbauung-am-bachgraben\/#primaryimage"},"image":{"@id":"https:\/\/www.immobilienbusiness.ch\/de\/residential\/2015-10-28\/basel-gruenes-licht-fuer-ueberbauung-am-bachgraben\/#primaryimage"},"thumbnailUrl":"https:\/\/www.immobilienbusiness.ch\/wp-content\/uploads\/2016\/12\/Basel-Gruenes-Licht-fuer-Ueberbauung-am-Bachgraben-immobilien-business.jpg","datePublished":"2015-10-28T07:48:51+00:00","description":"Die Basler Regierung hat das Baurecht f\u00fcr das Projekt \u00abAlmendra\u00bb am Bachgraben genehmigt, das Wohnungen f\u00fcr Familien, Paare und Studenten bietet.","breadcrumb":{"@id":"https:\/\/www.immobilienbusiness.ch\/de\/residential\/2015-10-28\/basel-gruenes-licht-fuer-ueberbauung-am-bachgraben\/#breadcrumb"},"inLanguage":"de","potentialAction":[{"@type":"ReadAction","target":["https:\/\/www.immobilienbusiness.ch\/de\/residential\/2015-10-28\/basel-gruenes-licht-fuer-ueberbauung-am-bachgraben\/"]}]},{"@type":"ImageObject","inLanguage":"de","@id":"https:\/\/www.immobilienbusiness.ch\/de\/residential\/2015-10-28\/basel-gruenes-licht-fuer-ueberbauung-am-bachgraben\/#primaryimage","url":"https:\/\/www.immobilienbusiness.ch\/wp-content\/uploads\/2016\/12\/Basel-Gruenes-Licht-fuer-Ueberbauung-am-Bachgraben-immobilien-business.jpg","contentUrl":"https:\/\/www.immobilienbusiness.ch\/wp-content\/uploads\/2016\/12\/Basel-Gruenes-Licht-fuer-Ueberbauung-am-Bachgraben-immobilien-business.jpg","width":1280,"height":960},{"@type":"BreadcrumbList","@id":"https:\/\/www.immobilienbusiness.ch\/de\/residential\/2015-10-28\/basel-gruenes-licht-fuer-ueberbauung-am-bachgraben\/#breadcrumb","itemListElement":[{"@type":"ListItem","position":1,"name":"Home","item":"https:\/\/www.immobilienbusiness.ch\/"},{"@type":"ListItem","position":2,"name":"Basel: Gr\u00fcnes Licht f\u00fcr \u00dcberbauung am Bachgraben"}]},{"@type":"WebSite","@id":"https:\/\/www.immobilienbusiness.ch\/#website","url":"https:\/\/www.immobilienbusiness.ch\/","name":"IMMOBILIEN Business","description":"Unabh\u00e4ngiges Schweizer Wirtschaftsmagazin mit Fokus auf Immobilien, Architektur- und Bau sowie Investment- und Finanzierung.","publisher":{"@id":"https:\/\/www.immobilienbusiness.ch\/#organization"},"potentialAction":[{"@type":"SearchAction","target":{"@type":"EntryPoint","urlTemplate":"https:\/\/www.immobilienbusiness.ch\/?s={search_term_string}"},"query-input":{"@type":"PropertyValueSpecification","valueRequired":true,"valueName":"search_term_string"}}],"inLanguage":"de"},{"@type":"Organization","@id":"https:\/\/www.immobilienbusiness.ch\/#organization","name":"IMMOBILIEN Business","url":"https:\/\/www.immobilienbusiness.ch\/","logo":{"@type":"ImageObject","inLanguage":"de","@id":"https:\/\/www.immobilienbusiness.ch\/#\/schema\/logo\/image\/","url":"https:\/\/www.immobilienbusiness.ch\/wp-content\/uploads\/2021\/07\/logo_ib.png","contentUrl":"https:\/\/www.immobilienbusiness.ch\/wp-content\/uploads\/2021\/07\/logo_ib.png","width":800,"height":181,"caption":"IMMOBILIEN Business"},"image":{"@id":"https:\/\/www.immobilienbusiness.ch\/#\/schema\/logo\/image\/"},"sameAs":["https:\/\/www.facebook.com\/immobilienbusiness\/"]},{"@type":"Person","@id":"https:\/\/www.immobilienbusiness.ch\/#\/schema\/person\/aa2bace6c5c5aad60102004a50c4eb1c","name":"Redaktion","image":{"@type":"ImageObject","inLanguage":"de","@id":"https:\/\/secure.gravatar.com\/avatar\/ae2f4d718e6c49043e314ce431e7e645d646302a24a5ef5a8bc8e3f5a032e319?s=96&d=mm&r=g","url":"https:\/\/secure.gravatar.com\/avatar\/ae2f4d718e6c49043e314ce431e7e645d646302a24a5ef5a8bc8e3f5a032e319?s=96&d=mm&r=g","contentUrl":"https:\/\/secure.gravatar.com\/avatar\/ae2f4d718e6c49043e314ce431e7e645d646302a24a5ef5a8bc8e3f5a032e319?s=96&d=mm&r=g","caption":"Redaktion"},"sameAs":["http:\/\/develop.organisator.galledia.ch"],"url":"https:\/\/www.immobilienbusiness.ch\/de\/author\/admin\/"}]}},"_links":{"self":[{"href":"https:\/\/www.immobilienbusiness.ch\/de\/wp-json\/wp\/v2\/posts\/1241","targetHints":{"allow":["GET"]}}],"collection":[{"href":"https:\/\/www.immobilienbusiness.ch\/de\/wp-json\/wp\/v2\/posts"}],"about":[{"href":"https:\/\/www.immobilienbusiness.ch\/de\/wp-json\/wp\/v2\/types\/post"}],"author":[{"embeddable":true,"href":"https:\/\/www.immobilienbusiness.ch\/de\/wp-json\/wp\/v2\/users\/1"}],"replies":[{"embeddable":true,"href":"https:\/\/www.immobilienbusiness.ch\/de\/wp-json\/wp\/v2\/comments?post=1241"}],"version-history":[{"count":0,"href":"https:\/\/www.immobilienbusiness.ch\/de\/wp-json\/wp\/v2\/posts\/1241\/revisions"}],"wp:featuredmedia":[{"embeddable":true,"href":"https:\/\/www.immobilienbusiness.ch\/de\/wp-json\/wp\/v2\/media\/1243"}],"wp:attachment":[{"href":"https:\/\/www.immobilienbusiness.ch\/de\/wp-json\/wp\/v2\/media?parent=1241"}],"wp:term":[{"taxonomy":"category","embeddable":true,"href":"https:\/\/www.immobilienbusiness.ch\/de\/wp-json\/wp\/v2\/categories?post=1241"},{"taxonomy":"post_tag","embeddable":true,"href":"https:\/\/www.immobilienbusiness.ch\/de\/wp-json\/wp\/v2\/tags?post=1241"}],"curies":[{"name":"wp","href":"https:\/\/api.w.org\/{rel}","templated":true}]}}