{"id":12261,"date":"2018-04-25T08:48:58","date_gmt":"2018-04-25T06:48:58","guid":{"rendered":"https:\/\/www.immobilienbusiness.ch\/?p=12261"},"modified":"2018-04-25T08:48:58","modified_gmt":"2018-04-25T06:48:58","slug":"opfikon-aufrichte-fuer-abz-siedlung-im-glattpark","status":"publish","type":"post","link":"https:\/\/www.immobilienbusiness.ch\/de\/regionen\/2018-04-25\/opfikon-aufrichte-fuer-abz-siedlung-im-glattpark\/","title":{"rendered":"Opfikon: Aufrichte f\u00fcr ABZ-Siedlung im Glattpark"},"content":{"rendered":"<figure id=\"attachment_12263\" aria-describedby=\"caption-attachment-12263\" style=\"width: 680px\" class=\"wp-caption alignnone\"><img loading=\"lazy\" decoding=\"async\" class=\"wp-image-12263 size-medium\" src=\"https:\/\/www.immobilienbusiness.ch\/wp-content\/uploads\/2018\/04\/ABZ_Visualisierung_Siriusplatz_2015.jpg.jpg.2018-04-18-16-58-00.jpg\" alt=\"\" width=\"680\" height=\"439\" srcset=\"https:\/\/www.immobilienbusiness.ch\/wp-content\/uploads\/2018\/04\/ABZ_Visualisierung_Siriusplatz_2015.jpg.jpg.2018-04-18-16-58-00.jpg 1200w, https:\/\/www.immobilienbusiness.ch\/wp-content\/uploads\/2018\/04\/ABZ_Visualisierung_Siriusplatz_2015.jpg.jpg.2018-04-18-16-58-00-300x194.jpg 300w, https:\/\/www.immobilienbusiness.ch\/wp-content\/uploads\/2018\/04\/ABZ_Visualisierung_Siriusplatz_2015.jpg.jpg.2018-04-18-16-58-00-1024x661.jpg 1024w, https:\/\/www.immobilienbusiness.ch\/wp-content\/uploads\/2018\/04\/ABZ_Visualisierung_Siriusplatz_2015.jpg.jpg.2018-04-18-16-58-00-768x496.jpg 768w, https:\/\/www.immobilienbusiness.ch\/wp-content\/uploads\/2018\/04\/ABZ_Visualisierung_Siriusplatz_2015.jpg.jpg.2018-04-18-16-58-00-16x10.jpg 16w, https:\/\/www.immobilienbusiness.ch\/wp-content\/uploads\/2018\/04\/ABZ_Visualisierung_Siriusplatz_2015.jpg.jpg.2018-04-18-16-58-00-271x175.jpg 271w, https:\/\/www.immobilienbusiness.ch\/wp-content\/uploads\/2018\/04\/ABZ_Visualisierung_Siriusplatz_2015.jpg.jpg.2018-04-18-16-58-00-542x350.jpg 542w, https:\/\/www.immobilienbusiness.ch\/wp-content\/uploads\/2018\/04\/ABZ_Visualisierung_Siriusplatz_2015.jpg.jpg.2018-04-18-16-58-00-920x594.jpg 920w\" sizes=\"auto, (max-width: 680px) 100vw, 680px\" \/><figcaption id=\"caption-attachment-12263\" class=\"wp-caption-text\">Visualisierung der neuen ABZ-Siedlung Glattpark (\u00a9maaars architektur visualisierungen \/ ABZ)<\/figcaption><\/figure>\n<p>Die neue ABZ-Siedlung mit 294 Wohnungen wird unweit der Tramhaltestelle Fernsehstudio und am Eingang zum Opfikerpark mit Blick auf den Glattpark-See gebaut. Insgesamt entsteht nach Angaben der Wohnraum f\u00fcr rund 800 Menschen, der Wohnungsmix reicht von\u00a01,5- bis 8,5-Zimmer-Wohnungen.\u00a0Rund 20 Kleinwohnungen sind Senioren ab 65 Jahren vorbehalten.<\/p>\n<p>Die Erdgeschosse der Bauten sind f\u00fcr \u00f6ffentliche Nutzungen vorgesehen, etwa Gewerbefl\u00e4chen, Ateliers und Kinderbetreuung. Am Siriusplatz soll es Gastronomie geben.<\/p>\n<p>Das Projekt erf\u00fcllt die Zielwerte von Minergie-P-Eco und der 2.000-Watt-Gesellschaft. Auf den D\u00e4chern ist eine Photovoltaik-Anlage geplant.<\/p>\n<p>Die ABZ geht laut HRS davon aus, dass sie einen grossen Anteil der Wohnungen auf dem freien Markt vermieten kann. Basierend auf der Kostenmiete soll eine 4,5-Zimmer-Wohnung monatlich 1.670 bis 1.770 CHF inklusive Nebenkosten kosten. Der Bezug der Fl\u00e4chen erfolgt in Etappen und ist auf Sommer\/Herbst 2018 geplant.<\/p>\n","protected":false},"excerpt":{"rendered":"<p>Am 23. April 2018 wurde die Aufrichte f\u00fcr eine Genossenschaftssiedlung der ABZ im Glattpark in Opfikon gefeiert. Bauherrin ABZ realisiert das Projekt mit Pool Architekten, Studio Vulkan Landschaftsarchitektur und der Totalunternehmerin HRS Real Estate.<\/p>\n","protected":false},"author":3,"featured_media":12263,"comment_status":"open","ping_status":"open","sticky":false,"template":"","format":"standard","meta":{"_acf_changed":false,"_yoast_wpseo_focuskw":"Glattpark","_yoast_wpseo_title":"","_yoast_wpseo_metadesc":"Am 23. April 2018 wurde die Aufrichte f\u00fcr eine Genossenschaftssiedlung der ABZ im Glattpark in Opfikon gefeiert. Bauherrin ABZ realisiert das Projekt mit Pool Architekten, Studio Vulkan Landschaftsarchitektur und der Totalunternehmerin HRS Real Estate.","_yoast_wpseo_linkdex":69,"pgc_sgb_lightbox_settings":"","footnotes":""},"categories":[985],"tags":[1077,1277,1410,1599,1863],"class_list":["post-12261","post","type-post","status-publish","format-standard","has-post-thumbnail","hentry","category-regionen","tag-baugenossenschaft","tag-glattpark","tag-kanton-zuerich","tag-projekt-in-bau","tag-wohnimmobilien"],"acf":[],"yoast_head":"<!-- This site is optimized with the Yoast SEO plugin v27.4 - https:\/\/yoast.com\/product\/yoast-seo-wordpress\/ -->\n<title>Opfikon: Aufrichte f\u00fcr ABZ-Siedlung im Glattpark - IMMOBILIEN Business<\/title>\n<meta name=\"description\" content=\"Am 23. April 2018 wurde die Aufrichte f\u00fcr eine Genossenschaftssiedlung der ABZ im Glattpark in Opfikon gefeiert. Bauherrin ABZ realisiert das Projekt mit Pool Architekten, Studio Vulkan Landschaftsarchitektur und der Totalunternehmerin HRS Real Estate.\" \/>\n<meta name=\"robots\" content=\"index, follow, max-snippet:-1, max-image-preview:large, max-video-preview:-1\" \/>\n<link rel=\"canonical\" href=\"https:\/\/www.immobilienbusiness.ch\/de\/regionen\/2018-04-25\/opfikon-aufrichte-fuer-abz-siedlung-im-glattpark\/\" \/>\n<meta property=\"og:locale\" content=\"de_DE\" \/>\n<meta property=\"og:type\" content=\"article\" \/>\n<meta property=\"og:title\" content=\"Opfikon: Aufrichte f\u00fcr ABZ-Siedlung im Glattpark - IMMOBILIEN Business\" \/>\n<meta property=\"og:description\" content=\"Am 23. April 2018 wurde die Aufrichte f\u00fcr eine Genossenschaftssiedlung der ABZ im Glattpark in Opfikon gefeiert. Bauherrin ABZ realisiert das Projekt mit Pool Architekten, Studio Vulkan Landschaftsarchitektur und der Totalunternehmerin HRS Real Estate.\" \/>\n<meta property=\"og:url\" content=\"https:\/\/www.immobilienbusiness.ch\/de\/regionen\/2018-04-25\/opfikon-aufrichte-fuer-abz-siedlung-im-glattpark\/\" \/>\n<meta property=\"og:site_name\" content=\"IMMOBILIEN Business\" \/>\n<meta property=\"article:publisher\" content=\"https:\/\/www.facebook.com\/immobilienbusiness\/\" \/>\n<meta property=\"article:published_time\" content=\"2018-04-25T06:48:58+00:00\" \/>\n<meta property=\"og:image\" content=\"https:\/\/www.immobilienbusiness.ch\/wp-content\/uploads\/2018\/04\/ABZ_Visualisierung_Siriusplatz_2015.jpg.jpg.2018-04-18-16-58-00.jpg\" \/>\n\t<meta property=\"og:image:width\" content=\"1200\" \/>\n\t<meta property=\"og:image:height\" content=\"775\" \/>\n\t<meta property=\"og:image:type\" content=\"image\/jpeg\" \/>\n<meta name=\"author\" content=\"anja.hall\" \/>\n<meta name=\"twitter:card\" content=\"summary_large_image\" \/>\n<meta name=\"twitter:image\" content=\"https:\/\/www.immobilienbusiness.ch\/wp-content\/uploads\/2018\/04\/ABZ_Visualisierung_Siriusplatz_2015.jpg.jpg.2018-04-18-16-58-00.jpg\" \/>\n<script type=\"application\/ld+json\" class=\"yoast-schema-graph\">{\"@context\":\"https:\\\/\\\/schema.org\",\"@graph\":[{\"@type\":\"Article\",\"@id\":\"https:\\\/\\\/www.immobilienbusiness.ch\\\/en\\\/regionen\\\/2018-04-25\\\/opfikon-aufrichte-fuer-abz-siedlung-im-glattpark\\\/#article\",\"isPartOf\":{\"@id\":\"https:\\\/\\\/www.immobilienbusiness.ch\\\/en\\\/regionen\\\/2018-04-25\\\/opfikon-aufrichte-fuer-abz-siedlung-im-glattpark\\\/\"},\"author\":{\"name\":\"anja.hall\",\"@id\":\"https:\\\/\\\/www.immobilienbusiness.ch\\\/#\\\/schema\\\/person\\\/3fc036297b10b9f42d6db5ee932af8c8\"},\"headline\":\"Opfikon: Aufrichte f\u00fcr ABZ-Siedlung im Glattpark\",\"datePublished\":\"2018-04-25T06:48:58+00:00\",\"mainEntityOfPage\":{\"@id\":\"https:\\\/\\\/www.immobilienbusiness.ch\\\/en\\\/regionen\\\/2018-04-25\\\/opfikon-aufrichte-fuer-abz-siedlung-im-glattpark\\\/\"},\"wordCount\":156,\"commentCount\":0,\"publisher\":{\"@id\":\"https:\\\/\\\/www.immobilienbusiness.ch\\\/#organization\"},\"image\":{\"@id\":\"https:\\\/\\\/www.immobilienbusiness.ch\\\/en\\\/regionen\\\/2018-04-25\\\/opfikon-aufrichte-fuer-abz-siedlung-im-glattpark\\\/#primaryimage\"},\"thumbnailUrl\":\"https:\\\/\\\/www.immobilienbusiness.ch\\\/wp-content\\\/uploads\\\/2018\\\/04\\\/ABZ_Visualisierung_Siriusplatz_2015.jpg.jpg.2018-04-18-16-58-00.jpg\",\"keywords\":[\"Baugenossenschaft\",\"Glattpark\",\"Kanton Z\u00fcrich\",\"Projekt in Bau\",\"Wohnimmobilien\"],\"articleSection\":[\"REGIONEN\"],\"inLanguage\":\"de\"},{\"@type\":\"WebPage\",\"@id\":\"https:\\\/\\\/www.immobilienbusiness.ch\\\/en\\\/regionen\\\/2018-04-25\\\/opfikon-aufrichte-fuer-abz-siedlung-im-glattpark\\\/\",\"url\":\"https:\\\/\\\/www.immobilienbusiness.ch\\\/en\\\/regionen\\\/2018-04-25\\\/opfikon-aufrichte-fuer-abz-siedlung-im-glattpark\\\/\",\"name\":\"Opfikon: Aufrichte f\u00fcr ABZ-Siedlung im Glattpark - IMMOBILIEN Business\",\"isPartOf\":{\"@id\":\"https:\\\/\\\/www.immobilienbusiness.ch\\\/#website\"},\"primaryImageOfPage\":{\"@id\":\"https:\\\/\\\/www.immobilienbusiness.ch\\\/en\\\/regionen\\\/2018-04-25\\\/opfikon-aufrichte-fuer-abz-siedlung-im-glattpark\\\/#primaryimage\"},\"image\":{\"@id\":\"https:\\\/\\\/www.immobilienbusiness.ch\\\/en\\\/regionen\\\/2018-04-25\\\/opfikon-aufrichte-fuer-abz-siedlung-im-glattpark\\\/#primaryimage\"},\"thumbnailUrl\":\"https:\\\/\\\/www.immobilienbusiness.ch\\\/wp-content\\\/uploads\\\/2018\\\/04\\\/ABZ_Visualisierung_Siriusplatz_2015.jpg.jpg.2018-04-18-16-58-00.jpg\",\"datePublished\":\"2018-04-25T06:48:58+00:00\",\"description\":\"Am 23. April 2018 wurde die Aufrichte f\u00fcr eine Genossenschaftssiedlung der ABZ im Glattpark in Opfikon gefeiert. Bauherrin ABZ realisiert das Projekt mit Pool Architekten, Studio Vulkan Landschaftsarchitektur und der Totalunternehmerin HRS Real Estate.\",\"breadcrumb\":{\"@id\":\"https:\\\/\\\/www.immobilienbusiness.ch\\\/en\\\/regionen\\\/2018-04-25\\\/opfikon-aufrichte-fuer-abz-siedlung-im-glattpark\\\/#breadcrumb\"},\"inLanguage\":\"de\",\"potentialAction\":[{\"@type\":\"ReadAction\",\"target\":[\"https:\\\/\\\/www.immobilienbusiness.ch\\\/en\\\/regionen\\\/2018-04-25\\\/opfikon-aufrichte-fuer-abz-siedlung-im-glattpark\\\/\"]}]},{\"@type\":\"ImageObject\",\"inLanguage\":\"de\",\"@id\":\"https:\\\/\\\/www.immobilienbusiness.ch\\\/en\\\/regionen\\\/2018-04-25\\\/opfikon-aufrichte-fuer-abz-siedlung-im-glattpark\\\/#primaryimage\",\"url\":\"https:\\\/\\\/www.immobilienbusiness.ch\\\/wp-content\\\/uploads\\\/2018\\\/04\\\/ABZ_Visualisierung_Siriusplatz_2015.jpg.jpg.2018-04-18-16-58-00.jpg\",\"contentUrl\":\"https:\\\/\\\/www.immobilienbusiness.ch\\\/wp-content\\\/uploads\\\/2018\\\/04\\\/ABZ_Visualisierung_Siriusplatz_2015.jpg.jpg.2018-04-18-16-58-00.jpg\",\"width\":1200,\"height\":775,\"caption\":\"ABZ_Visualisierung_Siriusplatz_2015.jpg.jpg.2018-04-18-16-58-00\"},{\"@type\":\"BreadcrumbList\",\"@id\":\"https:\\\/\\\/www.immobilienbusiness.ch\\\/en\\\/regionen\\\/2018-04-25\\\/opfikon-aufrichte-fuer-abz-siedlung-im-glattpark\\\/#breadcrumb\",\"itemListElement\":[{\"@type\":\"ListItem\",\"position\":1,\"name\":\"Home\",\"item\":\"https:\\\/\\\/www.immobilienbusiness.ch\\\/\"},{\"@type\":\"ListItem\",\"position\":2,\"name\":\"Opfikon: Aufrichte f\u00fcr ABZ-Siedlung im Glattpark\"}]},{\"@type\":\"WebSite\",\"@id\":\"https:\\\/\\\/www.immobilienbusiness.ch\\\/#website\",\"url\":\"https:\\\/\\\/www.immobilienbusiness.ch\\\/\",\"name\":\"IMMOBILIEN Business\",\"description\":\"Unabh\u00e4ngiges Schweizer Wirtschaftsmagazin mit Fokus auf Immobilien, Architektur- und Bau sowie Investment- und Finanzierung.\",\"publisher\":{\"@id\":\"https:\\\/\\\/www.immobilienbusiness.ch\\\/#organization\"},\"potentialAction\":[{\"@type\":\"SearchAction\",\"target\":{\"@type\":\"EntryPoint\",\"urlTemplate\":\"https:\\\/\\\/www.immobilienbusiness.ch\\\/?s={search_term_string}\"},\"query-input\":{\"@type\":\"PropertyValueSpecification\",\"valueRequired\":true,\"valueName\":\"search_term_string\"}}],\"inLanguage\":\"de\"},{\"@type\":\"Organization\",\"@id\":\"https:\\\/\\\/www.immobilienbusiness.ch\\\/#organization\",\"name\":\"IMMOBILIEN Business\",\"url\":\"https:\\\/\\\/www.immobilienbusiness.ch\\\/\",\"logo\":{\"@type\":\"ImageObject\",\"inLanguage\":\"de\",\"@id\":\"https:\\\/\\\/www.immobilienbusiness.ch\\\/#\\\/schema\\\/logo\\\/image\\\/\",\"url\":\"https:\\\/\\\/www.immobilienbusiness.ch\\\/wp-content\\\/uploads\\\/2021\\\/07\\\/logo_ib.png\",\"contentUrl\":\"https:\\\/\\\/www.immobilienbusiness.ch\\\/wp-content\\\/uploads\\\/2021\\\/07\\\/logo_ib.png\",\"width\":800,\"height\":181,\"caption\":\"IMMOBILIEN Business\"},\"image\":{\"@id\":\"https:\\\/\\\/www.immobilienbusiness.ch\\\/#\\\/schema\\\/logo\\\/image\\\/\"},\"sameAs\":[\"https:\\\/\\\/www.facebook.com\\\/immobilienbusiness\\\/\"]},{\"@type\":\"Person\",\"@id\":\"https:\\\/\\\/www.immobilienbusiness.ch\\\/#\\\/schema\\\/person\\\/3fc036297b10b9f42d6db5ee932af8c8\",\"name\":\"anja.hall\",\"image\":{\"@type\":\"ImageObject\",\"inLanguage\":\"de\",\"@id\":\"https:\\\/\\\/secure.gravatar.com\\\/avatar\\\/066b5a0d447013502c71a5782f4f3469f03cfe595cc2329fb94652fe47511bfb?s=96&d=mm&r=g\",\"url\":\"https:\\\/\\\/secure.gravatar.com\\\/avatar\\\/066b5a0d447013502c71a5782f4f3469f03cfe595cc2329fb94652fe47511bfb?s=96&d=mm&r=g\",\"contentUrl\":\"https:\\\/\\\/secure.gravatar.com\\\/avatar\\\/066b5a0d447013502c71a5782f4f3469f03cfe595cc2329fb94652fe47511bfb?s=96&d=mm&r=g\",\"caption\":\"anja.hall\"},\"url\":\"https:\\\/\\\/www.immobilienbusiness.ch\\\/de\\\/author\\\/anja-hall\\\/\"}]}<\/script>\n<!-- \/ Yoast SEO plugin. -->","yoast_head_json":{"title":"Opfikon: Aufrichte f\u00fcr ABZ-Siedlung im Glattpark - IMMOBILIEN Business","description":"Am 23. April 2018 wurde die Aufrichte f\u00fcr eine Genossenschaftssiedlung der ABZ im Glattpark in Opfikon gefeiert. Bauherrin ABZ realisiert das Projekt mit Pool Architekten, Studio Vulkan Landschaftsarchitektur und der Totalunternehmerin HRS Real Estate.","robots":{"index":"index","follow":"follow","max-snippet":"max-snippet:-1","max-image-preview":"max-image-preview:large","max-video-preview":"max-video-preview:-1"},"canonical":"https:\/\/www.immobilienbusiness.ch\/de\/regionen\/2018-04-25\/opfikon-aufrichte-fuer-abz-siedlung-im-glattpark\/","og_locale":"de_DE","og_type":"article","og_title":"Opfikon: Aufrichte f\u00fcr ABZ-Siedlung im Glattpark - IMMOBILIEN Business","og_description":"Am 23. April 2018 wurde die Aufrichte f\u00fcr eine Genossenschaftssiedlung der ABZ im Glattpark in Opfikon gefeiert. Bauherrin ABZ realisiert das Projekt mit Pool Architekten, Studio Vulkan Landschaftsarchitektur und der Totalunternehmerin HRS Real Estate.","og_url":"https:\/\/www.immobilienbusiness.ch\/de\/regionen\/2018-04-25\/opfikon-aufrichte-fuer-abz-siedlung-im-glattpark\/","og_site_name":"IMMOBILIEN Business","article_publisher":"https:\/\/www.facebook.com\/immobilienbusiness\/","article_published_time":"2018-04-25T06:48:58+00:00","og_image":[{"width":1200,"height":775,"url":"https:\/\/www.immobilienbusiness.ch\/wp-content\/uploads\/2018\/04\/ABZ_Visualisierung_Siriusplatz_2015.jpg.jpg.2018-04-18-16-58-00.jpg","type":"image\/jpeg"}],"author":"anja.hall","twitter_card":"summary_large_image","twitter_image":"https:\/\/www.immobilienbusiness.ch\/wp-content\/uploads\/2018\/04\/ABZ_Visualisierung_Siriusplatz_2015.jpg.jpg.2018-04-18-16-58-00.jpg","schema":{"@context":"https:\/\/schema.org","@graph":[{"@type":"Article","@id":"https:\/\/www.immobilienbusiness.ch\/en\/regionen\/2018-04-25\/opfikon-aufrichte-fuer-abz-siedlung-im-glattpark\/#article","isPartOf":{"@id":"https:\/\/www.immobilienbusiness.ch\/en\/regionen\/2018-04-25\/opfikon-aufrichte-fuer-abz-siedlung-im-glattpark\/"},"author":{"name":"anja.hall","@id":"https:\/\/www.immobilienbusiness.ch\/#\/schema\/person\/3fc036297b10b9f42d6db5ee932af8c8"},"headline":"Opfikon: Aufrichte f\u00fcr ABZ-Siedlung im Glattpark","datePublished":"2018-04-25T06:48:58+00:00","mainEntityOfPage":{"@id":"https:\/\/www.immobilienbusiness.ch\/en\/regionen\/2018-04-25\/opfikon-aufrichte-fuer-abz-siedlung-im-glattpark\/"},"wordCount":156,"commentCount":0,"publisher":{"@id":"https:\/\/www.immobilienbusiness.ch\/#organization"},"image":{"@id":"https:\/\/www.immobilienbusiness.ch\/en\/regionen\/2018-04-25\/opfikon-aufrichte-fuer-abz-siedlung-im-glattpark\/#primaryimage"},"thumbnailUrl":"https:\/\/www.immobilienbusiness.ch\/wp-content\/uploads\/2018\/04\/ABZ_Visualisierung_Siriusplatz_2015.jpg.jpg.2018-04-18-16-58-00.jpg","keywords":["Baugenossenschaft","Glattpark","Kanton Z\u00fcrich","Projekt in Bau","Wohnimmobilien"],"articleSection":["REGIONEN"],"inLanguage":"de"},{"@type":"WebPage","@id":"https:\/\/www.immobilienbusiness.ch\/en\/regionen\/2018-04-25\/opfikon-aufrichte-fuer-abz-siedlung-im-glattpark\/","url":"https:\/\/www.immobilienbusiness.ch\/en\/regionen\/2018-04-25\/opfikon-aufrichte-fuer-abz-siedlung-im-glattpark\/","name":"Opfikon: Aufrichte f\u00fcr ABZ-Siedlung im Glattpark - IMMOBILIEN Business","isPartOf":{"@id":"https:\/\/www.immobilienbusiness.ch\/#website"},"primaryImageOfPage":{"@id":"https:\/\/www.immobilienbusiness.ch\/en\/regionen\/2018-04-25\/opfikon-aufrichte-fuer-abz-siedlung-im-glattpark\/#primaryimage"},"image":{"@id":"https:\/\/www.immobilienbusiness.ch\/en\/regionen\/2018-04-25\/opfikon-aufrichte-fuer-abz-siedlung-im-glattpark\/#primaryimage"},"thumbnailUrl":"https:\/\/www.immobilienbusiness.ch\/wp-content\/uploads\/2018\/04\/ABZ_Visualisierung_Siriusplatz_2015.jpg.jpg.2018-04-18-16-58-00.jpg","datePublished":"2018-04-25T06:48:58+00:00","description":"Am 23. April 2018 wurde die Aufrichte f\u00fcr eine Genossenschaftssiedlung der ABZ im Glattpark in Opfikon gefeiert. Bauherrin ABZ realisiert das Projekt mit Pool Architekten, Studio Vulkan Landschaftsarchitektur und der Totalunternehmerin HRS Real Estate.","breadcrumb":{"@id":"https:\/\/www.immobilienbusiness.ch\/en\/regionen\/2018-04-25\/opfikon-aufrichte-fuer-abz-siedlung-im-glattpark\/#breadcrumb"},"inLanguage":"de","potentialAction":[{"@type":"ReadAction","target":["https:\/\/www.immobilienbusiness.ch\/en\/regionen\/2018-04-25\/opfikon-aufrichte-fuer-abz-siedlung-im-glattpark\/"]}]},{"@type":"ImageObject","inLanguage":"de","@id":"https:\/\/www.immobilienbusiness.ch\/en\/regionen\/2018-04-25\/opfikon-aufrichte-fuer-abz-siedlung-im-glattpark\/#primaryimage","url":"https:\/\/www.immobilienbusiness.ch\/wp-content\/uploads\/2018\/04\/ABZ_Visualisierung_Siriusplatz_2015.jpg.jpg.2018-04-18-16-58-00.jpg","contentUrl":"https:\/\/www.immobilienbusiness.ch\/wp-content\/uploads\/2018\/04\/ABZ_Visualisierung_Siriusplatz_2015.jpg.jpg.2018-04-18-16-58-00.jpg","width":1200,"height":775,"caption":"ABZ_Visualisierung_Siriusplatz_2015.jpg.jpg.2018-04-18-16-58-00"},{"@type":"BreadcrumbList","@id":"https:\/\/www.immobilienbusiness.ch\/en\/regionen\/2018-04-25\/opfikon-aufrichte-fuer-abz-siedlung-im-glattpark\/#breadcrumb","itemListElement":[{"@type":"ListItem","position":1,"name":"Home","item":"https:\/\/www.immobilienbusiness.ch\/"},{"@type":"ListItem","position":2,"name":"Opfikon: Aufrichte f\u00fcr ABZ-Siedlung im Glattpark"}]},{"@type":"WebSite","@id":"https:\/\/www.immobilienbusiness.ch\/#website","url":"https:\/\/www.immobilienbusiness.ch\/","name":"IMMOBILIEN Business","description":"Unabh\u00e4ngiges Schweizer Wirtschaftsmagazin mit Fokus auf Immobilien, Architektur- und Bau sowie Investment- und Finanzierung.","publisher":{"@id":"https:\/\/www.immobilienbusiness.ch\/#organization"},"potentialAction":[{"@type":"SearchAction","target":{"@type":"EntryPoint","urlTemplate":"https:\/\/www.immobilienbusiness.ch\/?s={search_term_string}"},"query-input":{"@type":"PropertyValueSpecification","valueRequired":true,"valueName":"search_term_string"}}],"inLanguage":"de"},{"@type":"Organization","@id":"https:\/\/www.immobilienbusiness.ch\/#organization","name":"IMMOBILIEN Business","url":"https:\/\/www.immobilienbusiness.ch\/","logo":{"@type":"ImageObject","inLanguage":"de","@id":"https:\/\/www.immobilienbusiness.ch\/#\/schema\/logo\/image\/","url":"https:\/\/www.immobilienbusiness.ch\/wp-content\/uploads\/2021\/07\/logo_ib.png","contentUrl":"https:\/\/www.immobilienbusiness.ch\/wp-content\/uploads\/2021\/07\/logo_ib.png","width":800,"height":181,"caption":"IMMOBILIEN Business"},"image":{"@id":"https:\/\/www.immobilienbusiness.ch\/#\/schema\/logo\/image\/"},"sameAs":["https:\/\/www.facebook.com\/immobilienbusiness\/"]},{"@type":"Person","@id":"https:\/\/www.immobilienbusiness.ch\/#\/schema\/person\/3fc036297b10b9f42d6db5ee932af8c8","name":"anja.hall","image":{"@type":"ImageObject","inLanguage":"de","@id":"https:\/\/secure.gravatar.com\/avatar\/066b5a0d447013502c71a5782f4f3469f03cfe595cc2329fb94652fe47511bfb?s=96&d=mm&r=g","url":"https:\/\/secure.gravatar.com\/avatar\/066b5a0d447013502c71a5782f4f3469f03cfe595cc2329fb94652fe47511bfb?s=96&d=mm&r=g","contentUrl":"https:\/\/secure.gravatar.com\/avatar\/066b5a0d447013502c71a5782f4f3469f03cfe595cc2329fb94652fe47511bfb?s=96&d=mm&r=g","caption":"anja.hall"},"url":"https:\/\/www.immobilienbusiness.ch\/de\/author\/anja-hall\/"}]}},"_links":{"self":[{"href":"https:\/\/www.immobilienbusiness.ch\/de\/wp-json\/wp\/v2\/posts\/12261","targetHints":{"allow":["GET"]}}],"collection":[{"href":"https:\/\/www.immobilienbusiness.ch\/de\/wp-json\/wp\/v2\/posts"}],"about":[{"href":"https:\/\/www.immobilienbusiness.ch\/de\/wp-json\/wp\/v2\/types\/post"}],"author":[{"embeddable":true,"href":"https:\/\/www.immobilienbusiness.ch\/de\/wp-json\/wp\/v2\/users\/3"}],"replies":[{"embeddable":true,"href":"https:\/\/www.immobilienbusiness.ch\/de\/wp-json\/wp\/v2\/comments?post=12261"}],"version-history":[{"count":0,"href":"https:\/\/www.immobilienbusiness.ch\/de\/wp-json\/wp\/v2\/posts\/12261\/revisions"}],"wp:featuredmedia":[{"embeddable":true,"href":"https:\/\/www.immobilienbusiness.ch\/de\/wp-json\/wp\/v2\/media\/12263"}],"wp:attachment":[{"href":"https:\/\/www.immobilienbusiness.ch\/de\/wp-json\/wp\/v2\/media?parent=12261"}],"wp:term":[{"taxonomy":"category","embeddable":true,"href":"https:\/\/www.immobilienbusiness.ch\/de\/wp-json\/wp\/v2\/categories?post=12261"},{"taxonomy":"post_tag","embeddable":true,"href":"https:\/\/www.immobilienbusiness.ch\/de\/wp-json\/wp\/v2\/tags?post=12261"}],"curies":[{"name":"wp","href":"https:\/\/api.w.org\/{rel}","templated":true}]}}