{"id":12143,"date":"2018-04-17T08:36:12","date_gmt":"2018-04-17T06:36:12","guid":{"rendered":"https:\/\/www.immobilienbusiness.ch\/?p=12143"},"modified":"2023-08-11T20:41:01","modified_gmt":"2023-08-11T18:41:01","slug":"novavest-veraenderung-in-der-geschaeftsleitung-per-30-april-2018","status":"publish","type":"post","link":"https:\/\/www.immobilienbusiness.ch\/de\/unternehmen\/2018-04-17\/novavest-veraenderung-in-der-geschaeftsleitung-per-30-april-2018\/","title":{"rendered":"Novavest: Ver\u00e4nderung in der Gesch\u00e4ftsleitung"},"content":{"rendered":"<figure id=\"attachment_10674\" aria-describedby=\"caption-attachment-10674\" style=\"width: 300px\" class=\"wp-caption alignnone\"><img loading=\"lazy\" decoding=\"async\" class=\"wp-image-10674 size-medium\" src=\"https:\/\/www.immobilienbusiness.ch\/wp-content\/uploads\/2017\/12\/IB-News-20171220-Intercity-Group-Neugruendung-der-Blaser-Graenicher-AG-c-Pixabay-300x200.jpg\" alt=\"Novavest\" width=\"300\" height=\"200\" srcset=\"https:\/\/www.immobilienbusiness.ch\/wp-content\/uploads\/2017\/12\/IB-News-20171220-Intercity-Group-Neugruendung-der-Blaser-Graenicher-AG-c-Pixabay-300x200.jpg 300w, https:\/\/www.immobilienbusiness.ch\/wp-content\/uploads\/2017\/12\/IB-News-20171220-Intercity-Group-Neugruendung-der-Blaser-Graenicher-AG-c-Pixabay-768x512.jpg 768w, https:\/\/www.immobilienbusiness.ch\/wp-content\/uploads\/2017\/12\/IB-News-20171220-Intercity-Group-Neugruendung-der-Blaser-Graenicher-AG-c-Pixabay-16x12.jpg 16w, https:\/\/www.immobilienbusiness.ch\/wp-content\/uploads\/2017\/12\/IB-News-20171220-Intercity-Group-Neugruendung-der-Blaser-Graenicher-AG-c-Pixabay-263x175.jpg 263w, https:\/\/www.immobilienbusiness.ch\/wp-content\/uploads\/2017\/12\/IB-News-20171220-Intercity-Group-Neugruendung-der-Blaser-Graenicher-AG-c-Pixabay-525x350.jpg 525w, https:\/\/www.immobilienbusiness.ch\/wp-content\/uploads\/2017\/12\/IB-News-20171220-Intercity-Group-Neugruendung-der-Blaser-Graenicher-AG-c-Pixabay-920x613.jpg 920w, https:\/\/www.immobilienbusiness.ch\/wp-content\/uploads\/2017\/12\/IB-News-20171220-Intercity-Group-Neugruendung-der-Blaser-Graenicher-AG-c-Pixabay.jpg 969w\" sizes=\"auto, (max-width: 300px) 100vw, 300px\" \/><figcaption id=\"caption-attachment-10674\" class=\"wp-caption-text\">Entflechtung von Nova Property Management und Novavest Real Estate \u00a0(Bild: Pixabay)<\/figcaption><\/figure>\n<p>Hintergrund ist ein Eigent\u00fcmerwechsel\u00a0bei der Nova Property Management AG &#8211; die Gesellschaft erbringt Management- und Beratungsdienstleistungen f\u00fcr Novavest.\u00a0Peter Mettler, der CEO von Novavest, hat seine Aktienanteile an H\u00f6he von 75 Prozent an Nova Property Management verkauft; neue Eigent\u00fcmer der Gesellschaft sind Marcel Schneider und Rolf Schubiger.<\/p>\n<p>Durch die Transaktion kommt es zu einer Entflechtung der beiden Gesellschaften. Damit scheiden auch die beiden Gesch\u00e4ftsleitungsmitglieder\u00a0Patrick Hauser und Marcel Schneider bei Novavest aus, sie \u00fcbernehmen identische Funktionen bei Nova Property Management. Peter Mettler bleibt CEO.<\/p>\n<p>Wie Novavest mitteilt, haben die beiden Firmen zum 1. Mai 2018 einen neuen Dienstleistungsvertrag abgeschlossen, der gegen\u00fcber dem vorherigen Vertrag weitgehend unver\u00e4ndert sei. Neu ist eine K\u00fcndigungsfrist von drei Jahren auf Ende eines jeden Kalendermonats &#8211; bislang war es nur ein Jahr.<\/p>\n","protected":false},"excerpt":{"rendered":"<p>Bei Novavest Real Estate kommt es zu \u00c4nderungen in der F\u00fchrungsetage: CFO Patrick Hauser und COO Marcel Schneider scheiden per 30. April 2018 aus der Gesch\u00e4ftsleitung aus. <\/p>\n","protected":false},"author":3,"featured_media":10674,"comment_status":"closed","ping_status":"closed","sticky":false,"template":"","format":"standard","meta":{"_acf_changed":false,"_yoast_wpseo_focuskw":"Novavest","_yoast_wpseo_title":"","_yoast_wpseo_metadesc":"Bei Novavest Real Estate kommt es zu \u00c4nderungen in der F\u00fchrungsetage: CFO Patrick Hauser und COO Marcel Schneider scheiden per 30. April 2018 aus der Gesch\u00e4ftsleitung aus.","_yoast_wpseo_linkdex":42,"pgc_sgb_lightbox_settings":"","footnotes":""},"categories":[988],"tags":[1534,1807,1830],"class_list":["post-12143","post","type-post","status-publish","format-standard","has-post-thumbnail","hentry","category-unternehmen","tag-novavest","tag-unternehmen","tag-verkauf"],"acf":[],"yoast_head":"<!-- This site is optimized with the Yoast SEO plugin v27.4 - https:\/\/yoast.com\/product\/yoast-seo-wordpress\/ -->\n<title>Novavest: Ver\u00e4nderung in der Gesch\u00e4ftsleitung - IMMOBILIEN Business<\/title>\n<meta name=\"description\" content=\"Bei Novavest Real Estate kommt es zu \u00c4nderungen in der F\u00fchrungsetage: CFO Patrick Hauser und COO Marcel Schneider scheiden per 30. April 2018 aus der Gesch\u00e4ftsleitung aus.\" \/>\n<meta name=\"robots\" content=\"index, follow, max-snippet:-1, max-image-preview:large, max-video-preview:-1\" \/>\n<link rel=\"canonical\" href=\"https:\/\/www.immobilienbusiness.ch\/de\/unternehmen\/2018-04-17\/novavest-veraenderung-in-der-geschaeftsleitung-per-30-april-2018\/\" \/>\n<meta property=\"og:locale\" content=\"de_DE\" \/>\n<meta property=\"og:type\" content=\"article\" \/>\n<meta property=\"og:title\" content=\"Novavest: Ver\u00e4nderung in der Gesch\u00e4ftsleitung - IMMOBILIEN Business\" \/>\n<meta property=\"og:description\" content=\"Bei Novavest Real Estate kommt es zu \u00c4nderungen in der F\u00fchrungsetage: CFO Patrick Hauser und COO Marcel Schneider scheiden per 30. April 2018 aus der Gesch\u00e4ftsleitung aus.\" \/>\n<meta property=\"og:url\" content=\"https:\/\/www.immobilienbusiness.ch\/de\/unternehmen\/2018-04-17\/novavest-veraenderung-in-der-geschaeftsleitung-per-30-april-2018\/\" \/>\n<meta property=\"og:site_name\" content=\"IMMOBILIEN Business\" \/>\n<meta property=\"article:publisher\" content=\"https:\/\/www.facebook.com\/immobilienbusiness\/\" \/>\n<meta property=\"article:published_time\" content=\"2018-04-17T06:36:12+00:00\" \/>\n<meta property=\"article:modified_time\" content=\"2023-08-11T18:41:01+00:00\" \/>\n<meta property=\"og:image\" content=\"https:\/\/www.immobilienbusiness.ch\/wp-content\/uploads\/2017\/12\/IB-News-20171220-Intercity-Group-Neugruendung-der-Blaser-Graenicher-AG-c-Pixabay.jpg\" \/>\n\t<meta property=\"og:image:width\" content=\"969\" \/>\n\t<meta property=\"og:image:height\" content=\"646\" \/>\n\t<meta property=\"og:image:type\" content=\"image\/jpeg\" \/>\n<meta name=\"author\" content=\"anja.hall\" \/>\n<meta name=\"twitter:card\" content=\"summary_large_image\" \/>\n<meta name=\"twitter:image\" content=\"https:\/\/www.immobilienbusiness.ch\/wp-content\/uploads\/2017\/12\/IB-News-20171220-Intercity-Group-Neugr\u00fcndung-der-Blaser-Gr\u00e4nicher-AG-c-Pixabay.jpg\" \/>\n<script type=\"application\/ld+json\" class=\"yoast-schema-graph\">{\"@context\":\"https:\\\/\\\/schema.org\",\"@graph\":[{\"@type\":\"Article\",\"@id\":\"https:\\\/\\\/www.immobilienbusiness.ch\\\/unternehmen\\\/2018-04-17\\\/novavest-veraenderung-in-der-geschaeftsleitung-per-30-april-2018\\\/#article\",\"isPartOf\":{\"@id\":\"https:\\\/\\\/www.immobilienbusiness.ch\\\/unternehmen\\\/2018-04-17\\\/novavest-veraenderung-in-der-geschaeftsleitung-per-30-april-2018\\\/\"},\"author\":{\"name\":\"anja.hall\",\"@id\":\"https:\\\/\\\/www.immobilienbusiness.ch\\\/#\\\/schema\\\/person\\\/3fc036297b10b9f42d6db5ee932af8c8\"},\"headline\":\"Novavest: Ver\u00e4nderung in der Gesch\u00e4ftsleitung\",\"datePublished\":\"2018-04-17T06:36:12+00:00\",\"dateModified\":\"2023-08-11T18:41:01+00:00\",\"mainEntityOfPage\":{\"@id\":\"https:\\\/\\\/www.immobilienbusiness.ch\\\/unternehmen\\\/2018-04-17\\\/novavest-veraenderung-in-der-geschaeftsleitung-per-30-april-2018\\\/\"},\"wordCount\":157,\"publisher\":{\"@id\":\"https:\\\/\\\/www.immobilienbusiness.ch\\\/#organization\"},\"image\":{\"@id\":\"https:\\\/\\\/www.immobilienbusiness.ch\\\/unternehmen\\\/2018-04-17\\\/novavest-veraenderung-in-der-geschaeftsleitung-per-30-april-2018\\\/#primaryimage\"},\"thumbnailUrl\":\"https:\\\/\\\/www.immobilienbusiness.ch\\\/wp-content\\\/uploads\\\/2017\\\/12\\\/IB-News-20171220-Intercity-Group-Neugruendung-der-Blaser-Graenicher-AG-c-Pixabay.jpg\",\"keywords\":[\"Novavest\",\"Unternehmen\",\"Verkauf\"],\"articleSection\":[\"UNTERNEHMEN\"],\"inLanguage\":\"de\"},{\"@type\":\"WebPage\",\"@id\":\"https:\\\/\\\/www.immobilienbusiness.ch\\\/unternehmen\\\/2018-04-17\\\/novavest-veraenderung-in-der-geschaeftsleitung-per-30-april-2018\\\/\",\"url\":\"https:\\\/\\\/www.immobilienbusiness.ch\\\/unternehmen\\\/2018-04-17\\\/novavest-veraenderung-in-der-geschaeftsleitung-per-30-april-2018\\\/\",\"name\":\"Novavest: Ver\u00e4nderung in der Gesch\u00e4ftsleitung - IMMOBILIEN Business\",\"isPartOf\":{\"@id\":\"https:\\\/\\\/www.immobilienbusiness.ch\\\/#website\"},\"primaryImageOfPage\":{\"@id\":\"https:\\\/\\\/www.immobilienbusiness.ch\\\/unternehmen\\\/2018-04-17\\\/novavest-veraenderung-in-der-geschaeftsleitung-per-30-april-2018\\\/#primaryimage\"},\"image\":{\"@id\":\"https:\\\/\\\/www.immobilienbusiness.ch\\\/unternehmen\\\/2018-04-17\\\/novavest-veraenderung-in-der-geschaeftsleitung-per-30-april-2018\\\/#primaryimage\"},\"thumbnailUrl\":\"https:\\\/\\\/www.immobilienbusiness.ch\\\/wp-content\\\/uploads\\\/2017\\\/12\\\/IB-News-20171220-Intercity-Group-Neugruendung-der-Blaser-Graenicher-AG-c-Pixabay.jpg\",\"datePublished\":\"2018-04-17T06:36:12+00:00\",\"dateModified\":\"2023-08-11T18:41:01+00:00\",\"description\":\"Bei Novavest Real Estate kommt es zu \u00c4nderungen in der F\u00fchrungsetage: CFO Patrick Hauser und COO Marcel Schneider scheiden per 30. April 2018 aus der Gesch\u00e4ftsleitung aus.\",\"breadcrumb\":{\"@id\":\"https:\\\/\\\/www.immobilienbusiness.ch\\\/unternehmen\\\/2018-04-17\\\/novavest-veraenderung-in-der-geschaeftsleitung-per-30-april-2018\\\/#breadcrumb\"},\"inLanguage\":\"de\",\"potentialAction\":[{\"@type\":\"ReadAction\",\"target\":[\"https:\\\/\\\/www.immobilienbusiness.ch\\\/unternehmen\\\/2018-04-17\\\/novavest-veraenderung-in-der-geschaeftsleitung-per-30-april-2018\\\/\"]}]},{\"@type\":\"ImageObject\",\"inLanguage\":\"de\",\"@id\":\"https:\\\/\\\/www.immobilienbusiness.ch\\\/unternehmen\\\/2018-04-17\\\/novavest-veraenderung-in-der-geschaeftsleitung-per-30-april-2018\\\/#primaryimage\",\"url\":\"https:\\\/\\\/www.immobilienbusiness.ch\\\/wp-content\\\/uploads\\\/2017\\\/12\\\/IB-News-20171220-Intercity-Group-Neugruendung-der-Blaser-Graenicher-AG-c-Pixabay.jpg\",\"contentUrl\":\"https:\\\/\\\/www.immobilienbusiness.ch\\\/wp-content\\\/uploads\\\/2017\\\/12\\\/IB-News-20171220-Intercity-Group-Neugruendung-der-Blaser-Graenicher-AG-c-Pixabay.jpg\",\"width\":969,\"height\":646,\"caption\":\"Wincasa entwickelt eine Plattform, die das ESG-Reporting einfacher machen soll (Bild: Pixabay)\"},{\"@type\":\"BreadcrumbList\",\"@id\":\"https:\\\/\\\/www.immobilienbusiness.ch\\\/unternehmen\\\/2018-04-17\\\/novavest-veraenderung-in-der-geschaeftsleitung-per-30-april-2018\\\/#breadcrumb\",\"itemListElement\":[{\"@type\":\"ListItem\",\"position\":1,\"name\":\"Home\",\"item\":\"https:\\\/\\\/www.immobilienbusiness.ch\\\/\"},{\"@type\":\"ListItem\",\"position\":2,\"name\":\"Novavest: Ver\u00e4nderung in der Gesch\u00e4ftsleitung\"}]},{\"@type\":\"WebSite\",\"@id\":\"https:\\\/\\\/www.immobilienbusiness.ch\\\/#website\",\"url\":\"https:\\\/\\\/www.immobilienbusiness.ch\\\/\",\"name\":\"IMMOBILIEN Business\",\"description\":\"Unabh\u00e4ngiges Schweizer Wirtschaftsmagazin mit Fokus auf Immobilien, Architektur- und Bau sowie Investment- und Finanzierung.\",\"publisher\":{\"@id\":\"https:\\\/\\\/www.immobilienbusiness.ch\\\/#organization\"},\"potentialAction\":[{\"@type\":\"SearchAction\",\"target\":{\"@type\":\"EntryPoint\",\"urlTemplate\":\"https:\\\/\\\/www.immobilienbusiness.ch\\\/?s={search_term_string}\"},\"query-input\":{\"@type\":\"PropertyValueSpecification\",\"valueRequired\":true,\"valueName\":\"search_term_string\"}}],\"inLanguage\":\"de\"},{\"@type\":\"Organization\",\"@id\":\"https:\\\/\\\/www.immobilienbusiness.ch\\\/#organization\",\"name\":\"IMMOBILIEN Business\",\"url\":\"https:\\\/\\\/www.immobilienbusiness.ch\\\/\",\"logo\":{\"@type\":\"ImageObject\",\"inLanguage\":\"de\",\"@id\":\"https:\\\/\\\/www.immobilienbusiness.ch\\\/#\\\/schema\\\/logo\\\/image\\\/\",\"url\":\"https:\\\/\\\/www.immobilienbusiness.ch\\\/wp-content\\\/uploads\\\/2021\\\/07\\\/logo_ib.png\",\"contentUrl\":\"https:\\\/\\\/www.immobilienbusiness.ch\\\/wp-content\\\/uploads\\\/2021\\\/07\\\/logo_ib.png\",\"width\":800,\"height\":181,\"caption\":\"IMMOBILIEN Business\"},\"image\":{\"@id\":\"https:\\\/\\\/www.immobilienbusiness.ch\\\/#\\\/schema\\\/logo\\\/image\\\/\"},\"sameAs\":[\"https:\\\/\\\/www.facebook.com\\\/immobilienbusiness\\\/\"]},{\"@type\":\"Person\",\"@id\":\"https:\\\/\\\/www.immobilienbusiness.ch\\\/#\\\/schema\\\/person\\\/3fc036297b10b9f42d6db5ee932af8c8\",\"name\":\"anja.hall\",\"image\":{\"@type\":\"ImageObject\",\"inLanguage\":\"de\",\"@id\":\"https:\\\/\\\/secure.gravatar.com\\\/avatar\\\/066b5a0d447013502c71a5782f4f3469f03cfe595cc2329fb94652fe47511bfb?s=96&d=mm&r=g\",\"url\":\"https:\\\/\\\/secure.gravatar.com\\\/avatar\\\/066b5a0d447013502c71a5782f4f3469f03cfe595cc2329fb94652fe47511bfb?s=96&d=mm&r=g\",\"contentUrl\":\"https:\\\/\\\/secure.gravatar.com\\\/avatar\\\/066b5a0d447013502c71a5782f4f3469f03cfe595cc2329fb94652fe47511bfb?s=96&d=mm&r=g\",\"caption\":\"anja.hall\"},\"url\":\"https:\\\/\\\/www.immobilienbusiness.ch\\\/de\\\/author\\\/anja-hall\\\/\"}]}<\/script>\n<!-- \/ Yoast SEO plugin. -->","yoast_head_json":{"title":"Novavest: Ver\u00e4nderung in der Gesch\u00e4ftsleitung - IMMOBILIEN Business","description":"Bei Novavest Real Estate kommt es zu \u00c4nderungen in der F\u00fchrungsetage: CFO Patrick Hauser und COO Marcel Schneider scheiden per 30. April 2018 aus der Gesch\u00e4ftsleitung aus.","robots":{"index":"index","follow":"follow","max-snippet":"max-snippet:-1","max-image-preview":"max-image-preview:large","max-video-preview":"max-video-preview:-1"},"canonical":"https:\/\/www.immobilienbusiness.ch\/de\/unternehmen\/2018-04-17\/novavest-veraenderung-in-der-geschaeftsleitung-per-30-april-2018\/","og_locale":"de_DE","og_type":"article","og_title":"Novavest: Ver\u00e4nderung in der Gesch\u00e4ftsleitung - IMMOBILIEN Business","og_description":"Bei Novavest Real Estate kommt es zu \u00c4nderungen in der F\u00fchrungsetage: CFO Patrick Hauser und COO Marcel Schneider scheiden per 30. April 2018 aus der Gesch\u00e4ftsleitung aus.","og_url":"https:\/\/www.immobilienbusiness.ch\/de\/unternehmen\/2018-04-17\/novavest-veraenderung-in-der-geschaeftsleitung-per-30-april-2018\/","og_site_name":"IMMOBILIEN Business","article_publisher":"https:\/\/www.facebook.com\/immobilienbusiness\/","article_published_time":"2018-04-17T06:36:12+00:00","article_modified_time":"2023-08-11T18:41:01+00:00","og_image":[{"width":969,"height":646,"url":"https:\/\/www.immobilienbusiness.ch\/wp-content\/uploads\/2017\/12\/IB-News-20171220-Intercity-Group-Neugruendung-der-Blaser-Graenicher-AG-c-Pixabay.jpg","type":"image\/jpeg"}],"author":"anja.hall","twitter_card":"summary_large_image","twitter_image":"https:\/\/www.immobilienbusiness.ch\/wp-content\/uploads\/2017\/12\/IB-News-20171220-Intercity-Group-Neugr\u00fcndung-der-Blaser-Gr\u00e4nicher-AG-c-Pixabay.jpg","schema":{"@context":"https:\/\/schema.org","@graph":[{"@type":"Article","@id":"https:\/\/www.immobilienbusiness.ch\/unternehmen\/2018-04-17\/novavest-veraenderung-in-der-geschaeftsleitung-per-30-april-2018\/#article","isPartOf":{"@id":"https:\/\/www.immobilienbusiness.ch\/unternehmen\/2018-04-17\/novavest-veraenderung-in-der-geschaeftsleitung-per-30-april-2018\/"},"author":{"name":"anja.hall","@id":"https:\/\/www.immobilienbusiness.ch\/#\/schema\/person\/3fc036297b10b9f42d6db5ee932af8c8"},"headline":"Novavest: Ver\u00e4nderung in der Gesch\u00e4ftsleitung","datePublished":"2018-04-17T06:36:12+00:00","dateModified":"2023-08-11T18:41:01+00:00","mainEntityOfPage":{"@id":"https:\/\/www.immobilienbusiness.ch\/unternehmen\/2018-04-17\/novavest-veraenderung-in-der-geschaeftsleitung-per-30-april-2018\/"},"wordCount":157,"publisher":{"@id":"https:\/\/www.immobilienbusiness.ch\/#organization"},"image":{"@id":"https:\/\/www.immobilienbusiness.ch\/unternehmen\/2018-04-17\/novavest-veraenderung-in-der-geschaeftsleitung-per-30-april-2018\/#primaryimage"},"thumbnailUrl":"https:\/\/www.immobilienbusiness.ch\/wp-content\/uploads\/2017\/12\/IB-News-20171220-Intercity-Group-Neugruendung-der-Blaser-Graenicher-AG-c-Pixabay.jpg","keywords":["Novavest","Unternehmen","Verkauf"],"articleSection":["UNTERNEHMEN"],"inLanguage":"de"},{"@type":"WebPage","@id":"https:\/\/www.immobilienbusiness.ch\/unternehmen\/2018-04-17\/novavest-veraenderung-in-der-geschaeftsleitung-per-30-april-2018\/","url":"https:\/\/www.immobilienbusiness.ch\/unternehmen\/2018-04-17\/novavest-veraenderung-in-der-geschaeftsleitung-per-30-april-2018\/","name":"Novavest: Ver\u00e4nderung in der Gesch\u00e4ftsleitung - IMMOBILIEN Business","isPartOf":{"@id":"https:\/\/www.immobilienbusiness.ch\/#website"},"primaryImageOfPage":{"@id":"https:\/\/www.immobilienbusiness.ch\/unternehmen\/2018-04-17\/novavest-veraenderung-in-der-geschaeftsleitung-per-30-april-2018\/#primaryimage"},"image":{"@id":"https:\/\/www.immobilienbusiness.ch\/unternehmen\/2018-04-17\/novavest-veraenderung-in-der-geschaeftsleitung-per-30-april-2018\/#primaryimage"},"thumbnailUrl":"https:\/\/www.immobilienbusiness.ch\/wp-content\/uploads\/2017\/12\/IB-News-20171220-Intercity-Group-Neugruendung-der-Blaser-Graenicher-AG-c-Pixabay.jpg","datePublished":"2018-04-17T06:36:12+00:00","dateModified":"2023-08-11T18:41:01+00:00","description":"Bei Novavest Real Estate kommt es zu \u00c4nderungen in der F\u00fchrungsetage: CFO Patrick Hauser und COO Marcel Schneider scheiden per 30. April 2018 aus der Gesch\u00e4ftsleitung aus.","breadcrumb":{"@id":"https:\/\/www.immobilienbusiness.ch\/unternehmen\/2018-04-17\/novavest-veraenderung-in-der-geschaeftsleitung-per-30-april-2018\/#breadcrumb"},"inLanguage":"de","potentialAction":[{"@type":"ReadAction","target":["https:\/\/www.immobilienbusiness.ch\/unternehmen\/2018-04-17\/novavest-veraenderung-in-der-geschaeftsleitung-per-30-april-2018\/"]}]},{"@type":"ImageObject","inLanguage":"de","@id":"https:\/\/www.immobilienbusiness.ch\/unternehmen\/2018-04-17\/novavest-veraenderung-in-der-geschaeftsleitung-per-30-april-2018\/#primaryimage","url":"https:\/\/www.immobilienbusiness.ch\/wp-content\/uploads\/2017\/12\/IB-News-20171220-Intercity-Group-Neugruendung-der-Blaser-Graenicher-AG-c-Pixabay.jpg","contentUrl":"https:\/\/www.immobilienbusiness.ch\/wp-content\/uploads\/2017\/12\/IB-News-20171220-Intercity-Group-Neugruendung-der-Blaser-Graenicher-AG-c-Pixabay.jpg","width":969,"height":646,"caption":"Wincasa entwickelt eine Plattform, die das ESG-Reporting einfacher machen soll (Bild: Pixabay)"},{"@type":"BreadcrumbList","@id":"https:\/\/www.immobilienbusiness.ch\/unternehmen\/2018-04-17\/novavest-veraenderung-in-der-geschaeftsleitung-per-30-april-2018\/#breadcrumb","itemListElement":[{"@type":"ListItem","position":1,"name":"Home","item":"https:\/\/www.immobilienbusiness.ch\/"},{"@type":"ListItem","position":2,"name":"Novavest: Ver\u00e4nderung in der Gesch\u00e4ftsleitung"}]},{"@type":"WebSite","@id":"https:\/\/www.immobilienbusiness.ch\/#website","url":"https:\/\/www.immobilienbusiness.ch\/","name":"IMMOBILIEN Business","description":"Unabh\u00e4ngiges Schweizer Wirtschaftsmagazin mit Fokus auf Immobilien, Architektur- und Bau sowie Investment- und Finanzierung.","publisher":{"@id":"https:\/\/www.immobilienbusiness.ch\/#organization"},"potentialAction":[{"@type":"SearchAction","target":{"@type":"EntryPoint","urlTemplate":"https:\/\/www.immobilienbusiness.ch\/?s={search_term_string}"},"query-input":{"@type":"PropertyValueSpecification","valueRequired":true,"valueName":"search_term_string"}}],"inLanguage":"de"},{"@type":"Organization","@id":"https:\/\/www.immobilienbusiness.ch\/#organization","name":"IMMOBILIEN Business","url":"https:\/\/www.immobilienbusiness.ch\/","logo":{"@type":"ImageObject","inLanguage":"de","@id":"https:\/\/www.immobilienbusiness.ch\/#\/schema\/logo\/image\/","url":"https:\/\/www.immobilienbusiness.ch\/wp-content\/uploads\/2021\/07\/logo_ib.png","contentUrl":"https:\/\/www.immobilienbusiness.ch\/wp-content\/uploads\/2021\/07\/logo_ib.png","width":800,"height":181,"caption":"IMMOBILIEN Business"},"image":{"@id":"https:\/\/www.immobilienbusiness.ch\/#\/schema\/logo\/image\/"},"sameAs":["https:\/\/www.facebook.com\/immobilienbusiness\/"]},{"@type":"Person","@id":"https:\/\/www.immobilienbusiness.ch\/#\/schema\/person\/3fc036297b10b9f42d6db5ee932af8c8","name":"anja.hall","image":{"@type":"ImageObject","inLanguage":"de","@id":"https:\/\/secure.gravatar.com\/avatar\/066b5a0d447013502c71a5782f4f3469f03cfe595cc2329fb94652fe47511bfb?s=96&d=mm&r=g","url":"https:\/\/secure.gravatar.com\/avatar\/066b5a0d447013502c71a5782f4f3469f03cfe595cc2329fb94652fe47511bfb?s=96&d=mm&r=g","contentUrl":"https:\/\/secure.gravatar.com\/avatar\/066b5a0d447013502c71a5782f4f3469f03cfe595cc2329fb94652fe47511bfb?s=96&d=mm&r=g","caption":"anja.hall"},"url":"https:\/\/www.immobilienbusiness.ch\/de\/author\/anja-hall\/"}]}},"_links":{"self":[{"href":"https:\/\/www.immobilienbusiness.ch\/de\/wp-json\/wp\/v2\/posts\/12143","targetHints":{"allow":["GET"]}}],"collection":[{"href":"https:\/\/www.immobilienbusiness.ch\/de\/wp-json\/wp\/v2\/posts"}],"about":[{"href":"https:\/\/www.immobilienbusiness.ch\/de\/wp-json\/wp\/v2\/types\/post"}],"author":[{"embeddable":true,"href":"https:\/\/www.immobilienbusiness.ch\/de\/wp-json\/wp\/v2\/users\/3"}],"replies":[{"embeddable":true,"href":"https:\/\/www.immobilienbusiness.ch\/de\/wp-json\/wp\/v2\/comments?post=12143"}],"version-history":[{"count":1,"href":"https:\/\/www.immobilienbusiness.ch\/de\/wp-json\/wp\/v2\/posts\/12143\/revisions"}],"predecessor-version":[{"id":52071,"href":"https:\/\/www.immobilienbusiness.ch\/de\/wp-json\/wp\/v2\/posts\/12143\/revisions\/52071"}],"wp:featuredmedia":[{"embeddable":true,"href":"https:\/\/www.immobilienbusiness.ch\/de\/wp-json\/wp\/v2\/media\/10674"}],"wp:attachment":[{"href":"https:\/\/www.immobilienbusiness.ch\/de\/wp-json\/wp\/v2\/media?parent=12143"}],"wp:term":[{"taxonomy":"category","embeddable":true,"href":"https:\/\/www.immobilienbusiness.ch\/de\/wp-json\/wp\/v2\/categories?post=12143"},{"taxonomy":"post_tag","embeddable":true,"href":"https:\/\/www.immobilienbusiness.ch\/de\/wp-json\/wp\/v2\/tags?post=12143"}],"curies":[{"name":"wp","href":"https:\/\/api.w.org\/{rel}","templated":true}]}}