{"id":12098,"date":"2018-04-12T09:41:10","date_gmt":"2018-04-12T07:41:10","guid":{"rendered":"https:\/\/www.immobilienbusiness.ch\/?p=12098"},"modified":"2018-04-12T09:41:10","modified_gmt":"2018-04-12T07:41:10","slug":"gruenes-licht-fuer-dreilaendergalerie-weil-am-rhein","status":"publish","type":"post","link":"https:\/\/www.immobilienbusiness.ch\/de\/retail\/2018-04-12\/gruenes-licht-fuer-dreilaendergalerie-weil-am-rhein\/","title":{"rendered":"Gr\u00fcnes Licht f\u00fcr Shopping-Center Dreil\u00e4ndergalerie in Grenzn\u00e4he"},"content":{"rendered":"<figure id=\"attachment_12099\" aria-describedby=\"caption-attachment-12099\" style=\"width: 680px\" class=\"wp-caption alignnone\"><img loading=\"lazy\" decoding=\"async\" class=\"size-medium wp-image-12099\" src=\"https:\/\/www.immobilienbusiness.ch\/wp-content\/uploads\/2018\/04\/Dreil\u00e4ndergalerie_Weil-am-Rhein_c-Chapman-Taylor.jpg\" alt=\"\" width=\"680\" height=\"342\" \/><figcaption id=\"caption-attachment-12099\" class=\"wp-caption-text\">In Weil am Rhein, in unmittelbarer N\u00e4he zur Schweizer Grenze, entsteht das Shopping-Center Dreil\u00e4ndergalerie (\u00a9 Chapman Taylor)<\/figcaption><\/figure>\n<p>Die Dreil\u00e4ndergalerie wird nach Entw\u00fcrfen von Chapman Taylor Architekten auf einem ehemals st\u00e4dtischen Areal in der Innenstadt von Weil am Rhein in unmittelbarer Grenzn\u00e4he gebaut. Das Center soll \u00fcber 16.500 qm Verkaufsfl\u00e4che und 60 Ladenlokale sowie Gastronomiefl\u00e4chen, eine Kindertagesst\u00e4tte und eine dreigeschossige Tiefgarage mit 560 Stellpl\u00e4tzen verf\u00fcgen.<\/p>\n<p>Die Bauarbeiten f\u00fcr das Center sollen bereits im Fr\u00fchsommer beginnen und bis Ende 2019 abgeschlossen sein.<\/p>\n<p>Hinter dem Projekt steht die Investoren- und Bauherrengesellschaft CEMAGG Weil am Rhein GmbH &amp; Co. KG, ein Unternehmen aus dem Verbund der Schapiragroup. Diese Investorengruppe ist im Bereich Gross- und Einzelhandelsimmobilien, Einkaufszentren, Altenpflegeheimen, Logistik und B\u00fcros aktiv. Die Dreil\u00e4ndergalerie ist das erste Nebauprojekt des Unternehmens, eine Tochterfirma betreibt jedoch Einkaufszentren wie die Postgalerie in Karlsruhe. Die Entwicklung der Dreil\u00e4ndergalerie wird von der Apleona Real Estate Management verantwortet.<\/p>\n","protected":false},"excerpt":{"rendered":"<p>Einkaufstouristen werden bald ein neues Ziel haben: Die Stadt Weil am Rhein hat die Baugenehmigung f\u00fcr das geplante Einkaufs- und Dienstleistungszentrum Dreil\u00e4ndergalerie in unmittelbarer N\u00e4he zur Schweizer Grenze erteilt. <\/p>\n","protected":false},"author":3,"featured_media":12099,"comment_status":"open","ping_status":"open","sticky":false,"template":"","format":"standard","meta":{"_acf_changed":false,"_yoast_wpseo_focuskw":"Dreil\u00e4ndergalerie","_yoast_wpseo_title":"","_yoast_wpseo_metadesc":"Einkaufstouristen werden bald ein neues Ziel haben: Die Stadt Weil am Rhein hat die Baugenehmigung f\u00fcr das geplante Einkaufs- und Dienstleistungszentrum Dreil\u00e4ndergalerie in unmittelbarer N\u00e4he zur Schweizer Grenze erteilt.","_yoast_wpseo_linkdex":48,"pgc_sgb_lightbox_settings":"","footnotes":""},"categories":[987],"tags":[1052,1166,1600,1697],"class_list":["post-12098","post","type-post","status-publish","format-standard","has-post-thumbnail","hentry","category-retail","tag-ausland","tag-deutschland","tag-projekt-in-planung","tag-shopping-center"],"acf":[],"yoast_head":"<!-- This site is optimized with the Yoast SEO plugin v27.4 - https:\/\/yoast.com\/product\/yoast-seo-wordpress\/ -->\n<title>Gr\u00fcnes Licht f\u00fcr Shopping-Center Dreil\u00e4ndergalerie in Grenzn\u00e4he - IMMOBILIEN Business<\/title>\n<meta name=\"description\" content=\"Einkaufstouristen werden bald ein neues Ziel haben: Die Stadt Weil am Rhein hat die Baugenehmigung f\u00fcr das geplante Einkaufs- und Dienstleistungszentrum Dreil\u00e4ndergalerie in unmittelbarer N\u00e4he zur Schweizer Grenze erteilt.\" \/>\n<meta name=\"robots\" content=\"index, follow, max-snippet:-1, max-image-preview:large, max-video-preview:-1\" \/>\n<link rel=\"canonical\" href=\"https:\/\/www.immobilienbusiness.ch\/de\/retail\/2018-04-12\/gruenes-licht-fuer-dreilaendergalerie-weil-am-rhein\/\" \/>\n<meta property=\"og:locale\" content=\"de_DE\" \/>\n<meta property=\"og:type\" content=\"article\" \/>\n<meta property=\"og:title\" content=\"Gr\u00fcnes Licht f\u00fcr Shopping-Center Dreil\u00e4ndergalerie in Grenzn\u00e4he - IMMOBILIEN Business\" \/>\n<meta property=\"og:description\" content=\"Einkaufstouristen werden bald ein neues Ziel haben: Die Stadt Weil am Rhein hat die Baugenehmigung f\u00fcr das geplante Einkaufs- und Dienstleistungszentrum Dreil\u00e4ndergalerie in unmittelbarer N\u00e4he zur Schweizer Grenze erteilt.\" \/>\n<meta property=\"og:url\" content=\"https:\/\/www.immobilienbusiness.ch\/de\/retail\/2018-04-12\/gruenes-licht-fuer-dreilaendergalerie-weil-am-rhein\/\" \/>\n<meta property=\"og:site_name\" content=\"IMMOBILIEN Business\" \/>\n<meta property=\"article:publisher\" content=\"https:\/\/www.facebook.com\/immobilienbusiness\/\" \/>\n<meta property=\"article:published_time\" content=\"2018-04-12T07:41:10+00:00\" \/>\n<meta property=\"og:image\" content=\"https:\/\/www.immobilienbusiness.ch\/wp-content\/uploads\/2018\/04\/Dreilaendergalerie_Weil-am-Rhein_c-Chapman-Taylor.jpg\" \/>\n\t<meta property=\"og:image:width\" content=\"2000\" \/>\n\t<meta property=\"og:image:height\" content=\"1006\" \/>\n\t<meta property=\"og:image:type\" content=\"image\/jpeg\" \/>\n<meta name=\"author\" content=\"anja.hall\" \/>\n<meta name=\"twitter:card\" content=\"summary_large_image\" \/>\n<meta name=\"twitter:image\" content=\"https:\/\/www.immobilienbusiness.ch\/wp-content\/uploads\/2018\/04\/Dreil\u00e4ndergalerie_Weil-am-Rhein_c-Chapman-Taylor.jpg\" \/>\n<script type=\"application\/ld+json\" class=\"yoast-schema-graph\">{\"@context\":\"https:\\\/\\\/schema.org\",\"@graph\":[{\"@type\":\"Article\",\"@id\":\"https:\\\/\\\/www.immobilienbusiness.ch\\\/retail\\\/2018-04-12\\\/gruenes-licht-fuer-dreilaendergalerie-weil-am-rhein\\\/#article\",\"isPartOf\":{\"@id\":\"https:\\\/\\\/www.immobilienbusiness.ch\\\/retail\\\/2018-04-12\\\/gruenes-licht-fuer-dreilaendergalerie-weil-am-rhein\\\/\"},\"author\":{\"name\":\"anja.hall\",\"@id\":\"https:\\\/\\\/www.immobilienbusiness.ch\\\/#\\\/schema\\\/person\\\/3fc036297b10b9f42d6db5ee932af8c8\"},\"headline\":\"Gr\u00fcnes Licht f\u00fcr Shopping-Center Dreil\u00e4ndergalerie in Grenzn\u00e4he\",\"datePublished\":\"2018-04-12T07:41:10+00:00\",\"mainEntityOfPage\":{\"@id\":\"https:\\\/\\\/www.immobilienbusiness.ch\\\/retail\\\/2018-04-12\\\/gruenes-licht-fuer-dreilaendergalerie-weil-am-rhein\\\/\"},\"wordCount\":176,\"commentCount\":0,\"publisher\":{\"@id\":\"https:\\\/\\\/www.immobilienbusiness.ch\\\/#organization\"},\"image\":{\"@id\":\"https:\\\/\\\/www.immobilienbusiness.ch\\\/retail\\\/2018-04-12\\\/gruenes-licht-fuer-dreilaendergalerie-weil-am-rhein\\\/#primaryimage\"},\"thumbnailUrl\":\"https:\\\/\\\/www.immobilienbusiness.ch\\\/wp-content\\\/uploads\\\/2018\\\/04\\\/Dreilaendergalerie_Weil-am-Rhein_c-Chapman-Taylor.jpg\",\"keywords\":[\"Ausland\",\"Deutschland\",\"Projekt in Planung\",\"Shopping Center\"],\"articleSection\":[\"RETAIL\"],\"inLanguage\":\"de\"},{\"@type\":\"WebPage\",\"@id\":\"https:\\\/\\\/www.immobilienbusiness.ch\\\/retail\\\/2018-04-12\\\/gruenes-licht-fuer-dreilaendergalerie-weil-am-rhein\\\/\",\"url\":\"https:\\\/\\\/www.immobilienbusiness.ch\\\/retail\\\/2018-04-12\\\/gruenes-licht-fuer-dreilaendergalerie-weil-am-rhein\\\/\",\"name\":\"Gr\u00fcnes Licht f\u00fcr Shopping-Center Dreil\u00e4ndergalerie in Grenzn\u00e4he - IMMOBILIEN Business\",\"isPartOf\":{\"@id\":\"https:\\\/\\\/www.immobilienbusiness.ch\\\/#website\"},\"primaryImageOfPage\":{\"@id\":\"https:\\\/\\\/www.immobilienbusiness.ch\\\/retail\\\/2018-04-12\\\/gruenes-licht-fuer-dreilaendergalerie-weil-am-rhein\\\/#primaryimage\"},\"image\":{\"@id\":\"https:\\\/\\\/www.immobilienbusiness.ch\\\/retail\\\/2018-04-12\\\/gruenes-licht-fuer-dreilaendergalerie-weil-am-rhein\\\/#primaryimage\"},\"thumbnailUrl\":\"https:\\\/\\\/www.immobilienbusiness.ch\\\/wp-content\\\/uploads\\\/2018\\\/04\\\/Dreilaendergalerie_Weil-am-Rhein_c-Chapman-Taylor.jpg\",\"datePublished\":\"2018-04-12T07:41:10+00:00\",\"description\":\"Einkaufstouristen werden bald ein neues Ziel haben: Die Stadt Weil am Rhein hat die Baugenehmigung f\u00fcr das geplante Einkaufs- und Dienstleistungszentrum Dreil\u00e4ndergalerie in unmittelbarer N\u00e4he zur Schweizer Grenze erteilt.\",\"breadcrumb\":{\"@id\":\"https:\\\/\\\/www.immobilienbusiness.ch\\\/retail\\\/2018-04-12\\\/gruenes-licht-fuer-dreilaendergalerie-weil-am-rhein\\\/#breadcrumb\"},\"inLanguage\":\"de\",\"potentialAction\":[{\"@type\":\"ReadAction\",\"target\":[\"https:\\\/\\\/www.immobilienbusiness.ch\\\/retail\\\/2018-04-12\\\/gruenes-licht-fuer-dreilaendergalerie-weil-am-rhein\\\/\"]}]},{\"@type\":\"ImageObject\",\"inLanguage\":\"de\",\"@id\":\"https:\\\/\\\/www.immobilienbusiness.ch\\\/retail\\\/2018-04-12\\\/gruenes-licht-fuer-dreilaendergalerie-weil-am-rhein\\\/#primaryimage\",\"url\":\"https:\\\/\\\/www.immobilienbusiness.ch\\\/wp-content\\\/uploads\\\/2018\\\/04\\\/Dreilaendergalerie_Weil-am-Rhein_c-Chapman-Taylor.jpg\",\"contentUrl\":\"https:\\\/\\\/www.immobilienbusiness.ch\\\/wp-content\\\/uploads\\\/2018\\\/04\\\/Dreilaendergalerie_Weil-am-Rhein_c-Chapman-Taylor.jpg\",\"width\":2000,\"height\":1006,\"caption\":\"Die Dreil\u00e4ndergalerie richtet sich insbesondere an Schweizer Klientel (Bild: Chapman Taylor)\"},{\"@type\":\"BreadcrumbList\",\"@id\":\"https:\\\/\\\/www.immobilienbusiness.ch\\\/retail\\\/2018-04-12\\\/gruenes-licht-fuer-dreilaendergalerie-weil-am-rhein\\\/#breadcrumb\",\"itemListElement\":[{\"@type\":\"ListItem\",\"position\":1,\"name\":\"Home\",\"item\":\"https:\\\/\\\/www.immobilienbusiness.ch\\\/\"},{\"@type\":\"ListItem\",\"position\":2,\"name\":\"Gr\u00fcnes Licht f\u00fcr Shopping-Center Dreil\u00e4ndergalerie in Grenzn\u00e4he\"}]},{\"@type\":\"WebSite\",\"@id\":\"https:\\\/\\\/www.immobilienbusiness.ch\\\/#website\",\"url\":\"https:\\\/\\\/www.immobilienbusiness.ch\\\/\",\"name\":\"IMMOBILIEN Business\",\"description\":\"Unabh\u00e4ngiges Schweizer Wirtschaftsmagazin mit Fokus auf Immobilien, Architektur- und Bau sowie Investment- und Finanzierung.\",\"publisher\":{\"@id\":\"https:\\\/\\\/www.immobilienbusiness.ch\\\/#organization\"},\"potentialAction\":[{\"@type\":\"SearchAction\",\"target\":{\"@type\":\"EntryPoint\",\"urlTemplate\":\"https:\\\/\\\/www.immobilienbusiness.ch\\\/?s={search_term_string}\"},\"query-input\":{\"@type\":\"PropertyValueSpecification\",\"valueRequired\":true,\"valueName\":\"search_term_string\"}}],\"inLanguage\":\"de\"},{\"@type\":\"Organization\",\"@id\":\"https:\\\/\\\/www.immobilienbusiness.ch\\\/#organization\",\"name\":\"IMMOBILIEN Business\",\"url\":\"https:\\\/\\\/www.immobilienbusiness.ch\\\/\",\"logo\":{\"@type\":\"ImageObject\",\"inLanguage\":\"de\",\"@id\":\"https:\\\/\\\/www.immobilienbusiness.ch\\\/#\\\/schema\\\/logo\\\/image\\\/\",\"url\":\"https:\\\/\\\/www.immobilienbusiness.ch\\\/wp-content\\\/uploads\\\/2021\\\/07\\\/logo_ib.png\",\"contentUrl\":\"https:\\\/\\\/www.immobilienbusiness.ch\\\/wp-content\\\/uploads\\\/2021\\\/07\\\/logo_ib.png\",\"width\":800,\"height\":181,\"caption\":\"IMMOBILIEN Business\"},\"image\":{\"@id\":\"https:\\\/\\\/www.immobilienbusiness.ch\\\/#\\\/schema\\\/logo\\\/image\\\/\"},\"sameAs\":[\"https:\\\/\\\/www.facebook.com\\\/immobilienbusiness\\\/\"]},{\"@type\":\"Person\",\"@id\":\"https:\\\/\\\/www.immobilienbusiness.ch\\\/#\\\/schema\\\/person\\\/3fc036297b10b9f42d6db5ee932af8c8\",\"name\":\"anja.hall\",\"image\":{\"@type\":\"ImageObject\",\"inLanguage\":\"de\",\"@id\":\"https:\\\/\\\/secure.gravatar.com\\\/avatar\\\/066b5a0d447013502c71a5782f4f3469f03cfe595cc2329fb94652fe47511bfb?s=96&d=mm&r=g\",\"url\":\"https:\\\/\\\/secure.gravatar.com\\\/avatar\\\/066b5a0d447013502c71a5782f4f3469f03cfe595cc2329fb94652fe47511bfb?s=96&d=mm&r=g\",\"contentUrl\":\"https:\\\/\\\/secure.gravatar.com\\\/avatar\\\/066b5a0d447013502c71a5782f4f3469f03cfe595cc2329fb94652fe47511bfb?s=96&d=mm&r=g\",\"caption\":\"anja.hall\"},\"url\":\"https:\\\/\\\/www.immobilienbusiness.ch\\\/de\\\/author\\\/anja-hall\\\/\"}]}<\/script>\n<!-- \/ Yoast SEO plugin. -->","yoast_head_json":{"title":"Gr\u00fcnes Licht f\u00fcr Shopping-Center Dreil\u00e4ndergalerie in Grenzn\u00e4he - IMMOBILIEN Business","description":"Einkaufstouristen werden bald ein neues Ziel haben: Die Stadt Weil am Rhein hat die Baugenehmigung f\u00fcr das geplante Einkaufs- und Dienstleistungszentrum Dreil\u00e4ndergalerie in unmittelbarer N\u00e4he zur Schweizer Grenze erteilt.","robots":{"index":"index","follow":"follow","max-snippet":"max-snippet:-1","max-image-preview":"max-image-preview:large","max-video-preview":"max-video-preview:-1"},"canonical":"https:\/\/www.immobilienbusiness.ch\/de\/retail\/2018-04-12\/gruenes-licht-fuer-dreilaendergalerie-weil-am-rhein\/","og_locale":"de_DE","og_type":"article","og_title":"Gr\u00fcnes Licht f\u00fcr Shopping-Center Dreil\u00e4ndergalerie in Grenzn\u00e4he - IMMOBILIEN Business","og_description":"Einkaufstouristen werden bald ein neues Ziel haben: Die Stadt Weil am Rhein hat die Baugenehmigung f\u00fcr das geplante Einkaufs- und Dienstleistungszentrum Dreil\u00e4ndergalerie in unmittelbarer N\u00e4he zur Schweizer Grenze erteilt.","og_url":"https:\/\/www.immobilienbusiness.ch\/de\/retail\/2018-04-12\/gruenes-licht-fuer-dreilaendergalerie-weil-am-rhein\/","og_site_name":"IMMOBILIEN Business","article_publisher":"https:\/\/www.facebook.com\/immobilienbusiness\/","article_published_time":"2018-04-12T07:41:10+00:00","og_image":[{"width":2000,"height":1006,"url":"https:\/\/www.immobilienbusiness.ch\/wp-content\/uploads\/2018\/04\/Dreilaendergalerie_Weil-am-Rhein_c-Chapman-Taylor.jpg","type":"image\/jpeg"}],"author":"anja.hall","twitter_card":"summary_large_image","twitter_image":"https:\/\/www.immobilienbusiness.ch\/wp-content\/uploads\/2018\/04\/Dreil\u00e4ndergalerie_Weil-am-Rhein_c-Chapman-Taylor.jpg","schema":{"@context":"https:\/\/schema.org","@graph":[{"@type":"Article","@id":"https:\/\/www.immobilienbusiness.ch\/retail\/2018-04-12\/gruenes-licht-fuer-dreilaendergalerie-weil-am-rhein\/#article","isPartOf":{"@id":"https:\/\/www.immobilienbusiness.ch\/retail\/2018-04-12\/gruenes-licht-fuer-dreilaendergalerie-weil-am-rhein\/"},"author":{"name":"anja.hall","@id":"https:\/\/www.immobilienbusiness.ch\/#\/schema\/person\/3fc036297b10b9f42d6db5ee932af8c8"},"headline":"Gr\u00fcnes Licht f\u00fcr Shopping-Center Dreil\u00e4ndergalerie in Grenzn\u00e4he","datePublished":"2018-04-12T07:41:10+00:00","mainEntityOfPage":{"@id":"https:\/\/www.immobilienbusiness.ch\/retail\/2018-04-12\/gruenes-licht-fuer-dreilaendergalerie-weil-am-rhein\/"},"wordCount":176,"commentCount":0,"publisher":{"@id":"https:\/\/www.immobilienbusiness.ch\/#organization"},"image":{"@id":"https:\/\/www.immobilienbusiness.ch\/retail\/2018-04-12\/gruenes-licht-fuer-dreilaendergalerie-weil-am-rhein\/#primaryimage"},"thumbnailUrl":"https:\/\/www.immobilienbusiness.ch\/wp-content\/uploads\/2018\/04\/Dreilaendergalerie_Weil-am-Rhein_c-Chapman-Taylor.jpg","keywords":["Ausland","Deutschland","Projekt in Planung","Shopping Center"],"articleSection":["RETAIL"],"inLanguage":"de"},{"@type":"WebPage","@id":"https:\/\/www.immobilienbusiness.ch\/retail\/2018-04-12\/gruenes-licht-fuer-dreilaendergalerie-weil-am-rhein\/","url":"https:\/\/www.immobilienbusiness.ch\/retail\/2018-04-12\/gruenes-licht-fuer-dreilaendergalerie-weil-am-rhein\/","name":"Gr\u00fcnes Licht f\u00fcr Shopping-Center Dreil\u00e4ndergalerie in Grenzn\u00e4he - IMMOBILIEN Business","isPartOf":{"@id":"https:\/\/www.immobilienbusiness.ch\/#website"},"primaryImageOfPage":{"@id":"https:\/\/www.immobilienbusiness.ch\/retail\/2018-04-12\/gruenes-licht-fuer-dreilaendergalerie-weil-am-rhein\/#primaryimage"},"image":{"@id":"https:\/\/www.immobilienbusiness.ch\/retail\/2018-04-12\/gruenes-licht-fuer-dreilaendergalerie-weil-am-rhein\/#primaryimage"},"thumbnailUrl":"https:\/\/www.immobilienbusiness.ch\/wp-content\/uploads\/2018\/04\/Dreilaendergalerie_Weil-am-Rhein_c-Chapman-Taylor.jpg","datePublished":"2018-04-12T07:41:10+00:00","description":"Einkaufstouristen werden bald ein neues Ziel haben: Die Stadt Weil am Rhein hat die Baugenehmigung f\u00fcr das geplante Einkaufs- und Dienstleistungszentrum Dreil\u00e4ndergalerie in unmittelbarer N\u00e4he zur Schweizer Grenze erteilt.","breadcrumb":{"@id":"https:\/\/www.immobilienbusiness.ch\/retail\/2018-04-12\/gruenes-licht-fuer-dreilaendergalerie-weil-am-rhein\/#breadcrumb"},"inLanguage":"de","potentialAction":[{"@type":"ReadAction","target":["https:\/\/www.immobilienbusiness.ch\/retail\/2018-04-12\/gruenes-licht-fuer-dreilaendergalerie-weil-am-rhein\/"]}]},{"@type":"ImageObject","inLanguage":"de","@id":"https:\/\/www.immobilienbusiness.ch\/retail\/2018-04-12\/gruenes-licht-fuer-dreilaendergalerie-weil-am-rhein\/#primaryimage","url":"https:\/\/www.immobilienbusiness.ch\/wp-content\/uploads\/2018\/04\/Dreilaendergalerie_Weil-am-Rhein_c-Chapman-Taylor.jpg","contentUrl":"https:\/\/www.immobilienbusiness.ch\/wp-content\/uploads\/2018\/04\/Dreilaendergalerie_Weil-am-Rhein_c-Chapman-Taylor.jpg","width":2000,"height":1006,"caption":"Die Dreil\u00e4ndergalerie richtet sich insbesondere an Schweizer Klientel (Bild: Chapman Taylor)"},{"@type":"BreadcrumbList","@id":"https:\/\/www.immobilienbusiness.ch\/retail\/2018-04-12\/gruenes-licht-fuer-dreilaendergalerie-weil-am-rhein\/#breadcrumb","itemListElement":[{"@type":"ListItem","position":1,"name":"Home","item":"https:\/\/www.immobilienbusiness.ch\/"},{"@type":"ListItem","position":2,"name":"Gr\u00fcnes Licht f\u00fcr Shopping-Center Dreil\u00e4ndergalerie in Grenzn\u00e4he"}]},{"@type":"WebSite","@id":"https:\/\/www.immobilienbusiness.ch\/#website","url":"https:\/\/www.immobilienbusiness.ch\/","name":"IMMOBILIEN Business","description":"Unabh\u00e4ngiges Schweizer Wirtschaftsmagazin mit Fokus auf Immobilien, Architektur- und Bau sowie Investment- und Finanzierung.","publisher":{"@id":"https:\/\/www.immobilienbusiness.ch\/#organization"},"potentialAction":[{"@type":"SearchAction","target":{"@type":"EntryPoint","urlTemplate":"https:\/\/www.immobilienbusiness.ch\/?s={search_term_string}"},"query-input":{"@type":"PropertyValueSpecification","valueRequired":true,"valueName":"search_term_string"}}],"inLanguage":"de"},{"@type":"Organization","@id":"https:\/\/www.immobilienbusiness.ch\/#organization","name":"IMMOBILIEN Business","url":"https:\/\/www.immobilienbusiness.ch\/","logo":{"@type":"ImageObject","inLanguage":"de","@id":"https:\/\/www.immobilienbusiness.ch\/#\/schema\/logo\/image\/","url":"https:\/\/www.immobilienbusiness.ch\/wp-content\/uploads\/2021\/07\/logo_ib.png","contentUrl":"https:\/\/www.immobilienbusiness.ch\/wp-content\/uploads\/2021\/07\/logo_ib.png","width":800,"height":181,"caption":"IMMOBILIEN Business"},"image":{"@id":"https:\/\/www.immobilienbusiness.ch\/#\/schema\/logo\/image\/"},"sameAs":["https:\/\/www.facebook.com\/immobilienbusiness\/"]},{"@type":"Person","@id":"https:\/\/www.immobilienbusiness.ch\/#\/schema\/person\/3fc036297b10b9f42d6db5ee932af8c8","name":"anja.hall","image":{"@type":"ImageObject","inLanguage":"de","@id":"https:\/\/secure.gravatar.com\/avatar\/066b5a0d447013502c71a5782f4f3469f03cfe595cc2329fb94652fe47511bfb?s=96&d=mm&r=g","url":"https:\/\/secure.gravatar.com\/avatar\/066b5a0d447013502c71a5782f4f3469f03cfe595cc2329fb94652fe47511bfb?s=96&d=mm&r=g","contentUrl":"https:\/\/secure.gravatar.com\/avatar\/066b5a0d447013502c71a5782f4f3469f03cfe595cc2329fb94652fe47511bfb?s=96&d=mm&r=g","caption":"anja.hall"},"url":"https:\/\/www.immobilienbusiness.ch\/de\/author\/anja-hall\/"}]}},"_links":{"self":[{"href":"https:\/\/www.immobilienbusiness.ch\/de\/wp-json\/wp\/v2\/posts\/12098","targetHints":{"allow":["GET"]}}],"collection":[{"href":"https:\/\/www.immobilienbusiness.ch\/de\/wp-json\/wp\/v2\/posts"}],"about":[{"href":"https:\/\/www.immobilienbusiness.ch\/de\/wp-json\/wp\/v2\/types\/post"}],"author":[{"embeddable":true,"href":"https:\/\/www.immobilienbusiness.ch\/de\/wp-json\/wp\/v2\/users\/3"}],"replies":[{"embeddable":true,"href":"https:\/\/www.immobilienbusiness.ch\/de\/wp-json\/wp\/v2\/comments?post=12098"}],"version-history":[{"count":0,"href":"https:\/\/www.immobilienbusiness.ch\/de\/wp-json\/wp\/v2\/posts\/12098\/revisions"}],"wp:featuredmedia":[{"embeddable":true,"href":"https:\/\/www.immobilienbusiness.ch\/de\/wp-json\/wp\/v2\/media\/12099"}],"wp:attachment":[{"href":"https:\/\/www.immobilienbusiness.ch\/de\/wp-json\/wp\/v2\/media?parent=12098"}],"wp:term":[{"taxonomy":"category","embeddable":true,"href":"https:\/\/www.immobilienbusiness.ch\/de\/wp-json\/wp\/v2\/categories?post=12098"},{"taxonomy":"post_tag","embeddable":true,"href":"https:\/\/www.immobilienbusiness.ch\/de\/wp-json\/wp\/v2\/tags?post=12098"}],"curies":[{"name":"wp","href":"https:\/\/api.w.org\/{rel}","templated":true}]}}