{"id":12038,"date":"2018-04-10T08:50:50","date_gmt":"2018-04-10T06:50:50","guid":{"rendered":"https:\/\/www.immobilienbusiness.ch\/?p=12038"},"modified":"2018-04-10T08:50:50","modified_gmt":"2018-04-10T06:50:50","slug":"ebikon-im-quartier-qube-sollen-340-wohnungen-entstehen","status":"publish","type":"post","link":"https:\/\/www.immobilienbusiness.ch\/de\/regionen\/2018-04-10\/ebikon-im-quartier-qube-sollen-340-wohnungen-entstehen\/","title":{"rendered":"Ebikon: Auf dem Areal Weichle sollen bis zu 340 Wohnungen entstehen"},"content":{"rendered":"<figure id=\"attachment_12053\" aria-describedby=\"caption-attachment-12053\" style=\"width: 680px\" class=\"wp-caption alignnone\"><img loading=\"lazy\" decoding=\"async\" class=\"size-medium wp-image-12053\" src=\"https:\/\/www.immobilienbusiness.ch\/wp-content\/uploads\/2018\/04\/Weichle-Ebikon.jpg\" alt=\"\" width=\"680\" height=\"383\" srcset=\"https:\/\/www.immobilienbusiness.ch\/wp-content\/uploads\/2018\/04\/Weichle-Ebikon.jpg 1772w, https:\/\/www.immobilienbusiness.ch\/wp-content\/uploads\/2018\/04\/Weichle-Ebikon-300x169.jpg 300w, https:\/\/www.immobilienbusiness.ch\/wp-content\/uploads\/2018\/04\/Weichle-Ebikon-1024x576.jpg 1024w, https:\/\/www.immobilienbusiness.ch\/wp-content\/uploads\/2018\/04\/Weichle-Ebikon-768x432.jpg 768w, https:\/\/www.immobilienbusiness.ch\/wp-content\/uploads\/2018\/04\/Weichle-Ebikon-1536x864.jpg 1536w, https:\/\/www.immobilienbusiness.ch\/wp-content\/uploads\/2018\/04\/Weichle-Ebikon-16x9.jpg 16w, https:\/\/www.immobilienbusiness.ch\/wp-content\/uploads\/2018\/04\/Weichle-Ebikon-311x175.jpg 311w, https:\/\/www.immobilienbusiness.ch\/wp-content\/uploads\/2018\/04\/Weichle-Ebikon-622x350.jpg 622w, https:\/\/www.immobilienbusiness.ch\/wp-content\/uploads\/2018\/04\/Weichle-Ebikon-1422x800.jpg 1422w, https:\/\/www.immobilienbusiness.ch\/wp-content\/uploads\/2018\/04\/Weichle-Ebikon-920x518.jpg 920w, https:\/\/www.immobilienbusiness.ch\/wp-content\/uploads\/2018\/04\/Weichle-Ebikon-1400x788.jpg 1400w\" sizes=\"auto, (max-width: 680px) 100vw, 680px\" \/><figcaption id=\"caption-attachment-12053\" class=\"wp-caption-text\">Das Areal Weichle soll \u00fcberbaut werden (Bild: Stefan Jurendic, Quelle: Gemeinde Ebikon)<\/figcaption><\/figure>\n<p>Auf dem Areal Weichle, wo sich derzeit der unter anderem der MParc, die alte Landi und Vino Vintana befinden, sollen bis zu 340 neue Wohnungen entstehen. Die heute gewerblich genutzte Fl\u00e4che soll in das Quartier Qube mit Wohnnutzung und Kleingewerbe umgebaut werden. Es werde \u00abein komplett neues Quartier mit Lebens-, Arbeits- und Begegnungsr\u00e4umen\u00bb entstehen, teilt die Gemeinde Ebikon mit.<\/p>\n<p>Im Quartier Qube sind Wohnungen f\u00fcr unterschiedliche Haushaltstypen sowie Ateliers, B\u00fcror\u00e4ume und Kleingewerbefl\u00e4chen geplant. Im Richtprojekt, das als Basis f\u00fcr den Bebauungsplan dient, sind die Obergeschosse mehrheitlich dem Wohnen zugeteilt. \u00dcber alle Geb\u00e4ude sind Drei- und Vierzimmerwohnungen geplant. \u00dcberhohe Erdgeschosse entlang den Strassen sind f\u00fcr \u00f6ffentliche, gemeinschaftliche und gewerbliche Nutzungen vorgesehen.<\/p>\n<p>Geplant sind auch ein Hochhaus mit 55 Metern und ein benachbartes Terrassenhaus. In den ersten Obergeschossen dieser Geb\u00e4ude sollen B\u00fcrofl\u00e4chen f\u00fcr Dienstleister wie Arztpraxen untergebracht werden. Zudem sind 265 Parkpl\u00e4tze vorgesehen. Entworfen wurde die \u00dcberbauung von Hosoya Schaefer Architects zusammen mit Vulkan Landschaftsarchitektur im Auftrag der Migros Luzern.<\/p>\n<p>Die \u00f6ffentliche Auflage findet noch bis zum 8. Mai 2018 statt. Nach der Behandlung allf\u00e4lliger Einsprachen k\u00f6nnen die B\u00fcrger von Ebikon \u00fcber den Bebauungsplan abstimmen.<\/p>\n","protected":false},"excerpt":{"rendered":"<p>Auf dem Areal Weichle in Ebikon ist ein neues Quartier mit Wohnungen und Kleingewerbe geplant.<\/p>\n","protected":false},"author":3,"featured_media":12053,"comment_status":"open","ping_status":"open","sticky":false,"template":"","format":"standard","meta":{"_acf_changed":false,"_yoast_wpseo_focuskw":"Qube","_yoast_wpseo_title":"","_yoast_wpseo_metadesc":"Auf dem Areal Weichle in Ebikon, wo sich bislang unter anderem der MParc, die alte Landi und die Vino Vintana AG befinden, ist das Quartier Qube mit Wohnungen und Kleingewerbe geplant.","_yoast_wpseo_linkdex":57,"pgc_sgb_lightbox_settings":"","footnotes":""},"categories":[985],"tags":[1181,1600,1629,1724,1874],"class_list":["post-12038","post","type-post","status-publish","format-standard","has-post-thumbnail","hentry","category-regionen","tag-ebikon","tag-projekt-in-planung","tag-regionen","tag-stadtentwicklung","tag-zentralschweiz"],"acf":[],"yoast_head":"<!-- This site is optimized with the Yoast SEO plugin v27.4 - https:\/\/yoast.com\/product\/yoast-seo-wordpress\/ -->\n<title>Ebikon: Auf dem Areal Weichle sollen bis zu 340 Wohnungen entstehen - IMMOBILIEN Business<\/title>\n<meta name=\"description\" content=\"Auf dem Areal Weichle in Ebikon, wo sich bislang unter anderem der MParc, die alte Landi und die Vino Vintana AG befinden, ist das Quartier Qube mit Wohnungen und Kleingewerbe geplant.\" \/>\n<meta name=\"robots\" content=\"index, follow, max-snippet:-1, max-image-preview:large, max-video-preview:-1\" \/>\n<link rel=\"canonical\" href=\"https:\/\/www.immobilienbusiness.ch\/de\/regionen\/2018-04-10\/ebikon-im-quartier-qube-sollen-340-wohnungen-entstehen\/\" \/>\n<meta property=\"og:locale\" content=\"de_DE\" \/>\n<meta property=\"og:type\" content=\"article\" \/>\n<meta property=\"og:title\" content=\"Ebikon: Auf dem Areal Weichle sollen bis zu 340 Wohnungen entstehen - IMMOBILIEN Business\" \/>\n<meta property=\"og:description\" content=\"Auf dem Areal Weichle in Ebikon, wo sich bislang unter anderem der MParc, die alte Landi und die Vino Vintana AG befinden, ist das Quartier Qube mit Wohnungen und Kleingewerbe geplant.\" \/>\n<meta property=\"og:url\" content=\"https:\/\/www.immobilienbusiness.ch\/de\/regionen\/2018-04-10\/ebikon-im-quartier-qube-sollen-340-wohnungen-entstehen\/\" \/>\n<meta property=\"og:site_name\" content=\"IMMOBILIEN Business\" \/>\n<meta property=\"article:publisher\" content=\"https:\/\/www.facebook.com\/immobilienbusiness\/\" \/>\n<meta property=\"article:published_time\" content=\"2018-04-10T06:50:50+00:00\" \/>\n<meta property=\"og:image\" content=\"https:\/\/www.immobilienbusiness.ch\/wp-content\/uploads\/2018\/04\/Weichle-Ebikon.jpg\" \/>\n\t<meta property=\"og:image:width\" content=\"1772\" \/>\n\t<meta property=\"og:image:height\" content=\"997\" \/>\n\t<meta property=\"og:image:type\" content=\"image\/jpeg\" \/>\n<meta name=\"author\" content=\"anja.hall\" \/>\n<meta name=\"twitter:card\" content=\"summary_large_image\" \/>\n<meta name=\"twitter:image\" content=\"https:\/\/www.immobilienbusiness.ch\/wp-content\/uploads\/2018\/04\/Weichle-Ebikon.jpg\" \/>\n<script type=\"application\/ld+json\" class=\"yoast-schema-graph\">{\"@context\":\"https:\\\/\\\/schema.org\",\"@graph\":[{\"@type\":\"Article\",\"@id\":\"https:\\\/\\\/www.immobilienbusiness.ch\\\/en\\\/regionen\\\/2018-04-10\\\/ebikon-im-quartier-qube-sollen-340-wohnungen-entstehen\\\/#article\",\"isPartOf\":{\"@id\":\"https:\\\/\\\/www.immobilienbusiness.ch\\\/en\\\/regionen\\\/2018-04-10\\\/ebikon-im-quartier-qube-sollen-340-wohnungen-entstehen\\\/\"},\"author\":{\"name\":\"anja.hall\",\"@id\":\"https:\\\/\\\/www.immobilienbusiness.ch\\\/#\\\/schema\\\/person\\\/3fc036297b10b9f42d6db5ee932af8c8\"},\"headline\":\"Ebikon: Auf dem Areal Weichle sollen bis zu 340 Wohnungen entstehen\",\"datePublished\":\"2018-04-10T06:50:50+00:00\",\"mainEntityOfPage\":{\"@id\":\"https:\\\/\\\/www.immobilienbusiness.ch\\\/en\\\/regionen\\\/2018-04-10\\\/ebikon-im-quartier-qube-sollen-340-wohnungen-entstehen\\\/\"},\"wordCount\":224,\"commentCount\":0,\"publisher\":{\"@id\":\"https:\\\/\\\/www.immobilienbusiness.ch\\\/#organization\"},\"image\":{\"@id\":\"https:\\\/\\\/www.immobilienbusiness.ch\\\/en\\\/regionen\\\/2018-04-10\\\/ebikon-im-quartier-qube-sollen-340-wohnungen-entstehen\\\/#primaryimage\"},\"thumbnailUrl\":\"https:\\\/\\\/www.immobilienbusiness.ch\\\/wp-content\\\/uploads\\\/2018\\\/04\\\/Weichle-Ebikon.jpg\",\"keywords\":[\"Ebikon\",\"Projekt in Planung\",\"Regionen\",\"Stadtentwicklung\",\"Zentralschweiz\"],\"articleSection\":[\"REGIONEN\"],\"inLanguage\":\"de\"},{\"@type\":\"WebPage\",\"@id\":\"https:\\\/\\\/www.immobilienbusiness.ch\\\/en\\\/regionen\\\/2018-04-10\\\/ebikon-im-quartier-qube-sollen-340-wohnungen-entstehen\\\/\",\"url\":\"https:\\\/\\\/www.immobilienbusiness.ch\\\/en\\\/regionen\\\/2018-04-10\\\/ebikon-im-quartier-qube-sollen-340-wohnungen-entstehen\\\/\",\"name\":\"Ebikon: Auf dem Areal Weichle sollen bis zu 340 Wohnungen entstehen - IMMOBILIEN Business\",\"isPartOf\":{\"@id\":\"https:\\\/\\\/www.immobilienbusiness.ch\\\/#website\"},\"primaryImageOfPage\":{\"@id\":\"https:\\\/\\\/www.immobilienbusiness.ch\\\/en\\\/regionen\\\/2018-04-10\\\/ebikon-im-quartier-qube-sollen-340-wohnungen-entstehen\\\/#primaryimage\"},\"image\":{\"@id\":\"https:\\\/\\\/www.immobilienbusiness.ch\\\/en\\\/regionen\\\/2018-04-10\\\/ebikon-im-quartier-qube-sollen-340-wohnungen-entstehen\\\/#primaryimage\"},\"thumbnailUrl\":\"https:\\\/\\\/www.immobilienbusiness.ch\\\/wp-content\\\/uploads\\\/2018\\\/04\\\/Weichle-Ebikon.jpg\",\"datePublished\":\"2018-04-10T06:50:50+00:00\",\"description\":\"Auf dem Areal Weichle in Ebikon, wo sich bislang unter anderem der MParc, die alte Landi und die Vino Vintana AG befinden, ist das Quartier Qube mit Wohnungen und Kleingewerbe geplant.\",\"breadcrumb\":{\"@id\":\"https:\\\/\\\/www.immobilienbusiness.ch\\\/en\\\/regionen\\\/2018-04-10\\\/ebikon-im-quartier-qube-sollen-340-wohnungen-entstehen\\\/#breadcrumb\"},\"inLanguage\":\"de\",\"potentialAction\":[{\"@type\":\"ReadAction\",\"target\":[\"https:\\\/\\\/www.immobilienbusiness.ch\\\/en\\\/regionen\\\/2018-04-10\\\/ebikon-im-quartier-qube-sollen-340-wohnungen-entstehen\\\/\"]}]},{\"@type\":\"ImageObject\",\"inLanguage\":\"de\",\"@id\":\"https:\\\/\\\/www.immobilienbusiness.ch\\\/en\\\/regionen\\\/2018-04-10\\\/ebikon-im-quartier-qube-sollen-340-wohnungen-entstehen\\\/#primaryimage\",\"url\":\"https:\\\/\\\/www.immobilienbusiness.ch\\\/wp-content\\\/uploads\\\/2018\\\/04\\\/Weichle-Ebikon.jpg\",\"contentUrl\":\"https:\\\/\\\/www.immobilienbusiness.ch\\\/wp-content\\\/uploads\\\/2018\\\/04\\\/Weichle-Ebikon.jpg\",\"width\":1772,\"height\":997,\"caption\":\"Das Areal Weichle soll mit dem Quartier Qube \u00fcberbauut werden (Bild: Stefan Jurendic, Quelle: Gemeinde Ebikon)\"},{\"@type\":\"BreadcrumbList\",\"@id\":\"https:\\\/\\\/www.immobilienbusiness.ch\\\/en\\\/regionen\\\/2018-04-10\\\/ebikon-im-quartier-qube-sollen-340-wohnungen-entstehen\\\/#breadcrumb\",\"itemListElement\":[{\"@type\":\"ListItem\",\"position\":1,\"name\":\"Home\",\"item\":\"https:\\\/\\\/www.immobilienbusiness.ch\\\/\"},{\"@type\":\"ListItem\",\"position\":2,\"name\":\"Ebikon: Auf dem Areal Weichle sollen bis zu 340 Wohnungen entstehen\"}]},{\"@type\":\"WebSite\",\"@id\":\"https:\\\/\\\/www.immobilienbusiness.ch\\\/#website\",\"url\":\"https:\\\/\\\/www.immobilienbusiness.ch\\\/\",\"name\":\"IMMOBILIEN Business\",\"description\":\"Unabh\u00e4ngiges Schweizer Wirtschaftsmagazin mit Fokus auf Immobilien, Architektur- und Bau sowie Investment- und Finanzierung.\",\"publisher\":{\"@id\":\"https:\\\/\\\/www.immobilienbusiness.ch\\\/#organization\"},\"potentialAction\":[{\"@type\":\"SearchAction\",\"target\":{\"@type\":\"EntryPoint\",\"urlTemplate\":\"https:\\\/\\\/www.immobilienbusiness.ch\\\/?s={search_term_string}\"},\"query-input\":{\"@type\":\"PropertyValueSpecification\",\"valueRequired\":true,\"valueName\":\"search_term_string\"}}],\"inLanguage\":\"de\"},{\"@type\":\"Organization\",\"@id\":\"https:\\\/\\\/www.immobilienbusiness.ch\\\/#organization\",\"name\":\"IMMOBILIEN Business\",\"url\":\"https:\\\/\\\/www.immobilienbusiness.ch\\\/\",\"logo\":{\"@type\":\"ImageObject\",\"inLanguage\":\"de\",\"@id\":\"https:\\\/\\\/www.immobilienbusiness.ch\\\/#\\\/schema\\\/logo\\\/image\\\/\",\"url\":\"https:\\\/\\\/www.immobilienbusiness.ch\\\/wp-content\\\/uploads\\\/2021\\\/07\\\/logo_ib.png\",\"contentUrl\":\"https:\\\/\\\/www.immobilienbusiness.ch\\\/wp-content\\\/uploads\\\/2021\\\/07\\\/logo_ib.png\",\"width\":800,\"height\":181,\"caption\":\"IMMOBILIEN Business\"},\"image\":{\"@id\":\"https:\\\/\\\/www.immobilienbusiness.ch\\\/#\\\/schema\\\/logo\\\/image\\\/\"},\"sameAs\":[\"https:\\\/\\\/www.facebook.com\\\/immobilienbusiness\\\/\"]},{\"@type\":\"Person\",\"@id\":\"https:\\\/\\\/www.immobilienbusiness.ch\\\/#\\\/schema\\\/person\\\/3fc036297b10b9f42d6db5ee932af8c8\",\"name\":\"anja.hall\",\"image\":{\"@type\":\"ImageObject\",\"inLanguage\":\"de\",\"@id\":\"https:\\\/\\\/secure.gravatar.com\\\/avatar\\\/066b5a0d447013502c71a5782f4f3469f03cfe595cc2329fb94652fe47511bfb?s=96&d=mm&r=g\",\"url\":\"https:\\\/\\\/secure.gravatar.com\\\/avatar\\\/066b5a0d447013502c71a5782f4f3469f03cfe595cc2329fb94652fe47511bfb?s=96&d=mm&r=g\",\"contentUrl\":\"https:\\\/\\\/secure.gravatar.com\\\/avatar\\\/066b5a0d447013502c71a5782f4f3469f03cfe595cc2329fb94652fe47511bfb?s=96&d=mm&r=g\",\"caption\":\"anja.hall\"},\"url\":\"https:\\\/\\\/www.immobilienbusiness.ch\\\/de\\\/author\\\/anja-hall\\\/\"}]}<\/script>\n<!-- \/ Yoast SEO plugin. -->","yoast_head_json":{"title":"Ebikon: Auf dem Areal Weichle sollen bis zu 340 Wohnungen entstehen - IMMOBILIEN Business","description":"Auf dem Areal Weichle in Ebikon, wo sich bislang unter anderem der MParc, die alte Landi und die Vino Vintana AG befinden, ist das Quartier Qube mit Wohnungen und Kleingewerbe geplant.","robots":{"index":"index","follow":"follow","max-snippet":"max-snippet:-1","max-image-preview":"max-image-preview:large","max-video-preview":"max-video-preview:-1"},"canonical":"https:\/\/www.immobilienbusiness.ch\/de\/regionen\/2018-04-10\/ebikon-im-quartier-qube-sollen-340-wohnungen-entstehen\/","og_locale":"de_DE","og_type":"article","og_title":"Ebikon: Auf dem Areal Weichle sollen bis zu 340 Wohnungen entstehen - IMMOBILIEN Business","og_description":"Auf dem Areal Weichle in Ebikon, wo sich bislang unter anderem der MParc, die alte Landi und die Vino Vintana AG befinden, ist das Quartier Qube mit Wohnungen und Kleingewerbe geplant.","og_url":"https:\/\/www.immobilienbusiness.ch\/de\/regionen\/2018-04-10\/ebikon-im-quartier-qube-sollen-340-wohnungen-entstehen\/","og_site_name":"IMMOBILIEN Business","article_publisher":"https:\/\/www.facebook.com\/immobilienbusiness\/","article_published_time":"2018-04-10T06:50:50+00:00","og_image":[{"width":1772,"height":997,"url":"https:\/\/www.immobilienbusiness.ch\/wp-content\/uploads\/2018\/04\/Weichle-Ebikon.jpg","type":"image\/jpeg"}],"author":"anja.hall","twitter_card":"summary_large_image","twitter_image":"https:\/\/www.immobilienbusiness.ch\/wp-content\/uploads\/2018\/04\/Weichle-Ebikon.jpg","schema":{"@context":"https:\/\/schema.org","@graph":[{"@type":"Article","@id":"https:\/\/www.immobilienbusiness.ch\/en\/regionen\/2018-04-10\/ebikon-im-quartier-qube-sollen-340-wohnungen-entstehen\/#article","isPartOf":{"@id":"https:\/\/www.immobilienbusiness.ch\/en\/regionen\/2018-04-10\/ebikon-im-quartier-qube-sollen-340-wohnungen-entstehen\/"},"author":{"name":"anja.hall","@id":"https:\/\/www.immobilienbusiness.ch\/#\/schema\/person\/3fc036297b10b9f42d6db5ee932af8c8"},"headline":"Ebikon: Auf dem Areal Weichle sollen bis zu 340 Wohnungen entstehen","datePublished":"2018-04-10T06:50:50+00:00","mainEntityOfPage":{"@id":"https:\/\/www.immobilienbusiness.ch\/en\/regionen\/2018-04-10\/ebikon-im-quartier-qube-sollen-340-wohnungen-entstehen\/"},"wordCount":224,"commentCount":0,"publisher":{"@id":"https:\/\/www.immobilienbusiness.ch\/#organization"},"image":{"@id":"https:\/\/www.immobilienbusiness.ch\/en\/regionen\/2018-04-10\/ebikon-im-quartier-qube-sollen-340-wohnungen-entstehen\/#primaryimage"},"thumbnailUrl":"https:\/\/www.immobilienbusiness.ch\/wp-content\/uploads\/2018\/04\/Weichle-Ebikon.jpg","keywords":["Ebikon","Projekt in Planung","Regionen","Stadtentwicklung","Zentralschweiz"],"articleSection":["REGIONEN"],"inLanguage":"de"},{"@type":"WebPage","@id":"https:\/\/www.immobilienbusiness.ch\/en\/regionen\/2018-04-10\/ebikon-im-quartier-qube-sollen-340-wohnungen-entstehen\/","url":"https:\/\/www.immobilienbusiness.ch\/en\/regionen\/2018-04-10\/ebikon-im-quartier-qube-sollen-340-wohnungen-entstehen\/","name":"Ebikon: Auf dem Areal Weichle sollen bis zu 340 Wohnungen entstehen - IMMOBILIEN Business","isPartOf":{"@id":"https:\/\/www.immobilienbusiness.ch\/#website"},"primaryImageOfPage":{"@id":"https:\/\/www.immobilienbusiness.ch\/en\/regionen\/2018-04-10\/ebikon-im-quartier-qube-sollen-340-wohnungen-entstehen\/#primaryimage"},"image":{"@id":"https:\/\/www.immobilienbusiness.ch\/en\/regionen\/2018-04-10\/ebikon-im-quartier-qube-sollen-340-wohnungen-entstehen\/#primaryimage"},"thumbnailUrl":"https:\/\/www.immobilienbusiness.ch\/wp-content\/uploads\/2018\/04\/Weichle-Ebikon.jpg","datePublished":"2018-04-10T06:50:50+00:00","description":"Auf dem Areal Weichle in Ebikon, wo sich bislang unter anderem der MParc, die alte Landi und die Vino Vintana AG befinden, ist das Quartier Qube mit Wohnungen und Kleingewerbe geplant.","breadcrumb":{"@id":"https:\/\/www.immobilienbusiness.ch\/en\/regionen\/2018-04-10\/ebikon-im-quartier-qube-sollen-340-wohnungen-entstehen\/#breadcrumb"},"inLanguage":"de","potentialAction":[{"@type":"ReadAction","target":["https:\/\/www.immobilienbusiness.ch\/en\/regionen\/2018-04-10\/ebikon-im-quartier-qube-sollen-340-wohnungen-entstehen\/"]}]},{"@type":"ImageObject","inLanguage":"de","@id":"https:\/\/www.immobilienbusiness.ch\/en\/regionen\/2018-04-10\/ebikon-im-quartier-qube-sollen-340-wohnungen-entstehen\/#primaryimage","url":"https:\/\/www.immobilienbusiness.ch\/wp-content\/uploads\/2018\/04\/Weichle-Ebikon.jpg","contentUrl":"https:\/\/www.immobilienbusiness.ch\/wp-content\/uploads\/2018\/04\/Weichle-Ebikon.jpg","width":1772,"height":997,"caption":"Das Areal Weichle soll mit dem Quartier Qube \u00fcberbauut werden (Bild: Stefan Jurendic, Quelle: Gemeinde Ebikon)"},{"@type":"BreadcrumbList","@id":"https:\/\/www.immobilienbusiness.ch\/en\/regionen\/2018-04-10\/ebikon-im-quartier-qube-sollen-340-wohnungen-entstehen\/#breadcrumb","itemListElement":[{"@type":"ListItem","position":1,"name":"Home","item":"https:\/\/www.immobilienbusiness.ch\/"},{"@type":"ListItem","position":2,"name":"Ebikon: Auf dem Areal Weichle sollen bis zu 340 Wohnungen entstehen"}]},{"@type":"WebSite","@id":"https:\/\/www.immobilienbusiness.ch\/#website","url":"https:\/\/www.immobilienbusiness.ch\/","name":"IMMOBILIEN Business","description":"Unabh\u00e4ngiges Schweizer Wirtschaftsmagazin mit Fokus auf Immobilien, Architektur- und Bau sowie Investment- und Finanzierung.","publisher":{"@id":"https:\/\/www.immobilienbusiness.ch\/#organization"},"potentialAction":[{"@type":"SearchAction","target":{"@type":"EntryPoint","urlTemplate":"https:\/\/www.immobilienbusiness.ch\/?s={search_term_string}"},"query-input":{"@type":"PropertyValueSpecification","valueRequired":true,"valueName":"search_term_string"}}],"inLanguage":"de"},{"@type":"Organization","@id":"https:\/\/www.immobilienbusiness.ch\/#organization","name":"IMMOBILIEN Business","url":"https:\/\/www.immobilienbusiness.ch\/","logo":{"@type":"ImageObject","inLanguage":"de","@id":"https:\/\/www.immobilienbusiness.ch\/#\/schema\/logo\/image\/","url":"https:\/\/www.immobilienbusiness.ch\/wp-content\/uploads\/2021\/07\/logo_ib.png","contentUrl":"https:\/\/www.immobilienbusiness.ch\/wp-content\/uploads\/2021\/07\/logo_ib.png","width":800,"height":181,"caption":"IMMOBILIEN Business"},"image":{"@id":"https:\/\/www.immobilienbusiness.ch\/#\/schema\/logo\/image\/"},"sameAs":["https:\/\/www.facebook.com\/immobilienbusiness\/"]},{"@type":"Person","@id":"https:\/\/www.immobilienbusiness.ch\/#\/schema\/person\/3fc036297b10b9f42d6db5ee932af8c8","name":"anja.hall","image":{"@type":"ImageObject","inLanguage":"de","@id":"https:\/\/secure.gravatar.com\/avatar\/066b5a0d447013502c71a5782f4f3469f03cfe595cc2329fb94652fe47511bfb?s=96&d=mm&r=g","url":"https:\/\/secure.gravatar.com\/avatar\/066b5a0d447013502c71a5782f4f3469f03cfe595cc2329fb94652fe47511bfb?s=96&d=mm&r=g","contentUrl":"https:\/\/secure.gravatar.com\/avatar\/066b5a0d447013502c71a5782f4f3469f03cfe595cc2329fb94652fe47511bfb?s=96&d=mm&r=g","caption":"anja.hall"},"url":"https:\/\/www.immobilienbusiness.ch\/de\/author\/anja-hall\/"}]}},"_links":{"self":[{"href":"https:\/\/www.immobilienbusiness.ch\/de\/wp-json\/wp\/v2\/posts\/12038","targetHints":{"allow":["GET"]}}],"collection":[{"href":"https:\/\/www.immobilienbusiness.ch\/de\/wp-json\/wp\/v2\/posts"}],"about":[{"href":"https:\/\/www.immobilienbusiness.ch\/de\/wp-json\/wp\/v2\/types\/post"}],"author":[{"embeddable":true,"href":"https:\/\/www.immobilienbusiness.ch\/de\/wp-json\/wp\/v2\/users\/3"}],"replies":[{"embeddable":true,"href":"https:\/\/www.immobilienbusiness.ch\/de\/wp-json\/wp\/v2\/comments?post=12038"}],"version-history":[{"count":0,"href":"https:\/\/www.immobilienbusiness.ch\/de\/wp-json\/wp\/v2\/posts\/12038\/revisions"}],"wp:featuredmedia":[{"embeddable":true,"href":"https:\/\/www.immobilienbusiness.ch\/de\/wp-json\/wp\/v2\/media\/12053"}],"wp:attachment":[{"href":"https:\/\/www.immobilienbusiness.ch\/de\/wp-json\/wp\/v2\/media?parent=12038"}],"wp:term":[{"taxonomy":"category","embeddable":true,"href":"https:\/\/www.immobilienbusiness.ch\/de\/wp-json\/wp\/v2\/categories?post=12038"},{"taxonomy":"post_tag","embeddable":true,"href":"https:\/\/www.immobilienbusiness.ch\/de\/wp-json\/wp\/v2\/tags?post=12038"}],"curies":[{"name":"wp","href":"https:\/\/api.w.org\/{rel}","templated":true}]}}