{"id":11936,"date":"2018-04-03T10:02:42","date_gmt":"2018-04-03T08:02:42","guid":{"rendered":"https:\/\/www.immobilienbusiness.ch\/?p=11936"},"modified":"2018-04-03T10:02:42","modified_gmt":"2018-04-03T08:02:42","slug":"mobimo-ceo-caviezel-gibt-amt-2019-auf","status":"publish","type":"post","link":"https:\/\/www.immobilienbusiness.ch\/de\/unternehmen\/2018-04-03\/mobimo-ceo-caviezel-gibt-amt-2019-auf\/","title":{"rendered":"Mobimo-CEO Caviezel gibt sein Amt 2019 auf"},"content":{"rendered":"<figure id=\"attachment_6230\" aria-describedby=\"caption-attachment-6230\" style=\"width: 624px\" class=\"wp-caption alignnone\"><img loading=\"lazy\" decoding=\"async\" class=\"size-full wp-image-6230\" src=\"https:\/\/www.immobilienbusiness.ch\/wp-content\/uploads\/2017\/02\/Eataly-w\u00e4hlt-Flon-Quartier-als-ersten-Schweizer-Standort-immobilien-business-680x454.jpg\" alt=\"\" width=\"624\" height=\"417\" \/><figcaption id=\"caption-attachment-6230\" class=\"wp-caption-text\">Eines der Grossprojekte von Mobimo: das Flon-Quartier in Lausanne (Bild: Mobimo)<\/figcaption><\/figure>\n<p>Christoph Caviezel stand mehr als zehn Jahre an der Spitze der Mobimo Holding, im Fr\u00fchjahr 2019 will er die operative F\u00fchrung des Unternehmens \u00fcbergeben. Die Suche nach einem neuen CEO werde zeitnah eingeleitet, heisst es in einer Mitteilung der Mobimo.<\/p>\n<p>Verwaltungsratspr\u00e4sident Georges Theiler k\u00fcndigte ausserdem anl\u00e4sslich der Generalversammlung an, dass er und sein Verwaltungsratskollege Wilhelm Hansen 2019 nicht mehr zur Wiederwahl zur Verf\u00fcgung stehen werden. Peter Schaub soll als neuer Pr\u00e4sident des Verwaltungsrats vorgeschlagen werden, zudem soll Christoph Caviezel in das Gremium gew\u00e4hlt werden.<\/p>\n<p>Auf der 18. ordentlichen Generalversammlung der Mobimo Holding\u00a0 waren 61,75 Prozent des stimmberechtigten Aktienkapitals vertreten, insgesamt hatten 183 Aktion\u00e4re teilgenommen. S\u00e4mtliche Antr\u00e4ge des Verwaltungsrats wurden genehmigt, unter anderem soll eine unver\u00e4nderte Dividende von 10,00 CHF\/Aktie ausgesch\u00fcttet werden.<\/p>\n","protected":false},"excerpt":{"rendered":"<p>Bei der Generalversammlung der Mobimo Holding wurden personelle Ver\u00e4nderungen angek\u00fcndigt. Im kommenden Fr\u00fchjahr will der langj\u00e4hrige CEO Christoph Caviezel sein Amt aufgeben und in den Verwaltungsrat wechseln.<\/p>\n","protected":false},"author":3,"featured_media":6230,"comment_status":"open","ping_status":"open","sticky":false,"template":"","format":"standard","meta":{"_acf_changed":false,"_yoast_wpseo_focuskw":"Caviezel","_yoast_wpseo_title":"","_yoast_wpseo_metadesc":"Bei der Generalversammlung der Mobimo Holding wurden personelle Ver\u00e4nderungen angek\u00fcndigt. Im kommenden Fr\u00fchjahr will der langj\u00e4hrige CEO Christoph Caviezel sein Amt aufgeben und in den Verwaltungsrat wechseln.","_yoast_wpseo_linkdex":69,"pgc_sgb_lightbox_settings":"","footnotes":""},"categories":[988],"tags":[1503,1563,1807],"class_list":["post-11936","post","type-post","status-publish","format-standard","has-post-thumbnail","hentry","category-unternehmen","tag-mobimo","tag-personalia","tag-unternehmen"],"acf":[],"yoast_head":"<!-- This site is optimized with the Yoast SEO plugin v27.4 - https:\/\/yoast.com\/product\/yoast-seo-wordpress\/ -->\n<title>Mobimo-CEO Caviezel gibt sein Amt 2019 auf - IMMOBILIEN Business<\/title>\n<meta name=\"description\" content=\"Bei der Generalversammlung der Mobimo Holding wurden personelle Ver\u00e4nderungen angek\u00fcndigt. Im kommenden Fr\u00fchjahr will der langj\u00e4hrige CEO Christoph Caviezel sein Amt aufgeben und in den Verwaltungsrat wechseln.\" \/>\n<meta name=\"robots\" content=\"index, follow, max-snippet:-1, max-image-preview:large, max-video-preview:-1\" \/>\n<link rel=\"canonical\" href=\"https:\/\/www.immobilienbusiness.ch\/de\/unternehmen\/2018-04-03\/mobimo-ceo-caviezel-gibt-amt-2019-auf\/\" \/>\n<meta property=\"og:locale\" content=\"de_DE\" \/>\n<meta property=\"og:type\" content=\"article\" \/>\n<meta property=\"og:title\" content=\"Mobimo-CEO Caviezel gibt sein Amt 2019 auf - IMMOBILIEN Business\" \/>\n<meta property=\"og:description\" content=\"Bei der Generalversammlung der Mobimo Holding wurden personelle Ver\u00e4nderungen angek\u00fcndigt. Im kommenden Fr\u00fchjahr will der langj\u00e4hrige CEO Christoph Caviezel sein Amt aufgeben und in den Verwaltungsrat wechseln.\" \/>\n<meta property=\"og:url\" content=\"https:\/\/www.immobilienbusiness.ch\/de\/unternehmen\/2018-04-03\/mobimo-ceo-caviezel-gibt-amt-2019-auf\/\" \/>\n<meta property=\"og:site_name\" content=\"IMMOBILIEN Business\" \/>\n<meta property=\"article:publisher\" content=\"https:\/\/www.facebook.com\/immobilienbusiness\/\" \/>\n<meta property=\"article:published_time\" content=\"2018-04-03T08:02:42+00:00\" \/>\n<meta name=\"author\" content=\"anja.hall\" \/>\n<meta name=\"twitter:card\" content=\"summary_large_image\" \/>\n<meta name=\"twitter:image\" content=\"https:\/\/www.immobilienbusiness.ch\/wp-content\/uploads\/2017\/02\/Eataly-w\u00e4hlt-Flon-Quartier-als-ersten-Schweizer-Standort-immobilien-business-680x454-624x417.jpg\" \/>\n<script type=\"application\/ld+json\" class=\"yoast-schema-graph\">{\"@context\":\"https:\\\/\\\/schema.org\",\"@graph\":[{\"@type\":\"Article\",\"@id\":\"https:\\\/\\\/www.immobilienbusiness.ch\\\/en\\\/unternehmen\\\/2018-04-03\\\/mobimo-ceo-caviezel-gibt-amt-2019-auf\\\/#article\",\"isPartOf\":{\"@id\":\"https:\\\/\\\/www.immobilienbusiness.ch\\\/en\\\/unternehmen\\\/2018-04-03\\\/mobimo-ceo-caviezel-gibt-amt-2019-auf\\\/\"},\"author\":{\"name\":\"anja.hall\",\"@id\":\"https:\\\/\\\/www.immobilienbusiness.ch\\\/#\\\/schema\\\/person\\\/3fc036297b10b9f42d6db5ee932af8c8\"},\"headline\":\"Mobimo-CEO Caviezel gibt sein Amt 2019 auf\",\"datePublished\":\"2018-04-03T08:02:42+00:00\",\"mainEntityOfPage\":{\"@id\":\"https:\\\/\\\/www.immobilienbusiness.ch\\\/en\\\/unternehmen\\\/2018-04-03\\\/mobimo-ceo-caviezel-gibt-amt-2019-auf\\\/\"},\"wordCount\":153,\"commentCount\":0,\"publisher\":{\"@id\":\"https:\\\/\\\/www.immobilienbusiness.ch\\\/#organization\"},\"image\":{\"@id\":\"https:\\\/\\\/www.immobilienbusiness.ch\\\/en\\\/unternehmen\\\/2018-04-03\\\/mobimo-ceo-caviezel-gibt-amt-2019-auf\\\/#primaryimage\"},\"thumbnailUrl\":\"https:\\\/\\\/www.immobilienbusiness.ch\\\/wp-content\\\/uploads\\\/2017\\\/02\\\/Eataly-waehlt-Flon-Quartier-als-ersten-Schweizer-Standort-immobilien-business-680x454-624x417-1.jpg\",\"keywords\":[\"Mobimo\",\"Personalia\",\"Unternehmen\"],\"articleSection\":[\"UNTERNEHMEN\"],\"inLanguage\":\"de\"},{\"@type\":\"WebPage\",\"@id\":\"https:\\\/\\\/www.immobilienbusiness.ch\\\/en\\\/unternehmen\\\/2018-04-03\\\/mobimo-ceo-caviezel-gibt-amt-2019-auf\\\/\",\"url\":\"https:\\\/\\\/www.immobilienbusiness.ch\\\/en\\\/unternehmen\\\/2018-04-03\\\/mobimo-ceo-caviezel-gibt-amt-2019-auf\\\/\",\"name\":\"Mobimo-CEO Caviezel gibt sein Amt 2019 auf - IMMOBILIEN Business\",\"isPartOf\":{\"@id\":\"https:\\\/\\\/www.immobilienbusiness.ch\\\/#website\"},\"primaryImageOfPage\":{\"@id\":\"https:\\\/\\\/www.immobilienbusiness.ch\\\/en\\\/unternehmen\\\/2018-04-03\\\/mobimo-ceo-caviezel-gibt-amt-2019-auf\\\/#primaryimage\"},\"image\":{\"@id\":\"https:\\\/\\\/www.immobilienbusiness.ch\\\/en\\\/unternehmen\\\/2018-04-03\\\/mobimo-ceo-caviezel-gibt-amt-2019-auf\\\/#primaryimage\"},\"thumbnailUrl\":\"https:\\\/\\\/www.immobilienbusiness.ch\\\/wp-content\\\/uploads\\\/2017\\\/02\\\/Eataly-waehlt-Flon-Quartier-als-ersten-Schweizer-Standort-immobilien-business-680x454-624x417-1.jpg\",\"datePublished\":\"2018-04-03T08:02:42+00:00\",\"description\":\"Bei der Generalversammlung der Mobimo Holding wurden personelle Ver\u00e4nderungen angek\u00fcndigt. Im kommenden Fr\u00fchjahr will der langj\u00e4hrige CEO Christoph Caviezel sein Amt aufgeben und in den Verwaltungsrat wechseln.\",\"breadcrumb\":{\"@id\":\"https:\\\/\\\/www.immobilienbusiness.ch\\\/en\\\/unternehmen\\\/2018-04-03\\\/mobimo-ceo-caviezel-gibt-amt-2019-auf\\\/#breadcrumb\"},\"inLanguage\":\"de\",\"potentialAction\":[{\"@type\":\"ReadAction\",\"target\":[\"https:\\\/\\\/www.immobilienbusiness.ch\\\/en\\\/unternehmen\\\/2018-04-03\\\/mobimo-ceo-caviezel-gibt-amt-2019-auf\\\/\"]}]},{\"@type\":\"ImageObject\",\"inLanguage\":\"de\",\"@id\":\"https:\\\/\\\/www.immobilienbusiness.ch\\\/en\\\/unternehmen\\\/2018-04-03\\\/mobimo-ceo-caviezel-gibt-amt-2019-auf\\\/#primaryimage\",\"url\":\"https:\\\/\\\/www.immobilienbusiness.ch\\\/wp-content\\\/uploads\\\/2017\\\/02\\\/Eataly-waehlt-Flon-Quartier-als-ersten-Schweizer-Standort-immobilien-business-680x454-624x417-1.jpg\",\"contentUrl\":\"https:\\\/\\\/www.immobilienbusiness.ch\\\/wp-content\\\/uploads\\\/2017\\\/02\\\/Eataly-waehlt-Flon-Quartier-als-ersten-Schweizer-Standort-immobilien-business-680x454-624x417-1.jpg\",\"width\":624,\"height\":417,\"caption\":\"Mobimos Grossprojekt, das Flon-Quartier in Lausanne (Bild: Mobimo)\"},{\"@type\":\"BreadcrumbList\",\"@id\":\"https:\\\/\\\/www.immobilienbusiness.ch\\\/en\\\/unternehmen\\\/2018-04-03\\\/mobimo-ceo-caviezel-gibt-amt-2019-auf\\\/#breadcrumb\",\"itemListElement\":[{\"@type\":\"ListItem\",\"position\":1,\"name\":\"Home\",\"item\":\"https:\\\/\\\/www.immobilienbusiness.ch\\\/\"},{\"@type\":\"ListItem\",\"position\":2,\"name\":\"Mobimo-CEO Caviezel gibt sein Amt 2019 auf\"}]},{\"@type\":\"WebSite\",\"@id\":\"https:\\\/\\\/www.immobilienbusiness.ch\\\/#website\",\"url\":\"https:\\\/\\\/www.immobilienbusiness.ch\\\/\",\"name\":\"IMMOBILIEN Business\",\"description\":\"Unabh\u00e4ngiges Schweizer Wirtschaftsmagazin mit Fokus auf Immobilien, Architektur- und Bau sowie Investment- und Finanzierung.\",\"publisher\":{\"@id\":\"https:\\\/\\\/www.immobilienbusiness.ch\\\/#organization\"},\"potentialAction\":[{\"@type\":\"SearchAction\",\"target\":{\"@type\":\"EntryPoint\",\"urlTemplate\":\"https:\\\/\\\/www.immobilienbusiness.ch\\\/?s={search_term_string}\"},\"query-input\":{\"@type\":\"PropertyValueSpecification\",\"valueRequired\":true,\"valueName\":\"search_term_string\"}}],\"inLanguage\":\"de\"},{\"@type\":\"Organization\",\"@id\":\"https:\\\/\\\/www.immobilienbusiness.ch\\\/#organization\",\"name\":\"IMMOBILIEN Business\",\"url\":\"https:\\\/\\\/www.immobilienbusiness.ch\\\/\",\"logo\":{\"@type\":\"ImageObject\",\"inLanguage\":\"de\",\"@id\":\"https:\\\/\\\/www.immobilienbusiness.ch\\\/#\\\/schema\\\/logo\\\/image\\\/\",\"url\":\"https:\\\/\\\/www.immobilienbusiness.ch\\\/wp-content\\\/uploads\\\/2021\\\/07\\\/logo_ib.png\",\"contentUrl\":\"https:\\\/\\\/www.immobilienbusiness.ch\\\/wp-content\\\/uploads\\\/2021\\\/07\\\/logo_ib.png\",\"width\":800,\"height\":181,\"caption\":\"IMMOBILIEN Business\"},\"image\":{\"@id\":\"https:\\\/\\\/www.immobilienbusiness.ch\\\/#\\\/schema\\\/logo\\\/image\\\/\"},\"sameAs\":[\"https:\\\/\\\/www.facebook.com\\\/immobilienbusiness\\\/\"]},{\"@type\":\"Person\",\"@id\":\"https:\\\/\\\/www.immobilienbusiness.ch\\\/#\\\/schema\\\/person\\\/3fc036297b10b9f42d6db5ee932af8c8\",\"name\":\"anja.hall\",\"image\":{\"@type\":\"ImageObject\",\"inLanguage\":\"de\",\"@id\":\"https:\\\/\\\/secure.gravatar.com\\\/avatar\\\/066b5a0d447013502c71a5782f4f3469f03cfe595cc2329fb94652fe47511bfb?s=96&d=mm&r=g\",\"url\":\"https:\\\/\\\/secure.gravatar.com\\\/avatar\\\/066b5a0d447013502c71a5782f4f3469f03cfe595cc2329fb94652fe47511bfb?s=96&d=mm&r=g\",\"contentUrl\":\"https:\\\/\\\/secure.gravatar.com\\\/avatar\\\/066b5a0d447013502c71a5782f4f3469f03cfe595cc2329fb94652fe47511bfb?s=96&d=mm&r=g\",\"caption\":\"anja.hall\"},\"url\":\"https:\\\/\\\/www.immobilienbusiness.ch\\\/de\\\/author\\\/anja-hall\\\/\"}]}<\/script>\n<!-- \/ Yoast SEO plugin. -->","yoast_head_json":{"title":"Mobimo-CEO Caviezel gibt sein Amt 2019 auf - IMMOBILIEN Business","description":"Bei der Generalversammlung der Mobimo Holding wurden personelle Ver\u00e4nderungen angek\u00fcndigt. Im kommenden Fr\u00fchjahr will der langj\u00e4hrige CEO Christoph Caviezel sein Amt aufgeben und in den Verwaltungsrat wechseln.","robots":{"index":"index","follow":"follow","max-snippet":"max-snippet:-1","max-image-preview":"max-image-preview:large","max-video-preview":"max-video-preview:-1"},"canonical":"https:\/\/www.immobilienbusiness.ch\/de\/unternehmen\/2018-04-03\/mobimo-ceo-caviezel-gibt-amt-2019-auf\/","og_locale":"de_DE","og_type":"article","og_title":"Mobimo-CEO Caviezel gibt sein Amt 2019 auf - IMMOBILIEN Business","og_description":"Bei der Generalversammlung der Mobimo Holding wurden personelle Ver\u00e4nderungen angek\u00fcndigt. Im kommenden Fr\u00fchjahr will der langj\u00e4hrige CEO Christoph Caviezel sein Amt aufgeben und in den Verwaltungsrat wechseln.","og_url":"https:\/\/www.immobilienbusiness.ch\/de\/unternehmen\/2018-04-03\/mobimo-ceo-caviezel-gibt-amt-2019-auf\/","og_site_name":"IMMOBILIEN Business","article_publisher":"https:\/\/www.facebook.com\/immobilienbusiness\/","article_published_time":"2018-04-03T08:02:42+00:00","author":"anja.hall","twitter_card":"summary_large_image","twitter_image":"https:\/\/www.immobilienbusiness.ch\/wp-content\/uploads\/2017\/02\/Eataly-w\u00e4hlt-Flon-Quartier-als-ersten-Schweizer-Standort-immobilien-business-680x454-624x417.jpg","schema":{"@context":"https:\/\/schema.org","@graph":[{"@type":"Article","@id":"https:\/\/www.immobilienbusiness.ch\/en\/unternehmen\/2018-04-03\/mobimo-ceo-caviezel-gibt-amt-2019-auf\/#article","isPartOf":{"@id":"https:\/\/www.immobilienbusiness.ch\/en\/unternehmen\/2018-04-03\/mobimo-ceo-caviezel-gibt-amt-2019-auf\/"},"author":{"name":"anja.hall","@id":"https:\/\/www.immobilienbusiness.ch\/#\/schema\/person\/3fc036297b10b9f42d6db5ee932af8c8"},"headline":"Mobimo-CEO Caviezel gibt sein Amt 2019 auf","datePublished":"2018-04-03T08:02:42+00:00","mainEntityOfPage":{"@id":"https:\/\/www.immobilienbusiness.ch\/en\/unternehmen\/2018-04-03\/mobimo-ceo-caviezel-gibt-amt-2019-auf\/"},"wordCount":153,"commentCount":0,"publisher":{"@id":"https:\/\/www.immobilienbusiness.ch\/#organization"},"image":{"@id":"https:\/\/www.immobilienbusiness.ch\/en\/unternehmen\/2018-04-03\/mobimo-ceo-caviezel-gibt-amt-2019-auf\/#primaryimage"},"thumbnailUrl":"https:\/\/www.immobilienbusiness.ch\/wp-content\/uploads\/2017\/02\/Eataly-waehlt-Flon-Quartier-als-ersten-Schweizer-Standort-immobilien-business-680x454-624x417-1.jpg","keywords":["Mobimo","Personalia","Unternehmen"],"articleSection":["UNTERNEHMEN"],"inLanguage":"de"},{"@type":"WebPage","@id":"https:\/\/www.immobilienbusiness.ch\/en\/unternehmen\/2018-04-03\/mobimo-ceo-caviezel-gibt-amt-2019-auf\/","url":"https:\/\/www.immobilienbusiness.ch\/en\/unternehmen\/2018-04-03\/mobimo-ceo-caviezel-gibt-amt-2019-auf\/","name":"Mobimo-CEO Caviezel gibt sein Amt 2019 auf - IMMOBILIEN Business","isPartOf":{"@id":"https:\/\/www.immobilienbusiness.ch\/#website"},"primaryImageOfPage":{"@id":"https:\/\/www.immobilienbusiness.ch\/en\/unternehmen\/2018-04-03\/mobimo-ceo-caviezel-gibt-amt-2019-auf\/#primaryimage"},"image":{"@id":"https:\/\/www.immobilienbusiness.ch\/en\/unternehmen\/2018-04-03\/mobimo-ceo-caviezel-gibt-amt-2019-auf\/#primaryimage"},"thumbnailUrl":"https:\/\/www.immobilienbusiness.ch\/wp-content\/uploads\/2017\/02\/Eataly-waehlt-Flon-Quartier-als-ersten-Schweizer-Standort-immobilien-business-680x454-624x417-1.jpg","datePublished":"2018-04-03T08:02:42+00:00","description":"Bei der Generalversammlung der Mobimo Holding wurden personelle Ver\u00e4nderungen angek\u00fcndigt. Im kommenden Fr\u00fchjahr will der langj\u00e4hrige CEO Christoph Caviezel sein Amt aufgeben und in den Verwaltungsrat wechseln.","breadcrumb":{"@id":"https:\/\/www.immobilienbusiness.ch\/en\/unternehmen\/2018-04-03\/mobimo-ceo-caviezel-gibt-amt-2019-auf\/#breadcrumb"},"inLanguage":"de","potentialAction":[{"@type":"ReadAction","target":["https:\/\/www.immobilienbusiness.ch\/en\/unternehmen\/2018-04-03\/mobimo-ceo-caviezel-gibt-amt-2019-auf\/"]}]},{"@type":"ImageObject","inLanguage":"de","@id":"https:\/\/www.immobilienbusiness.ch\/en\/unternehmen\/2018-04-03\/mobimo-ceo-caviezel-gibt-amt-2019-auf\/#primaryimage","url":"https:\/\/www.immobilienbusiness.ch\/wp-content\/uploads\/2017\/02\/Eataly-waehlt-Flon-Quartier-als-ersten-Schweizer-Standort-immobilien-business-680x454-624x417-1.jpg","contentUrl":"https:\/\/www.immobilienbusiness.ch\/wp-content\/uploads\/2017\/02\/Eataly-waehlt-Flon-Quartier-als-ersten-Schweizer-Standort-immobilien-business-680x454-624x417-1.jpg","width":624,"height":417,"caption":"Mobimos Grossprojekt, das Flon-Quartier in Lausanne (Bild: Mobimo)"},{"@type":"BreadcrumbList","@id":"https:\/\/www.immobilienbusiness.ch\/en\/unternehmen\/2018-04-03\/mobimo-ceo-caviezel-gibt-amt-2019-auf\/#breadcrumb","itemListElement":[{"@type":"ListItem","position":1,"name":"Home","item":"https:\/\/www.immobilienbusiness.ch\/"},{"@type":"ListItem","position":2,"name":"Mobimo-CEO Caviezel gibt sein Amt 2019 auf"}]},{"@type":"WebSite","@id":"https:\/\/www.immobilienbusiness.ch\/#website","url":"https:\/\/www.immobilienbusiness.ch\/","name":"IMMOBILIEN Business","description":"Unabh\u00e4ngiges Schweizer Wirtschaftsmagazin mit Fokus auf Immobilien, Architektur- und Bau sowie Investment- und Finanzierung.","publisher":{"@id":"https:\/\/www.immobilienbusiness.ch\/#organization"},"potentialAction":[{"@type":"SearchAction","target":{"@type":"EntryPoint","urlTemplate":"https:\/\/www.immobilienbusiness.ch\/?s={search_term_string}"},"query-input":{"@type":"PropertyValueSpecification","valueRequired":true,"valueName":"search_term_string"}}],"inLanguage":"de"},{"@type":"Organization","@id":"https:\/\/www.immobilienbusiness.ch\/#organization","name":"IMMOBILIEN Business","url":"https:\/\/www.immobilienbusiness.ch\/","logo":{"@type":"ImageObject","inLanguage":"de","@id":"https:\/\/www.immobilienbusiness.ch\/#\/schema\/logo\/image\/","url":"https:\/\/www.immobilienbusiness.ch\/wp-content\/uploads\/2021\/07\/logo_ib.png","contentUrl":"https:\/\/www.immobilienbusiness.ch\/wp-content\/uploads\/2021\/07\/logo_ib.png","width":800,"height":181,"caption":"IMMOBILIEN Business"},"image":{"@id":"https:\/\/www.immobilienbusiness.ch\/#\/schema\/logo\/image\/"},"sameAs":["https:\/\/www.facebook.com\/immobilienbusiness\/"]},{"@type":"Person","@id":"https:\/\/www.immobilienbusiness.ch\/#\/schema\/person\/3fc036297b10b9f42d6db5ee932af8c8","name":"anja.hall","image":{"@type":"ImageObject","inLanguage":"de","@id":"https:\/\/secure.gravatar.com\/avatar\/066b5a0d447013502c71a5782f4f3469f03cfe595cc2329fb94652fe47511bfb?s=96&d=mm&r=g","url":"https:\/\/secure.gravatar.com\/avatar\/066b5a0d447013502c71a5782f4f3469f03cfe595cc2329fb94652fe47511bfb?s=96&d=mm&r=g","contentUrl":"https:\/\/secure.gravatar.com\/avatar\/066b5a0d447013502c71a5782f4f3469f03cfe595cc2329fb94652fe47511bfb?s=96&d=mm&r=g","caption":"anja.hall"},"url":"https:\/\/www.immobilienbusiness.ch\/de\/author\/anja-hall\/"}]}},"_links":{"self":[{"href":"https:\/\/www.immobilienbusiness.ch\/de\/wp-json\/wp\/v2\/posts\/11936","targetHints":{"allow":["GET"]}}],"collection":[{"href":"https:\/\/www.immobilienbusiness.ch\/de\/wp-json\/wp\/v2\/posts"}],"about":[{"href":"https:\/\/www.immobilienbusiness.ch\/de\/wp-json\/wp\/v2\/types\/post"}],"author":[{"embeddable":true,"href":"https:\/\/www.immobilienbusiness.ch\/de\/wp-json\/wp\/v2\/users\/3"}],"replies":[{"embeddable":true,"href":"https:\/\/www.immobilienbusiness.ch\/de\/wp-json\/wp\/v2\/comments?post=11936"}],"version-history":[{"count":0,"href":"https:\/\/www.immobilienbusiness.ch\/de\/wp-json\/wp\/v2\/posts\/11936\/revisions"}],"wp:featuredmedia":[{"embeddable":true,"href":"https:\/\/www.immobilienbusiness.ch\/de\/wp-json\/wp\/v2\/media\/6230"}],"wp:attachment":[{"href":"https:\/\/www.immobilienbusiness.ch\/de\/wp-json\/wp\/v2\/media?parent=11936"}],"wp:term":[{"taxonomy":"category","embeddable":true,"href":"https:\/\/www.immobilienbusiness.ch\/de\/wp-json\/wp\/v2\/categories?post=11936"},{"taxonomy":"post_tag","embeddable":true,"href":"https:\/\/www.immobilienbusiness.ch\/de\/wp-json\/wp\/v2\/tags?post=11936"}],"curies":[{"name":"wp","href":"https:\/\/api.w.org\/{rel}","templated":true}]}}