{"id":11754,"date":"2018-03-20T08:29:03","date_gmt":"2018-03-20T07:29:03","guid":{"rendered":"https:\/\/www.immobilienbusiness.ch\/?p=11754"},"modified":"2018-03-20T08:29:03","modified_gmt":"2018-03-20T07:29:03","slug":"bfw-liegenschaften-veraenderung-in-der-geschaeftsleitung","status":"publish","type":"post","link":"https:\/\/www.immobilienbusiness.ch\/de\/unternehmen\/2018-03-20\/bfw-liegenschaften-veraenderung-in-der-geschaeftsleitung\/","title":{"rendered":"BFW Liegenschaften: Ver\u00e4nderung in der Gesch\u00e4ftsleitung"},"content":{"rendered":"<figure id=\"attachment_6166\" aria-describedby=\"caption-attachment-6166\" style=\"width: 680px\" class=\"wp-caption alignnone\"><img loading=\"lazy\" decoding=\"async\" class=\"size-medium wp-image-6166\" src=\"https:\/\/www.immobilienbusiness.ch\/wp-content\/uploads\/2017\/02\/Depositphotos_52470619_l-2015.jpg\" alt=\"\" width=\"680\" height=\"527\" srcset=\"https:\/\/www.immobilienbusiness.ch\/wp-content\/uploads\/2017\/02\/Depositphotos_52470619_l-2015.jpg 2000w, https:\/\/www.immobilienbusiness.ch\/wp-content\/uploads\/2017\/02\/Depositphotos_52470619_l-2015-300x232.jpg 300w, https:\/\/www.immobilienbusiness.ch\/wp-content\/uploads\/2017\/02\/Depositphotos_52470619_l-2015-1024x793.jpg 1024w, https:\/\/www.immobilienbusiness.ch\/wp-content\/uploads\/2017\/02\/Depositphotos_52470619_l-2015-768x595.jpg 768w, https:\/\/www.immobilienbusiness.ch\/wp-content\/uploads\/2017\/02\/Depositphotos_52470619_l-2015-1536x1190.jpg 1536w, https:\/\/www.immobilienbusiness.ch\/wp-content\/uploads\/2017\/02\/Depositphotos_52470619_l-2015-16x12.jpg 16w, https:\/\/www.immobilienbusiness.ch\/wp-content\/uploads\/2017\/02\/Depositphotos_52470619_l-2015-226x175.jpg 226w, https:\/\/www.immobilienbusiness.ch\/wp-content\/uploads\/2017\/02\/Depositphotos_52470619_l-2015-452x350.jpg 452w, https:\/\/www.immobilienbusiness.ch\/wp-content\/uploads\/2017\/02\/Depositphotos_52470619_l-2015-1033x800.jpg 1033w, https:\/\/www.immobilienbusiness.ch\/wp-content\/uploads\/2017\/02\/Depositphotos_52470619_l-2015-920x713.jpg 920w, https:\/\/www.immobilienbusiness.ch\/wp-content\/uploads\/2017\/02\/Depositphotos_52470619_l-2015-1400x1084.jpg 1400w, https:\/\/www.immobilienbusiness.ch\/wp-content\/uploads\/2017\/02\/Depositphotos_52470619_l-2015-1808x1400.jpg 1808w\" sizes=\"auto, (max-width: 680px) 100vw, 680px\" \/><figcaption id=\"caption-attachment-6166\" class=\"wp-caption-text\">Reto Borner verl\u00e4sst die BFW Liegenschaften (Foto: Rawpixel &#8211; depositphotos)<\/figcaption><\/figure>\n<p>Reto Borner habe \u00a0sich aus pers\u00f6nlichen Gr\u00fcnden entschieden, die Gesellschaft zu verlassen, um sich vermehrt privaten Projekten widmen zu k\u00f6nnen, teilt der BFW-Verwaltungsrat mit.<\/p>\n<p>Man bedaure Borners Entschluss; der Manager habe in den letzten siebeneinhalb Jahren, zuerst als Chief Financial Officer und im letzten Jahr als Chief Executive Officer sehr viel zur erfolgreichen Entwicklung der BFW Liegenschaften AG beigetragen.<\/p>\n<p>Interimistisch \u00fcbernehme Beat Frischknecht, Verwaltungsratspr\u00e4sident, die Aufgaben des CEO.<\/p>\n","protected":false},"excerpt":{"rendered":"<p> Reto Borner, Chief Executive Officer der BFW Liegenschaften AG, gibt sein Amt auf. <\/p>\n","protected":false},"author":3,"featured_media":6166,"comment_status":"open","ping_status":"open","sticky":false,"template":"","format":"standard","meta":{"_acf_changed":false,"_yoast_wpseo_focuskw":"bfw","_yoast_wpseo_title":"","_yoast_wpseo_metadesc":"Reto Borner, Chief Executive Officer der BFW Liegenschaften AG, gibt sein Amt auf.","_yoast_wpseo_linkdex":49,"pgc_sgb_lightbox_settings":"","footnotes":""},"categories":[988],"tags":[1096,1563,1807],"class_list":["post-11754","post","type-post","status-publish","format-standard","has-post-thumbnail","hentry","category-unternehmen","tag-bfw-liegenschaften-ag","tag-personalia","tag-unternehmen"],"acf":[],"yoast_head":"<!-- This site is optimized with the Yoast SEO plugin v27.5 - https:\/\/yoast.com\/product\/yoast-seo-wordpress\/ -->\n<title>BFW Liegenschaften: Ver\u00e4nderung in der Gesch\u00e4ftsleitung - IMMOBILIEN Business<\/title>\n<meta name=\"description\" content=\"Reto Borner, Chief Executive Officer der BFW Liegenschaften AG, gibt sein Amt auf.\" \/>\n<meta name=\"robots\" content=\"index, follow, max-snippet:-1, max-image-preview:large, max-video-preview:-1\" \/>\n<link rel=\"canonical\" href=\"https:\/\/www.immobilienbusiness.ch\/de\/unternehmen\/2018-03-20\/bfw-liegenschaften-veraenderung-in-der-geschaeftsleitung\/\" \/>\n<meta property=\"og:locale\" content=\"de_DE\" \/>\n<meta property=\"og:type\" content=\"article\" \/>\n<meta property=\"og:title\" content=\"BFW Liegenschaften: Ver\u00e4nderung in der Gesch\u00e4ftsleitung - IMMOBILIEN Business\" \/>\n<meta property=\"og:description\" content=\"Reto Borner, Chief Executive Officer der BFW Liegenschaften AG, gibt sein Amt auf.\" \/>\n<meta property=\"og:url\" content=\"https:\/\/www.immobilienbusiness.ch\/de\/unternehmen\/2018-03-20\/bfw-liegenschaften-veraenderung-in-der-geschaeftsleitung\/\" \/>\n<meta property=\"og:site_name\" content=\"IMMOBILIEN Business\" \/>\n<meta property=\"article:publisher\" content=\"https:\/\/www.facebook.com\/immobilienbusiness\/\" \/>\n<meta property=\"article:published_time\" content=\"2018-03-20T07:29:03+00:00\" \/>\n<meta property=\"og:image\" content=\"https:\/\/www.immobilienbusiness.ch\/wp-content\/uploads\/2017\/02\/Depositphotos_52470619_l-2015-1024x793.jpg\" \/>\n\t<meta property=\"og:image:width\" content=\"1024\" \/>\n\t<meta property=\"og:image:height\" content=\"793\" \/>\n\t<meta property=\"og:image:type\" content=\"image\/jpeg\" \/>\n<meta name=\"author\" content=\"anja.hall\" \/>\n<meta name=\"twitter:card\" content=\"summary_large_image\" \/>\n<meta name=\"twitter:image\" content=\"https:\/\/www.immobilienbusiness.ch\/wp-content\/uploads\/2017\/02\/Depositphotos_52470619_l-2015.jpg\" \/>\n<script type=\"application\/ld+json\" class=\"yoast-schema-graph\">{\"@context\":\"https:\\\/\\\/schema.org\",\"@graph\":[{\"@type\":\"Article\",\"@id\":\"https:\\\/\\\/www.immobilienbusiness.ch\\\/unternehmen\\\/2018-03-20\\\/bfw-liegenschaften-veraenderung-in-der-geschaeftsleitung\\\/#article\",\"isPartOf\":{\"@id\":\"https:\\\/\\\/www.immobilienbusiness.ch\\\/unternehmen\\\/2018-03-20\\\/bfw-liegenschaften-veraenderung-in-der-geschaeftsleitung\\\/\"},\"author\":{\"name\":\"anja.hall\",\"@id\":\"https:\\\/\\\/www.immobilienbusiness.ch\\\/#\\\/schema\\\/person\\\/3fc036297b10b9f42d6db5ee932af8c8\"},\"headline\":\"BFW Liegenschaften: Ver\u00e4nderung in der Gesch\u00e4ftsleitung\",\"datePublished\":\"2018-03-20T07:29:03+00:00\",\"mainEntityOfPage\":{\"@id\":\"https:\\\/\\\/www.immobilienbusiness.ch\\\/unternehmen\\\/2018-03-20\\\/bfw-liegenschaften-veraenderung-in-der-geschaeftsleitung\\\/\"},\"wordCount\":98,\"commentCount\":0,\"publisher\":{\"@id\":\"https:\\\/\\\/www.immobilienbusiness.ch\\\/#organization\"},\"image\":{\"@id\":\"https:\\\/\\\/www.immobilienbusiness.ch\\\/unternehmen\\\/2018-03-20\\\/bfw-liegenschaften-veraenderung-in-der-geschaeftsleitung\\\/#primaryimage\"},\"thumbnailUrl\":\"https:\\\/\\\/www.immobilienbusiness.ch\\\/wp-content\\\/uploads\\\/2017\\\/02\\\/Depositphotos_52470619_l-2015.jpg\",\"keywords\":[\"bfw liegenschaften ag\",\"Personalia\",\"Unternehmen\"],\"articleSection\":[\"UNTERNEHMEN\"],\"inLanguage\":\"de\"},{\"@type\":\"WebPage\",\"@id\":\"https:\\\/\\\/www.immobilienbusiness.ch\\\/unternehmen\\\/2018-03-20\\\/bfw-liegenschaften-veraenderung-in-der-geschaeftsleitung\\\/\",\"url\":\"https:\\\/\\\/www.immobilienbusiness.ch\\\/unternehmen\\\/2018-03-20\\\/bfw-liegenschaften-veraenderung-in-der-geschaeftsleitung\\\/\",\"name\":\"BFW Liegenschaften: Ver\u00e4nderung in der Gesch\u00e4ftsleitung - IMMOBILIEN Business\",\"isPartOf\":{\"@id\":\"https:\\\/\\\/www.immobilienbusiness.ch\\\/#website\"},\"primaryImageOfPage\":{\"@id\":\"https:\\\/\\\/www.immobilienbusiness.ch\\\/unternehmen\\\/2018-03-20\\\/bfw-liegenschaften-veraenderung-in-der-geschaeftsleitung\\\/#primaryimage\"},\"image\":{\"@id\":\"https:\\\/\\\/www.immobilienbusiness.ch\\\/unternehmen\\\/2018-03-20\\\/bfw-liegenschaften-veraenderung-in-der-geschaeftsleitung\\\/#primaryimage\"},\"thumbnailUrl\":\"https:\\\/\\\/www.immobilienbusiness.ch\\\/wp-content\\\/uploads\\\/2017\\\/02\\\/Depositphotos_52470619_l-2015.jpg\",\"datePublished\":\"2018-03-20T07:29:03+00:00\",\"description\":\"Reto Borner, Chief Executive Officer der BFW Liegenschaften AG, gibt sein Amt auf.\",\"breadcrumb\":{\"@id\":\"https:\\\/\\\/www.immobilienbusiness.ch\\\/unternehmen\\\/2018-03-20\\\/bfw-liegenschaften-veraenderung-in-der-geschaeftsleitung\\\/#breadcrumb\"},\"inLanguage\":\"de\",\"potentialAction\":[{\"@type\":\"ReadAction\",\"target\":[\"https:\\\/\\\/www.immobilienbusiness.ch\\\/unternehmen\\\/2018-03-20\\\/bfw-liegenschaften-veraenderung-in-der-geschaeftsleitung\\\/\"]}]},{\"@type\":\"ImageObject\",\"inLanguage\":\"de\",\"@id\":\"https:\\\/\\\/www.immobilienbusiness.ch\\\/unternehmen\\\/2018-03-20\\\/bfw-liegenschaften-veraenderung-in-der-geschaeftsleitung\\\/#primaryimage\",\"url\":\"https:\\\/\\\/www.immobilienbusiness.ch\\\/wp-content\\\/uploads\\\/2017\\\/02\\\/Depositphotos_52470619_l-2015.jpg\",\"contentUrl\":\"https:\\\/\\\/www.immobilienbusiness.ch\\\/wp-content\\\/uploads\\\/2017\\\/02\\\/Depositphotos_52470619_l-2015.jpg\",\"width\":2000,\"height\":1549,\"caption\":\"HRS stellt den Bereich Kommunikation und Marketing neu auf (Foto: Rawpixel - depositphotos)\"},{\"@type\":\"BreadcrumbList\",\"@id\":\"https:\\\/\\\/www.immobilienbusiness.ch\\\/unternehmen\\\/2018-03-20\\\/bfw-liegenschaften-veraenderung-in-der-geschaeftsleitung\\\/#breadcrumb\",\"itemListElement\":[{\"@type\":\"ListItem\",\"position\":1,\"name\":\"Home\",\"item\":\"https:\\\/\\\/www.immobilienbusiness.ch\\\/\"},{\"@type\":\"ListItem\",\"position\":2,\"name\":\"BFW Liegenschaften: Ver\u00e4nderung in der Gesch\u00e4ftsleitung\"}]},{\"@type\":\"WebSite\",\"@id\":\"https:\\\/\\\/www.immobilienbusiness.ch\\\/#website\",\"url\":\"https:\\\/\\\/www.immobilienbusiness.ch\\\/\",\"name\":\"IMMOBILIEN Business\",\"description\":\"Unabh\u00e4ngiges Schweizer Wirtschaftsmagazin mit Fokus auf Immobilien, Architektur- und Bau sowie Investment- und Finanzierung.\",\"publisher\":{\"@id\":\"https:\\\/\\\/www.immobilienbusiness.ch\\\/#organization\"},\"potentialAction\":[{\"@type\":\"SearchAction\",\"target\":{\"@type\":\"EntryPoint\",\"urlTemplate\":\"https:\\\/\\\/www.immobilienbusiness.ch\\\/?s={search_term_string}\"},\"query-input\":{\"@type\":\"PropertyValueSpecification\",\"valueRequired\":true,\"valueName\":\"search_term_string\"}}],\"inLanguage\":\"de\"},{\"@type\":\"Organization\",\"@id\":\"https:\\\/\\\/www.immobilienbusiness.ch\\\/#organization\",\"name\":\"IMMOBILIEN Business\",\"url\":\"https:\\\/\\\/www.immobilienbusiness.ch\\\/\",\"logo\":{\"@type\":\"ImageObject\",\"inLanguage\":\"de\",\"@id\":\"https:\\\/\\\/www.immobilienbusiness.ch\\\/#\\\/schema\\\/logo\\\/image\\\/\",\"url\":\"https:\\\/\\\/www.immobilienbusiness.ch\\\/wp-content\\\/uploads\\\/2021\\\/07\\\/logo_ib.png\",\"contentUrl\":\"https:\\\/\\\/www.immobilienbusiness.ch\\\/wp-content\\\/uploads\\\/2021\\\/07\\\/logo_ib.png\",\"width\":800,\"height\":181,\"caption\":\"IMMOBILIEN Business\"},\"image\":{\"@id\":\"https:\\\/\\\/www.immobilienbusiness.ch\\\/#\\\/schema\\\/logo\\\/image\\\/\"},\"sameAs\":[\"https:\\\/\\\/www.facebook.com\\\/immobilienbusiness\\\/\"]},{\"@type\":\"Person\",\"@id\":\"https:\\\/\\\/www.immobilienbusiness.ch\\\/#\\\/schema\\\/person\\\/3fc036297b10b9f42d6db5ee932af8c8\",\"name\":\"anja.hall\",\"image\":{\"@type\":\"ImageObject\",\"inLanguage\":\"de\",\"@id\":\"https:\\\/\\\/secure.gravatar.com\\\/avatar\\\/066b5a0d447013502c71a5782f4f3469f03cfe595cc2329fb94652fe47511bfb?s=96&d=mm&r=g\",\"url\":\"https:\\\/\\\/secure.gravatar.com\\\/avatar\\\/066b5a0d447013502c71a5782f4f3469f03cfe595cc2329fb94652fe47511bfb?s=96&d=mm&r=g\",\"contentUrl\":\"https:\\\/\\\/secure.gravatar.com\\\/avatar\\\/066b5a0d447013502c71a5782f4f3469f03cfe595cc2329fb94652fe47511bfb?s=96&d=mm&r=g\",\"caption\":\"anja.hall\"},\"url\":\"https:\\\/\\\/www.immobilienbusiness.ch\\\/de\\\/author\\\/anja-hall\\\/\"}]}<\/script>\n<!-- \/ Yoast SEO plugin. -->","yoast_head_json":{"title":"BFW Liegenschaften: Ver\u00e4nderung in der Gesch\u00e4ftsleitung - IMMOBILIEN Business","description":"Reto Borner, Chief Executive Officer der BFW Liegenschaften AG, gibt sein Amt auf.","robots":{"index":"index","follow":"follow","max-snippet":"max-snippet:-1","max-image-preview":"max-image-preview:large","max-video-preview":"max-video-preview:-1"},"canonical":"https:\/\/www.immobilienbusiness.ch\/de\/unternehmen\/2018-03-20\/bfw-liegenschaften-veraenderung-in-der-geschaeftsleitung\/","og_locale":"de_DE","og_type":"article","og_title":"BFW Liegenschaften: Ver\u00e4nderung in der Gesch\u00e4ftsleitung - IMMOBILIEN Business","og_description":"Reto Borner, Chief Executive Officer der BFW Liegenschaften AG, gibt sein Amt auf.","og_url":"https:\/\/www.immobilienbusiness.ch\/de\/unternehmen\/2018-03-20\/bfw-liegenschaften-veraenderung-in-der-geschaeftsleitung\/","og_site_name":"IMMOBILIEN Business","article_publisher":"https:\/\/www.facebook.com\/immobilienbusiness\/","article_published_time":"2018-03-20T07:29:03+00:00","og_image":[{"width":1024,"height":793,"url":"https:\/\/www.immobilienbusiness.ch\/wp-content\/uploads\/2017\/02\/Depositphotos_52470619_l-2015-1024x793.jpg","type":"image\/jpeg"}],"author":"anja.hall","twitter_card":"summary_large_image","twitter_image":"https:\/\/www.immobilienbusiness.ch\/wp-content\/uploads\/2017\/02\/Depositphotos_52470619_l-2015.jpg","schema":{"@context":"https:\/\/schema.org","@graph":[{"@type":"Article","@id":"https:\/\/www.immobilienbusiness.ch\/unternehmen\/2018-03-20\/bfw-liegenschaften-veraenderung-in-der-geschaeftsleitung\/#article","isPartOf":{"@id":"https:\/\/www.immobilienbusiness.ch\/unternehmen\/2018-03-20\/bfw-liegenschaften-veraenderung-in-der-geschaeftsleitung\/"},"author":{"name":"anja.hall","@id":"https:\/\/www.immobilienbusiness.ch\/#\/schema\/person\/3fc036297b10b9f42d6db5ee932af8c8"},"headline":"BFW Liegenschaften: Ver\u00e4nderung in der Gesch\u00e4ftsleitung","datePublished":"2018-03-20T07:29:03+00:00","mainEntityOfPage":{"@id":"https:\/\/www.immobilienbusiness.ch\/unternehmen\/2018-03-20\/bfw-liegenschaften-veraenderung-in-der-geschaeftsleitung\/"},"wordCount":98,"commentCount":0,"publisher":{"@id":"https:\/\/www.immobilienbusiness.ch\/#organization"},"image":{"@id":"https:\/\/www.immobilienbusiness.ch\/unternehmen\/2018-03-20\/bfw-liegenschaften-veraenderung-in-der-geschaeftsleitung\/#primaryimage"},"thumbnailUrl":"https:\/\/www.immobilienbusiness.ch\/wp-content\/uploads\/2017\/02\/Depositphotos_52470619_l-2015.jpg","keywords":["bfw liegenschaften ag","Personalia","Unternehmen"],"articleSection":["UNTERNEHMEN"],"inLanguage":"de"},{"@type":"WebPage","@id":"https:\/\/www.immobilienbusiness.ch\/unternehmen\/2018-03-20\/bfw-liegenschaften-veraenderung-in-der-geschaeftsleitung\/","url":"https:\/\/www.immobilienbusiness.ch\/unternehmen\/2018-03-20\/bfw-liegenschaften-veraenderung-in-der-geschaeftsleitung\/","name":"BFW Liegenschaften: Ver\u00e4nderung in der Gesch\u00e4ftsleitung - IMMOBILIEN Business","isPartOf":{"@id":"https:\/\/www.immobilienbusiness.ch\/#website"},"primaryImageOfPage":{"@id":"https:\/\/www.immobilienbusiness.ch\/unternehmen\/2018-03-20\/bfw-liegenschaften-veraenderung-in-der-geschaeftsleitung\/#primaryimage"},"image":{"@id":"https:\/\/www.immobilienbusiness.ch\/unternehmen\/2018-03-20\/bfw-liegenschaften-veraenderung-in-der-geschaeftsleitung\/#primaryimage"},"thumbnailUrl":"https:\/\/www.immobilienbusiness.ch\/wp-content\/uploads\/2017\/02\/Depositphotos_52470619_l-2015.jpg","datePublished":"2018-03-20T07:29:03+00:00","description":"Reto Borner, Chief Executive Officer der BFW Liegenschaften AG, gibt sein Amt auf.","breadcrumb":{"@id":"https:\/\/www.immobilienbusiness.ch\/unternehmen\/2018-03-20\/bfw-liegenschaften-veraenderung-in-der-geschaeftsleitung\/#breadcrumb"},"inLanguage":"de","potentialAction":[{"@type":"ReadAction","target":["https:\/\/www.immobilienbusiness.ch\/unternehmen\/2018-03-20\/bfw-liegenschaften-veraenderung-in-der-geschaeftsleitung\/"]}]},{"@type":"ImageObject","inLanguage":"de","@id":"https:\/\/www.immobilienbusiness.ch\/unternehmen\/2018-03-20\/bfw-liegenschaften-veraenderung-in-der-geschaeftsleitung\/#primaryimage","url":"https:\/\/www.immobilienbusiness.ch\/wp-content\/uploads\/2017\/02\/Depositphotos_52470619_l-2015.jpg","contentUrl":"https:\/\/www.immobilienbusiness.ch\/wp-content\/uploads\/2017\/02\/Depositphotos_52470619_l-2015.jpg","width":2000,"height":1549,"caption":"HRS stellt den Bereich Kommunikation und Marketing neu auf (Foto: Rawpixel - depositphotos)"},{"@type":"BreadcrumbList","@id":"https:\/\/www.immobilienbusiness.ch\/unternehmen\/2018-03-20\/bfw-liegenschaften-veraenderung-in-der-geschaeftsleitung\/#breadcrumb","itemListElement":[{"@type":"ListItem","position":1,"name":"Home","item":"https:\/\/www.immobilienbusiness.ch\/"},{"@type":"ListItem","position":2,"name":"BFW Liegenschaften: Ver\u00e4nderung in der Gesch\u00e4ftsleitung"}]},{"@type":"WebSite","@id":"https:\/\/www.immobilienbusiness.ch\/#website","url":"https:\/\/www.immobilienbusiness.ch\/","name":"IMMOBILIEN Business","description":"Unabh\u00e4ngiges Schweizer Wirtschaftsmagazin mit Fokus auf Immobilien, Architektur- und Bau sowie Investment- und Finanzierung.","publisher":{"@id":"https:\/\/www.immobilienbusiness.ch\/#organization"},"potentialAction":[{"@type":"SearchAction","target":{"@type":"EntryPoint","urlTemplate":"https:\/\/www.immobilienbusiness.ch\/?s={search_term_string}"},"query-input":{"@type":"PropertyValueSpecification","valueRequired":true,"valueName":"search_term_string"}}],"inLanguage":"de"},{"@type":"Organization","@id":"https:\/\/www.immobilienbusiness.ch\/#organization","name":"IMMOBILIEN Business","url":"https:\/\/www.immobilienbusiness.ch\/","logo":{"@type":"ImageObject","inLanguage":"de","@id":"https:\/\/www.immobilienbusiness.ch\/#\/schema\/logo\/image\/","url":"https:\/\/www.immobilienbusiness.ch\/wp-content\/uploads\/2021\/07\/logo_ib.png","contentUrl":"https:\/\/www.immobilienbusiness.ch\/wp-content\/uploads\/2021\/07\/logo_ib.png","width":800,"height":181,"caption":"IMMOBILIEN Business"},"image":{"@id":"https:\/\/www.immobilienbusiness.ch\/#\/schema\/logo\/image\/"},"sameAs":["https:\/\/www.facebook.com\/immobilienbusiness\/"]},{"@type":"Person","@id":"https:\/\/www.immobilienbusiness.ch\/#\/schema\/person\/3fc036297b10b9f42d6db5ee932af8c8","name":"anja.hall","image":{"@type":"ImageObject","inLanguage":"de","@id":"https:\/\/secure.gravatar.com\/avatar\/066b5a0d447013502c71a5782f4f3469f03cfe595cc2329fb94652fe47511bfb?s=96&d=mm&r=g","url":"https:\/\/secure.gravatar.com\/avatar\/066b5a0d447013502c71a5782f4f3469f03cfe595cc2329fb94652fe47511bfb?s=96&d=mm&r=g","contentUrl":"https:\/\/secure.gravatar.com\/avatar\/066b5a0d447013502c71a5782f4f3469f03cfe595cc2329fb94652fe47511bfb?s=96&d=mm&r=g","caption":"anja.hall"},"url":"https:\/\/www.immobilienbusiness.ch\/de\/author\/anja-hall\/"}]}},"_links":{"self":[{"href":"https:\/\/www.immobilienbusiness.ch\/de\/wp-json\/wp\/v2\/posts\/11754","targetHints":{"allow":["GET"]}}],"collection":[{"href":"https:\/\/www.immobilienbusiness.ch\/de\/wp-json\/wp\/v2\/posts"}],"about":[{"href":"https:\/\/www.immobilienbusiness.ch\/de\/wp-json\/wp\/v2\/types\/post"}],"author":[{"embeddable":true,"href":"https:\/\/www.immobilienbusiness.ch\/de\/wp-json\/wp\/v2\/users\/3"}],"replies":[{"embeddable":true,"href":"https:\/\/www.immobilienbusiness.ch\/de\/wp-json\/wp\/v2\/comments?post=11754"}],"version-history":[{"count":0,"href":"https:\/\/www.immobilienbusiness.ch\/de\/wp-json\/wp\/v2\/posts\/11754\/revisions"}],"wp:featuredmedia":[{"embeddable":true,"href":"https:\/\/www.immobilienbusiness.ch\/de\/wp-json\/wp\/v2\/media\/6166"}],"wp:attachment":[{"href":"https:\/\/www.immobilienbusiness.ch\/de\/wp-json\/wp\/v2\/media?parent=11754"}],"wp:term":[{"taxonomy":"category","embeddable":true,"href":"https:\/\/www.immobilienbusiness.ch\/de\/wp-json\/wp\/v2\/categories?post=11754"},{"taxonomy":"post_tag","embeddable":true,"href":"https:\/\/www.immobilienbusiness.ch\/de\/wp-json\/wp\/v2\/tags?post=11754"}],"curies":[{"name":"wp","href":"https:\/\/api.w.org\/{rel}","templated":true}]}}