{"id":11618,"date":"2018-03-12T08:35:21","date_gmt":"2018-03-12T07:35:21","guid":{"rendered":"https:\/\/www.immobilienbusiness.ch\/?p=11618"},"modified":"2018-03-12T08:35:21","modified_gmt":"2018-03-12T07:35:21","slug":"kapitalerhoehung-fuer-den-sf-sustainable-property-fund","status":"publish","type":"post","link":"https:\/\/www.immobilienbusiness.ch\/de\/unternehmen\/2018-03-12\/kapitalerhoehung-fuer-den-sf-sustainable-property-fund\/","title":{"rendered":"SFP: Kapitalerh\u00f6hung f\u00fcr den SF Sustainable Property Fund"},"content":{"rendered":"<figure id=\"attachment_9635\" aria-describedby=\"caption-attachment-9635\" style=\"width: 680px\" class=\"wp-caption alignnone\"><img loading=\"lazy\" decoding=\"async\" class=\"size-medium wp-image-9635\" src=\"https:\/\/www.immobilienbusiness.ch\/wp-content\/uploads\/2017\/10\/IB-News-20171019-Kapitalerh\u00f6hung-Swiss-Commercial-Properties-Fund.jpg\" alt=\"\" width=\"680\" height=\"492\" \/><figcaption id=\"caption-attachment-9635\" class=\"wp-caption-text\">Der SF Sustainable Property Fund plant eine Kapitalerh\u00f6hung \u00fcber rund 198 Millionen CHF (Bild: Rangizzz \u2013 depositphotos)<\/figcaption><\/figure>\n<p>Wie die SFP Funds AG mitteilt, werden drei bisherige Anteile zum Bezug von einem neuen Anteil berechtigen. Der Ausgabepreis wird bei 120 CHF netto je Anteil liegen. Die Emission wird kommissionsweise (\u00abbest effort basis\u00bb) im Rahmen eines \u00f6ffentlichen Bezugsangebotes in der Schweiz durchgef\u00fchrt. Bezugsrechte k\u00f6nnen in der Zeit vom 15. M\u00e4rz 2018 bis 27. M\u00e4rz\u00a02018 gehandelt werden.<\/p>\n<p>Es werden maximal rund 1,65 Millionen neue Anteile ausgegeben. M\u00f6glicherweise nicht gezeichnete Anteile sollen nicht emittiert werden, wodurch sich der Emissionsbetrag entsprechend reduzieren kann. Die genaue Anzahl der neu auszugebenden Anteile werde nach Ablauf der Bezugsfrist festgelegt, teilt SFP Funds mit.<\/p>\n<p>Am 4. April sollen die Anleger \u00fcber die definitive Anzahl der neu zu emittierenden Anteile informiert werden, die Liberierung der neuen Anteile erfolgt dann am 6.\u00a0April\u00a02018.<\/p>\n<p>Der Emissionserl\u00f6s soll f\u00fcr den weiteren Ausbau und die Diversifizierung des Immobilienportfolios verwendet werden.<\/p>\n","protected":false},"excerpt":{"rendered":"<p>Die SFP Funds AG f\u00fchrt vom 15. bis 29. M\u00e4rz eine Kapitalerh\u00f6hung f\u00fcr den SF Sustainable Property Fund durch. Bis zu\u00a0197,92\u00a0Millionen CHF will der Fonds dabei einnehmen.<\/p>\n","protected":false},"author":3,"featured_media":9635,"comment_status":"open","ping_status":"open","sticky":false,"template":"","format":"standard","meta":{"_acf_changed":false,"_yoast_wpseo_focuskw":"SFP","_yoast_wpseo_title":"","_yoast_wpseo_metadesc":"Die SFP Funds AG f\u00fchrt vom 15. bis 29. M\u00e4rz eine Kapitalerh\u00f6hung f\u00fcr den SF Sustainable Property Fund durch. Bis zu\u00a0197,92\u00a0Millionen CHF will der Fonds dabei einnehmen.","_yoast_wpseo_linkdex":50,"pgc_sgb_lightbox_settings":"","footnotes":""},"categories":[988],"tags":[1344,1412,1807],"class_list":["post-11618","post","type-post","status-publish","format-standard","has-post-thumbnail","hentry","category-unternehmen","tag-immobilienfonds","tag-kapitalerhoehung","tag-unternehmen"],"acf":[],"yoast_head":"<!-- This site is optimized with the Yoast SEO plugin v27.4 - https:\/\/yoast.com\/product\/yoast-seo-wordpress\/ -->\n<title>SFP: Kapitalerh\u00f6hung f\u00fcr den SF Sustainable Property Fund - IMMOBILIEN Business<\/title>\n<meta name=\"description\" content=\"Die SFP Funds AG f\u00fchrt vom 15. bis 29. M\u00e4rz eine Kapitalerh\u00f6hung f\u00fcr den SF Sustainable Property Fund durch. Bis zu\u00a0197,92\u00a0Millionen CHF will der Fonds dabei einnehmen.\" \/>\n<meta name=\"robots\" content=\"index, follow, max-snippet:-1, max-image-preview:large, max-video-preview:-1\" \/>\n<link rel=\"canonical\" href=\"https:\/\/www.immobilienbusiness.ch\/de\/unternehmen\/2018-03-12\/kapitalerhoehung-fuer-den-sf-sustainable-property-fund\/\" \/>\n<meta property=\"og:locale\" content=\"de_DE\" \/>\n<meta property=\"og:type\" content=\"article\" \/>\n<meta property=\"og:title\" content=\"SFP: Kapitalerh\u00f6hung f\u00fcr den SF Sustainable Property Fund - IMMOBILIEN Business\" \/>\n<meta property=\"og:description\" content=\"Die SFP Funds AG f\u00fchrt vom 15. bis 29. M\u00e4rz eine Kapitalerh\u00f6hung f\u00fcr den SF Sustainable Property Fund durch. Bis zu\u00a0197,92\u00a0Millionen CHF will der Fonds dabei einnehmen.\" \/>\n<meta property=\"og:url\" content=\"https:\/\/www.immobilienbusiness.ch\/de\/unternehmen\/2018-03-12\/kapitalerhoehung-fuer-den-sf-sustainable-property-fund\/\" \/>\n<meta property=\"og:site_name\" content=\"IMMOBILIEN Business\" \/>\n<meta property=\"article:publisher\" content=\"https:\/\/www.facebook.com\/immobilienbusiness\/\" \/>\n<meta property=\"article:published_time\" content=\"2018-03-12T07:35:21+00:00\" \/>\n<meta property=\"og:image\" content=\"https:\/\/www.immobilienbusiness.ch\/wp-content\/uploads\/2017\/10\/IB-News-20171019-Kapitalerhoehung-Swiss-Commercial-Properties-Fund-e1637933228234.jpg\" \/>\n\t<meta property=\"og:image:width\" content=\"680\" \/>\n\t<meta property=\"og:image:height\" content=\"450\" \/>\n\t<meta property=\"og:image:type\" content=\"image\/jpeg\" \/>\n<meta name=\"author\" content=\"anja.hall\" \/>\n<meta name=\"twitter:card\" content=\"summary_large_image\" \/>\n<meta name=\"twitter:image\" content=\"https:\/\/www.immobilienbusiness.ch\/wp-content\/uploads\/2017\/10\/IB-News-20171019-Kapitalerh\u00f6hung-Swiss-Commercial-Properties-Fund.jpg\" \/>\n<script type=\"application\/ld+json\" class=\"yoast-schema-graph\">{\"@context\":\"https:\\\/\\\/schema.org\",\"@graph\":[{\"@type\":\"Article\",\"@id\":\"https:\\\/\\\/www.immobilienbusiness.ch\\\/en\\\/unternehmen\\\/2018-03-12\\\/kapitalerhoehung-fuer-den-sf-sustainable-property-fund\\\/#article\",\"isPartOf\":{\"@id\":\"https:\\\/\\\/www.immobilienbusiness.ch\\\/en\\\/unternehmen\\\/2018-03-12\\\/kapitalerhoehung-fuer-den-sf-sustainable-property-fund\\\/\"},\"author\":{\"name\":\"anja.hall\",\"@id\":\"https:\\\/\\\/www.immobilienbusiness.ch\\\/#\\\/schema\\\/person\\\/3fc036297b10b9f42d6db5ee932af8c8\"},\"headline\":\"SFP: Kapitalerh\u00f6hung f\u00fcr den SF Sustainable Property Fund\",\"datePublished\":\"2018-03-12T07:35:21+00:00\",\"mainEntityOfPage\":{\"@id\":\"https:\\\/\\\/www.immobilienbusiness.ch\\\/en\\\/unternehmen\\\/2018-03-12\\\/kapitalerhoehung-fuer-den-sf-sustainable-property-fund\\\/\"},\"wordCount\":172,\"commentCount\":0,\"publisher\":{\"@id\":\"https:\\\/\\\/www.immobilienbusiness.ch\\\/#organization\"},\"image\":{\"@id\":\"https:\\\/\\\/www.immobilienbusiness.ch\\\/en\\\/unternehmen\\\/2018-03-12\\\/kapitalerhoehung-fuer-den-sf-sustainable-property-fund\\\/#primaryimage\"},\"thumbnailUrl\":\"https:\\\/\\\/www.immobilienbusiness.ch\\\/wp-content\\\/uploads\\\/2017\\\/10\\\/IB-News-20171019-Kapitalerhoehung-Swiss-Commercial-Properties-Fund-e1637933228234.jpg\",\"keywords\":[\"Immobilienfonds\",\"Kapitalerh\u00f6hung\",\"Unternehmen\"],\"articleSection\":[\"UNTERNEHMEN\"],\"inLanguage\":\"de\"},{\"@type\":\"WebPage\",\"@id\":\"https:\\\/\\\/www.immobilienbusiness.ch\\\/en\\\/unternehmen\\\/2018-03-12\\\/kapitalerhoehung-fuer-den-sf-sustainable-property-fund\\\/\",\"url\":\"https:\\\/\\\/www.immobilienbusiness.ch\\\/en\\\/unternehmen\\\/2018-03-12\\\/kapitalerhoehung-fuer-den-sf-sustainable-property-fund\\\/\",\"name\":\"SFP: Kapitalerh\u00f6hung f\u00fcr den SF Sustainable Property Fund - IMMOBILIEN Business\",\"isPartOf\":{\"@id\":\"https:\\\/\\\/www.immobilienbusiness.ch\\\/#website\"},\"primaryImageOfPage\":{\"@id\":\"https:\\\/\\\/www.immobilienbusiness.ch\\\/en\\\/unternehmen\\\/2018-03-12\\\/kapitalerhoehung-fuer-den-sf-sustainable-property-fund\\\/#primaryimage\"},\"image\":{\"@id\":\"https:\\\/\\\/www.immobilienbusiness.ch\\\/en\\\/unternehmen\\\/2018-03-12\\\/kapitalerhoehung-fuer-den-sf-sustainable-property-fund\\\/#primaryimage\"},\"thumbnailUrl\":\"https:\\\/\\\/www.immobilienbusiness.ch\\\/wp-content\\\/uploads\\\/2017\\\/10\\\/IB-News-20171019-Kapitalerhoehung-Swiss-Commercial-Properties-Fund-e1637933228234.jpg\",\"datePublished\":\"2018-03-12T07:35:21+00:00\",\"description\":\"Die SFP Funds AG f\u00fchrt vom 15. bis 29. M\u00e4rz eine Kapitalerh\u00f6hung f\u00fcr den SF Sustainable Property Fund durch. Bis zu\u00a0197,92\u00a0Millionen CHF will der Fonds dabei einnehmen.\",\"breadcrumb\":{\"@id\":\"https:\\\/\\\/www.immobilienbusiness.ch\\\/en\\\/unternehmen\\\/2018-03-12\\\/kapitalerhoehung-fuer-den-sf-sustainable-property-fund\\\/#breadcrumb\"},\"inLanguage\":\"de\",\"potentialAction\":[{\"@type\":\"ReadAction\",\"target\":[\"https:\\\/\\\/www.immobilienbusiness.ch\\\/en\\\/unternehmen\\\/2018-03-12\\\/kapitalerhoehung-fuer-den-sf-sustainable-property-fund\\\/\"]}]},{\"@type\":\"ImageObject\",\"inLanguage\":\"de\",\"@id\":\"https:\\\/\\\/www.immobilienbusiness.ch\\\/en\\\/unternehmen\\\/2018-03-12\\\/kapitalerhoehung-fuer-den-sf-sustainable-property-fund\\\/#primaryimage\",\"url\":\"https:\\\/\\\/www.immobilienbusiness.ch\\\/wp-content\\\/uploads\\\/2017\\\/10\\\/IB-News-20171019-Kapitalerhoehung-Swiss-Commercial-Properties-Fund-e1637933228234.jpg\",\"contentUrl\":\"https:\\\/\\\/www.immobilienbusiness.ch\\\/wp-content\\\/uploads\\\/2017\\\/10\\\/IB-News-20171019-Kapitalerhoehung-Swiss-Commercial-Properties-Fund-e1637933228234.jpg\",\"width\":680,\"height\":450,\"caption\":\"Frisches Kapital (Bild: Rangizzz \u2013 depositphotos)\"},{\"@type\":\"BreadcrumbList\",\"@id\":\"https:\\\/\\\/www.immobilienbusiness.ch\\\/en\\\/unternehmen\\\/2018-03-12\\\/kapitalerhoehung-fuer-den-sf-sustainable-property-fund\\\/#breadcrumb\",\"itemListElement\":[{\"@type\":\"ListItem\",\"position\":1,\"name\":\"Home\",\"item\":\"https:\\\/\\\/www.immobilienbusiness.ch\\\/\"},{\"@type\":\"ListItem\",\"position\":2,\"name\":\"SFP: Kapitalerh\u00f6hung f\u00fcr den SF Sustainable Property Fund\"}]},{\"@type\":\"WebSite\",\"@id\":\"https:\\\/\\\/www.immobilienbusiness.ch\\\/#website\",\"url\":\"https:\\\/\\\/www.immobilienbusiness.ch\\\/\",\"name\":\"IMMOBILIEN Business\",\"description\":\"Unabh\u00e4ngiges Schweizer Wirtschaftsmagazin mit Fokus auf Immobilien, Architektur- und Bau sowie Investment- und Finanzierung.\",\"publisher\":{\"@id\":\"https:\\\/\\\/www.immobilienbusiness.ch\\\/#organization\"},\"potentialAction\":[{\"@type\":\"SearchAction\",\"target\":{\"@type\":\"EntryPoint\",\"urlTemplate\":\"https:\\\/\\\/www.immobilienbusiness.ch\\\/?s={search_term_string}\"},\"query-input\":{\"@type\":\"PropertyValueSpecification\",\"valueRequired\":true,\"valueName\":\"search_term_string\"}}],\"inLanguage\":\"de\"},{\"@type\":\"Organization\",\"@id\":\"https:\\\/\\\/www.immobilienbusiness.ch\\\/#organization\",\"name\":\"IMMOBILIEN Business\",\"url\":\"https:\\\/\\\/www.immobilienbusiness.ch\\\/\",\"logo\":{\"@type\":\"ImageObject\",\"inLanguage\":\"de\",\"@id\":\"https:\\\/\\\/www.immobilienbusiness.ch\\\/#\\\/schema\\\/logo\\\/image\\\/\",\"url\":\"https:\\\/\\\/www.immobilienbusiness.ch\\\/wp-content\\\/uploads\\\/2021\\\/07\\\/logo_ib.png\",\"contentUrl\":\"https:\\\/\\\/www.immobilienbusiness.ch\\\/wp-content\\\/uploads\\\/2021\\\/07\\\/logo_ib.png\",\"width\":800,\"height\":181,\"caption\":\"IMMOBILIEN Business\"},\"image\":{\"@id\":\"https:\\\/\\\/www.immobilienbusiness.ch\\\/#\\\/schema\\\/logo\\\/image\\\/\"},\"sameAs\":[\"https:\\\/\\\/www.facebook.com\\\/immobilienbusiness\\\/\"]},{\"@type\":\"Person\",\"@id\":\"https:\\\/\\\/www.immobilienbusiness.ch\\\/#\\\/schema\\\/person\\\/3fc036297b10b9f42d6db5ee932af8c8\",\"name\":\"anja.hall\",\"image\":{\"@type\":\"ImageObject\",\"inLanguage\":\"de\",\"@id\":\"https:\\\/\\\/secure.gravatar.com\\\/avatar\\\/066b5a0d447013502c71a5782f4f3469f03cfe595cc2329fb94652fe47511bfb?s=96&d=mm&r=g\",\"url\":\"https:\\\/\\\/secure.gravatar.com\\\/avatar\\\/066b5a0d447013502c71a5782f4f3469f03cfe595cc2329fb94652fe47511bfb?s=96&d=mm&r=g\",\"contentUrl\":\"https:\\\/\\\/secure.gravatar.com\\\/avatar\\\/066b5a0d447013502c71a5782f4f3469f03cfe595cc2329fb94652fe47511bfb?s=96&d=mm&r=g\",\"caption\":\"anja.hall\"},\"url\":\"https:\\\/\\\/www.immobilienbusiness.ch\\\/de\\\/author\\\/anja-hall\\\/\"}]}<\/script>\n<!-- \/ Yoast SEO plugin. -->","yoast_head_json":{"title":"SFP: Kapitalerh\u00f6hung f\u00fcr den SF Sustainable Property Fund - IMMOBILIEN Business","description":"Die SFP Funds AG f\u00fchrt vom 15. bis 29. M\u00e4rz eine Kapitalerh\u00f6hung f\u00fcr den SF Sustainable Property Fund durch. Bis zu\u00a0197,92\u00a0Millionen CHF will der Fonds dabei einnehmen.","robots":{"index":"index","follow":"follow","max-snippet":"max-snippet:-1","max-image-preview":"max-image-preview:large","max-video-preview":"max-video-preview:-1"},"canonical":"https:\/\/www.immobilienbusiness.ch\/de\/unternehmen\/2018-03-12\/kapitalerhoehung-fuer-den-sf-sustainable-property-fund\/","og_locale":"de_DE","og_type":"article","og_title":"SFP: Kapitalerh\u00f6hung f\u00fcr den SF Sustainable Property Fund - IMMOBILIEN Business","og_description":"Die SFP Funds AG f\u00fchrt vom 15. bis 29. M\u00e4rz eine Kapitalerh\u00f6hung f\u00fcr den SF Sustainable Property Fund durch. Bis zu\u00a0197,92\u00a0Millionen CHF will der Fonds dabei einnehmen.","og_url":"https:\/\/www.immobilienbusiness.ch\/de\/unternehmen\/2018-03-12\/kapitalerhoehung-fuer-den-sf-sustainable-property-fund\/","og_site_name":"IMMOBILIEN Business","article_publisher":"https:\/\/www.facebook.com\/immobilienbusiness\/","article_published_time":"2018-03-12T07:35:21+00:00","og_image":[{"width":680,"height":450,"url":"https:\/\/www.immobilienbusiness.ch\/wp-content\/uploads\/2017\/10\/IB-News-20171019-Kapitalerhoehung-Swiss-Commercial-Properties-Fund-e1637933228234.jpg","type":"image\/jpeg"}],"author":"anja.hall","twitter_card":"summary_large_image","twitter_image":"https:\/\/www.immobilienbusiness.ch\/wp-content\/uploads\/2017\/10\/IB-News-20171019-Kapitalerh\u00f6hung-Swiss-Commercial-Properties-Fund.jpg","schema":{"@context":"https:\/\/schema.org","@graph":[{"@type":"Article","@id":"https:\/\/www.immobilienbusiness.ch\/en\/unternehmen\/2018-03-12\/kapitalerhoehung-fuer-den-sf-sustainable-property-fund\/#article","isPartOf":{"@id":"https:\/\/www.immobilienbusiness.ch\/en\/unternehmen\/2018-03-12\/kapitalerhoehung-fuer-den-sf-sustainable-property-fund\/"},"author":{"name":"anja.hall","@id":"https:\/\/www.immobilienbusiness.ch\/#\/schema\/person\/3fc036297b10b9f42d6db5ee932af8c8"},"headline":"SFP: Kapitalerh\u00f6hung f\u00fcr den SF Sustainable Property Fund","datePublished":"2018-03-12T07:35:21+00:00","mainEntityOfPage":{"@id":"https:\/\/www.immobilienbusiness.ch\/en\/unternehmen\/2018-03-12\/kapitalerhoehung-fuer-den-sf-sustainable-property-fund\/"},"wordCount":172,"commentCount":0,"publisher":{"@id":"https:\/\/www.immobilienbusiness.ch\/#organization"},"image":{"@id":"https:\/\/www.immobilienbusiness.ch\/en\/unternehmen\/2018-03-12\/kapitalerhoehung-fuer-den-sf-sustainable-property-fund\/#primaryimage"},"thumbnailUrl":"https:\/\/www.immobilienbusiness.ch\/wp-content\/uploads\/2017\/10\/IB-News-20171019-Kapitalerhoehung-Swiss-Commercial-Properties-Fund-e1637933228234.jpg","keywords":["Immobilienfonds","Kapitalerh\u00f6hung","Unternehmen"],"articleSection":["UNTERNEHMEN"],"inLanguage":"de"},{"@type":"WebPage","@id":"https:\/\/www.immobilienbusiness.ch\/en\/unternehmen\/2018-03-12\/kapitalerhoehung-fuer-den-sf-sustainable-property-fund\/","url":"https:\/\/www.immobilienbusiness.ch\/en\/unternehmen\/2018-03-12\/kapitalerhoehung-fuer-den-sf-sustainable-property-fund\/","name":"SFP: Kapitalerh\u00f6hung f\u00fcr den SF Sustainable Property Fund - IMMOBILIEN Business","isPartOf":{"@id":"https:\/\/www.immobilienbusiness.ch\/#website"},"primaryImageOfPage":{"@id":"https:\/\/www.immobilienbusiness.ch\/en\/unternehmen\/2018-03-12\/kapitalerhoehung-fuer-den-sf-sustainable-property-fund\/#primaryimage"},"image":{"@id":"https:\/\/www.immobilienbusiness.ch\/en\/unternehmen\/2018-03-12\/kapitalerhoehung-fuer-den-sf-sustainable-property-fund\/#primaryimage"},"thumbnailUrl":"https:\/\/www.immobilienbusiness.ch\/wp-content\/uploads\/2017\/10\/IB-News-20171019-Kapitalerhoehung-Swiss-Commercial-Properties-Fund-e1637933228234.jpg","datePublished":"2018-03-12T07:35:21+00:00","description":"Die SFP Funds AG f\u00fchrt vom 15. bis 29. M\u00e4rz eine Kapitalerh\u00f6hung f\u00fcr den SF Sustainable Property Fund durch. Bis zu\u00a0197,92\u00a0Millionen CHF will der Fonds dabei einnehmen.","breadcrumb":{"@id":"https:\/\/www.immobilienbusiness.ch\/en\/unternehmen\/2018-03-12\/kapitalerhoehung-fuer-den-sf-sustainable-property-fund\/#breadcrumb"},"inLanguage":"de","potentialAction":[{"@type":"ReadAction","target":["https:\/\/www.immobilienbusiness.ch\/en\/unternehmen\/2018-03-12\/kapitalerhoehung-fuer-den-sf-sustainable-property-fund\/"]}]},{"@type":"ImageObject","inLanguage":"de","@id":"https:\/\/www.immobilienbusiness.ch\/en\/unternehmen\/2018-03-12\/kapitalerhoehung-fuer-den-sf-sustainable-property-fund\/#primaryimage","url":"https:\/\/www.immobilienbusiness.ch\/wp-content\/uploads\/2017\/10\/IB-News-20171019-Kapitalerhoehung-Swiss-Commercial-Properties-Fund-e1637933228234.jpg","contentUrl":"https:\/\/www.immobilienbusiness.ch\/wp-content\/uploads\/2017\/10\/IB-News-20171019-Kapitalerhoehung-Swiss-Commercial-Properties-Fund-e1637933228234.jpg","width":680,"height":450,"caption":"Frisches Kapital (Bild: Rangizzz \u2013 depositphotos)"},{"@type":"BreadcrumbList","@id":"https:\/\/www.immobilienbusiness.ch\/en\/unternehmen\/2018-03-12\/kapitalerhoehung-fuer-den-sf-sustainable-property-fund\/#breadcrumb","itemListElement":[{"@type":"ListItem","position":1,"name":"Home","item":"https:\/\/www.immobilienbusiness.ch\/"},{"@type":"ListItem","position":2,"name":"SFP: Kapitalerh\u00f6hung f\u00fcr den SF Sustainable Property Fund"}]},{"@type":"WebSite","@id":"https:\/\/www.immobilienbusiness.ch\/#website","url":"https:\/\/www.immobilienbusiness.ch\/","name":"IMMOBILIEN Business","description":"Unabh\u00e4ngiges Schweizer Wirtschaftsmagazin mit Fokus auf Immobilien, Architektur- und Bau sowie Investment- und Finanzierung.","publisher":{"@id":"https:\/\/www.immobilienbusiness.ch\/#organization"},"potentialAction":[{"@type":"SearchAction","target":{"@type":"EntryPoint","urlTemplate":"https:\/\/www.immobilienbusiness.ch\/?s={search_term_string}"},"query-input":{"@type":"PropertyValueSpecification","valueRequired":true,"valueName":"search_term_string"}}],"inLanguage":"de"},{"@type":"Organization","@id":"https:\/\/www.immobilienbusiness.ch\/#organization","name":"IMMOBILIEN Business","url":"https:\/\/www.immobilienbusiness.ch\/","logo":{"@type":"ImageObject","inLanguage":"de","@id":"https:\/\/www.immobilienbusiness.ch\/#\/schema\/logo\/image\/","url":"https:\/\/www.immobilienbusiness.ch\/wp-content\/uploads\/2021\/07\/logo_ib.png","contentUrl":"https:\/\/www.immobilienbusiness.ch\/wp-content\/uploads\/2021\/07\/logo_ib.png","width":800,"height":181,"caption":"IMMOBILIEN Business"},"image":{"@id":"https:\/\/www.immobilienbusiness.ch\/#\/schema\/logo\/image\/"},"sameAs":["https:\/\/www.facebook.com\/immobilienbusiness\/"]},{"@type":"Person","@id":"https:\/\/www.immobilienbusiness.ch\/#\/schema\/person\/3fc036297b10b9f42d6db5ee932af8c8","name":"anja.hall","image":{"@type":"ImageObject","inLanguage":"de","@id":"https:\/\/secure.gravatar.com\/avatar\/066b5a0d447013502c71a5782f4f3469f03cfe595cc2329fb94652fe47511bfb?s=96&d=mm&r=g","url":"https:\/\/secure.gravatar.com\/avatar\/066b5a0d447013502c71a5782f4f3469f03cfe595cc2329fb94652fe47511bfb?s=96&d=mm&r=g","contentUrl":"https:\/\/secure.gravatar.com\/avatar\/066b5a0d447013502c71a5782f4f3469f03cfe595cc2329fb94652fe47511bfb?s=96&d=mm&r=g","caption":"anja.hall"},"url":"https:\/\/www.immobilienbusiness.ch\/de\/author\/anja-hall\/"}]}},"_links":{"self":[{"href":"https:\/\/www.immobilienbusiness.ch\/de\/wp-json\/wp\/v2\/posts\/11618","targetHints":{"allow":["GET"]}}],"collection":[{"href":"https:\/\/www.immobilienbusiness.ch\/de\/wp-json\/wp\/v2\/posts"}],"about":[{"href":"https:\/\/www.immobilienbusiness.ch\/de\/wp-json\/wp\/v2\/types\/post"}],"author":[{"embeddable":true,"href":"https:\/\/www.immobilienbusiness.ch\/de\/wp-json\/wp\/v2\/users\/3"}],"replies":[{"embeddable":true,"href":"https:\/\/www.immobilienbusiness.ch\/de\/wp-json\/wp\/v2\/comments?post=11618"}],"version-history":[{"count":0,"href":"https:\/\/www.immobilienbusiness.ch\/de\/wp-json\/wp\/v2\/posts\/11618\/revisions"}],"wp:featuredmedia":[{"embeddable":true,"href":"https:\/\/www.immobilienbusiness.ch\/de\/wp-json\/wp\/v2\/media\/9635"}],"wp:attachment":[{"href":"https:\/\/www.immobilienbusiness.ch\/de\/wp-json\/wp\/v2\/media?parent=11618"}],"wp:term":[{"taxonomy":"category","embeddable":true,"href":"https:\/\/www.immobilienbusiness.ch\/de\/wp-json\/wp\/v2\/categories?post=11618"},{"taxonomy":"post_tag","embeddable":true,"href":"https:\/\/www.immobilienbusiness.ch\/de\/wp-json\/wp\/v2\/tags?post=11618"}],"curies":[{"name":"wp","href":"https:\/\/api.w.org\/{rel}","templated":true}]}}