{"id":11561,"date":"2018-03-05T09:54:06","date_gmt":"2018-03-05T08:54:06","guid":{"rendered":"https:\/\/www.immobilienbusiness.ch\/?p=11561"},"modified":"2018-03-05T09:54:06","modified_gmt":"2018-03-05T08:54:06","slug":"privera-baumanagement-schweiz-unter-neuer-leitung","status":"publish","type":"post","link":"https:\/\/www.immobilienbusiness.ch\/de\/unternehmen\/2018-03-05\/privera-baumanagement-schweiz-unter-neuer-leitung\/","title":{"rendered":"Privera: Baumanagement Schweiz unter neuer Leitung"},"content":{"rendered":"<figure id=\"attachment_10651\" aria-describedby=\"caption-attachment-10651\" style=\"width: 680px\" class=\"wp-caption alignnone\"><img loading=\"lazy\" decoding=\"async\" class=\"size-medium wp-image-10651\" src=\"https:\/\/www.immobilienbusiness.ch\/wp-content\/uploads\/2017\/12\/IB-News-20171219-Varia-US-Properties-\u00fcbernimmt-Minderheitsanteile-von-Peak-Capital-Partners-c-Pixabay.jpg\" alt=\"\" width=\"680\" height=\"452\" \/><figcaption id=\"caption-attachment-10651\" class=\"wp-caption-text\">Ivan Godenzi wird neuer Leiter des Baumanagements Schweiz bei der Privera (Bild: Pixabay)<\/figcaption><\/figure>\n<p>Der bisherige Leiter Baumanagement Patrick Widmann verl\u00e4sst die zur Investis-Gruppe z\u00e4hlende Privera nach Unternehmensangaben auf eigenen Wunsch, wird seinen Nachfolger Ivan Godenzi jedoch in der \u00dcbergangsphase begleiten.<\/p>\n<p>Godenzi\u00a0 (28) ist dipl. Bauleiter und Techniker Hochbau HF und hat viel Erfahrung in der Leitung von Bauprojekten. Zuletzt war er Projektleiter und Prokurist bei der S+B Baumanagement AG. Dort war er unter anderem f\u00fcr das Hochhauspojekt \u00abAglaya\u00bb der Zug Estates in Risch Rotkreuz und f\u00fcr verschiedene Projekte der Migros Aare verantwortlich.<\/p>\n<p>Im Zuge der Neubesetzung der Position wird auch der gesamte Bereich neu organisiert: K\u00fcnftig soll sich das Baumanagement nach den Sparten Bauherrentreuhand und Baudienstleistungen organisieren statt wie bisher nach Regionen. Marcel Scheverling, seit Mai 2017 f\u00fcr Privara t\u00e4tig, wird die Sparte Bauherrentreuhand leiten und zudem als stellvertretender Leiter Baumanagement agieren.<\/p>\n","protected":false},"excerpt":{"rendered":"<p>Zum 1. Mai dieses Jahres \u00fcbernimmt Ivan Godenzi die Leitung des Baumanagements Schweiz bei der Privera. Im Zuge der Neubesetzung erfolge auch eine Reorganisation des Bereichs, teilt das Unternehmen mit.<\/p>\n","protected":false},"author":3,"featured_media":10651,"comment_status":"open","ping_status":"open","sticky":false,"template":"","format":"standard","meta":{"_acf_changed":false,"_yoast_wpseo_focuskw":"Privera","_yoast_wpseo_title":"","_yoast_wpseo_metadesc":"Zum 1. Mai dieses Jahres \u00fcbernimmt Ivan Godenzi die Leitung des Baumanagements Schweiz bei der Privera. Im Zuge der Neubesetzung erfolge auch eine Reorganisation des gesamten Bereichs, teilt das Unternehmen mit.","_yoast_wpseo_linkdex":58,"pgc_sgb_lightbox_settings":"","footnotes":""},"categories":[988],"tags":[1563,1807],"class_list":["post-11561","post","type-post","status-publish","format-standard","has-post-thumbnail","hentry","category-unternehmen","tag-personalia","tag-unternehmen"],"acf":[],"yoast_head":"<!-- This site is optimized with the Yoast SEO plugin v27.4 - https:\/\/yoast.com\/product\/yoast-seo-wordpress\/ -->\n<title>Privera: Baumanagement Schweiz unter neuer Leitung - IMMOBILIEN Business<\/title>\n<meta name=\"description\" content=\"Zum 1. Mai dieses Jahres \u00fcbernimmt Ivan Godenzi die Leitung des Baumanagements Schweiz bei der Privera. Im Zuge der Neubesetzung erfolge auch eine Reorganisation des gesamten Bereichs, teilt das Unternehmen mit.\" \/>\n<meta name=\"robots\" content=\"index, follow, max-snippet:-1, max-image-preview:large, max-video-preview:-1\" \/>\n<link rel=\"canonical\" href=\"https:\/\/www.immobilienbusiness.ch\/de\/unternehmen\/2018-03-05\/privera-baumanagement-schweiz-unter-neuer-leitung\/\" \/>\n<meta property=\"og:locale\" content=\"de_DE\" \/>\n<meta property=\"og:type\" content=\"article\" \/>\n<meta property=\"og:title\" content=\"Privera: Baumanagement Schweiz unter neuer Leitung - IMMOBILIEN Business\" \/>\n<meta property=\"og:description\" content=\"Zum 1. Mai dieses Jahres \u00fcbernimmt Ivan Godenzi die Leitung des Baumanagements Schweiz bei der Privera. Im Zuge der Neubesetzung erfolge auch eine Reorganisation des gesamten Bereichs, teilt das Unternehmen mit.\" \/>\n<meta property=\"og:url\" content=\"https:\/\/www.immobilienbusiness.ch\/de\/unternehmen\/2018-03-05\/privera-baumanagement-schweiz-unter-neuer-leitung\/\" \/>\n<meta property=\"og:site_name\" content=\"IMMOBILIEN Business\" \/>\n<meta property=\"article:publisher\" content=\"https:\/\/www.facebook.com\/immobilienbusiness\/\" \/>\n<meta property=\"article:published_time\" content=\"2018-03-05T08:54:06+00:00\" \/>\n<meta property=\"og:image\" content=\"https:\/\/www.immobilienbusiness.ch\/wp-content\/uploads\/2017\/12\/IB-News-20171219-Varia-US-Properties-uebernimmt-Minderheitsanteile-von-Peak-Capital-Partners-c-Pixabay.jpg\" \/>\n\t<meta property=\"og:image:width\" content=\"1280\" \/>\n\t<meta property=\"og:image:height\" content=\"850\" \/>\n\t<meta property=\"og:image:type\" content=\"image\/jpeg\" \/>\n<meta name=\"author\" content=\"anja.hall\" \/>\n<meta name=\"twitter:card\" content=\"summary_large_image\" \/>\n<meta name=\"twitter:image\" content=\"https:\/\/www.immobilienbusiness.ch\/wp-content\/uploads\/2017\/12\/IB-News-20171219-Varia-US-Properties-\u00fcbernimmt-Minderheitsanteile-von-Peak-Capital-Partners-c-Pixabay.jpg\" \/>\n<script type=\"application\/ld+json\" class=\"yoast-schema-graph\">{\"@context\":\"https:\\\/\\\/schema.org\",\"@graph\":[{\"@type\":\"Article\",\"@id\":\"https:\\\/\\\/www.immobilienbusiness.ch\\\/de\\\/unternehmen\\\/2018-03-05\\\/privera-baumanagement-schweiz-unter-neuer-leitung\\\/#article\",\"isPartOf\":{\"@id\":\"https:\\\/\\\/www.immobilienbusiness.ch\\\/de\\\/unternehmen\\\/2018-03-05\\\/privera-baumanagement-schweiz-unter-neuer-leitung\\\/\"},\"author\":{\"name\":\"anja.hall\",\"@id\":\"https:\\\/\\\/www.immobilienbusiness.ch\\\/#\\\/schema\\\/person\\\/3fc036297b10b9f42d6db5ee932af8c8\"},\"headline\":\"Privera: Baumanagement Schweiz unter neuer Leitung\",\"datePublished\":\"2018-03-05T08:54:06+00:00\",\"mainEntityOfPage\":{\"@id\":\"https:\\\/\\\/www.immobilienbusiness.ch\\\/de\\\/unternehmen\\\/2018-03-05\\\/privera-baumanagement-schweiz-unter-neuer-leitung\\\/\"},\"wordCount\":161,\"commentCount\":0,\"publisher\":{\"@id\":\"https:\\\/\\\/www.immobilienbusiness.ch\\\/#organization\"},\"image\":{\"@id\":\"https:\\\/\\\/www.immobilienbusiness.ch\\\/de\\\/unternehmen\\\/2018-03-05\\\/privera-baumanagement-schweiz-unter-neuer-leitung\\\/#primaryimage\"},\"thumbnailUrl\":\"https:\\\/\\\/www.immobilienbusiness.ch\\\/wp-content\\\/uploads\\\/2017\\\/12\\\/IB-News-20171219-Varia-US-Properties-uebernimmt-Minderheitsanteile-von-Peak-Capital-Partners-c-Pixabay.jpg\",\"keywords\":[\"Personalia\",\"Unternehmen\"],\"articleSection\":[\"UNTERNEHMEN\"],\"inLanguage\":\"de\"},{\"@type\":\"WebPage\",\"@id\":\"https:\\\/\\\/www.immobilienbusiness.ch\\\/de\\\/unternehmen\\\/2018-03-05\\\/privera-baumanagement-schweiz-unter-neuer-leitung\\\/\",\"url\":\"https:\\\/\\\/www.immobilienbusiness.ch\\\/de\\\/unternehmen\\\/2018-03-05\\\/privera-baumanagement-schweiz-unter-neuer-leitung\\\/\",\"name\":\"Privera: Baumanagement Schweiz unter neuer Leitung - IMMOBILIEN Business\",\"isPartOf\":{\"@id\":\"https:\\\/\\\/www.immobilienbusiness.ch\\\/#website\"},\"primaryImageOfPage\":{\"@id\":\"https:\\\/\\\/www.immobilienbusiness.ch\\\/de\\\/unternehmen\\\/2018-03-05\\\/privera-baumanagement-schweiz-unter-neuer-leitung\\\/#primaryimage\"},\"image\":{\"@id\":\"https:\\\/\\\/www.immobilienbusiness.ch\\\/de\\\/unternehmen\\\/2018-03-05\\\/privera-baumanagement-schweiz-unter-neuer-leitung\\\/#primaryimage\"},\"thumbnailUrl\":\"https:\\\/\\\/www.immobilienbusiness.ch\\\/wp-content\\\/uploads\\\/2017\\\/12\\\/IB-News-20171219-Varia-US-Properties-uebernimmt-Minderheitsanteile-von-Peak-Capital-Partners-c-Pixabay.jpg\",\"datePublished\":\"2018-03-05T08:54:06+00:00\",\"description\":\"Zum 1. Mai dieses Jahres \u00fcbernimmt Ivan Godenzi die Leitung des Baumanagements Schweiz bei der Privera. Im Zuge der Neubesetzung erfolge auch eine Reorganisation des gesamten Bereichs, teilt das Unternehmen mit.\",\"breadcrumb\":{\"@id\":\"https:\\\/\\\/www.immobilienbusiness.ch\\\/de\\\/unternehmen\\\/2018-03-05\\\/privera-baumanagement-schweiz-unter-neuer-leitung\\\/#breadcrumb\"},\"inLanguage\":\"de\",\"potentialAction\":[{\"@type\":\"ReadAction\",\"target\":[\"https:\\\/\\\/www.immobilienbusiness.ch\\\/de\\\/unternehmen\\\/2018-03-05\\\/privera-baumanagement-schweiz-unter-neuer-leitung\\\/\"]}]},{\"@type\":\"ImageObject\",\"inLanguage\":\"de\",\"@id\":\"https:\\\/\\\/www.immobilienbusiness.ch\\\/de\\\/unternehmen\\\/2018-03-05\\\/privera-baumanagement-schweiz-unter-neuer-leitung\\\/#primaryimage\",\"url\":\"https:\\\/\\\/www.immobilienbusiness.ch\\\/wp-content\\\/uploads\\\/2017\\\/12\\\/IB-News-20171219-Varia-US-Properties-uebernimmt-Minderheitsanteile-von-Peak-Capital-Partners-c-Pixabay.jpg\",\"contentUrl\":\"https:\\\/\\\/www.immobilienbusiness.ch\\\/wp-content\\\/uploads\\\/2017\\\/12\\\/IB-News-20171219-Varia-US-Properties-uebernimmt-Minderheitsanteile-von-Peak-Capital-Partners-c-Pixabay.jpg\",\"width\":1280,\"height\":850,\"caption\":\"Swiss Property Finance hat ein Joint Venture mit einem grossen europ\u00e4ischen Immobilieninvestor geschlossen (Bild: Pixabay)\"},{\"@type\":\"BreadcrumbList\",\"@id\":\"https:\\\/\\\/www.immobilienbusiness.ch\\\/de\\\/unternehmen\\\/2018-03-05\\\/privera-baumanagement-schweiz-unter-neuer-leitung\\\/#breadcrumb\",\"itemListElement\":[{\"@type\":\"ListItem\",\"position\":1,\"name\":\"Home\",\"item\":\"https:\\\/\\\/www.immobilienbusiness.ch\\\/\"},{\"@type\":\"ListItem\",\"position\":2,\"name\":\"Privera: Baumanagement Schweiz unter neuer Leitung\"}]},{\"@type\":\"WebSite\",\"@id\":\"https:\\\/\\\/www.immobilienbusiness.ch\\\/#website\",\"url\":\"https:\\\/\\\/www.immobilienbusiness.ch\\\/\",\"name\":\"IMMOBILIEN Business\",\"description\":\"Unabh\u00e4ngiges Schweizer Wirtschaftsmagazin mit Fokus auf Immobilien, Architektur- und Bau sowie Investment- und Finanzierung.\",\"publisher\":{\"@id\":\"https:\\\/\\\/www.immobilienbusiness.ch\\\/#organization\"},\"potentialAction\":[{\"@type\":\"SearchAction\",\"target\":{\"@type\":\"EntryPoint\",\"urlTemplate\":\"https:\\\/\\\/www.immobilienbusiness.ch\\\/?s={search_term_string}\"},\"query-input\":{\"@type\":\"PropertyValueSpecification\",\"valueRequired\":true,\"valueName\":\"search_term_string\"}}],\"inLanguage\":\"de\"},{\"@type\":\"Organization\",\"@id\":\"https:\\\/\\\/www.immobilienbusiness.ch\\\/#organization\",\"name\":\"IMMOBILIEN Business\",\"url\":\"https:\\\/\\\/www.immobilienbusiness.ch\\\/\",\"logo\":{\"@type\":\"ImageObject\",\"inLanguage\":\"de\",\"@id\":\"https:\\\/\\\/www.immobilienbusiness.ch\\\/#\\\/schema\\\/logo\\\/image\\\/\",\"url\":\"https:\\\/\\\/www.immobilienbusiness.ch\\\/wp-content\\\/uploads\\\/2021\\\/07\\\/logo_ib.png\",\"contentUrl\":\"https:\\\/\\\/www.immobilienbusiness.ch\\\/wp-content\\\/uploads\\\/2021\\\/07\\\/logo_ib.png\",\"width\":800,\"height\":181,\"caption\":\"IMMOBILIEN Business\"},\"image\":{\"@id\":\"https:\\\/\\\/www.immobilienbusiness.ch\\\/#\\\/schema\\\/logo\\\/image\\\/\"},\"sameAs\":[\"https:\\\/\\\/www.facebook.com\\\/immobilienbusiness\\\/\"]},{\"@type\":\"Person\",\"@id\":\"https:\\\/\\\/www.immobilienbusiness.ch\\\/#\\\/schema\\\/person\\\/3fc036297b10b9f42d6db5ee932af8c8\",\"name\":\"anja.hall\",\"image\":{\"@type\":\"ImageObject\",\"inLanguage\":\"de\",\"@id\":\"https:\\\/\\\/secure.gravatar.com\\\/avatar\\\/066b5a0d447013502c71a5782f4f3469f03cfe595cc2329fb94652fe47511bfb?s=96&d=mm&r=g\",\"url\":\"https:\\\/\\\/secure.gravatar.com\\\/avatar\\\/066b5a0d447013502c71a5782f4f3469f03cfe595cc2329fb94652fe47511bfb?s=96&d=mm&r=g\",\"contentUrl\":\"https:\\\/\\\/secure.gravatar.com\\\/avatar\\\/066b5a0d447013502c71a5782f4f3469f03cfe595cc2329fb94652fe47511bfb?s=96&d=mm&r=g\",\"caption\":\"anja.hall\"},\"url\":\"https:\\\/\\\/www.immobilienbusiness.ch\\\/de\\\/author\\\/anja-hall\\\/\"}]}<\/script>\n<!-- \/ Yoast SEO plugin. -->","yoast_head_json":{"title":"Privera: Baumanagement Schweiz unter neuer Leitung - IMMOBILIEN Business","description":"Zum 1. Mai dieses Jahres \u00fcbernimmt Ivan Godenzi die Leitung des Baumanagements Schweiz bei der Privera. Im Zuge der Neubesetzung erfolge auch eine Reorganisation des gesamten Bereichs, teilt das Unternehmen mit.","robots":{"index":"index","follow":"follow","max-snippet":"max-snippet:-1","max-image-preview":"max-image-preview:large","max-video-preview":"max-video-preview:-1"},"canonical":"https:\/\/www.immobilienbusiness.ch\/de\/unternehmen\/2018-03-05\/privera-baumanagement-schweiz-unter-neuer-leitung\/","og_locale":"de_DE","og_type":"article","og_title":"Privera: Baumanagement Schweiz unter neuer Leitung - IMMOBILIEN Business","og_description":"Zum 1. Mai dieses Jahres \u00fcbernimmt Ivan Godenzi die Leitung des Baumanagements Schweiz bei der Privera. Im Zuge der Neubesetzung erfolge auch eine Reorganisation des gesamten Bereichs, teilt das Unternehmen mit.","og_url":"https:\/\/www.immobilienbusiness.ch\/de\/unternehmen\/2018-03-05\/privera-baumanagement-schweiz-unter-neuer-leitung\/","og_site_name":"IMMOBILIEN Business","article_publisher":"https:\/\/www.facebook.com\/immobilienbusiness\/","article_published_time":"2018-03-05T08:54:06+00:00","og_image":[{"width":1280,"height":850,"url":"https:\/\/www.immobilienbusiness.ch\/wp-content\/uploads\/2017\/12\/IB-News-20171219-Varia-US-Properties-uebernimmt-Minderheitsanteile-von-Peak-Capital-Partners-c-Pixabay.jpg","type":"image\/jpeg"}],"author":"anja.hall","twitter_card":"summary_large_image","twitter_image":"https:\/\/www.immobilienbusiness.ch\/wp-content\/uploads\/2017\/12\/IB-News-20171219-Varia-US-Properties-\u00fcbernimmt-Minderheitsanteile-von-Peak-Capital-Partners-c-Pixabay.jpg","schema":{"@context":"https:\/\/schema.org","@graph":[{"@type":"Article","@id":"https:\/\/www.immobilienbusiness.ch\/de\/unternehmen\/2018-03-05\/privera-baumanagement-schweiz-unter-neuer-leitung\/#article","isPartOf":{"@id":"https:\/\/www.immobilienbusiness.ch\/de\/unternehmen\/2018-03-05\/privera-baumanagement-schweiz-unter-neuer-leitung\/"},"author":{"name":"anja.hall","@id":"https:\/\/www.immobilienbusiness.ch\/#\/schema\/person\/3fc036297b10b9f42d6db5ee932af8c8"},"headline":"Privera: Baumanagement Schweiz unter neuer Leitung","datePublished":"2018-03-05T08:54:06+00:00","mainEntityOfPage":{"@id":"https:\/\/www.immobilienbusiness.ch\/de\/unternehmen\/2018-03-05\/privera-baumanagement-schweiz-unter-neuer-leitung\/"},"wordCount":161,"commentCount":0,"publisher":{"@id":"https:\/\/www.immobilienbusiness.ch\/#organization"},"image":{"@id":"https:\/\/www.immobilienbusiness.ch\/de\/unternehmen\/2018-03-05\/privera-baumanagement-schweiz-unter-neuer-leitung\/#primaryimage"},"thumbnailUrl":"https:\/\/www.immobilienbusiness.ch\/wp-content\/uploads\/2017\/12\/IB-News-20171219-Varia-US-Properties-uebernimmt-Minderheitsanteile-von-Peak-Capital-Partners-c-Pixabay.jpg","keywords":["Personalia","Unternehmen"],"articleSection":["UNTERNEHMEN"],"inLanguage":"de"},{"@type":"WebPage","@id":"https:\/\/www.immobilienbusiness.ch\/de\/unternehmen\/2018-03-05\/privera-baumanagement-schweiz-unter-neuer-leitung\/","url":"https:\/\/www.immobilienbusiness.ch\/de\/unternehmen\/2018-03-05\/privera-baumanagement-schweiz-unter-neuer-leitung\/","name":"Privera: Baumanagement Schweiz unter neuer Leitung - IMMOBILIEN Business","isPartOf":{"@id":"https:\/\/www.immobilienbusiness.ch\/#website"},"primaryImageOfPage":{"@id":"https:\/\/www.immobilienbusiness.ch\/de\/unternehmen\/2018-03-05\/privera-baumanagement-schweiz-unter-neuer-leitung\/#primaryimage"},"image":{"@id":"https:\/\/www.immobilienbusiness.ch\/de\/unternehmen\/2018-03-05\/privera-baumanagement-schweiz-unter-neuer-leitung\/#primaryimage"},"thumbnailUrl":"https:\/\/www.immobilienbusiness.ch\/wp-content\/uploads\/2017\/12\/IB-News-20171219-Varia-US-Properties-uebernimmt-Minderheitsanteile-von-Peak-Capital-Partners-c-Pixabay.jpg","datePublished":"2018-03-05T08:54:06+00:00","description":"Zum 1. Mai dieses Jahres \u00fcbernimmt Ivan Godenzi die Leitung des Baumanagements Schweiz bei der Privera. Im Zuge der Neubesetzung erfolge auch eine Reorganisation des gesamten Bereichs, teilt das Unternehmen mit.","breadcrumb":{"@id":"https:\/\/www.immobilienbusiness.ch\/de\/unternehmen\/2018-03-05\/privera-baumanagement-schweiz-unter-neuer-leitung\/#breadcrumb"},"inLanguage":"de","potentialAction":[{"@type":"ReadAction","target":["https:\/\/www.immobilienbusiness.ch\/de\/unternehmen\/2018-03-05\/privera-baumanagement-schweiz-unter-neuer-leitung\/"]}]},{"@type":"ImageObject","inLanguage":"de","@id":"https:\/\/www.immobilienbusiness.ch\/de\/unternehmen\/2018-03-05\/privera-baumanagement-schweiz-unter-neuer-leitung\/#primaryimage","url":"https:\/\/www.immobilienbusiness.ch\/wp-content\/uploads\/2017\/12\/IB-News-20171219-Varia-US-Properties-uebernimmt-Minderheitsanteile-von-Peak-Capital-Partners-c-Pixabay.jpg","contentUrl":"https:\/\/www.immobilienbusiness.ch\/wp-content\/uploads\/2017\/12\/IB-News-20171219-Varia-US-Properties-uebernimmt-Minderheitsanteile-von-Peak-Capital-Partners-c-Pixabay.jpg","width":1280,"height":850,"caption":"Swiss Property Finance hat ein Joint Venture mit einem grossen europ\u00e4ischen Immobilieninvestor geschlossen (Bild: Pixabay)"},{"@type":"BreadcrumbList","@id":"https:\/\/www.immobilienbusiness.ch\/de\/unternehmen\/2018-03-05\/privera-baumanagement-schweiz-unter-neuer-leitung\/#breadcrumb","itemListElement":[{"@type":"ListItem","position":1,"name":"Home","item":"https:\/\/www.immobilienbusiness.ch\/"},{"@type":"ListItem","position":2,"name":"Privera: Baumanagement Schweiz unter neuer Leitung"}]},{"@type":"WebSite","@id":"https:\/\/www.immobilienbusiness.ch\/#website","url":"https:\/\/www.immobilienbusiness.ch\/","name":"IMMOBILIEN Business","description":"Unabh\u00e4ngiges Schweizer Wirtschaftsmagazin mit Fokus auf Immobilien, Architektur- und Bau sowie Investment- und Finanzierung.","publisher":{"@id":"https:\/\/www.immobilienbusiness.ch\/#organization"},"potentialAction":[{"@type":"SearchAction","target":{"@type":"EntryPoint","urlTemplate":"https:\/\/www.immobilienbusiness.ch\/?s={search_term_string}"},"query-input":{"@type":"PropertyValueSpecification","valueRequired":true,"valueName":"search_term_string"}}],"inLanguage":"de"},{"@type":"Organization","@id":"https:\/\/www.immobilienbusiness.ch\/#organization","name":"IMMOBILIEN Business","url":"https:\/\/www.immobilienbusiness.ch\/","logo":{"@type":"ImageObject","inLanguage":"de","@id":"https:\/\/www.immobilienbusiness.ch\/#\/schema\/logo\/image\/","url":"https:\/\/www.immobilienbusiness.ch\/wp-content\/uploads\/2021\/07\/logo_ib.png","contentUrl":"https:\/\/www.immobilienbusiness.ch\/wp-content\/uploads\/2021\/07\/logo_ib.png","width":800,"height":181,"caption":"IMMOBILIEN Business"},"image":{"@id":"https:\/\/www.immobilienbusiness.ch\/#\/schema\/logo\/image\/"},"sameAs":["https:\/\/www.facebook.com\/immobilienbusiness\/"]},{"@type":"Person","@id":"https:\/\/www.immobilienbusiness.ch\/#\/schema\/person\/3fc036297b10b9f42d6db5ee932af8c8","name":"anja.hall","image":{"@type":"ImageObject","inLanguage":"de","@id":"https:\/\/secure.gravatar.com\/avatar\/066b5a0d447013502c71a5782f4f3469f03cfe595cc2329fb94652fe47511bfb?s=96&d=mm&r=g","url":"https:\/\/secure.gravatar.com\/avatar\/066b5a0d447013502c71a5782f4f3469f03cfe595cc2329fb94652fe47511bfb?s=96&d=mm&r=g","contentUrl":"https:\/\/secure.gravatar.com\/avatar\/066b5a0d447013502c71a5782f4f3469f03cfe595cc2329fb94652fe47511bfb?s=96&d=mm&r=g","caption":"anja.hall"},"url":"https:\/\/www.immobilienbusiness.ch\/de\/author\/anja-hall\/"}]}},"_links":{"self":[{"href":"https:\/\/www.immobilienbusiness.ch\/de\/wp-json\/wp\/v2\/posts\/11561","targetHints":{"allow":["GET"]}}],"collection":[{"href":"https:\/\/www.immobilienbusiness.ch\/de\/wp-json\/wp\/v2\/posts"}],"about":[{"href":"https:\/\/www.immobilienbusiness.ch\/de\/wp-json\/wp\/v2\/types\/post"}],"author":[{"embeddable":true,"href":"https:\/\/www.immobilienbusiness.ch\/de\/wp-json\/wp\/v2\/users\/3"}],"replies":[{"embeddable":true,"href":"https:\/\/www.immobilienbusiness.ch\/de\/wp-json\/wp\/v2\/comments?post=11561"}],"version-history":[{"count":0,"href":"https:\/\/www.immobilienbusiness.ch\/de\/wp-json\/wp\/v2\/posts\/11561\/revisions"}],"wp:featuredmedia":[{"embeddable":true,"href":"https:\/\/www.immobilienbusiness.ch\/de\/wp-json\/wp\/v2\/media\/10651"}],"wp:attachment":[{"href":"https:\/\/www.immobilienbusiness.ch\/de\/wp-json\/wp\/v2\/media?parent=11561"}],"wp:term":[{"taxonomy":"category","embeddable":true,"href":"https:\/\/www.immobilienbusiness.ch\/de\/wp-json\/wp\/v2\/categories?post=11561"},{"taxonomy":"post_tag","embeddable":true,"href":"https:\/\/www.immobilienbusiness.ch\/de\/wp-json\/wp\/v2\/tags?post=11561"}],"curies":[{"name":"wp","href":"https:\/\/api.w.org\/{rel}","templated":true}]}}