{"id":1153,"date":"2015-10-21T08:46:33","date_gmt":"2015-10-21T06:46:33","guid":{"rendered":"http:\/\/dev.immobilienbusiness.ch\/?p=1153"},"modified":"2015-10-21T08:46:33","modified_gmt":"2015-10-21T06:46:33","slug":"francois-trausch-wird-neuer-ceo-der-allianz-real-estate","status":"publish","type":"post","link":"https:\/\/www.immobilienbusiness.ch\/de\/allgemein\/2015-10-21\/francois-trausch-wird-neuer-ceo-der-allianz-real-estate\/","title":{"rendered":"Fran\u00e7ois Trausch wird neuer CEO der Allianz Real Estate"},"content":{"rendered":"<p><img loading=\"lazy\" decoding=\"async\" class=\"alignnone size-medium wp-image-4756\" src=\"https:\/\/immobilienbusiness.ch\/wp-content\/uploads\/2015\/10\/Fran\u00e7ois-Trausch-wird-neuer-CEO-der-Allianz-Real-Estate-immobilien-business.jpg\" alt=\"\" width=\"680\" height=\"494\" \/><\/p>\n<p>Seit 2010 war der 50-J\u00e4hrige Fran\u00e7ois Trausch CEO Asia-Pacific der GE Capital Real Estate. In dieser Funktion war er f\u00fcr die Immobilieninvestments und\u00a0 -finanzierung sowie f\u00fcr das Portfoliomanagement in der Region verantwortlich. In den 15 Jahren davor war er in verschiedenen F\u00fchrungspositionen bei GE in Europa t\u00e4tig. Bevor Fran\u00e7ois Trausch zu GE kam, arbeitete er f\u00fcr Tishman Speyer in New York und Berlin sowie f\u00fcr Goldman Sachs in London. (ah)<\/p>\n","protected":false},"excerpt":{"rendered":"<p>Neuer CEO der Allianz Real Estate wird mit Wirkung zum 1. Januar 2016 Fran\u00e7ois Trausch. Er \u00fcbernimmt er das Ruder von Olivier Piani, der zum Ende dieses Jahres in den Ruhestand tritt. Trausch wird sein B\u00fcro in Paris haben.<\/p>\n","protected":false},"author":1,"featured_media":4756,"comment_status":"open","ping_status":"open","sticky":false,"template":"","format":"standard","meta":{"_acf_changed":false,"_yoast_wpseo_focuskw":"Allianz Real Estate CEO","_yoast_wpseo_title":"Allianz Real Estate CEO: Fran\u00e7ois Trausch \u00fcbernimmt Leitung","_yoast_wpseo_metadesc":"Angesichts steigender Marktanforderungen \u00fcbernimmt Fran\u00e7ois Trausch die Position des CEO bei Allianz Real Estate, mit langj\u00e4hriger Erfahrung in der Immobilienbranche.","_yoast_wpseo_linkdex":42,"pgc_sgb_lightbox_settings":"","footnotes":""},"categories":[1],"tags":[1564],"class_list":["post-1153","post","type-post","status-publish","format-standard","has-post-thumbnail","hentry","category-allgemein","tag-personalien"],"acf":[],"yoast_head":"<!-- This site is optimized with the Yoast SEO plugin v27.5 - https:\/\/yoast.com\/product\/yoast-seo-wordpress\/ -->\n<title>Allianz Real Estate CEO: Fran\u00e7ois Trausch \u00fcbernimmt Leitung<\/title>\n<meta name=\"description\" content=\"Angesichts steigender Marktanforderungen \u00fcbernimmt Fran\u00e7ois Trausch die Position des CEO bei Allianz Real Estate, mit langj\u00e4hriger Erfahrung in der Immobilienbranche.\" \/>\n<meta name=\"robots\" content=\"index, follow, max-snippet:-1, max-image-preview:large, max-video-preview:-1\" \/>\n<link rel=\"canonical\" href=\"https:\/\/www.immobilienbusiness.ch\/de\/allgemein\/2015-10-21\/francois-trausch-wird-neuer-ceo-der-allianz-real-estate\/\" \/>\n<meta property=\"og:locale\" content=\"de_DE\" \/>\n<meta property=\"og:type\" content=\"article\" \/>\n<meta property=\"og:title\" content=\"Fran\u00e7ois Trausch wird neuer CEO der Allianz Real Estate\" \/>\n<meta property=\"og:description\" content=\"Neuer CEO der Allianz Real Estate wird mit Wirkung zum 1. Januar 2016 Fran\u00e7ois Trausch. Er \u00fcbernimmt er das Ruder von Olivier Piani, der zum Ende dieses Jahres in den Ruhestand tritt. Trausch wird sein B\u00fcro in Paris haben.\" \/>\n<meta property=\"og:url\" content=\"https:\/\/www.immobilienbusiness.ch\/de\/allgemein\/2015-10-21\/francois-trausch-wird-neuer-ceo-der-allianz-real-estate\/\" \/>\n<meta property=\"og:site_name\" content=\"IMMOBILIEN Business\" \/>\n<meta property=\"article:publisher\" content=\"https:\/\/www.facebook.com\/immobilienbusiness\/\" \/>\n<meta property=\"article:published_time\" content=\"2015-10-21T06:46:33+00:00\" \/>\n<meta name=\"author\" content=\"Redaktion\" \/>\n<meta name=\"twitter:card\" content=\"summary_large_image\" \/>\n<meta name=\"twitter:image\" content=\"https:\/\/www.immobilienbusiness.ch\/wp-content\/uploads\/2015\/10\/Francois-Trausch-wird-neuer-CEO-der-Allianz-Real-Estate-immobilien-business.jpg\" \/>\n<script type=\"application\/ld+json\" class=\"yoast-schema-graph\">{\"@context\":\"https:\\\/\\\/schema.org\",\"@graph\":[{\"@type\":\"Article\",\"@id\":\"https:\\\/\\\/www.immobilienbusiness.ch\\\/allgemein\\\/2015-10-21\\\/francois-trausch-wird-neuer-ceo-der-allianz-real-estate\\\/#article\",\"isPartOf\":{\"@id\":\"https:\\\/\\\/www.immobilienbusiness.ch\\\/allgemein\\\/2015-10-21\\\/francois-trausch-wird-neuer-ceo-der-allianz-real-estate\\\/\"},\"author\":{\"name\":\"Redaktion\",\"@id\":\"https:\\\/\\\/www.immobilienbusiness.ch\\\/#\\\/schema\\\/person\\\/aa2bace6c5c5aad60102004a50c4eb1c\"},\"headline\":\"Fran\u00e7ois Trausch wird neuer CEO der Allianz Real Estate\",\"datePublished\":\"2015-10-21T06:46:33+00:00\",\"mainEntityOfPage\":{\"@id\":\"https:\\\/\\\/www.immobilienbusiness.ch\\\/allgemein\\\/2015-10-21\\\/francois-trausch-wird-neuer-ceo-der-allianz-real-estate\\\/\"},\"wordCount\":87,\"commentCount\":0,\"publisher\":{\"@id\":\"https:\\\/\\\/www.immobilienbusiness.ch\\\/#organization\"},\"image\":{\"@id\":\"https:\\\/\\\/www.immobilienbusiness.ch\\\/allgemein\\\/2015-10-21\\\/francois-trausch-wird-neuer-ceo-der-allianz-real-estate\\\/#primaryimage\"},\"thumbnailUrl\":\"https:\\\/\\\/www.immobilienbusiness.ch\\\/wp-content\\\/uploads\\\/2015\\\/10\\\/Francois-Trausch-wird-neuer-CEO-der-Allianz-Real-Estate-immobilien-business.jpg\",\"keywords\":[\"Personalien\"],\"inLanguage\":\"de\"},{\"@type\":\"WebPage\",\"@id\":\"https:\\\/\\\/www.immobilienbusiness.ch\\\/allgemein\\\/2015-10-21\\\/francois-trausch-wird-neuer-ceo-der-allianz-real-estate\\\/\",\"url\":\"https:\\\/\\\/www.immobilienbusiness.ch\\\/allgemein\\\/2015-10-21\\\/francois-trausch-wird-neuer-ceo-der-allianz-real-estate\\\/\",\"name\":\"Allianz Real Estate CEO: Fran\u00e7ois Trausch \u00fcbernimmt Leitung\",\"isPartOf\":{\"@id\":\"https:\\\/\\\/www.immobilienbusiness.ch\\\/#website\"},\"primaryImageOfPage\":{\"@id\":\"https:\\\/\\\/www.immobilienbusiness.ch\\\/allgemein\\\/2015-10-21\\\/francois-trausch-wird-neuer-ceo-der-allianz-real-estate\\\/#primaryimage\"},\"image\":{\"@id\":\"https:\\\/\\\/www.immobilienbusiness.ch\\\/allgemein\\\/2015-10-21\\\/francois-trausch-wird-neuer-ceo-der-allianz-real-estate\\\/#primaryimage\"},\"thumbnailUrl\":\"https:\\\/\\\/www.immobilienbusiness.ch\\\/wp-content\\\/uploads\\\/2015\\\/10\\\/Francois-Trausch-wird-neuer-CEO-der-Allianz-Real-Estate-immobilien-business.jpg\",\"datePublished\":\"2015-10-21T06:46:33+00:00\",\"description\":\"Angesichts steigender Marktanforderungen \u00fcbernimmt Fran\u00e7ois Trausch die Position des CEO bei Allianz Real Estate, mit langj\u00e4hriger Erfahrung in der Immobilienbranche.\",\"breadcrumb\":{\"@id\":\"https:\\\/\\\/www.immobilienbusiness.ch\\\/allgemein\\\/2015-10-21\\\/francois-trausch-wird-neuer-ceo-der-allianz-real-estate\\\/#breadcrumb\"},\"inLanguage\":\"de\",\"potentialAction\":[{\"@type\":\"ReadAction\",\"target\":[\"https:\\\/\\\/www.immobilienbusiness.ch\\\/allgemein\\\/2015-10-21\\\/francois-trausch-wird-neuer-ceo-der-allianz-real-estate\\\/\"]}]},{\"@type\":\"ImageObject\",\"inLanguage\":\"de\",\"@id\":\"https:\\\/\\\/www.immobilienbusiness.ch\\\/allgemein\\\/2015-10-21\\\/francois-trausch-wird-neuer-ceo-der-allianz-real-estate\\\/#primaryimage\",\"url\":\"https:\\\/\\\/www.immobilienbusiness.ch\\\/wp-content\\\/uploads\\\/2015\\\/10\\\/Francois-Trausch-wird-neuer-CEO-der-Allianz-Real-Estate-immobilien-business.jpg\",\"contentUrl\":\"https:\\\/\\\/www.immobilienbusiness.ch\\\/wp-content\\\/uploads\\\/2015\\\/10\\\/Francois-Trausch-wird-neuer-CEO-der-Allianz-Real-Estate-immobilien-business.jpg\",\"width\":1104,\"height\":802},{\"@type\":\"BreadcrumbList\",\"@id\":\"https:\\\/\\\/www.immobilienbusiness.ch\\\/allgemein\\\/2015-10-21\\\/francois-trausch-wird-neuer-ceo-der-allianz-real-estate\\\/#breadcrumb\",\"itemListElement\":[{\"@type\":\"ListItem\",\"position\":1,\"name\":\"Home\",\"item\":\"https:\\\/\\\/www.immobilienbusiness.ch\\\/\"},{\"@type\":\"ListItem\",\"position\":2,\"name\":\"Fran\u00e7ois Trausch wird neuer CEO der Allianz Real Estate\"}]},{\"@type\":\"WebSite\",\"@id\":\"https:\\\/\\\/www.immobilienbusiness.ch\\\/#website\",\"url\":\"https:\\\/\\\/www.immobilienbusiness.ch\\\/\",\"name\":\"IMMOBILIEN Business\",\"description\":\"Unabh\u00e4ngiges Schweizer Wirtschaftsmagazin mit Fokus auf Immobilien, Architektur- und Bau sowie Investment- und Finanzierung.\",\"publisher\":{\"@id\":\"https:\\\/\\\/www.immobilienbusiness.ch\\\/#organization\"},\"potentialAction\":[{\"@type\":\"SearchAction\",\"target\":{\"@type\":\"EntryPoint\",\"urlTemplate\":\"https:\\\/\\\/www.immobilienbusiness.ch\\\/?s={search_term_string}\"},\"query-input\":{\"@type\":\"PropertyValueSpecification\",\"valueRequired\":true,\"valueName\":\"search_term_string\"}}],\"inLanguage\":\"de\"},{\"@type\":\"Organization\",\"@id\":\"https:\\\/\\\/www.immobilienbusiness.ch\\\/#organization\",\"name\":\"IMMOBILIEN Business\",\"url\":\"https:\\\/\\\/www.immobilienbusiness.ch\\\/\",\"logo\":{\"@type\":\"ImageObject\",\"inLanguage\":\"de\",\"@id\":\"https:\\\/\\\/www.immobilienbusiness.ch\\\/#\\\/schema\\\/logo\\\/image\\\/\",\"url\":\"https:\\\/\\\/www.immobilienbusiness.ch\\\/wp-content\\\/uploads\\\/2021\\\/07\\\/logo_ib.png\",\"contentUrl\":\"https:\\\/\\\/www.immobilienbusiness.ch\\\/wp-content\\\/uploads\\\/2021\\\/07\\\/logo_ib.png\",\"width\":800,\"height\":181,\"caption\":\"IMMOBILIEN Business\"},\"image\":{\"@id\":\"https:\\\/\\\/www.immobilienbusiness.ch\\\/#\\\/schema\\\/logo\\\/image\\\/\"},\"sameAs\":[\"https:\\\/\\\/www.facebook.com\\\/immobilienbusiness\\\/\"]},{\"@type\":\"Person\",\"@id\":\"https:\\\/\\\/www.immobilienbusiness.ch\\\/#\\\/schema\\\/person\\\/aa2bace6c5c5aad60102004a50c4eb1c\",\"name\":\"Redaktion\",\"image\":{\"@type\":\"ImageObject\",\"inLanguage\":\"de\",\"@id\":\"https:\\\/\\\/secure.gravatar.com\\\/avatar\\\/ae2f4d718e6c49043e314ce431e7e645d646302a24a5ef5a8bc8e3f5a032e319?s=96&d=mm&r=g\",\"url\":\"https:\\\/\\\/secure.gravatar.com\\\/avatar\\\/ae2f4d718e6c49043e314ce431e7e645d646302a24a5ef5a8bc8e3f5a032e319?s=96&d=mm&r=g\",\"contentUrl\":\"https:\\\/\\\/secure.gravatar.com\\\/avatar\\\/ae2f4d718e6c49043e314ce431e7e645d646302a24a5ef5a8bc8e3f5a032e319?s=96&d=mm&r=g\",\"caption\":\"Redaktion\"},\"sameAs\":[\"http:\\\/\\\/develop.organisator.galledia.ch\"],\"url\":\"https:\\\/\\\/www.immobilienbusiness.ch\\\/de\\\/author\\\/admin\\\/\"}]}<\/script>\n<!-- \/ Yoast SEO plugin. -->","yoast_head_json":{"title":"Allianz Real Estate CEO: Fran\u00e7ois Trausch \u00fcbernimmt Leitung","description":"Angesichts steigender Marktanforderungen \u00fcbernimmt Fran\u00e7ois Trausch die Position des CEO bei Allianz Real Estate, mit langj\u00e4hriger Erfahrung in der Immobilienbranche.","robots":{"index":"index","follow":"follow","max-snippet":"max-snippet:-1","max-image-preview":"max-image-preview:large","max-video-preview":"max-video-preview:-1"},"canonical":"https:\/\/www.immobilienbusiness.ch\/de\/allgemein\/2015-10-21\/francois-trausch-wird-neuer-ceo-der-allianz-real-estate\/","og_locale":"de_DE","og_type":"article","og_title":"Fran\u00e7ois Trausch wird neuer CEO der Allianz Real Estate","og_description":"Neuer CEO der Allianz Real Estate wird mit Wirkung zum 1. Januar 2016 Fran\u00e7ois Trausch. Er \u00fcbernimmt er das Ruder von Olivier Piani, der zum Ende dieses Jahres in den Ruhestand tritt. Trausch wird sein B\u00fcro in Paris haben.","og_url":"https:\/\/www.immobilienbusiness.ch\/de\/allgemein\/2015-10-21\/francois-trausch-wird-neuer-ceo-der-allianz-real-estate\/","og_site_name":"IMMOBILIEN Business","article_publisher":"https:\/\/www.facebook.com\/immobilienbusiness\/","article_published_time":"2015-10-21T06:46:33+00:00","author":"Redaktion","twitter_card":"summary_large_image","twitter_image":"https:\/\/www.immobilienbusiness.ch\/wp-content\/uploads\/2015\/10\/Francois-Trausch-wird-neuer-CEO-der-Allianz-Real-Estate-immobilien-business.jpg","schema":{"@context":"https:\/\/schema.org","@graph":[{"@type":"Article","@id":"https:\/\/www.immobilienbusiness.ch\/allgemein\/2015-10-21\/francois-trausch-wird-neuer-ceo-der-allianz-real-estate\/#article","isPartOf":{"@id":"https:\/\/www.immobilienbusiness.ch\/allgemein\/2015-10-21\/francois-trausch-wird-neuer-ceo-der-allianz-real-estate\/"},"author":{"name":"Redaktion","@id":"https:\/\/www.immobilienbusiness.ch\/#\/schema\/person\/aa2bace6c5c5aad60102004a50c4eb1c"},"headline":"Fran\u00e7ois Trausch wird neuer CEO der Allianz Real Estate","datePublished":"2015-10-21T06:46:33+00:00","mainEntityOfPage":{"@id":"https:\/\/www.immobilienbusiness.ch\/allgemein\/2015-10-21\/francois-trausch-wird-neuer-ceo-der-allianz-real-estate\/"},"wordCount":87,"commentCount":0,"publisher":{"@id":"https:\/\/www.immobilienbusiness.ch\/#organization"},"image":{"@id":"https:\/\/www.immobilienbusiness.ch\/allgemein\/2015-10-21\/francois-trausch-wird-neuer-ceo-der-allianz-real-estate\/#primaryimage"},"thumbnailUrl":"https:\/\/www.immobilienbusiness.ch\/wp-content\/uploads\/2015\/10\/Francois-Trausch-wird-neuer-CEO-der-Allianz-Real-Estate-immobilien-business.jpg","keywords":["Personalien"],"inLanguage":"de"},{"@type":"WebPage","@id":"https:\/\/www.immobilienbusiness.ch\/allgemein\/2015-10-21\/francois-trausch-wird-neuer-ceo-der-allianz-real-estate\/","url":"https:\/\/www.immobilienbusiness.ch\/allgemein\/2015-10-21\/francois-trausch-wird-neuer-ceo-der-allianz-real-estate\/","name":"Allianz Real Estate CEO: Fran\u00e7ois Trausch \u00fcbernimmt Leitung","isPartOf":{"@id":"https:\/\/www.immobilienbusiness.ch\/#website"},"primaryImageOfPage":{"@id":"https:\/\/www.immobilienbusiness.ch\/allgemein\/2015-10-21\/francois-trausch-wird-neuer-ceo-der-allianz-real-estate\/#primaryimage"},"image":{"@id":"https:\/\/www.immobilienbusiness.ch\/allgemein\/2015-10-21\/francois-trausch-wird-neuer-ceo-der-allianz-real-estate\/#primaryimage"},"thumbnailUrl":"https:\/\/www.immobilienbusiness.ch\/wp-content\/uploads\/2015\/10\/Francois-Trausch-wird-neuer-CEO-der-Allianz-Real-Estate-immobilien-business.jpg","datePublished":"2015-10-21T06:46:33+00:00","description":"Angesichts steigender Marktanforderungen \u00fcbernimmt Fran\u00e7ois Trausch die Position des CEO bei Allianz Real Estate, mit langj\u00e4hriger Erfahrung in der Immobilienbranche.","breadcrumb":{"@id":"https:\/\/www.immobilienbusiness.ch\/allgemein\/2015-10-21\/francois-trausch-wird-neuer-ceo-der-allianz-real-estate\/#breadcrumb"},"inLanguage":"de","potentialAction":[{"@type":"ReadAction","target":["https:\/\/www.immobilienbusiness.ch\/allgemein\/2015-10-21\/francois-trausch-wird-neuer-ceo-der-allianz-real-estate\/"]}]},{"@type":"ImageObject","inLanguage":"de","@id":"https:\/\/www.immobilienbusiness.ch\/allgemein\/2015-10-21\/francois-trausch-wird-neuer-ceo-der-allianz-real-estate\/#primaryimage","url":"https:\/\/www.immobilienbusiness.ch\/wp-content\/uploads\/2015\/10\/Francois-Trausch-wird-neuer-CEO-der-Allianz-Real-Estate-immobilien-business.jpg","contentUrl":"https:\/\/www.immobilienbusiness.ch\/wp-content\/uploads\/2015\/10\/Francois-Trausch-wird-neuer-CEO-der-Allianz-Real-Estate-immobilien-business.jpg","width":1104,"height":802},{"@type":"BreadcrumbList","@id":"https:\/\/www.immobilienbusiness.ch\/allgemein\/2015-10-21\/francois-trausch-wird-neuer-ceo-der-allianz-real-estate\/#breadcrumb","itemListElement":[{"@type":"ListItem","position":1,"name":"Home","item":"https:\/\/www.immobilienbusiness.ch\/"},{"@type":"ListItem","position":2,"name":"Fran\u00e7ois Trausch wird neuer CEO der Allianz Real Estate"}]},{"@type":"WebSite","@id":"https:\/\/www.immobilienbusiness.ch\/#website","url":"https:\/\/www.immobilienbusiness.ch\/","name":"IMMOBILIEN Business","description":"Unabh\u00e4ngiges Schweizer Wirtschaftsmagazin mit Fokus auf Immobilien, Architektur- und Bau sowie Investment- und Finanzierung.","publisher":{"@id":"https:\/\/www.immobilienbusiness.ch\/#organization"},"potentialAction":[{"@type":"SearchAction","target":{"@type":"EntryPoint","urlTemplate":"https:\/\/www.immobilienbusiness.ch\/?s={search_term_string}"},"query-input":{"@type":"PropertyValueSpecification","valueRequired":true,"valueName":"search_term_string"}}],"inLanguage":"de"},{"@type":"Organization","@id":"https:\/\/www.immobilienbusiness.ch\/#organization","name":"IMMOBILIEN Business","url":"https:\/\/www.immobilienbusiness.ch\/","logo":{"@type":"ImageObject","inLanguage":"de","@id":"https:\/\/www.immobilienbusiness.ch\/#\/schema\/logo\/image\/","url":"https:\/\/www.immobilienbusiness.ch\/wp-content\/uploads\/2021\/07\/logo_ib.png","contentUrl":"https:\/\/www.immobilienbusiness.ch\/wp-content\/uploads\/2021\/07\/logo_ib.png","width":800,"height":181,"caption":"IMMOBILIEN Business"},"image":{"@id":"https:\/\/www.immobilienbusiness.ch\/#\/schema\/logo\/image\/"},"sameAs":["https:\/\/www.facebook.com\/immobilienbusiness\/"]},{"@type":"Person","@id":"https:\/\/www.immobilienbusiness.ch\/#\/schema\/person\/aa2bace6c5c5aad60102004a50c4eb1c","name":"Redaktion","image":{"@type":"ImageObject","inLanguage":"de","@id":"https:\/\/secure.gravatar.com\/avatar\/ae2f4d718e6c49043e314ce431e7e645d646302a24a5ef5a8bc8e3f5a032e319?s=96&d=mm&r=g","url":"https:\/\/secure.gravatar.com\/avatar\/ae2f4d718e6c49043e314ce431e7e645d646302a24a5ef5a8bc8e3f5a032e319?s=96&d=mm&r=g","contentUrl":"https:\/\/secure.gravatar.com\/avatar\/ae2f4d718e6c49043e314ce431e7e645d646302a24a5ef5a8bc8e3f5a032e319?s=96&d=mm&r=g","caption":"Redaktion"},"sameAs":["http:\/\/develop.organisator.galledia.ch"],"url":"https:\/\/www.immobilienbusiness.ch\/de\/author\/admin\/"}]}},"_links":{"self":[{"href":"https:\/\/www.immobilienbusiness.ch\/de\/wp-json\/wp\/v2\/posts\/1153","targetHints":{"allow":["GET"]}}],"collection":[{"href":"https:\/\/www.immobilienbusiness.ch\/de\/wp-json\/wp\/v2\/posts"}],"about":[{"href":"https:\/\/www.immobilienbusiness.ch\/de\/wp-json\/wp\/v2\/types\/post"}],"author":[{"embeddable":true,"href":"https:\/\/www.immobilienbusiness.ch\/de\/wp-json\/wp\/v2\/users\/1"}],"replies":[{"embeddable":true,"href":"https:\/\/www.immobilienbusiness.ch\/de\/wp-json\/wp\/v2\/comments?post=1153"}],"version-history":[{"count":0,"href":"https:\/\/www.immobilienbusiness.ch\/de\/wp-json\/wp\/v2\/posts\/1153\/revisions"}],"wp:featuredmedia":[{"embeddable":true,"href":"https:\/\/www.immobilienbusiness.ch\/de\/wp-json\/wp\/v2\/media\/4756"}],"wp:attachment":[{"href":"https:\/\/www.immobilienbusiness.ch\/de\/wp-json\/wp\/v2\/media?parent=1153"}],"wp:term":[{"taxonomy":"category","embeddable":true,"href":"https:\/\/www.immobilienbusiness.ch\/de\/wp-json\/wp\/v2\/categories?post=1153"},{"taxonomy":"post_tag","embeddable":true,"href":"https:\/\/www.immobilienbusiness.ch\/de\/wp-json\/wp\/v2\/tags?post=1153"}],"curies":[{"name":"wp","href":"https:\/\/api.w.org\/{rel}","templated":true}]}}