{"id":11441,"date":"2018-02-22T08:21:38","date_gmt":"2018-02-22T07:21:38","guid":{"rendered":"https:\/\/www.immobilienbusiness.ch\/?p=11441"},"modified":"2018-02-22T08:21:38","modified_gmt":"2018-02-22T07:21:38","slug":"takeda-verlaengert-mietvertrag-im-portikon","status":"publish","type":"post","link":"https:\/\/www.immobilienbusiness.ch\/de\/regionen\/2018-02-22\/takeda-verlaengert-mietvertrag-im-portikon\/","title":{"rendered":"Glattpark: Takeda wird Hauptmieter im \u00abPortikon\u00bb"},"content":{"rendered":"<figure id=\"attachment_11446\" aria-describedby=\"caption-attachment-11446\" style=\"width: 680px\" class=\"wp-caption alignnone\"><img loading=\"lazy\" decoding=\"async\" class=\"size-medium wp-image-11446\" src=\"https:\/\/www.immobilienbusiness.ch\/wp-content\/uploads\/2018\/02\/Portikon.jpg\" alt=\"\" width=\"680\" height=\"454\" srcset=\"https:\/\/www.immobilienbusiness.ch\/wp-content\/uploads\/2018\/02\/Portikon.jpg 995w, https:\/\/www.immobilienbusiness.ch\/wp-content\/uploads\/2018\/02\/Portikon-300x201.jpg 300w, https:\/\/www.immobilienbusiness.ch\/wp-content\/uploads\/2018\/02\/Portikon-768x513.jpg 768w, https:\/\/www.immobilienbusiness.ch\/wp-content\/uploads\/2018\/02\/Portikon-16x12.jpg 16w, https:\/\/www.immobilienbusiness.ch\/wp-content\/uploads\/2018\/02\/Portikon-262x175.jpg 262w, https:\/\/www.immobilienbusiness.ch\/wp-content\/uploads\/2018\/02\/Portikon-524x350.jpg 524w, https:\/\/www.immobilienbusiness.ch\/wp-content\/uploads\/2018\/02\/Portikon-920x615.jpg 920w\" sizes=\"auto, (max-width: 680px) 100vw, 680px\" \/><figcaption id=\"caption-attachment-11446\" class=\"wp-caption-text\">Takeda verl\u00e4ngert den Mietvertrag im \u00abPortikon\u00bb (Quelle: Acron AG)<\/figcaption><\/figure>\n<p>Wie der Eigent\u00fcmer des \u00abPortikon\u00bb, die Acron Swiss Premium Assets, mitteilt, wurde der Mietvertrag mit Takeda Pharmaceuticals International am 25. Januar 2018 verl\u00e4ngert. Im Zuge dessen erweitert Takeda die angemieteten Fl\u00e4che um 1.600 qm und ist nun mit rund 60 Prozent Hauptmieter des B\u00fcrogeb\u00e4udes.<\/p>\n<p>Neben B\u00fcroarbeitspl\u00e4tzen verf\u00fcgt das Minergie-P-Standard-Geb\u00e4ude \u00fcber eine grosse Lobby, ein Atrium, diverse Konferenz- und Besprechungsr\u00e4ume sowie ein Restaurant f\u00fcr Mitarbeiter und Besucher. Der\u00a0\u00abPortikon\u00bb befindet sich\u00a0im Glattpark von Opfikon und liegt zwischen dem Flughafen Z\u00fcrich-Kloten und der Stadt Z\u00fcrich.<\/p>\n<p>\u00abDie Mietvertragsverl\u00e4ngerung mit dem renommierten Hauptmieter Takeda best\u00e4tigt sowohl die Qualit\u00e4t als auch die Lage des Portikons als Prime Asset\u00bb, sagt Peer Bender, CEO der Acron AG.\u00a0Takeda ist das gr\u00f6sste Pharmaunternehmen Japans und besch\u00e4ftigt in mehr als 70 L\u00e4ndern \u00fcber 30.000 Mitarbeitende.<\/p>\n","protected":false},"excerpt":{"rendered":"<p>Der Pharmakonzern Takeda hat seinen Mietvertrag \u00fcber 10.100 qm B\u00fcrofl\u00e4che im \u00abPortikon\u00bb im Glattpark bis 2024 verl\u00e4ngert. Das Unternehmen hat seine Fl\u00e4chen ausserdem erweitert und ist nun Hauptmieter in dem B\u00fcrogeb\u00e4ude.<\/p>\n","protected":false},"author":3,"featured_media":11446,"comment_status":"open","ping_status":"open","sticky":false,"template":"","format":"standard","meta":{"_acf_changed":false,"_yoast_wpseo_focuskw":"Portikon","_yoast_wpseo_title":"","_yoast_wpseo_metadesc":"Der Pharmakonzern Takeda hat seinen Mietvertrag \u00fcber 10.100 qm B\u00fcrofl\u00e4che im \u00abPortikon\u00bb im Glattpark bis 2024 verl\u00e4ngert. Das Unternehmen hat seine Fl\u00e4chen erweitert und ist nun Hauptmieter in dem B\u00fcrogeb\u00e4ude.","_yoast_wpseo_linkdex":69,"pgc_sgb_lightbox_settings":"","footnotes":""},"categories":[985],"tags":[1119,1832,1888],"class_list":["post-11441","post","type-post","status-publish","format-standard","has-post-thumbnail","hentry","category-regionen","tag-bueroimmobilien","tag-vermietung","tag-zuerich"],"acf":[],"yoast_head":"<!-- This site is optimized with the Yoast SEO plugin v27.4 - https:\/\/yoast.com\/product\/yoast-seo-wordpress\/ -->\n<title>Glattpark: Takeda wird Hauptmieter im \u00abPortikon\u00bb - IMMOBILIEN Business<\/title>\n<meta name=\"description\" content=\"Der Pharmakonzern Takeda hat seinen Mietvertrag \u00fcber 10.100 qm B\u00fcrofl\u00e4che im \u00abPortikon\u00bb im Glattpark bis 2024 verl\u00e4ngert. Das Unternehmen hat seine Fl\u00e4chen erweitert und ist nun Hauptmieter in dem B\u00fcrogeb\u00e4ude.\" \/>\n<meta name=\"robots\" content=\"index, follow, max-snippet:-1, max-image-preview:large, max-video-preview:-1\" \/>\n<link rel=\"canonical\" href=\"https:\/\/www.immobilienbusiness.ch\/de\/regionen\/2018-02-22\/takeda-verlaengert-mietvertrag-im-portikon\/\" \/>\n<meta property=\"og:locale\" content=\"de_DE\" \/>\n<meta property=\"og:type\" content=\"article\" \/>\n<meta property=\"og:title\" content=\"Glattpark: Takeda wird Hauptmieter im \u00abPortikon\u00bb - IMMOBILIEN Business\" \/>\n<meta property=\"og:description\" content=\"Der Pharmakonzern Takeda hat seinen Mietvertrag \u00fcber 10.100 qm B\u00fcrofl\u00e4che im \u00abPortikon\u00bb im Glattpark bis 2024 verl\u00e4ngert. Das Unternehmen hat seine Fl\u00e4chen erweitert und ist nun Hauptmieter in dem B\u00fcrogeb\u00e4ude.\" \/>\n<meta property=\"og:url\" content=\"https:\/\/www.immobilienbusiness.ch\/de\/regionen\/2018-02-22\/takeda-verlaengert-mietvertrag-im-portikon\/\" \/>\n<meta property=\"og:site_name\" content=\"IMMOBILIEN Business\" \/>\n<meta property=\"article:publisher\" content=\"https:\/\/www.facebook.com\/immobilienbusiness\/\" \/>\n<meta property=\"article:published_time\" content=\"2018-02-22T07:21:38+00:00\" \/>\n<meta property=\"og:image\" content=\"https:\/\/www.immobilienbusiness.ch\/wp-content\/uploads\/2018\/02\/Portikon.jpg\" \/>\n\t<meta property=\"og:image:width\" content=\"995\" \/>\n\t<meta property=\"og:image:height\" content=\"665\" \/>\n\t<meta property=\"og:image:type\" content=\"image\/jpeg\" \/>\n<meta name=\"author\" content=\"anja.hall\" \/>\n<meta name=\"twitter:card\" content=\"summary_large_image\" \/>\n<meta name=\"twitter:image\" content=\"https:\/\/www.immobilienbusiness.ch\/wp-content\/uploads\/2018\/02\/Portikon.jpg\" \/>\n<script type=\"application\/ld+json\" class=\"yoast-schema-graph\">{\"@context\":\"https:\\\/\\\/schema.org\",\"@graph\":[{\"@type\":\"Article\",\"@id\":\"https:\\\/\\\/www.immobilienbusiness.ch\\\/en\\\/regionen\\\/2018-02-22\\\/takeda-verlaengert-mietvertrag-im-portikon\\\/#article\",\"isPartOf\":{\"@id\":\"https:\\\/\\\/www.immobilienbusiness.ch\\\/en\\\/regionen\\\/2018-02-22\\\/takeda-verlaengert-mietvertrag-im-portikon\\\/\"},\"author\":{\"name\":\"anja.hall\",\"@id\":\"https:\\\/\\\/www.immobilienbusiness.ch\\\/#\\\/schema\\\/person\\\/3fc036297b10b9f42d6db5ee932af8c8\"},\"headline\":\"Glattpark: Takeda wird Hauptmieter im \u00abPortikon\u00bb\",\"datePublished\":\"2018-02-22T07:21:38+00:00\",\"mainEntityOfPage\":{\"@id\":\"https:\\\/\\\/www.immobilienbusiness.ch\\\/en\\\/regionen\\\/2018-02-22\\\/takeda-verlaengert-mietvertrag-im-portikon\\\/\"},\"wordCount\":163,\"commentCount\":0,\"publisher\":{\"@id\":\"https:\\\/\\\/www.immobilienbusiness.ch\\\/#organization\"},\"image\":{\"@id\":\"https:\\\/\\\/www.immobilienbusiness.ch\\\/en\\\/regionen\\\/2018-02-22\\\/takeda-verlaengert-mietvertrag-im-portikon\\\/#primaryimage\"},\"thumbnailUrl\":\"https:\\\/\\\/www.immobilienbusiness.ch\\\/wp-content\\\/uploads\\\/2018\\\/02\\\/Portikon.jpg\",\"keywords\":[\"B\u00fcroimmobilien\",\"Vermietung\",\"Z\u00fcrich\"],\"articleSection\":[\"REGIONEN\"],\"inLanguage\":\"de\"},{\"@type\":\"WebPage\",\"@id\":\"https:\\\/\\\/www.immobilienbusiness.ch\\\/en\\\/regionen\\\/2018-02-22\\\/takeda-verlaengert-mietvertrag-im-portikon\\\/\",\"url\":\"https:\\\/\\\/www.immobilienbusiness.ch\\\/en\\\/regionen\\\/2018-02-22\\\/takeda-verlaengert-mietvertrag-im-portikon\\\/\",\"name\":\"Glattpark: Takeda wird Hauptmieter im \u00abPortikon\u00bb - IMMOBILIEN Business\",\"isPartOf\":{\"@id\":\"https:\\\/\\\/www.immobilienbusiness.ch\\\/#website\"},\"primaryImageOfPage\":{\"@id\":\"https:\\\/\\\/www.immobilienbusiness.ch\\\/en\\\/regionen\\\/2018-02-22\\\/takeda-verlaengert-mietvertrag-im-portikon\\\/#primaryimage\"},\"image\":{\"@id\":\"https:\\\/\\\/www.immobilienbusiness.ch\\\/en\\\/regionen\\\/2018-02-22\\\/takeda-verlaengert-mietvertrag-im-portikon\\\/#primaryimage\"},\"thumbnailUrl\":\"https:\\\/\\\/www.immobilienbusiness.ch\\\/wp-content\\\/uploads\\\/2018\\\/02\\\/Portikon.jpg\",\"datePublished\":\"2018-02-22T07:21:38+00:00\",\"description\":\"Der Pharmakonzern Takeda hat seinen Mietvertrag \u00fcber 10.100 qm B\u00fcrofl\u00e4che im \u00abPortikon\u00bb im Glattpark bis 2024 verl\u00e4ngert. Das Unternehmen hat seine Fl\u00e4chen erweitert und ist nun Hauptmieter in dem B\u00fcrogeb\u00e4ude.\",\"breadcrumb\":{\"@id\":\"https:\\\/\\\/www.immobilienbusiness.ch\\\/en\\\/regionen\\\/2018-02-22\\\/takeda-verlaengert-mietvertrag-im-portikon\\\/#breadcrumb\"},\"inLanguage\":\"de\",\"potentialAction\":[{\"@type\":\"ReadAction\",\"target\":[\"https:\\\/\\\/www.immobilienbusiness.ch\\\/en\\\/regionen\\\/2018-02-22\\\/takeda-verlaengert-mietvertrag-im-portikon\\\/\"]}]},{\"@type\":\"ImageObject\",\"inLanguage\":\"de\",\"@id\":\"https:\\\/\\\/www.immobilienbusiness.ch\\\/en\\\/regionen\\\/2018-02-22\\\/takeda-verlaengert-mietvertrag-im-portikon\\\/#primaryimage\",\"url\":\"https:\\\/\\\/www.immobilienbusiness.ch\\\/wp-content\\\/uploads\\\/2018\\\/02\\\/Portikon.jpg\",\"contentUrl\":\"https:\\\/\\\/www.immobilienbusiness.ch\\\/wp-content\\\/uploads\\\/2018\\\/02\\\/Portikon.jpg\",\"width\":995,\"height\":665,\"caption\":\"(Quelle: Acron AG)\"},{\"@type\":\"BreadcrumbList\",\"@id\":\"https:\\\/\\\/www.immobilienbusiness.ch\\\/en\\\/regionen\\\/2018-02-22\\\/takeda-verlaengert-mietvertrag-im-portikon\\\/#breadcrumb\",\"itemListElement\":[{\"@type\":\"ListItem\",\"position\":1,\"name\":\"Home\",\"item\":\"https:\\\/\\\/www.immobilienbusiness.ch\\\/\"},{\"@type\":\"ListItem\",\"position\":2,\"name\":\"Glattpark: Takeda wird Hauptmieter im \u00abPortikon\u00bb\"}]},{\"@type\":\"WebSite\",\"@id\":\"https:\\\/\\\/www.immobilienbusiness.ch\\\/#website\",\"url\":\"https:\\\/\\\/www.immobilienbusiness.ch\\\/\",\"name\":\"IMMOBILIEN Business\",\"description\":\"Unabh\u00e4ngiges Schweizer Wirtschaftsmagazin mit Fokus auf Immobilien, Architektur- und Bau sowie Investment- und Finanzierung.\",\"publisher\":{\"@id\":\"https:\\\/\\\/www.immobilienbusiness.ch\\\/#organization\"},\"potentialAction\":[{\"@type\":\"SearchAction\",\"target\":{\"@type\":\"EntryPoint\",\"urlTemplate\":\"https:\\\/\\\/www.immobilienbusiness.ch\\\/?s={search_term_string}\"},\"query-input\":{\"@type\":\"PropertyValueSpecification\",\"valueRequired\":true,\"valueName\":\"search_term_string\"}}],\"inLanguage\":\"de\"},{\"@type\":\"Organization\",\"@id\":\"https:\\\/\\\/www.immobilienbusiness.ch\\\/#organization\",\"name\":\"IMMOBILIEN Business\",\"url\":\"https:\\\/\\\/www.immobilienbusiness.ch\\\/\",\"logo\":{\"@type\":\"ImageObject\",\"inLanguage\":\"de\",\"@id\":\"https:\\\/\\\/www.immobilienbusiness.ch\\\/#\\\/schema\\\/logo\\\/image\\\/\",\"url\":\"https:\\\/\\\/www.immobilienbusiness.ch\\\/wp-content\\\/uploads\\\/2021\\\/07\\\/logo_ib.png\",\"contentUrl\":\"https:\\\/\\\/www.immobilienbusiness.ch\\\/wp-content\\\/uploads\\\/2021\\\/07\\\/logo_ib.png\",\"width\":800,\"height\":181,\"caption\":\"IMMOBILIEN Business\"},\"image\":{\"@id\":\"https:\\\/\\\/www.immobilienbusiness.ch\\\/#\\\/schema\\\/logo\\\/image\\\/\"},\"sameAs\":[\"https:\\\/\\\/www.facebook.com\\\/immobilienbusiness\\\/\"]},{\"@type\":\"Person\",\"@id\":\"https:\\\/\\\/www.immobilienbusiness.ch\\\/#\\\/schema\\\/person\\\/3fc036297b10b9f42d6db5ee932af8c8\",\"name\":\"anja.hall\",\"image\":{\"@type\":\"ImageObject\",\"inLanguage\":\"de\",\"@id\":\"https:\\\/\\\/secure.gravatar.com\\\/avatar\\\/066b5a0d447013502c71a5782f4f3469f03cfe595cc2329fb94652fe47511bfb?s=96&d=mm&r=g\",\"url\":\"https:\\\/\\\/secure.gravatar.com\\\/avatar\\\/066b5a0d447013502c71a5782f4f3469f03cfe595cc2329fb94652fe47511bfb?s=96&d=mm&r=g\",\"contentUrl\":\"https:\\\/\\\/secure.gravatar.com\\\/avatar\\\/066b5a0d447013502c71a5782f4f3469f03cfe595cc2329fb94652fe47511bfb?s=96&d=mm&r=g\",\"caption\":\"anja.hall\"},\"url\":\"https:\\\/\\\/www.immobilienbusiness.ch\\\/de\\\/author\\\/anja-hall\\\/\"}]}<\/script>\n<!-- \/ Yoast SEO plugin. -->","yoast_head_json":{"title":"Glattpark: Takeda wird Hauptmieter im \u00abPortikon\u00bb - IMMOBILIEN Business","description":"Der Pharmakonzern Takeda hat seinen Mietvertrag \u00fcber 10.100 qm B\u00fcrofl\u00e4che im \u00abPortikon\u00bb im Glattpark bis 2024 verl\u00e4ngert. Das Unternehmen hat seine Fl\u00e4chen erweitert und ist nun Hauptmieter in dem B\u00fcrogeb\u00e4ude.","robots":{"index":"index","follow":"follow","max-snippet":"max-snippet:-1","max-image-preview":"max-image-preview:large","max-video-preview":"max-video-preview:-1"},"canonical":"https:\/\/www.immobilienbusiness.ch\/de\/regionen\/2018-02-22\/takeda-verlaengert-mietvertrag-im-portikon\/","og_locale":"de_DE","og_type":"article","og_title":"Glattpark: Takeda wird Hauptmieter im \u00abPortikon\u00bb - IMMOBILIEN Business","og_description":"Der Pharmakonzern Takeda hat seinen Mietvertrag \u00fcber 10.100 qm B\u00fcrofl\u00e4che im \u00abPortikon\u00bb im Glattpark bis 2024 verl\u00e4ngert. Das Unternehmen hat seine Fl\u00e4chen erweitert und ist nun Hauptmieter in dem B\u00fcrogeb\u00e4ude.","og_url":"https:\/\/www.immobilienbusiness.ch\/de\/regionen\/2018-02-22\/takeda-verlaengert-mietvertrag-im-portikon\/","og_site_name":"IMMOBILIEN Business","article_publisher":"https:\/\/www.facebook.com\/immobilienbusiness\/","article_published_time":"2018-02-22T07:21:38+00:00","og_image":[{"width":995,"height":665,"url":"https:\/\/www.immobilienbusiness.ch\/wp-content\/uploads\/2018\/02\/Portikon.jpg","type":"image\/jpeg"}],"author":"anja.hall","twitter_card":"summary_large_image","twitter_image":"https:\/\/www.immobilienbusiness.ch\/wp-content\/uploads\/2018\/02\/Portikon.jpg","schema":{"@context":"https:\/\/schema.org","@graph":[{"@type":"Article","@id":"https:\/\/www.immobilienbusiness.ch\/en\/regionen\/2018-02-22\/takeda-verlaengert-mietvertrag-im-portikon\/#article","isPartOf":{"@id":"https:\/\/www.immobilienbusiness.ch\/en\/regionen\/2018-02-22\/takeda-verlaengert-mietvertrag-im-portikon\/"},"author":{"name":"anja.hall","@id":"https:\/\/www.immobilienbusiness.ch\/#\/schema\/person\/3fc036297b10b9f42d6db5ee932af8c8"},"headline":"Glattpark: Takeda wird Hauptmieter im \u00abPortikon\u00bb","datePublished":"2018-02-22T07:21:38+00:00","mainEntityOfPage":{"@id":"https:\/\/www.immobilienbusiness.ch\/en\/regionen\/2018-02-22\/takeda-verlaengert-mietvertrag-im-portikon\/"},"wordCount":163,"commentCount":0,"publisher":{"@id":"https:\/\/www.immobilienbusiness.ch\/#organization"},"image":{"@id":"https:\/\/www.immobilienbusiness.ch\/en\/regionen\/2018-02-22\/takeda-verlaengert-mietvertrag-im-portikon\/#primaryimage"},"thumbnailUrl":"https:\/\/www.immobilienbusiness.ch\/wp-content\/uploads\/2018\/02\/Portikon.jpg","keywords":["B\u00fcroimmobilien","Vermietung","Z\u00fcrich"],"articleSection":["REGIONEN"],"inLanguage":"de"},{"@type":"WebPage","@id":"https:\/\/www.immobilienbusiness.ch\/en\/regionen\/2018-02-22\/takeda-verlaengert-mietvertrag-im-portikon\/","url":"https:\/\/www.immobilienbusiness.ch\/en\/regionen\/2018-02-22\/takeda-verlaengert-mietvertrag-im-portikon\/","name":"Glattpark: Takeda wird Hauptmieter im \u00abPortikon\u00bb - IMMOBILIEN Business","isPartOf":{"@id":"https:\/\/www.immobilienbusiness.ch\/#website"},"primaryImageOfPage":{"@id":"https:\/\/www.immobilienbusiness.ch\/en\/regionen\/2018-02-22\/takeda-verlaengert-mietvertrag-im-portikon\/#primaryimage"},"image":{"@id":"https:\/\/www.immobilienbusiness.ch\/en\/regionen\/2018-02-22\/takeda-verlaengert-mietvertrag-im-portikon\/#primaryimage"},"thumbnailUrl":"https:\/\/www.immobilienbusiness.ch\/wp-content\/uploads\/2018\/02\/Portikon.jpg","datePublished":"2018-02-22T07:21:38+00:00","description":"Der Pharmakonzern Takeda hat seinen Mietvertrag \u00fcber 10.100 qm B\u00fcrofl\u00e4che im \u00abPortikon\u00bb im Glattpark bis 2024 verl\u00e4ngert. Das Unternehmen hat seine Fl\u00e4chen erweitert und ist nun Hauptmieter in dem B\u00fcrogeb\u00e4ude.","breadcrumb":{"@id":"https:\/\/www.immobilienbusiness.ch\/en\/regionen\/2018-02-22\/takeda-verlaengert-mietvertrag-im-portikon\/#breadcrumb"},"inLanguage":"de","potentialAction":[{"@type":"ReadAction","target":["https:\/\/www.immobilienbusiness.ch\/en\/regionen\/2018-02-22\/takeda-verlaengert-mietvertrag-im-portikon\/"]}]},{"@type":"ImageObject","inLanguage":"de","@id":"https:\/\/www.immobilienbusiness.ch\/en\/regionen\/2018-02-22\/takeda-verlaengert-mietvertrag-im-portikon\/#primaryimage","url":"https:\/\/www.immobilienbusiness.ch\/wp-content\/uploads\/2018\/02\/Portikon.jpg","contentUrl":"https:\/\/www.immobilienbusiness.ch\/wp-content\/uploads\/2018\/02\/Portikon.jpg","width":995,"height":665,"caption":"(Quelle: Acron AG)"},{"@type":"BreadcrumbList","@id":"https:\/\/www.immobilienbusiness.ch\/en\/regionen\/2018-02-22\/takeda-verlaengert-mietvertrag-im-portikon\/#breadcrumb","itemListElement":[{"@type":"ListItem","position":1,"name":"Home","item":"https:\/\/www.immobilienbusiness.ch\/"},{"@type":"ListItem","position":2,"name":"Glattpark: Takeda wird Hauptmieter im \u00abPortikon\u00bb"}]},{"@type":"WebSite","@id":"https:\/\/www.immobilienbusiness.ch\/#website","url":"https:\/\/www.immobilienbusiness.ch\/","name":"IMMOBILIEN Business","description":"Unabh\u00e4ngiges Schweizer Wirtschaftsmagazin mit Fokus auf Immobilien, Architektur- und Bau sowie Investment- und Finanzierung.","publisher":{"@id":"https:\/\/www.immobilienbusiness.ch\/#organization"},"potentialAction":[{"@type":"SearchAction","target":{"@type":"EntryPoint","urlTemplate":"https:\/\/www.immobilienbusiness.ch\/?s={search_term_string}"},"query-input":{"@type":"PropertyValueSpecification","valueRequired":true,"valueName":"search_term_string"}}],"inLanguage":"de"},{"@type":"Organization","@id":"https:\/\/www.immobilienbusiness.ch\/#organization","name":"IMMOBILIEN Business","url":"https:\/\/www.immobilienbusiness.ch\/","logo":{"@type":"ImageObject","inLanguage":"de","@id":"https:\/\/www.immobilienbusiness.ch\/#\/schema\/logo\/image\/","url":"https:\/\/www.immobilienbusiness.ch\/wp-content\/uploads\/2021\/07\/logo_ib.png","contentUrl":"https:\/\/www.immobilienbusiness.ch\/wp-content\/uploads\/2021\/07\/logo_ib.png","width":800,"height":181,"caption":"IMMOBILIEN Business"},"image":{"@id":"https:\/\/www.immobilienbusiness.ch\/#\/schema\/logo\/image\/"},"sameAs":["https:\/\/www.facebook.com\/immobilienbusiness\/"]},{"@type":"Person","@id":"https:\/\/www.immobilienbusiness.ch\/#\/schema\/person\/3fc036297b10b9f42d6db5ee932af8c8","name":"anja.hall","image":{"@type":"ImageObject","inLanguage":"de","@id":"https:\/\/secure.gravatar.com\/avatar\/066b5a0d447013502c71a5782f4f3469f03cfe595cc2329fb94652fe47511bfb?s=96&d=mm&r=g","url":"https:\/\/secure.gravatar.com\/avatar\/066b5a0d447013502c71a5782f4f3469f03cfe595cc2329fb94652fe47511bfb?s=96&d=mm&r=g","contentUrl":"https:\/\/secure.gravatar.com\/avatar\/066b5a0d447013502c71a5782f4f3469f03cfe595cc2329fb94652fe47511bfb?s=96&d=mm&r=g","caption":"anja.hall"},"url":"https:\/\/www.immobilienbusiness.ch\/de\/author\/anja-hall\/"}]}},"_links":{"self":[{"href":"https:\/\/www.immobilienbusiness.ch\/de\/wp-json\/wp\/v2\/posts\/11441","targetHints":{"allow":["GET"]}}],"collection":[{"href":"https:\/\/www.immobilienbusiness.ch\/de\/wp-json\/wp\/v2\/posts"}],"about":[{"href":"https:\/\/www.immobilienbusiness.ch\/de\/wp-json\/wp\/v2\/types\/post"}],"author":[{"embeddable":true,"href":"https:\/\/www.immobilienbusiness.ch\/de\/wp-json\/wp\/v2\/users\/3"}],"replies":[{"embeddable":true,"href":"https:\/\/www.immobilienbusiness.ch\/de\/wp-json\/wp\/v2\/comments?post=11441"}],"version-history":[{"count":0,"href":"https:\/\/www.immobilienbusiness.ch\/de\/wp-json\/wp\/v2\/posts\/11441\/revisions"}],"wp:featuredmedia":[{"embeddable":true,"href":"https:\/\/www.immobilienbusiness.ch\/de\/wp-json\/wp\/v2\/media\/11446"}],"wp:attachment":[{"href":"https:\/\/www.immobilienbusiness.ch\/de\/wp-json\/wp\/v2\/media?parent=11441"}],"wp:term":[{"taxonomy":"category","embeddable":true,"href":"https:\/\/www.immobilienbusiness.ch\/de\/wp-json\/wp\/v2\/categories?post=11441"},{"taxonomy":"post_tag","embeddable":true,"href":"https:\/\/www.immobilienbusiness.ch\/de\/wp-json\/wp\/v2\/tags?post=11441"}],"curies":[{"name":"wp","href":"https:\/\/api.w.org\/{rel}","templated":true}]}}