{"id":11374,"date":"2018-02-16T09:18:44","date_gmt":"2018-02-16T08:18:44","guid":{"rendered":"https:\/\/www.immobilienbusiness.ch\/?p=11374"},"modified":"2018-02-16T09:18:44","modified_gmt":"2018-02-16T08:18:44","slug":"wellnesshostel-fuer-laax","status":"publish","type":"post","link":"https:\/\/www.immobilienbusiness.ch\/de\/regionen\/2018-02-16\/wellnesshostel-fuer-laax\/","title":{"rendered":"Wellnesshostel f\u00fcr Laax"},"content":{"rendered":"<figure id=\"attachment_11375\" aria-describedby=\"caption-attachment-11375\" style=\"width: 680px\" class=\"wp-caption alignnone\"><img loading=\"lazy\" decoding=\"async\" class=\"wp-image-11375 size-medium\" src=\"https:\/\/www.immobilienbusiness.ch\/wp-content\/uploads\/2018\/02\/Laax_airview.jpg\" alt=\"\" width=\"680\" height=\"453\" srcset=\"https:\/\/www.immobilienbusiness.ch\/wp-content\/uploads\/2018\/02\/Laax_airview.jpg 2560w, https:\/\/www.immobilienbusiness.ch\/wp-content\/uploads\/2018\/02\/Laax_airview-300x200.jpg 300w, https:\/\/www.immobilienbusiness.ch\/wp-content\/uploads\/2018\/02\/Laax_airview-1024x683.jpg 1024w, https:\/\/www.immobilienbusiness.ch\/wp-content\/uploads\/2018\/02\/Laax_airview-768x512.jpg 768w, https:\/\/www.immobilienbusiness.ch\/wp-content\/uploads\/2018\/02\/Laax_airview-1536x1024.jpg 1536w, https:\/\/www.immobilienbusiness.ch\/wp-content\/uploads\/2018\/02\/Laax_airview-2048x1365.jpg 2048w, https:\/\/www.immobilienbusiness.ch\/wp-content\/uploads\/2018\/02\/Laax_airview-16x12.jpg 16w, https:\/\/www.immobilienbusiness.ch\/wp-content\/uploads\/2018\/02\/Laax_airview-263x175.jpg 263w, https:\/\/www.immobilienbusiness.ch\/wp-content\/uploads\/2018\/02\/Laax_airview-525x350.jpg 525w, https:\/\/www.immobilienbusiness.ch\/wp-content\/uploads\/2018\/02\/Laax_airview-1200x800.jpg 1200w, https:\/\/www.immobilienbusiness.ch\/wp-content\/uploads\/2018\/02\/Laax_airview-920x613.jpg 920w, https:\/\/www.immobilienbusiness.ch\/wp-content\/uploads\/2018\/02\/Laax_airview-1400x933.jpg 1400w\" sizes=\"auto, (max-width: 680px) 100vw, 680px\" \/><figcaption id=\"caption-attachment-11375\" class=\"wp-caption-text\">Blick von S\u00fcden auf Laax (\u00a9 Adrian Michael, CC BY 3.0, Wikimedia Commons)<\/figcaption><\/figure>\n<p>Das Hallenbad in Laax (GR) muss saniert werden,\u00a0 und die Gemeinde als Betreiberin will das Bad im Zuge des Umbaus mit einer Jugendherberge kombinieren. \u00abDie Sanierung ist unumg\u00e4nglich. Im Zuge dessen m\u00f6chten wir ein neues Wellnesshostel realisieren. Mit der Kombination von \u00f6ffentlichem Schwimmbad und Jugendherberge k\u00f6nnen wir den Betrieb optimieren, Synergien nutzen und damit die Wirtschaftlichkeit gew\u00e4hrleisten\u00bb, sagt Franz Gschwend, Gemeindepr\u00e4sident von Laax. Vorbild der Idee ist das wellnessHostel4000 &amp; Aqua Allalin in Saas-Fee \u2013 nach Angaben der Schweizer Jugendherbergen weltweit bislang das erste Hostel mit Wellnessangebot.<\/p>\n<p>\u00abWir freuen uns darauf in Laax an das Erfolgskonzept von Saas-Fee anzukn\u00fcpfen. Mit dem wellnessHostel3000 k\u00f6nnen wir sowohl zur touristischen Wertsch\u00f6pfung der Gemeinde beitragen und gleichzeitig der lokalen Bev\u00f6lkerung einen Mehrwert bieten\u00bb, sagt Fredi Gm\u00fcr, CEO der Schweizer Jugendherbergen. Hauptaufgabe des Projektes ist die Sanierung des Hallenbades Aua Grava mit dazugeh\u00f6rigem Wellness- und Fitnessbereich \u2013 dieses soll auch in Zukunft \u00f6ffentlich sein. Der Neubau des wellnessHostel3000 wird direkt an die bestehende Infrastrukturanlage angegliedert und eine Kapazit\u00e4t von rund 150 Betten anbieten. Realisiert werden soll das Projekt \u00abMira Val\u00bb der SSA Architekten aus Basel mit Ferrari Gartmann Ingenieure aus Chur.<\/p>\n<p>Die Gemeinde hat anfangs Februar einen Planungskredit von 850.000 CHF bewilligt und damit gr\u00fcnes Licht f\u00fcr die weitere Planung des Projektes gegeben. Geplant ist ein Baubeginn im Fr\u00fchjahr 2019 und die Er\u00f6ffnung im Winter 2020. Die Gemeinde Laax tritt in dem Projekt als Bauherrin auf, die Schweizer Jugendherbergen und die Schweizerische Stiftung f\u00fcr Sozialtourismus werden f\u00fcr den Betrieb von Wellnesshostel und Hallenbad verantwortlich sein.<\/p>\n","protected":false},"excerpt":{"rendered":"<p>Das sanierungsbed\u00fcrftige Hallenbad in Laax soll mit einem Wellnesshostel der Schweizer Jugendherbergen kombiniert werden. Das \u00abwellnessHostel3000 &#038; Aua Grava\u00bb soll 2020 er\u00f6ffnen.<\/p>\n","protected":false},"author":3,"featured_media":11375,"comment_status":"open","ping_status":"open","sticky":false,"template":"","format":"standard","meta":{"_acf_changed":false,"_yoast_wpseo_focuskw":"Laax","_yoast_wpseo_title":"","_yoast_wpseo_metadesc":"Das sanierungsbed\u00fcrftige Hallenbad in Laax soll mit einem Wellnesshostel der Schweizer Jugendherbergen kombiniert werden. Das \u00abwellnessHostel3000 & Aua Grava\u00bb soll 2020 er\u00f6ffnen.","_yoast_wpseo_linkdex":82,"pgc_sgb_lightbox_settings":"","footnotes":""},"categories":[985],"tags":[1313,1549,1600,1851],"class_list":["post-11374","post","type-post","status-publish","format-standard","has-post-thumbnail","hentry","category-regionen","tag-hotel","tag-ostschweiz","tag-projekt-in-planung","tag-wellness"],"acf":[],"yoast_head":"<!-- This site is optimized with the Yoast SEO plugin v27.4 - https:\/\/yoast.com\/product\/yoast-seo-wordpress\/ -->\n<title>Wellnesshostel f\u00fcr Laax - IMMOBILIEN Business<\/title>\n<meta name=\"description\" content=\"Das sanierungsbed\u00fcrftige Hallenbad in Laax soll mit einem Wellnesshostel der Schweizer Jugendherbergen kombiniert werden. Das \u00abwellnessHostel3000 &amp; Aua Grava\u00bb soll 2020 er\u00f6ffnen.\" \/>\n<meta name=\"robots\" content=\"index, follow, max-snippet:-1, max-image-preview:large, max-video-preview:-1\" \/>\n<link rel=\"canonical\" href=\"https:\/\/www.immobilienbusiness.ch\/de\/regionen\/2018-02-16\/wellnesshostel-fuer-laax\/\" \/>\n<meta property=\"og:locale\" content=\"de_DE\" \/>\n<meta property=\"og:type\" content=\"article\" \/>\n<meta property=\"og:title\" content=\"Wellnesshostel f\u00fcr Laax - IMMOBILIEN Business\" \/>\n<meta property=\"og:description\" content=\"Das sanierungsbed\u00fcrftige Hallenbad in Laax soll mit einem Wellnesshostel der Schweizer Jugendherbergen kombiniert werden. Das \u00abwellnessHostel3000 &amp; Aua Grava\u00bb soll 2020 er\u00f6ffnen.\" \/>\n<meta property=\"og:url\" content=\"https:\/\/www.immobilienbusiness.ch\/de\/regionen\/2018-02-16\/wellnesshostel-fuer-laax\/\" \/>\n<meta property=\"og:site_name\" content=\"IMMOBILIEN Business\" \/>\n<meta property=\"article:publisher\" content=\"https:\/\/www.facebook.com\/immobilienbusiness\/\" \/>\n<meta property=\"article:published_time\" content=\"2018-02-16T08:18:44+00:00\" \/>\n<meta property=\"og:image\" content=\"https:\/\/www.immobilienbusiness.ch\/wp-content\/uploads\/2018\/02\/Laax_airview-1024x683.jpg\" \/>\n\t<meta property=\"og:image:width\" content=\"1024\" \/>\n\t<meta property=\"og:image:height\" content=\"683\" \/>\n\t<meta property=\"og:image:type\" content=\"image\/jpeg\" \/>\n<meta name=\"author\" content=\"anja.hall\" \/>\n<meta name=\"twitter:card\" content=\"summary_large_image\" \/>\n<meta name=\"twitter:image\" content=\"https:\/\/www.immobilienbusiness.ch\/wp-content\/uploads\/2018\/02\/Laax_airview.jpg\" \/>\n<script type=\"application\/ld+json\" class=\"yoast-schema-graph\">{\"@context\":\"https:\\\/\\\/schema.org\",\"@graph\":[{\"@type\":\"Article\",\"@id\":\"https:\\\/\\\/www.immobilienbusiness.ch\\\/regionen\\\/2018-02-16\\\/wellnesshostel-fuer-laax\\\/#article\",\"isPartOf\":{\"@id\":\"https:\\\/\\\/www.immobilienbusiness.ch\\\/regionen\\\/2018-02-16\\\/wellnesshostel-fuer-laax\\\/\"},\"author\":{\"name\":\"anja.hall\",\"@id\":\"https:\\\/\\\/www.immobilienbusiness.ch\\\/#\\\/schema\\\/person\\\/3fc036297b10b9f42d6db5ee932af8c8\"},\"headline\":\"Wellnesshostel f\u00fcr Laax\",\"datePublished\":\"2018-02-16T08:18:44+00:00\",\"mainEntityOfPage\":{\"@id\":\"https:\\\/\\\/www.immobilienbusiness.ch\\\/regionen\\\/2018-02-16\\\/wellnesshostel-fuer-laax\\\/\"},\"wordCount\":285,\"commentCount\":0,\"publisher\":{\"@id\":\"https:\\\/\\\/www.immobilienbusiness.ch\\\/#organization\"},\"image\":{\"@id\":\"https:\\\/\\\/www.immobilienbusiness.ch\\\/regionen\\\/2018-02-16\\\/wellnesshostel-fuer-laax\\\/#primaryimage\"},\"thumbnailUrl\":\"https:\\\/\\\/www.immobilienbusiness.ch\\\/wp-content\\\/uploads\\\/2018\\\/02\\\/Laax_airview.jpg\",\"keywords\":[\"Hotel\",\"Ostschweiz\",\"Projekt in Planung\",\"Wellness\"],\"articleSection\":[\"REGIONEN\"],\"inLanguage\":\"de\"},{\"@type\":\"WebPage\",\"@id\":\"https:\\\/\\\/www.immobilienbusiness.ch\\\/regionen\\\/2018-02-16\\\/wellnesshostel-fuer-laax\\\/\",\"url\":\"https:\\\/\\\/www.immobilienbusiness.ch\\\/regionen\\\/2018-02-16\\\/wellnesshostel-fuer-laax\\\/\",\"name\":\"Wellnesshostel f\u00fcr Laax - IMMOBILIEN Business\",\"isPartOf\":{\"@id\":\"https:\\\/\\\/www.immobilienbusiness.ch\\\/#website\"},\"primaryImageOfPage\":{\"@id\":\"https:\\\/\\\/www.immobilienbusiness.ch\\\/regionen\\\/2018-02-16\\\/wellnesshostel-fuer-laax\\\/#primaryimage\"},\"image\":{\"@id\":\"https:\\\/\\\/www.immobilienbusiness.ch\\\/regionen\\\/2018-02-16\\\/wellnesshostel-fuer-laax\\\/#primaryimage\"},\"thumbnailUrl\":\"https:\\\/\\\/www.immobilienbusiness.ch\\\/wp-content\\\/uploads\\\/2018\\\/02\\\/Laax_airview.jpg\",\"datePublished\":\"2018-02-16T08:18:44+00:00\",\"description\":\"Das sanierungsbed\u00fcrftige Hallenbad in Laax soll mit einem Wellnesshostel der Schweizer Jugendherbergen kombiniert werden. Das \u00abwellnessHostel3000 & Aua Grava\u00bb soll 2020 er\u00f6ffnen.\",\"breadcrumb\":{\"@id\":\"https:\\\/\\\/www.immobilienbusiness.ch\\\/regionen\\\/2018-02-16\\\/wellnesshostel-fuer-laax\\\/#breadcrumb\"},\"inLanguage\":\"de\",\"potentialAction\":[{\"@type\":\"ReadAction\",\"target\":[\"https:\\\/\\\/www.immobilienbusiness.ch\\\/regionen\\\/2018-02-16\\\/wellnesshostel-fuer-laax\\\/\"]}]},{\"@type\":\"ImageObject\",\"inLanguage\":\"de\",\"@id\":\"https:\\\/\\\/www.immobilienbusiness.ch\\\/regionen\\\/2018-02-16\\\/wellnesshostel-fuer-laax\\\/#primaryimage\",\"url\":\"https:\\\/\\\/www.immobilienbusiness.ch\\\/wp-content\\\/uploads\\\/2018\\\/02\\\/Laax_airview.jpg\",\"contentUrl\":\"https:\\\/\\\/www.immobilienbusiness.ch\\\/wp-content\\\/uploads\\\/2018\\\/02\\\/Laax_airview.jpg\",\"width\":2560,\"height\":1707},{\"@type\":\"BreadcrumbList\",\"@id\":\"https:\\\/\\\/www.immobilienbusiness.ch\\\/regionen\\\/2018-02-16\\\/wellnesshostel-fuer-laax\\\/#breadcrumb\",\"itemListElement\":[{\"@type\":\"ListItem\",\"position\":1,\"name\":\"Home\",\"item\":\"https:\\\/\\\/www.immobilienbusiness.ch\\\/\"},{\"@type\":\"ListItem\",\"position\":2,\"name\":\"Wellnesshostel f\u00fcr Laax\"}]},{\"@type\":\"WebSite\",\"@id\":\"https:\\\/\\\/www.immobilienbusiness.ch\\\/#website\",\"url\":\"https:\\\/\\\/www.immobilienbusiness.ch\\\/\",\"name\":\"IMMOBILIEN Business\",\"description\":\"Unabh\u00e4ngiges Schweizer Wirtschaftsmagazin mit Fokus auf Immobilien, Architektur- und Bau sowie Investment- und Finanzierung.\",\"publisher\":{\"@id\":\"https:\\\/\\\/www.immobilienbusiness.ch\\\/#organization\"},\"potentialAction\":[{\"@type\":\"SearchAction\",\"target\":{\"@type\":\"EntryPoint\",\"urlTemplate\":\"https:\\\/\\\/www.immobilienbusiness.ch\\\/?s={search_term_string}\"},\"query-input\":{\"@type\":\"PropertyValueSpecification\",\"valueRequired\":true,\"valueName\":\"search_term_string\"}}],\"inLanguage\":\"de\"},{\"@type\":\"Organization\",\"@id\":\"https:\\\/\\\/www.immobilienbusiness.ch\\\/#organization\",\"name\":\"IMMOBILIEN Business\",\"url\":\"https:\\\/\\\/www.immobilienbusiness.ch\\\/\",\"logo\":{\"@type\":\"ImageObject\",\"inLanguage\":\"de\",\"@id\":\"https:\\\/\\\/www.immobilienbusiness.ch\\\/#\\\/schema\\\/logo\\\/image\\\/\",\"url\":\"https:\\\/\\\/www.immobilienbusiness.ch\\\/wp-content\\\/uploads\\\/2021\\\/07\\\/logo_ib.png\",\"contentUrl\":\"https:\\\/\\\/www.immobilienbusiness.ch\\\/wp-content\\\/uploads\\\/2021\\\/07\\\/logo_ib.png\",\"width\":800,\"height\":181,\"caption\":\"IMMOBILIEN Business\"},\"image\":{\"@id\":\"https:\\\/\\\/www.immobilienbusiness.ch\\\/#\\\/schema\\\/logo\\\/image\\\/\"},\"sameAs\":[\"https:\\\/\\\/www.facebook.com\\\/immobilienbusiness\\\/\"]},{\"@type\":\"Person\",\"@id\":\"https:\\\/\\\/www.immobilienbusiness.ch\\\/#\\\/schema\\\/person\\\/3fc036297b10b9f42d6db5ee932af8c8\",\"name\":\"anja.hall\",\"image\":{\"@type\":\"ImageObject\",\"inLanguage\":\"de\",\"@id\":\"https:\\\/\\\/secure.gravatar.com\\\/avatar\\\/066b5a0d447013502c71a5782f4f3469f03cfe595cc2329fb94652fe47511bfb?s=96&d=mm&r=g\",\"url\":\"https:\\\/\\\/secure.gravatar.com\\\/avatar\\\/066b5a0d447013502c71a5782f4f3469f03cfe595cc2329fb94652fe47511bfb?s=96&d=mm&r=g\",\"contentUrl\":\"https:\\\/\\\/secure.gravatar.com\\\/avatar\\\/066b5a0d447013502c71a5782f4f3469f03cfe595cc2329fb94652fe47511bfb?s=96&d=mm&r=g\",\"caption\":\"anja.hall\"},\"url\":\"https:\\\/\\\/www.immobilienbusiness.ch\\\/de\\\/author\\\/anja-hall\\\/\"}]}<\/script>\n<!-- \/ Yoast SEO plugin. -->","yoast_head_json":{"title":"Wellnesshostel f\u00fcr Laax - IMMOBILIEN Business","description":"Das sanierungsbed\u00fcrftige Hallenbad in Laax soll mit einem Wellnesshostel der Schweizer Jugendherbergen kombiniert werden. Das \u00abwellnessHostel3000 & Aua Grava\u00bb soll 2020 er\u00f6ffnen.","robots":{"index":"index","follow":"follow","max-snippet":"max-snippet:-1","max-image-preview":"max-image-preview:large","max-video-preview":"max-video-preview:-1"},"canonical":"https:\/\/www.immobilienbusiness.ch\/de\/regionen\/2018-02-16\/wellnesshostel-fuer-laax\/","og_locale":"de_DE","og_type":"article","og_title":"Wellnesshostel f\u00fcr Laax - IMMOBILIEN Business","og_description":"Das sanierungsbed\u00fcrftige Hallenbad in Laax soll mit einem Wellnesshostel der Schweizer Jugendherbergen kombiniert werden. Das \u00abwellnessHostel3000 & Aua Grava\u00bb soll 2020 er\u00f6ffnen.","og_url":"https:\/\/www.immobilienbusiness.ch\/de\/regionen\/2018-02-16\/wellnesshostel-fuer-laax\/","og_site_name":"IMMOBILIEN Business","article_publisher":"https:\/\/www.facebook.com\/immobilienbusiness\/","article_published_time":"2018-02-16T08:18:44+00:00","og_image":[{"width":1024,"height":683,"url":"https:\/\/www.immobilienbusiness.ch\/wp-content\/uploads\/2018\/02\/Laax_airview-1024x683.jpg","type":"image\/jpeg"}],"author":"anja.hall","twitter_card":"summary_large_image","twitter_image":"https:\/\/www.immobilienbusiness.ch\/wp-content\/uploads\/2018\/02\/Laax_airview.jpg","schema":{"@context":"https:\/\/schema.org","@graph":[{"@type":"Article","@id":"https:\/\/www.immobilienbusiness.ch\/regionen\/2018-02-16\/wellnesshostel-fuer-laax\/#article","isPartOf":{"@id":"https:\/\/www.immobilienbusiness.ch\/regionen\/2018-02-16\/wellnesshostel-fuer-laax\/"},"author":{"name":"anja.hall","@id":"https:\/\/www.immobilienbusiness.ch\/#\/schema\/person\/3fc036297b10b9f42d6db5ee932af8c8"},"headline":"Wellnesshostel f\u00fcr Laax","datePublished":"2018-02-16T08:18:44+00:00","mainEntityOfPage":{"@id":"https:\/\/www.immobilienbusiness.ch\/regionen\/2018-02-16\/wellnesshostel-fuer-laax\/"},"wordCount":285,"commentCount":0,"publisher":{"@id":"https:\/\/www.immobilienbusiness.ch\/#organization"},"image":{"@id":"https:\/\/www.immobilienbusiness.ch\/regionen\/2018-02-16\/wellnesshostel-fuer-laax\/#primaryimage"},"thumbnailUrl":"https:\/\/www.immobilienbusiness.ch\/wp-content\/uploads\/2018\/02\/Laax_airview.jpg","keywords":["Hotel","Ostschweiz","Projekt in Planung","Wellness"],"articleSection":["REGIONEN"],"inLanguage":"de"},{"@type":"WebPage","@id":"https:\/\/www.immobilienbusiness.ch\/regionen\/2018-02-16\/wellnesshostel-fuer-laax\/","url":"https:\/\/www.immobilienbusiness.ch\/regionen\/2018-02-16\/wellnesshostel-fuer-laax\/","name":"Wellnesshostel f\u00fcr Laax - IMMOBILIEN Business","isPartOf":{"@id":"https:\/\/www.immobilienbusiness.ch\/#website"},"primaryImageOfPage":{"@id":"https:\/\/www.immobilienbusiness.ch\/regionen\/2018-02-16\/wellnesshostel-fuer-laax\/#primaryimage"},"image":{"@id":"https:\/\/www.immobilienbusiness.ch\/regionen\/2018-02-16\/wellnesshostel-fuer-laax\/#primaryimage"},"thumbnailUrl":"https:\/\/www.immobilienbusiness.ch\/wp-content\/uploads\/2018\/02\/Laax_airview.jpg","datePublished":"2018-02-16T08:18:44+00:00","description":"Das sanierungsbed\u00fcrftige Hallenbad in Laax soll mit einem Wellnesshostel der Schweizer Jugendherbergen kombiniert werden. Das \u00abwellnessHostel3000 & Aua Grava\u00bb soll 2020 er\u00f6ffnen.","breadcrumb":{"@id":"https:\/\/www.immobilienbusiness.ch\/regionen\/2018-02-16\/wellnesshostel-fuer-laax\/#breadcrumb"},"inLanguage":"de","potentialAction":[{"@type":"ReadAction","target":["https:\/\/www.immobilienbusiness.ch\/regionen\/2018-02-16\/wellnesshostel-fuer-laax\/"]}]},{"@type":"ImageObject","inLanguage":"de","@id":"https:\/\/www.immobilienbusiness.ch\/regionen\/2018-02-16\/wellnesshostel-fuer-laax\/#primaryimage","url":"https:\/\/www.immobilienbusiness.ch\/wp-content\/uploads\/2018\/02\/Laax_airview.jpg","contentUrl":"https:\/\/www.immobilienbusiness.ch\/wp-content\/uploads\/2018\/02\/Laax_airview.jpg","width":2560,"height":1707},{"@type":"BreadcrumbList","@id":"https:\/\/www.immobilienbusiness.ch\/regionen\/2018-02-16\/wellnesshostel-fuer-laax\/#breadcrumb","itemListElement":[{"@type":"ListItem","position":1,"name":"Home","item":"https:\/\/www.immobilienbusiness.ch\/"},{"@type":"ListItem","position":2,"name":"Wellnesshostel f\u00fcr Laax"}]},{"@type":"WebSite","@id":"https:\/\/www.immobilienbusiness.ch\/#website","url":"https:\/\/www.immobilienbusiness.ch\/","name":"IMMOBILIEN Business","description":"Unabh\u00e4ngiges Schweizer Wirtschaftsmagazin mit Fokus auf Immobilien, Architektur- und Bau sowie Investment- und Finanzierung.","publisher":{"@id":"https:\/\/www.immobilienbusiness.ch\/#organization"},"potentialAction":[{"@type":"SearchAction","target":{"@type":"EntryPoint","urlTemplate":"https:\/\/www.immobilienbusiness.ch\/?s={search_term_string}"},"query-input":{"@type":"PropertyValueSpecification","valueRequired":true,"valueName":"search_term_string"}}],"inLanguage":"de"},{"@type":"Organization","@id":"https:\/\/www.immobilienbusiness.ch\/#organization","name":"IMMOBILIEN Business","url":"https:\/\/www.immobilienbusiness.ch\/","logo":{"@type":"ImageObject","inLanguage":"de","@id":"https:\/\/www.immobilienbusiness.ch\/#\/schema\/logo\/image\/","url":"https:\/\/www.immobilienbusiness.ch\/wp-content\/uploads\/2021\/07\/logo_ib.png","contentUrl":"https:\/\/www.immobilienbusiness.ch\/wp-content\/uploads\/2021\/07\/logo_ib.png","width":800,"height":181,"caption":"IMMOBILIEN Business"},"image":{"@id":"https:\/\/www.immobilienbusiness.ch\/#\/schema\/logo\/image\/"},"sameAs":["https:\/\/www.facebook.com\/immobilienbusiness\/"]},{"@type":"Person","@id":"https:\/\/www.immobilienbusiness.ch\/#\/schema\/person\/3fc036297b10b9f42d6db5ee932af8c8","name":"anja.hall","image":{"@type":"ImageObject","inLanguage":"de","@id":"https:\/\/secure.gravatar.com\/avatar\/066b5a0d447013502c71a5782f4f3469f03cfe595cc2329fb94652fe47511bfb?s=96&d=mm&r=g","url":"https:\/\/secure.gravatar.com\/avatar\/066b5a0d447013502c71a5782f4f3469f03cfe595cc2329fb94652fe47511bfb?s=96&d=mm&r=g","contentUrl":"https:\/\/secure.gravatar.com\/avatar\/066b5a0d447013502c71a5782f4f3469f03cfe595cc2329fb94652fe47511bfb?s=96&d=mm&r=g","caption":"anja.hall"},"url":"https:\/\/www.immobilienbusiness.ch\/de\/author\/anja-hall\/"}]}},"_links":{"self":[{"href":"https:\/\/www.immobilienbusiness.ch\/de\/wp-json\/wp\/v2\/posts\/11374","targetHints":{"allow":["GET"]}}],"collection":[{"href":"https:\/\/www.immobilienbusiness.ch\/de\/wp-json\/wp\/v2\/posts"}],"about":[{"href":"https:\/\/www.immobilienbusiness.ch\/de\/wp-json\/wp\/v2\/types\/post"}],"author":[{"embeddable":true,"href":"https:\/\/www.immobilienbusiness.ch\/de\/wp-json\/wp\/v2\/users\/3"}],"replies":[{"embeddable":true,"href":"https:\/\/www.immobilienbusiness.ch\/de\/wp-json\/wp\/v2\/comments?post=11374"}],"version-history":[{"count":0,"href":"https:\/\/www.immobilienbusiness.ch\/de\/wp-json\/wp\/v2\/posts\/11374\/revisions"}],"wp:featuredmedia":[{"embeddable":true,"href":"https:\/\/www.immobilienbusiness.ch\/de\/wp-json\/wp\/v2\/media\/11375"}],"wp:attachment":[{"href":"https:\/\/www.immobilienbusiness.ch\/de\/wp-json\/wp\/v2\/media?parent=11374"}],"wp:term":[{"taxonomy":"category","embeddable":true,"href":"https:\/\/www.immobilienbusiness.ch\/de\/wp-json\/wp\/v2\/categories?post=11374"},{"taxonomy":"post_tag","embeddable":true,"href":"https:\/\/www.immobilienbusiness.ch\/de\/wp-json\/wp\/v2\/tags?post=11374"}],"curies":[{"name":"wp","href":"https:\/\/api.w.org\/{rel}","templated":true}]}}