{"id":11342,"date":"2018-02-14T07:38:58","date_gmt":"2018-02-14T06:38:58","guid":{"rendered":"https:\/\/www.immobilienbusiness.ch\/?p=11342"},"modified":"2018-02-14T07:38:58","modified_gmt":"2018-02-14T06:38:58","slug":"allreal-peter-mettler-zieht-in-verwaltungsrat-ein","status":"publish","type":"post","link":"https:\/\/www.immobilienbusiness.ch\/de\/unternehmen\/2018-02-14\/allreal-peter-mettler-zieht-in-verwaltungsrat-ein\/","title":{"rendered":"Allreal: Peter Mettler soll VR-Mitglied werden"},"content":{"rendered":"<figure id=\"attachment_11343\" aria-describedby=\"caption-attachment-11343\" style=\"width: 578px\" class=\"wp-caption alignnone\"><img loading=\"lazy\" decoding=\"async\" class=\"size-full wp-image-11343\" src=\"https:\/\/www.immobilienbusiness.ch\/wp-content\/uploads\/2018\/02\/Mettler.png\" alt=\"\" width=\"578\" height=\"652\" srcset=\"https:\/\/www.immobilienbusiness.ch\/wp-content\/uploads\/2018\/02\/Mettler.png 578w, https:\/\/www.immobilienbusiness.ch\/wp-content\/uploads\/2018\/02\/Mettler-266x300.png 266w, https:\/\/www.immobilienbusiness.ch\/wp-content\/uploads\/2018\/02\/Mettler-11x12.png 11w, https:\/\/www.immobilienbusiness.ch\/wp-content\/uploads\/2018\/02\/Mettler-155x175.png 155w, https:\/\/www.immobilienbusiness.ch\/wp-content\/uploads\/2018\/02\/Mettler-310x350.png 310w, https:\/\/www.immobilienbusiness.ch\/wp-content\/uploads\/2018\/02\/Mettler-300x338.png 300w\" sizes=\"auto, (max-width: 578px) 100vw, 578px\" \/><figcaption id=\"caption-attachment-11343\" class=\"wp-caption-text\">Peter Mettler soll in den VR der Allreal Holding gew\u00e4hlt werden (Quelle: Allreal)<\/figcaption><\/figure>\n<p>Die Generalversammlung der Allreal Holding findet am 20. April 2018 statt. Dann soll Peter Mettler (Jahrgang 1960), Gr\u00fcnder, Gesch\u00e4ftsf\u00fchrer und Verwaltungsratspr\u00e4sident der Mettler2Invest sowie Gesch\u00e4ftsf\u00fchrer und Verwaltungsrat der Novavest Real Estate AG, in den Verwaltungsrat gew\u00e4hlt werden.<\/p>\n<p>Die \u00fcbrigen Mitglieder des Verwaltungsrats &#8211; Bruno Bettoni, Dr. Ralph-Thomas Honegger, Andrea Sieber, Peter Spuhler, Olivier Steimer und Thomas Stenz &#8211;\u00a0stellen sich f\u00fcr eine Wiederwahl zur Verf\u00fcgung.<\/p>\n<p>Zudem will der Verwaltungsrat die Wiederwahl von Honegger, Sieber und Spuhler in den Nominierungs- und Entsch\u00e4digungsausschuss beantragen. Honegger soll Pr\u00e4sident des Ausschusses sein.<\/p>\n","protected":false},"excerpt":{"rendered":"<p>Im Verwaltungsrat der Allreal Holding kommt es zu Mutationen:\u00a0Albert Leiser, seit 2005 VR-Mitglied, wird der Generalversammlung 2018 seinen R\u00fccktritt erkl\u00e4ren. Als neues Mitglied des VR wird Peter Mettler vorgeschlagen. <\/p>\n","protected":false},"author":3,"featured_media":11343,"comment_status":"open","ping_status":"open","sticky":false,"template":"","format":"standard","meta":{"_acf_changed":false,"_yoast_wpseo_focuskw":"Allreal","_yoast_wpseo_title":"","_yoast_wpseo_metadesc":"Im Verwaltungsrat der Allreal Holding kommt es zu Mutationen:\u00a0Albert Leiser, seit 2005 VR-Mitglied, wird der Generalversammlung 2018 seinen R\u00fccktritt erkl\u00e4ren. Als neues Mitglied des VR wird Peter Mettler vorgeschlagen.","_yoast_wpseo_linkdex":51,"pgc_sgb_lightbox_settings":"","footnotes":""},"categories":[988],"tags":[1329,1563],"class_list":["post-11342","post","type-post","status-publish","format-standard","has-post-thumbnail","hentry","category-unternehmen","tag-immobilien-ag","tag-personalia"],"acf":[],"yoast_head":"<!-- This site is optimized with the Yoast SEO plugin v27.5 - https:\/\/yoast.com\/product\/yoast-seo-wordpress\/ -->\n<title>Allreal: Peter Mettler soll VR-Mitglied werden - IMMOBILIEN Business<\/title>\n<meta name=\"description\" content=\"Im Verwaltungsrat der Allreal Holding kommt es zu Mutationen:\u00a0Albert Leiser, seit 2005 VR-Mitglied, wird der Generalversammlung 2018 seinen R\u00fccktritt erkl\u00e4ren. Als neues Mitglied des VR wird Peter Mettler vorgeschlagen.\" \/>\n<meta name=\"robots\" content=\"index, follow, max-snippet:-1, max-image-preview:large, max-video-preview:-1\" \/>\n<link rel=\"canonical\" href=\"https:\/\/www.immobilienbusiness.ch\/de\/unternehmen\/2018-02-14\/allreal-peter-mettler-zieht-in-verwaltungsrat-ein\/\" \/>\n<meta property=\"og:locale\" content=\"de_DE\" \/>\n<meta property=\"og:type\" content=\"article\" \/>\n<meta property=\"og:title\" content=\"Allreal: Peter Mettler soll VR-Mitglied werden - IMMOBILIEN Business\" \/>\n<meta property=\"og:description\" content=\"Im Verwaltungsrat der Allreal Holding kommt es zu Mutationen:\u00a0Albert Leiser, seit 2005 VR-Mitglied, wird der Generalversammlung 2018 seinen R\u00fccktritt erkl\u00e4ren. Als neues Mitglied des VR wird Peter Mettler vorgeschlagen.\" \/>\n<meta property=\"og:url\" content=\"https:\/\/www.immobilienbusiness.ch\/de\/unternehmen\/2018-02-14\/allreal-peter-mettler-zieht-in-verwaltungsrat-ein\/\" \/>\n<meta property=\"og:site_name\" content=\"IMMOBILIEN Business\" \/>\n<meta property=\"article:publisher\" content=\"https:\/\/www.facebook.com\/immobilienbusiness\/\" \/>\n<meta property=\"article:published_time\" content=\"2018-02-14T06:38:58+00:00\" \/>\n<meta property=\"og:image\" content=\"https:\/\/www.immobilienbusiness.ch\/wp-content\/uploads\/2018\/02\/Mettler.png\" \/>\n\t<meta property=\"og:image:width\" content=\"578\" \/>\n\t<meta property=\"og:image:height\" content=\"652\" \/>\n\t<meta property=\"og:image:type\" content=\"image\/png\" \/>\n<meta name=\"author\" content=\"anja.hall\" \/>\n<meta name=\"twitter:card\" content=\"summary_large_image\" \/>\n<meta name=\"twitter:image\" content=\"https:\/\/www.immobilienbusiness.ch\/wp-content\/uploads\/2018\/02\/Mettler.png\" \/>\n<script type=\"application\/ld+json\" class=\"yoast-schema-graph\">{\"@context\":\"https:\\\/\\\/schema.org\",\"@graph\":[{\"@type\":\"Article\",\"@id\":\"https:\\\/\\\/www.immobilienbusiness.ch\\\/de\\\/unternehmen\\\/2018-02-14\\\/allreal-peter-mettler-zieht-in-verwaltungsrat-ein\\\/#article\",\"isPartOf\":{\"@id\":\"https:\\\/\\\/www.immobilienbusiness.ch\\\/de\\\/unternehmen\\\/2018-02-14\\\/allreal-peter-mettler-zieht-in-verwaltungsrat-ein\\\/\"},\"author\":{\"name\":\"anja.hall\",\"@id\":\"https:\\\/\\\/www.immobilienbusiness.ch\\\/#\\\/schema\\\/person\\\/3fc036297b10b9f42d6db5ee932af8c8\"},\"headline\":\"Allreal: Peter Mettler soll VR-Mitglied werden\",\"datePublished\":\"2018-02-14T06:38:58+00:00\",\"mainEntityOfPage\":{\"@id\":\"https:\\\/\\\/www.immobilienbusiness.ch\\\/de\\\/unternehmen\\\/2018-02-14\\\/allreal-peter-mettler-zieht-in-verwaltungsrat-ein\\\/\"},\"wordCount\":124,\"commentCount\":0,\"publisher\":{\"@id\":\"https:\\\/\\\/www.immobilienbusiness.ch\\\/#organization\"},\"image\":{\"@id\":\"https:\\\/\\\/www.immobilienbusiness.ch\\\/de\\\/unternehmen\\\/2018-02-14\\\/allreal-peter-mettler-zieht-in-verwaltungsrat-ein\\\/#primaryimage\"},\"thumbnailUrl\":\"https:\\\/\\\/www.immobilienbusiness.ch\\\/wp-content\\\/uploads\\\/2018\\\/02\\\/Mettler.png\",\"keywords\":[\"Immobilien-AG\",\"Personalia\"],\"articleSection\":[\"UNTERNEHMEN\"],\"inLanguage\":\"de\"},{\"@type\":\"WebPage\",\"@id\":\"https:\\\/\\\/www.immobilienbusiness.ch\\\/de\\\/unternehmen\\\/2018-02-14\\\/allreal-peter-mettler-zieht-in-verwaltungsrat-ein\\\/\",\"url\":\"https:\\\/\\\/www.immobilienbusiness.ch\\\/de\\\/unternehmen\\\/2018-02-14\\\/allreal-peter-mettler-zieht-in-verwaltungsrat-ein\\\/\",\"name\":\"Allreal: Peter Mettler soll VR-Mitglied werden - IMMOBILIEN Business\",\"isPartOf\":{\"@id\":\"https:\\\/\\\/www.immobilienbusiness.ch\\\/#website\"},\"primaryImageOfPage\":{\"@id\":\"https:\\\/\\\/www.immobilienbusiness.ch\\\/de\\\/unternehmen\\\/2018-02-14\\\/allreal-peter-mettler-zieht-in-verwaltungsrat-ein\\\/#primaryimage\"},\"image\":{\"@id\":\"https:\\\/\\\/www.immobilienbusiness.ch\\\/de\\\/unternehmen\\\/2018-02-14\\\/allreal-peter-mettler-zieht-in-verwaltungsrat-ein\\\/#primaryimage\"},\"thumbnailUrl\":\"https:\\\/\\\/www.immobilienbusiness.ch\\\/wp-content\\\/uploads\\\/2018\\\/02\\\/Mettler.png\",\"datePublished\":\"2018-02-14T06:38:58+00:00\",\"description\":\"Im Verwaltungsrat der Allreal Holding kommt es zu Mutationen:\u00a0Albert Leiser, seit 2005 VR-Mitglied, wird der Generalversammlung 2018 seinen R\u00fccktritt erkl\u00e4ren. Als neues Mitglied des VR wird Peter Mettler vorgeschlagen.\",\"breadcrumb\":{\"@id\":\"https:\\\/\\\/www.immobilienbusiness.ch\\\/de\\\/unternehmen\\\/2018-02-14\\\/allreal-peter-mettler-zieht-in-verwaltungsrat-ein\\\/#breadcrumb\"},\"inLanguage\":\"de\",\"potentialAction\":[{\"@type\":\"ReadAction\",\"target\":[\"https:\\\/\\\/www.immobilienbusiness.ch\\\/de\\\/unternehmen\\\/2018-02-14\\\/allreal-peter-mettler-zieht-in-verwaltungsrat-ein\\\/\"]}]},{\"@type\":\"ImageObject\",\"inLanguage\":\"de\",\"@id\":\"https:\\\/\\\/www.immobilienbusiness.ch\\\/de\\\/unternehmen\\\/2018-02-14\\\/allreal-peter-mettler-zieht-in-verwaltungsrat-ein\\\/#primaryimage\",\"url\":\"https:\\\/\\\/www.immobilienbusiness.ch\\\/wp-content\\\/uploads\\\/2018\\\/02\\\/Mettler.png\",\"contentUrl\":\"https:\\\/\\\/www.immobilienbusiness.ch\\\/wp-content\\\/uploads\\\/2018\\\/02\\\/Mettler.png\",\"width\":578,\"height\":652,\"caption\":\"Peter Mettler soll VR-Mitglied der Allreal Holding werden (Quelle: Allreal)\"},{\"@type\":\"BreadcrumbList\",\"@id\":\"https:\\\/\\\/www.immobilienbusiness.ch\\\/de\\\/unternehmen\\\/2018-02-14\\\/allreal-peter-mettler-zieht-in-verwaltungsrat-ein\\\/#breadcrumb\",\"itemListElement\":[{\"@type\":\"ListItem\",\"position\":1,\"name\":\"Home\",\"item\":\"https:\\\/\\\/www.immobilienbusiness.ch\\\/\"},{\"@type\":\"ListItem\",\"position\":2,\"name\":\"Allreal: Peter Mettler soll VR-Mitglied werden\"}]},{\"@type\":\"WebSite\",\"@id\":\"https:\\\/\\\/www.immobilienbusiness.ch\\\/#website\",\"url\":\"https:\\\/\\\/www.immobilienbusiness.ch\\\/\",\"name\":\"IMMOBILIEN Business\",\"description\":\"Unabh\u00e4ngiges Schweizer Wirtschaftsmagazin mit Fokus auf Immobilien, Architektur- und Bau sowie Investment- und Finanzierung.\",\"publisher\":{\"@id\":\"https:\\\/\\\/www.immobilienbusiness.ch\\\/#organization\"},\"potentialAction\":[{\"@type\":\"SearchAction\",\"target\":{\"@type\":\"EntryPoint\",\"urlTemplate\":\"https:\\\/\\\/www.immobilienbusiness.ch\\\/?s={search_term_string}\"},\"query-input\":{\"@type\":\"PropertyValueSpecification\",\"valueRequired\":true,\"valueName\":\"search_term_string\"}}],\"inLanguage\":\"de\"},{\"@type\":\"Organization\",\"@id\":\"https:\\\/\\\/www.immobilienbusiness.ch\\\/#organization\",\"name\":\"IMMOBILIEN Business\",\"url\":\"https:\\\/\\\/www.immobilienbusiness.ch\\\/\",\"logo\":{\"@type\":\"ImageObject\",\"inLanguage\":\"de\",\"@id\":\"https:\\\/\\\/www.immobilienbusiness.ch\\\/#\\\/schema\\\/logo\\\/image\\\/\",\"url\":\"https:\\\/\\\/www.immobilienbusiness.ch\\\/wp-content\\\/uploads\\\/2021\\\/07\\\/logo_ib.png\",\"contentUrl\":\"https:\\\/\\\/www.immobilienbusiness.ch\\\/wp-content\\\/uploads\\\/2021\\\/07\\\/logo_ib.png\",\"width\":800,\"height\":181,\"caption\":\"IMMOBILIEN Business\"},\"image\":{\"@id\":\"https:\\\/\\\/www.immobilienbusiness.ch\\\/#\\\/schema\\\/logo\\\/image\\\/\"},\"sameAs\":[\"https:\\\/\\\/www.facebook.com\\\/immobilienbusiness\\\/\"]},{\"@type\":\"Person\",\"@id\":\"https:\\\/\\\/www.immobilienbusiness.ch\\\/#\\\/schema\\\/person\\\/3fc036297b10b9f42d6db5ee932af8c8\",\"name\":\"anja.hall\",\"image\":{\"@type\":\"ImageObject\",\"inLanguage\":\"de\",\"@id\":\"https:\\\/\\\/secure.gravatar.com\\\/avatar\\\/066b5a0d447013502c71a5782f4f3469f03cfe595cc2329fb94652fe47511bfb?s=96&d=mm&r=g\",\"url\":\"https:\\\/\\\/secure.gravatar.com\\\/avatar\\\/066b5a0d447013502c71a5782f4f3469f03cfe595cc2329fb94652fe47511bfb?s=96&d=mm&r=g\",\"contentUrl\":\"https:\\\/\\\/secure.gravatar.com\\\/avatar\\\/066b5a0d447013502c71a5782f4f3469f03cfe595cc2329fb94652fe47511bfb?s=96&d=mm&r=g\",\"caption\":\"anja.hall\"},\"url\":\"https:\\\/\\\/www.immobilienbusiness.ch\\\/de\\\/author\\\/anja-hall\\\/\"}]}<\/script>\n<!-- \/ Yoast SEO plugin. -->","yoast_head_json":{"title":"Allreal: Peter Mettler soll VR-Mitglied werden - IMMOBILIEN Business","description":"Im Verwaltungsrat der Allreal Holding kommt es zu Mutationen:\u00a0Albert Leiser, seit 2005 VR-Mitglied, wird der Generalversammlung 2018 seinen R\u00fccktritt erkl\u00e4ren. Als neues Mitglied des VR wird Peter Mettler vorgeschlagen.","robots":{"index":"index","follow":"follow","max-snippet":"max-snippet:-1","max-image-preview":"max-image-preview:large","max-video-preview":"max-video-preview:-1"},"canonical":"https:\/\/www.immobilienbusiness.ch\/de\/unternehmen\/2018-02-14\/allreal-peter-mettler-zieht-in-verwaltungsrat-ein\/","og_locale":"de_DE","og_type":"article","og_title":"Allreal: Peter Mettler soll VR-Mitglied werden - IMMOBILIEN Business","og_description":"Im Verwaltungsrat der Allreal Holding kommt es zu Mutationen:\u00a0Albert Leiser, seit 2005 VR-Mitglied, wird der Generalversammlung 2018 seinen R\u00fccktritt erkl\u00e4ren. Als neues Mitglied des VR wird Peter Mettler vorgeschlagen.","og_url":"https:\/\/www.immobilienbusiness.ch\/de\/unternehmen\/2018-02-14\/allreal-peter-mettler-zieht-in-verwaltungsrat-ein\/","og_site_name":"IMMOBILIEN Business","article_publisher":"https:\/\/www.facebook.com\/immobilienbusiness\/","article_published_time":"2018-02-14T06:38:58+00:00","og_image":[{"width":578,"height":652,"url":"https:\/\/www.immobilienbusiness.ch\/wp-content\/uploads\/2018\/02\/Mettler.png","type":"image\/png"}],"author":"anja.hall","twitter_card":"summary_large_image","twitter_image":"https:\/\/www.immobilienbusiness.ch\/wp-content\/uploads\/2018\/02\/Mettler.png","schema":{"@context":"https:\/\/schema.org","@graph":[{"@type":"Article","@id":"https:\/\/www.immobilienbusiness.ch\/de\/unternehmen\/2018-02-14\/allreal-peter-mettler-zieht-in-verwaltungsrat-ein\/#article","isPartOf":{"@id":"https:\/\/www.immobilienbusiness.ch\/de\/unternehmen\/2018-02-14\/allreal-peter-mettler-zieht-in-verwaltungsrat-ein\/"},"author":{"name":"anja.hall","@id":"https:\/\/www.immobilienbusiness.ch\/#\/schema\/person\/3fc036297b10b9f42d6db5ee932af8c8"},"headline":"Allreal: Peter Mettler soll VR-Mitglied werden","datePublished":"2018-02-14T06:38:58+00:00","mainEntityOfPage":{"@id":"https:\/\/www.immobilienbusiness.ch\/de\/unternehmen\/2018-02-14\/allreal-peter-mettler-zieht-in-verwaltungsrat-ein\/"},"wordCount":124,"commentCount":0,"publisher":{"@id":"https:\/\/www.immobilienbusiness.ch\/#organization"},"image":{"@id":"https:\/\/www.immobilienbusiness.ch\/de\/unternehmen\/2018-02-14\/allreal-peter-mettler-zieht-in-verwaltungsrat-ein\/#primaryimage"},"thumbnailUrl":"https:\/\/www.immobilienbusiness.ch\/wp-content\/uploads\/2018\/02\/Mettler.png","keywords":["Immobilien-AG","Personalia"],"articleSection":["UNTERNEHMEN"],"inLanguage":"de"},{"@type":"WebPage","@id":"https:\/\/www.immobilienbusiness.ch\/de\/unternehmen\/2018-02-14\/allreal-peter-mettler-zieht-in-verwaltungsrat-ein\/","url":"https:\/\/www.immobilienbusiness.ch\/de\/unternehmen\/2018-02-14\/allreal-peter-mettler-zieht-in-verwaltungsrat-ein\/","name":"Allreal: Peter Mettler soll VR-Mitglied werden - IMMOBILIEN Business","isPartOf":{"@id":"https:\/\/www.immobilienbusiness.ch\/#website"},"primaryImageOfPage":{"@id":"https:\/\/www.immobilienbusiness.ch\/de\/unternehmen\/2018-02-14\/allreal-peter-mettler-zieht-in-verwaltungsrat-ein\/#primaryimage"},"image":{"@id":"https:\/\/www.immobilienbusiness.ch\/de\/unternehmen\/2018-02-14\/allreal-peter-mettler-zieht-in-verwaltungsrat-ein\/#primaryimage"},"thumbnailUrl":"https:\/\/www.immobilienbusiness.ch\/wp-content\/uploads\/2018\/02\/Mettler.png","datePublished":"2018-02-14T06:38:58+00:00","description":"Im Verwaltungsrat der Allreal Holding kommt es zu Mutationen:\u00a0Albert Leiser, seit 2005 VR-Mitglied, wird der Generalversammlung 2018 seinen R\u00fccktritt erkl\u00e4ren. Als neues Mitglied des VR wird Peter Mettler vorgeschlagen.","breadcrumb":{"@id":"https:\/\/www.immobilienbusiness.ch\/de\/unternehmen\/2018-02-14\/allreal-peter-mettler-zieht-in-verwaltungsrat-ein\/#breadcrumb"},"inLanguage":"de","potentialAction":[{"@type":"ReadAction","target":["https:\/\/www.immobilienbusiness.ch\/de\/unternehmen\/2018-02-14\/allreal-peter-mettler-zieht-in-verwaltungsrat-ein\/"]}]},{"@type":"ImageObject","inLanguage":"de","@id":"https:\/\/www.immobilienbusiness.ch\/de\/unternehmen\/2018-02-14\/allreal-peter-mettler-zieht-in-verwaltungsrat-ein\/#primaryimage","url":"https:\/\/www.immobilienbusiness.ch\/wp-content\/uploads\/2018\/02\/Mettler.png","contentUrl":"https:\/\/www.immobilienbusiness.ch\/wp-content\/uploads\/2018\/02\/Mettler.png","width":578,"height":652,"caption":"Peter Mettler soll VR-Mitglied der Allreal Holding werden (Quelle: Allreal)"},{"@type":"BreadcrumbList","@id":"https:\/\/www.immobilienbusiness.ch\/de\/unternehmen\/2018-02-14\/allreal-peter-mettler-zieht-in-verwaltungsrat-ein\/#breadcrumb","itemListElement":[{"@type":"ListItem","position":1,"name":"Home","item":"https:\/\/www.immobilienbusiness.ch\/"},{"@type":"ListItem","position":2,"name":"Allreal: Peter Mettler soll VR-Mitglied werden"}]},{"@type":"WebSite","@id":"https:\/\/www.immobilienbusiness.ch\/#website","url":"https:\/\/www.immobilienbusiness.ch\/","name":"IMMOBILIEN Business","description":"Unabh\u00e4ngiges Schweizer Wirtschaftsmagazin mit Fokus auf Immobilien, Architektur- und Bau sowie Investment- und Finanzierung.","publisher":{"@id":"https:\/\/www.immobilienbusiness.ch\/#organization"},"potentialAction":[{"@type":"SearchAction","target":{"@type":"EntryPoint","urlTemplate":"https:\/\/www.immobilienbusiness.ch\/?s={search_term_string}"},"query-input":{"@type":"PropertyValueSpecification","valueRequired":true,"valueName":"search_term_string"}}],"inLanguage":"de"},{"@type":"Organization","@id":"https:\/\/www.immobilienbusiness.ch\/#organization","name":"IMMOBILIEN Business","url":"https:\/\/www.immobilienbusiness.ch\/","logo":{"@type":"ImageObject","inLanguage":"de","@id":"https:\/\/www.immobilienbusiness.ch\/#\/schema\/logo\/image\/","url":"https:\/\/www.immobilienbusiness.ch\/wp-content\/uploads\/2021\/07\/logo_ib.png","contentUrl":"https:\/\/www.immobilienbusiness.ch\/wp-content\/uploads\/2021\/07\/logo_ib.png","width":800,"height":181,"caption":"IMMOBILIEN Business"},"image":{"@id":"https:\/\/www.immobilienbusiness.ch\/#\/schema\/logo\/image\/"},"sameAs":["https:\/\/www.facebook.com\/immobilienbusiness\/"]},{"@type":"Person","@id":"https:\/\/www.immobilienbusiness.ch\/#\/schema\/person\/3fc036297b10b9f42d6db5ee932af8c8","name":"anja.hall","image":{"@type":"ImageObject","inLanguage":"de","@id":"https:\/\/secure.gravatar.com\/avatar\/066b5a0d447013502c71a5782f4f3469f03cfe595cc2329fb94652fe47511bfb?s=96&d=mm&r=g","url":"https:\/\/secure.gravatar.com\/avatar\/066b5a0d447013502c71a5782f4f3469f03cfe595cc2329fb94652fe47511bfb?s=96&d=mm&r=g","contentUrl":"https:\/\/secure.gravatar.com\/avatar\/066b5a0d447013502c71a5782f4f3469f03cfe595cc2329fb94652fe47511bfb?s=96&d=mm&r=g","caption":"anja.hall"},"url":"https:\/\/www.immobilienbusiness.ch\/de\/author\/anja-hall\/"}]}},"_links":{"self":[{"href":"https:\/\/www.immobilienbusiness.ch\/de\/wp-json\/wp\/v2\/posts\/11342","targetHints":{"allow":["GET"]}}],"collection":[{"href":"https:\/\/www.immobilienbusiness.ch\/de\/wp-json\/wp\/v2\/posts"}],"about":[{"href":"https:\/\/www.immobilienbusiness.ch\/de\/wp-json\/wp\/v2\/types\/post"}],"author":[{"embeddable":true,"href":"https:\/\/www.immobilienbusiness.ch\/de\/wp-json\/wp\/v2\/users\/3"}],"replies":[{"embeddable":true,"href":"https:\/\/www.immobilienbusiness.ch\/de\/wp-json\/wp\/v2\/comments?post=11342"}],"version-history":[{"count":0,"href":"https:\/\/www.immobilienbusiness.ch\/de\/wp-json\/wp\/v2\/posts\/11342\/revisions"}],"wp:featuredmedia":[{"embeddable":true,"href":"https:\/\/www.immobilienbusiness.ch\/de\/wp-json\/wp\/v2\/media\/11343"}],"wp:attachment":[{"href":"https:\/\/www.immobilienbusiness.ch\/de\/wp-json\/wp\/v2\/media?parent=11342"}],"wp:term":[{"taxonomy":"category","embeddable":true,"href":"https:\/\/www.immobilienbusiness.ch\/de\/wp-json\/wp\/v2\/categories?post=11342"},{"taxonomy":"post_tag","embeddable":true,"href":"https:\/\/www.immobilienbusiness.ch\/de\/wp-json\/wp\/v2\/tags?post=11342"}],"curies":[{"name":"wp","href":"https:\/\/api.w.org\/{rel}","templated":true}]}}