{"id":11316,"date":"2018-02-13T08:47:50","date_gmt":"2018-02-13T07:47:50","guid":{"rendered":"https:\/\/www.immobilienbusiness.ch\/?p=11316"},"modified":"2018-02-13T08:47:50","modified_gmt":"2018-02-13T07:47:50","slug":"helvetica-swiss-commercial-kauft-in-der-zentralschweiz","status":"publish","type":"post","link":"https:\/\/www.immobilienbusiness.ch\/de\/retail\/2018-02-13\/helvetica-swiss-commercial-kauft-in-der-zentralschweiz\/","title":{"rendered":"Helvetica Swiss Commercial kauft in der Zentralschweiz"},"content":{"rendered":"<figure id=\"attachment_7837\" aria-describedby=\"caption-attachment-7837\" style=\"width: 680px\" class=\"wp-caption alignnone\"><img loading=\"lazy\" decoding=\"async\" class=\"size-medium wp-image-7837\" src=\"https:\/\/www.immobilienbusiness.ch\/wp-content\/uploads\/2017\/06\/Depositphotos_80066026_m-2015.jpg\" alt=\"\" width=\"680\" height=\"447\" srcset=\"https:\/\/www.immobilienbusiness.ch\/wp-content\/uploads\/2017\/06\/Depositphotos_80066026_m-2015.jpg 999w, https:\/\/www.immobilienbusiness.ch\/wp-content\/uploads\/2017\/06\/Depositphotos_80066026_m-2015-300x197.jpg 300w, https:\/\/www.immobilienbusiness.ch\/wp-content\/uploads\/2017\/06\/Depositphotos_80066026_m-2015-768x505.jpg 768w, https:\/\/www.immobilienbusiness.ch\/wp-content\/uploads\/2017\/06\/Depositphotos_80066026_m-2015-16x12.jpg 16w, https:\/\/www.immobilienbusiness.ch\/wp-content\/uploads\/2017\/06\/Depositphotos_80066026_m-2015-266x175.jpg 266w, https:\/\/www.immobilienbusiness.ch\/wp-content\/uploads\/2017\/06\/Depositphotos_80066026_m-2015-532x350.jpg 532w, https:\/\/www.immobilienbusiness.ch\/wp-content\/uploads\/2017\/06\/Depositphotos_80066026_m-2015-920x605.jpg 920w\" sizes=\"auto, (max-width: 680px) 100vw, 680px\" \/><figcaption id=\"caption-attachment-7837\" class=\"wp-caption-text\">Der Helvetica Swiss Commercial kauft ein Fachmarktzentrum in der Zentralschweiz (Symbolbild: Melpomene &#8211; depositphotos)<\/figcaption><\/figure>\n<p>Die Liegenschaft befinde sich in einem etablierten Zentralschweizer Gewerbegebiet mit sehr hoher Besucherfrequenz, teilt SPG Intercity mit. Das Geb\u00e4ude sei in einem neuwertigen Zustand und nahezu voll vermietet. Das Areal liege direkt an der Autobahn. Weitere Details zum Standort gab der Immobiliendienstleister nicht bekannt.<\/p>\n<p>Die bisherige Eigent\u00fcmerin wollte das Shoppingcenter ver\u00e4ussern und beauftragte daf\u00fcr Cushman &amp; Wakefield. Als deren Schweizer Vertretung \u00fcbernahm SPG Intercity Zurich den Lead. In einem geschlossenen Verkaufsprozess wurde die Fondsleitung Helvetica Property Investors AG f\u00fcr den von ihr verwalteten Immobilienfonds als K\u00e4uferin gefunden.<\/p>\n<p>\u00abMit der Akquisition dieses l\u00e4ngerfristig vermieteten Fachmarktcenters st\u00e4rken wir den Cashflow und die Aussch\u00fcttungsf\u00e4higkeit unseres HSC-Fonds\u00bb, sagt Frederic K\u00f6nigsegg, CIO und Head Investment Management bei Helvetica Property Investors. \u00abModerne Einzelhandelsfl\u00e4chen, die in unmittelbarer N\u00e4he einer Autobahn mit hoher Sichtbarkeit und gen\u00fcgend Parkpl\u00e4tzen aufwarten k\u00f6nnen, werden auch in Zukunft attraktiv bleiben.\u00bb<\/p>\n","protected":false},"excerpt":{"rendered":"<p>Der Immobilienfonds Helvetica Swiss Commercial hat per 1. Februar ein Fachmarktcenter in der Zentralschweiz erworben. SPG Intercity hat den Verk\u00e4ufer beraten.<\/p>\n","protected":false},"author":3,"featured_media":7837,"comment_status":"open","ping_status":"open","sticky":false,"template":"","format":"standard","meta":{"_acf_changed":false,"_yoast_wpseo_focuskw":"Helvetica","_yoast_wpseo_title":"","_yoast_wpseo_metadesc":"Der Immobilienfonds Helvetica Swiss Commercial hat per 1. Februar ein Fachmarktcenter in der Zentralschweiz erworben. SPG Intercity hat den Verk\u00e4ufer beraten.","_yoast_wpseo_linkdex":58,"pgc_sgb_lightbox_settings":"","footnotes":""},"categories":[987],"tags":[1215,1344,1629,1643,1874],"class_list":["post-11316","post","type-post","status-publish","format-standard","has-post-thumbnail","hentry","category-retail","tag-fachmarktzentrum","tag-immobilienfonds","tag-regionen","tag-retail","tag-zentralschweiz"],"acf":[],"yoast_head":"<!-- This site is optimized with the Yoast SEO plugin v27.4 - https:\/\/yoast.com\/product\/yoast-seo-wordpress\/ -->\n<title>Helvetica Swiss Commercial kauft in der Zentralschweiz - IMMOBILIEN Business<\/title>\n<meta name=\"description\" content=\"Der Immobilienfonds Helvetica Swiss Commercial hat per 1. Februar ein Fachmarktcenter in der Zentralschweiz erworben. SPG Intercity hat den Verk\u00e4ufer beraten.\" \/>\n<meta name=\"robots\" content=\"index, follow, max-snippet:-1, max-image-preview:large, max-video-preview:-1\" \/>\n<link rel=\"canonical\" href=\"https:\/\/www.immobilienbusiness.ch\/de\/retail\/2018-02-13\/helvetica-swiss-commercial-kauft-in-der-zentralschweiz\/\" \/>\n<meta property=\"og:locale\" content=\"de_DE\" \/>\n<meta property=\"og:type\" content=\"article\" \/>\n<meta property=\"og:title\" content=\"Helvetica Swiss Commercial kauft in der Zentralschweiz - IMMOBILIEN Business\" \/>\n<meta property=\"og:description\" content=\"Der Immobilienfonds Helvetica Swiss Commercial hat per 1. Februar ein Fachmarktcenter in der Zentralschweiz erworben. SPG Intercity hat den Verk\u00e4ufer beraten.\" \/>\n<meta property=\"og:url\" content=\"https:\/\/www.immobilienbusiness.ch\/de\/retail\/2018-02-13\/helvetica-swiss-commercial-kauft-in-der-zentralschweiz\/\" \/>\n<meta property=\"og:site_name\" content=\"IMMOBILIEN Business\" \/>\n<meta property=\"article:publisher\" content=\"https:\/\/www.facebook.com\/immobilienbusiness\/\" \/>\n<meta property=\"article:published_time\" content=\"2018-02-13T07:47:50+00:00\" \/>\n<meta property=\"og:image\" content=\"https:\/\/www.immobilienbusiness.ch\/wp-content\/uploads\/2017\/06\/Depositphotos_80066026_m-2015.jpg\" \/>\n\t<meta property=\"og:image:width\" content=\"999\" \/>\n\t<meta property=\"og:image:height\" content=\"657\" \/>\n\t<meta property=\"og:image:type\" content=\"image\/jpeg\" \/>\n<meta name=\"author\" content=\"anja.hall\" \/>\n<meta name=\"twitter:card\" content=\"summary_large_image\" \/>\n<meta name=\"twitter:image\" content=\"https:\/\/www.immobilienbusiness.ch\/wp-content\/uploads\/2017\/06\/Depositphotos_80066026_m-2015.jpg\" \/>\n<script type=\"application\/ld+json\" class=\"yoast-schema-graph\">{\"@context\":\"https:\\\/\\\/schema.org\",\"@graph\":[{\"@type\":\"Article\",\"@id\":\"https:\\\/\\\/www.immobilienbusiness.ch\\\/retail\\\/2018-02-13\\\/helvetica-swiss-commercial-kauft-in-der-zentralschweiz\\\/#article\",\"isPartOf\":{\"@id\":\"https:\\\/\\\/www.immobilienbusiness.ch\\\/retail\\\/2018-02-13\\\/helvetica-swiss-commercial-kauft-in-der-zentralschweiz\\\/\"},\"author\":{\"name\":\"anja.hall\",\"@id\":\"https:\\\/\\\/www.immobilienbusiness.ch\\\/#\\\/schema\\\/person\\\/3fc036297b10b9f42d6db5ee932af8c8\"},\"headline\":\"Helvetica Swiss Commercial kauft in der Zentralschweiz\",\"datePublished\":\"2018-02-13T07:47:50+00:00\",\"mainEntityOfPage\":{\"@id\":\"https:\\\/\\\/www.immobilienbusiness.ch\\\/retail\\\/2018-02-13\\\/helvetica-swiss-commercial-kauft-in-der-zentralschweiz\\\/\"},\"wordCount\":181,\"commentCount\":0,\"publisher\":{\"@id\":\"https:\\\/\\\/www.immobilienbusiness.ch\\\/#organization\"},\"image\":{\"@id\":\"https:\\\/\\\/www.immobilienbusiness.ch\\\/retail\\\/2018-02-13\\\/helvetica-swiss-commercial-kauft-in-der-zentralschweiz\\\/#primaryimage\"},\"thumbnailUrl\":\"https:\\\/\\\/www.immobilienbusiness.ch\\\/wp-content\\\/uploads\\\/2017\\\/06\\\/Depositphotos_80066026_m-2015.jpg\",\"keywords\":[\"Fachmarktzentrum\",\"Immobilienfonds\",\"Regionen\",\"Retail\",\"Zentralschweiz\"],\"articleSection\":[\"RETAIL\"],\"inLanguage\":\"de\"},{\"@type\":\"WebPage\",\"@id\":\"https:\\\/\\\/www.immobilienbusiness.ch\\\/retail\\\/2018-02-13\\\/helvetica-swiss-commercial-kauft-in-der-zentralschweiz\\\/\",\"url\":\"https:\\\/\\\/www.immobilienbusiness.ch\\\/retail\\\/2018-02-13\\\/helvetica-swiss-commercial-kauft-in-der-zentralschweiz\\\/\",\"name\":\"Helvetica Swiss Commercial kauft in der Zentralschweiz - IMMOBILIEN Business\",\"isPartOf\":{\"@id\":\"https:\\\/\\\/www.immobilienbusiness.ch\\\/#website\"},\"primaryImageOfPage\":{\"@id\":\"https:\\\/\\\/www.immobilienbusiness.ch\\\/retail\\\/2018-02-13\\\/helvetica-swiss-commercial-kauft-in-der-zentralschweiz\\\/#primaryimage\"},\"image\":{\"@id\":\"https:\\\/\\\/www.immobilienbusiness.ch\\\/retail\\\/2018-02-13\\\/helvetica-swiss-commercial-kauft-in-der-zentralschweiz\\\/#primaryimage\"},\"thumbnailUrl\":\"https:\\\/\\\/www.immobilienbusiness.ch\\\/wp-content\\\/uploads\\\/2017\\\/06\\\/Depositphotos_80066026_m-2015.jpg\",\"datePublished\":\"2018-02-13T07:47:50+00:00\",\"description\":\"Der Immobilienfonds Helvetica Swiss Commercial hat per 1. Februar ein Fachmarktcenter in der Zentralschweiz erworben. SPG Intercity hat den Verk\u00e4ufer beraten.\",\"breadcrumb\":{\"@id\":\"https:\\\/\\\/www.immobilienbusiness.ch\\\/retail\\\/2018-02-13\\\/helvetica-swiss-commercial-kauft-in-der-zentralschweiz\\\/#breadcrumb\"},\"inLanguage\":\"de\",\"potentialAction\":[{\"@type\":\"ReadAction\",\"target\":[\"https:\\\/\\\/www.immobilienbusiness.ch\\\/retail\\\/2018-02-13\\\/helvetica-swiss-commercial-kauft-in-der-zentralschweiz\\\/\"]}]},{\"@type\":\"ImageObject\",\"inLanguage\":\"de\",\"@id\":\"https:\\\/\\\/www.immobilienbusiness.ch\\\/retail\\\/2018-02-13\\\/helvetica-swiss-commercial-kauft-in-der-zentralschweiz\\\/#primaryimage\",\"url\":\"https:\\\/\\\/www.immobilienbusiness.ch\\\/wp-content\\\/uploads\\\/2017\\\/06\\\/Depositphotos_80066026_m-2015.jpg\",\"contentUrl\":\"https:\\\/\\\/www.immobilienbusiness.ch\\\/wp-content\\\/uploads\\\/2017\\\/06\\\/Depositphotos_80066026_m-2015.jpg\",\"width\":999,\"height\":657,\"caption\":\"Die M\u00f6belhersteller Haworth und Cappellini er\u00f6ffnen einen gemeinsamen Showroom (Symbolbild: Melpomene - depositphotos)\"},{\"@type\":\"BreadcrumbList\",\"@id\":\"https:\\\/\\\/www.immobilienbusiness.ch\\\/retail\\\/2018-02-13\\\/helvetica-swiss-commercial-kauft-in-der-zentralschweiz\\\/#breadcrumb\",\"itemListElement\":[{\"@type\":\"ListItem\",\"position\":1,\"name\":\"Home\",\"item\":\"https:\\\/\\\/www.immobilienbusiness.ch\\\/\"},{\"@type\":\"ListItem\",\"position\":2,\"name\":\"Helvetica Swiss Commercial kauft in der Zentralschweiz\"}]},{\"@type\":\"WebSite\",\"@id\":\"https:\\\/\\\/www.immobilienbusiness.ch\\\/#website\",\"url\":\"https:\\\/\\\/www.immobilienbusiness.ch\\\/\",\"name\":\"IMMOBILIEN Business\",\"description\":\"Unabh\u00e4ngiges Schweizer Wirtschaftsmagazin mit Fokus auf Immobilien, Architektur- und Bau sowie Investment- und Finanzierung.\",\"publisher\":{\"@id\":\"https:\\\/\\\/www.immobilienbusiness.ch\\\/#organization\"},\"potentialAction\":[{\"@type\":\"SearchAction\",\"target\":{\"@type\":\"EntryPoint\",\"urlTemplate\":\"https:\\\/\\\/www.immobilienbusiness.ch\\\/?s={search_term_string}\"},\"query-input\":{\"@type\":\"PropertyValueSpecification\",\"valueRequired\":true,\"valueName\":\"search_term_string\"}}],\"inLanguage\":\"de\"},{\"@type\":\"Organization\",\"@id\":\"https:\\\/\\\/www.immobilienbusiness.ch\\\/#organization\",\"name\":\"IMMOBILIEN Business\",\"url\":\"https:\\\/\\\/www.immobilienbusiness.ch\\\/\",\"logo\":{\"@type\":\"ImageObject\",\"inLanguage\":\"de\",\"@id\":\"https:\\\/\\\/www.immobilienbusiness.ch\\\/#\\\/schema\\\/logo\\\/image\\\/\",\"url\":\"https:\\\/\\\/www.immobilienbusiness.ch\\\/wp-content\\\/uploads\\\/2021\\\/07\\\/logo_ib.png\",\"contentUrl\":\"https:\\\/\\\/www.immobilienbusiness.ch\\\/wp-content\\\/uploads\\\/2021\\\/07\\\/logo_ib.png\",\"width\":800,\"height\":181,\"caption\":\"IMMOBILIEN Business\"},\"image\":{\"@id\":\"https:\\\/\\\/www.immobilienbusiness.ch\\\/#\\\/schema\\\/logo\\\/image\\\/\"},\"sameAs\":[\"https:\\\/\\\/www.facebook.com\\\/immobilienbusiness\\\/\"]},{\"@type\":\"Person\",\"@id\":\"https:\\\/\\\/www.immobilienbusiness.ch\\\/#\\\/schema\\\/person\\\/3fc036297b10b9f42d6db5ee932af8c8\",\"name\":\"anja.hall\",\"image\":{\"@type\":\"ImageObject\",\"inLanguage\":\"de\",\"@id\":\"https:\\\/\\\/secure.gravatar.com\\\/avatar\\\/066b5a0d447013502c71a5782f4f3469f03cfe595cc2329fb94652fe47511bfb?s=96&d=mm&r=g\",\"url\":\"https:\\\/\\\/secure.gravatar.com\\\/avatar\\\/066b5a0d447013502c71a5782f4f3469f03cfe595cc2329fb94652fe47511bfb?s=96&d=mm&r=g\",\"contentUrl\":\"https:\\\/\\\/secure.gravatar.com\\\/avatar\\\/066b5a0d447013502c71a5782f4f3469f03cfe595cc2329fb94652fe47511bfb?s=96&d=mm&r=g\",\"caption\":\"anja.hall\"},\"url\":\"https:\\\/\\\/www.immobilienbusiness.ch\\\/de\\\/author\\\/anja-hall\\\/\"}]}<\/script>\n<!-- \/ Yoast SEO plugin. -->","yoast_head_json":{"title":"Helvetica Swiss Commercial kauft in der Zentralschweiz - IMMOBILIEN Business","description":"Der Immobilienfonds Helvetica Swiss Commercial hat per 1. Februar ein Fachmarktcenter in der Zentralschweiz erworben. SPG Intercity hat den Verk\u00e4ufer beraten.","robots":{"index":"index","follow":"follow","max-snippet":"max-snippet:-1","max-image-preview":"max-image-preview:large","max-video-preview":"max-video-preview:-1"},"canonical":"https:\/\/www.immobilienbusiness.ch\/de\/retail\/2018-02-13\/helvetica-swiss-commercial-kauft-in-der-zentralschweiz\/","og_locale":"de_DE","og_type":"article","og_title":"Helvetica Swiss Commercial kauft in der Zentralschweiz - IMMOBILIEN Business","og_description":"Der Immobilienfonds Helvetica Swiss Commercial hat per 1. Februar ein Fachmarktcenter in der Zentralschweiz erworben. SPG Intercity hat den Verk\u00e4ufer beraten.","og_url":"https:\/\/www.immobilienbusiness.ch\/de\/retail\/2018-02-13\/helvetica-swiss-commercial-kauft-in-der-zentralschweiz\/","og_site_name":"IMMOBILIEN Business","article_publisher":"https:\/\/www.facebook.com\/immobilienbusiness\/","article_published_time":"2018-02-13T07:47:50+00:00","og_image":[{"width":999,"height":657,"url":"https:\/\/www.immobilienbusiness.ch\/wp-content\/uploads\/2017\/06\/Depositphotos_80066026_m-2015.jpg","type":"image\/jpeg"}],"author":"anja.hall","twitter_card":"summary_large_image","twitter_image":"https:\/\/www.immobilienbusiness.ch\/wp-content\/uploads\/2017\/06\/Depositphotos_80066026_m-2015.jpg","schema":{"@context":"https:\/\/schema.org","@graph":[{"@type":"Article","@id":"https:\/\/www.immobilienbusiness.ch\/retail\/2018-02-13\/helvetica-swiss-commercial-kauft-in-der-zentralschweiz\/#article","isPartOf":{"@id":"https:\/\/www.immobilienbusiness.ch\/retail\/2018-02-13\/helvetica-swiss-commercial-kauft-in-der-zentralschweiz\/"},"author":{"name":"anja.hall","@id":"https:\/\/www.immobilienbusiness.ch\/#\/schema\/person\/3fc036297b10b9f42d6db5ee932af8c8"},"headline":"Helvetica Swiss Commercial kauft in der Zentralschweiz","datePublished":"2018-02-13T07:47:50+00:00","mainEntityOfPage":{"@id":"https:\/\/www.immobilienbusiness.ch\/retail\/2018-02-13\/helvetica-swiss-commercial-kauft-in-der-zentralschweiz\/"},"wordCount":181,"commentCount":0,"publisher":{"@id":"https:\/\/www.immobilienbusiness.ch\/#organization"},"image":{"@id":"https:\/\/www.immobilienbusiness.ch\/retail\/2018-02-13\/helvetica-swiss-commercial-kauft-in-der-zentralschweiz\/#primaryimage"},"thumbnailUrl":"https:\/\/www.immobilienbusiness.ch\/wp-content\/uploads\/2017\/06\/Depositphotos_80066026_m-2015.jpg","keywords":["Fachmarktzentrum","Immobilienfonds","Regionen","Retail","Zentralschweiz"],"articleSection":["RETAIL"],"inLanguage":"de"},{"@type":"WebPage","@id":"https:\/\/www.immobilienbusiness.ch\/retail\/2018-02-13\/helvetica-swiss-commercial-kauft-in-der-zentralschweiz\/","url":"https:\/\/www.immobilienbusiness.ch\/retail\/2018-02-13\/helvetica-swiss-commercial-kauft-in-der-zentralschweiz\/","name":"Helvetica Swiss Commercial kauft in der Zentralschweiz - IMMOBILIEN Business","isPartOf":{"@id":"https:\/\/www.immobilienbusiness.ch\/#website"},"primaryImageOfPage":{"@id":"https:\/\/www.immobilienbusiness.ch\/retail\/2018-02-13\/helvetica-swiss-commercial-kauft-in-der-zentralschweiz\/#primaryimage"},"image":{"@id":"https:\/\/www.immobilienbusiness.ch\/retail\/2018-02-13\/helvetica-swiss-commercial-kauft-in-der-zentralschweiz\/#primaryimage"},"thumbnailUrl":"https:\/\/www.immobilienbusiness.ch\/wp-content\/uploads\/2017\/06\/Depositphotos_80066026_m-2015.jpg","datePublished":"2018-02-13T07:47:50+00:00","description":"Der Immobilienfonds Helvetica Swiss Commercial hat per 1. Februar ein Fachmarktcenter in der Zentralschweiz erworben. SPG Intercity hat den Verk\u00e4ufer beraten.","breadcrumb":{"@id":"https:\/\/www.immobilienbusiness.ch\/retail\/2018-02-13\/helvetica-swiss-commercial-kauft-in-der-zentralschweiz\/#breadcrumb"},"inLanguage":"de","potentialAction":[{"@type":"ReadAction","target":["https:\/\/www.immobilienbusiness.ch\/retail\/2018-02-13\/helvetica-swiss-commercial-kauft-in-der-zentralschweiz\/"]}]},{"@type":"ImageObject","inLanguage":"de","@id":"https:\/\/www.immobilienbusiness.ch\/retail\/2018-02-13\/helvetica-swiss-commercial-kauft-in-der-zentralschweiz\/#primaryimage","url":"https:\/\/www.immobilienbusiness.ch\/wp-content\/uploads\/2017\/06\/Depositphotos_80066026_m-2015.jpg","contentUrl":"https:\/\/www.immobilienbusiness.ch\/wp-content\/uploads\/2017\/06\/Depositphotos_80066026_m-2015.jpg","width":999,"height":657,"caption":"Die M\u00f6belhersteller Haworth und Cappellini er\u00f6ffnen einen gemeinsamen Showroom (Symbolbild: Melpomene - depositphotos)"},{"@type":"BreadcrumbList","@id":"https:\/\/www.immobilienbusiness.ch\/retail\/2018-02-13\/helvetica-swiss-commercial-kauft-in-der-zentralschweiz\/#breadcrumb","itemListElement":[{"@type":"ListItem","position":1,"name":"Home","item":"https:\/\/www.immobilienbusiness.ch\/"},{"@type":"ListItem","position":2,"name":"Helvetica Swiss Commercial kauft in der Zentralschweiz"}]},{"@type":"WebSite","@id":"https:\/\/www.immobilienbusiness.ch\/#website","url":"https:\/\/www.immobilienbusiness.ch\/","name":"IMMOBILIEN Business","description":"Unabh\u00e4ngiges Schweizer Wirtschaftsmagazin mit Fokus auf Immobilien, Architektur- und Bau sowie Investment- und Finanzierung.","publisher":{"@id":"https:\/\/www.immobilienbusiness.ch\/#organization"},"potentialAction":[{"@type":"SearchAction","target":{"@type":"EntryPoint","urlTemplate":"https:\/\/www.immobilienbusiness.ch\/?s={search_term_string}"},"query-input":{"@type":"PropertyValueSpecification","valueRequired":true,"valueName":"search_term_string"}}],"inLanguage":"de"},{"@type":"Organization","@id":"https:\/\/www.immobilienbusiness.ch\/#organization","name":"IMMOBILIEN Business","url":"https:\/\/www.immobilienbusiness.ch\/","logo":{"@type":"ImageObject","inLanguage":"de","@id":"https:\/\/www.immobilienbusiness.ch\/#\/schema\/logo\/image\/","url":"https:\/\/www.immobilienbusiness.ch\/wp-content\/uploads\/2021\/07\/logo_ib.png","contentUrl":"https:\/\/www.immobilienbusiness.ch\/wp-content\/uploads\/2021\/07\/logo_ib.png","width":800,"height":181,"caption":"IMMOBILIEN Business"},"image":{"@id":"https:\/\/www.immobilienbusiness.ch\/#\/schema\/logo\/image\/"},"sameAs":["https:\/\/www.facebook.com\/immobilienbusiness\/"]},{"@type":"Person","@id":"https:\/\/www.immobilienbusiness.ch\/#\/schema\/person\/3fc036297b10b9f42d6db5ee932af8c8","name":"anja.hall","image":{"@type":"ImageObject","inLanguage":"de","@id":"https:\/\/secure.gravatar.com\/avatar\/066b5a0d447013502c71a5782f4f3469f03cfe595cc2329fb94652fe47511bfb?s=96&d=mm&r=g","url":"https:\/\/secure.gravatar.com\/avatar\/066b5a0d447013502c71a5782f4f3469f03cfe595cc2329fb94652fe47511bfb?s=96&d=mm&r=g","contentUrl":"https:\/\/secure.gravatar.com\/avatar\/066b5a0d447013502c71a5782f4f3469f03cfe595cc2329fb94652fe47511bfb?s=96&d=mm&r=g","caption":"anja.hall"},"url":"https:\/\/www.immobilienbusiness.ch\/de\/author\/anja-hall\/"}]}},"_links":{"self":[{"href":"https:\/\/www.immobilienbusiness.ch\/de\/wp-json\/wp\/v2\/posts\/11316","targetHints":{"allow":["GET"]}}],"collection":[{"href":"https:\/\/www.immobilienbusiness.ch\/de\/wp-json\/wp\/v2\/posts"}],"about":[{"href":"https:\/\/www.immobilienbusiness.ch\/de\/wp-json\/wp\/v2\/types\/post"}],"author":[{"embeddable":true,"href":"https:\/\/www.immobilienbusiness.ch\/de\/wp-json\/wp\/v2\/users\/3"}],"replies":[{"embeddable":true,"href":"https:\/\/www.immobilienbusiness.ch\/de\/wp-json\/wp\/v2\/comments?post=11316"}],"version-history":[{"count":0,"href":"https:\/\/www.immobilienbusiness.ch\/de\/wp-json\/wp\/v2\/posts\/11316\/revisions"}],"wp:featuredmedia":[{"embeddable":true,"href":"https:\/\/www.immobilienbusiness.ch\/de\/wp-json\/wp\/v2\/media\/7837"}],"wp:attachment":[{"href":"https:\/\/www.immobilienbusiness.ch\/de\/wp-json\/wp\/v2\/media?parent=11316"}],"wp:term":[{"taxonomy":"category","embeddable":true,"href":"https:\/\/www.immobilienbusiness.ch\/de\/wp-json\/wp\/v2\/categories?post=11316"},{"taxonomy":"post_tag","embeddable":true,"href":"https:\/\/www.immobilienbusiness.ch\/de\/wp-json\/wp\/v2\/tags?post=11316"}],"curies":[{"name":"wp","href":"https:\/\/api.w.org\/{rel}","templated":true}]}}