{"id":1125,"date":"2015-10-20T09:01:26","date_gmt":"2015-10-20T07:01:26","guid":{"rendered":"http:\/\/dev.immobilienbusiness.ch\/?p=1125"},"modified":"2015-10-20T09:01:26","modified_gmt":"2015-10-20T07:01:26","slug":"kapitalerhoehung-fuer-cs-ref-international-2","status":"publish","type":"post","link":"https:\/\/www.immobilienbusiness.ch\/de\/allgemein\/2015-10-20\/kapitalerhoehung-fuer-cs-ref-international-2\/","title":{"rendered":"Kapitalerh\u00f6hung f\u00fcr CS REF International"},"content":{"rendered":"<figure id=\"attachment_4641\" aria-describedby=\"caption-attachment-4641\" style=\"width: 640px\" class=\"wp-caption alignnone\"><img loading=\"lazy\" decoding=\"async\" class=\"size-full wp-image-4641\" src=\"https:\/\/immobilienbusiness.ch\/wp-content\/uploads\/2015\/10\/Kapitalerh\u00f6hung-f\u00fcr-CS-REF-International-immobilien-business.jpg\" alt=\"\u00a9 Pixabay\" width=\"640\" height=\"426\" \/><figcaption id=\"caption-attachment-4641\" class=\"wp-caption-text\">\u00a9 Pixabay<\/figcaption><\/figure>\n<p>Zw\u00f6lf bisherige Anteile berechtigen zum Bezug von einem neuen Anteil zum Ausgabepreis von 1.075 CHF netto. Die Emission wird kommissionsweise (\u00abbest-effort basis\u00bb) im Rahmen eines \u00f6ffentlichen Bezugsangebots in der Schweiz durchgef\u00fchrt. Ein regelm\u00e4ssiger, ausserb\u00f6rslicher Bezugsrechtshandel findet vom 2. bis 11. November 2015 \u00fcber die Credit Suisse statt. Nicht gezeichnete Anteile werden allenfalls nicht emittiert, wodurch sich der Emissionsbetrag ver\u00e4ndert.<\/p>\n<p>Der CS REF International mit einem Gesamtfondsverm\u00f6gen von 2,54 Milliarden CHF (Stand 30. Juni 2015) gilt als der erste Schweizer Immobilienfonds, der weltweit direkt in Immobilien investiert. Der Anlagefokus liegt auf kommerziell genutzten, qualitativ guten Liegenschaften in Europa, in der Region Asien-Pazifik sowie in Nord-, Mittel- und S\u00fcdamerika. (ah)<\/p>\n","protected":false},"excerpt":{"rendered":"<p>Der Immobilienfonds Credit Suisse Real Estate Fund (CS REF) International f\u00fchrt vom 2. bis 13. November 2015 eine Kapitalerh\u00f6hung durch. Der Emissionserl\u00f6s von bis zu 189,3 Millionen CHF soll f\u00fcr das weitere Wachstum des Immobilienportfolios verwendet werden, teilt die Credit Suisse mit.<\/p>\n","protected":false},"author":1,"featured_media":4641,"comment_status":"open","ping_status":"open","sticky":false,"template":"","format":"standard","meta":{"_acf_changed":false,"_yoast_wpseo_focuskw":"Kapitalerhohung CS REF","_yoast_wpseo_title":"Kapitalerhohung CS REF: Schweizer Immobilienfonds w\u00e4chst","_yoast_wpseo_metadesc":"Angesichts steigender Investoreninteressen erh\u00f6ht CS REF International das Kapital. Der Fonds investiert global in hochwertige Immobilien.","_yoast_wpseo_linkdex":59,"pgc_sgb_lightbox_settings":"","footnotes":""},"categories":[1],"tags":[1362],"class_list":["post-1125","post","type-post","status-publish","format-standard","has-post-thumbnail","hentry","category-allgemein","tag-indirekte-immobilienanlagen"],"acf":[],"yoast_head":"<!-- This site is optimized with the Yoast SEO plugin v27.4 - https:\/\/yoast.com\/product\/yoast-seo-wordpress\/ -->\n<title>Kapitalerhohung CS REF: Schweizer Immobilienfonds w\u00e4chst<\/title>\n<meta name=\"description\" content=\"Angesichts steigender Investoreninteressen erh\u00f6ht CS REF International das Kapital. Der Fonds investiert global in hochwertige Immobilien.\" \/>\n<meta name=\"robots\" content=\"index, follow, max-snippet:-1, max-image-preview:large, max-video-preview:-1\" \/>\n<link rel=\"canonical\" href=\"https:\/\/www.immobilienbusiness.ch\/de\/allgemein\/2015-10-20\/kapitalerhoehung-fuer-cs-ref-international-2\/\" \/>\n<meta property=\"og:locale\" content=\"de_DE\" \/>\n<meta property=\"og:type\" content=\"article\" \/>\n<meta property=\"og:title\" content=\"Kapitalerh\u00f6hung f\u00fcr CS REF International\" \/>\n<meta property=\"og:description\" content=\"Der Immobilienfonds Credit Suisse Real Estate Fund (CS REF) International f\u00fchrt vom 2. bis 13. November 2015 eine Kapitalerh\u00f6hung durch. Der Emissionserl\u00f6s von bis zu 189,3 Millionen CHF soll f\u00fcr das weitere Wachstum des Immobilienportfolios verwendet werden, teilt die Credit Suisse mit.\" \/>\n<meta property=\"og:url\" content=\"https:\/\/www.immobilienbusiness.ch\/de\/allgemein\/2015-10-20\/kapitalerhoehung-fuer-cs-ref-international-2\/\" \/>\n<meta property=\"og:site_name\" content=\"IMMOBILIEN Business\" \/>\n<meta property=\"article:publisher\" content=\"https:\/\/www.facebook.com\/immobilienbusiness\/\" \/>\n<meta property=\"article:published_time\" content=\"2015-10-20T07:01:26+00:00\" \/>\n<meta name=\"author\" content=\"Redaktion\" \/>\n<meta name=\"twitter:card\" content=\"summary_large_image\" \/>\n<meta name=\"twitter:image\" content=\"https:\/\/www.immobilienbusiness.ch\/wp-content\/uploads\/2015\/10\/Kapitalerhoehung-fuer-CS-REF-International-immobilien-business.jpg\" \/>\n<script type=\"application\/ld+json\" class=\"yoast-schema-graph\">{\"@context\":\"https:\\\/\\\/schema.org\",\"@graph\":[{\"@type\":\"Article\",\"@id\":\"https:\\\/\\\/www.immobilienbusiness.ch\\\/allgemein\\\/2015-10-20\\\/kapitalerhoehung-fuer-cs-ref-international-2\\\/#article\",\"isPartOf\":{\"@id\":\"https:\\\/\\\/www.immobilienbusiness.ch\\\/allgemein\\\/2015-10-20\\\/kapitalerhoehung-fuer-cs-ref-international-2\\\/\"},\"author\":{\"name\":\"Redaktion\",\"@id\":\"https:\\\/\\\/www.immobilienbusiness.ch\\\/#\\\/schema\\\/person\\\/aa2bace6c5c5aad60102004a50c4eb1c\"},\"headline\":\"Kapitalerh\u00f6hung f\u00fcr CS REF International\",\"datePublished\":\"2015-10-20T07:01:26+00:00\",\"mainEntityOfPage\":{\"@id\":\"https:\\\/\\\/www.immobilienbusiness.ch\\\/allgemein\\\/2015-10-20\\\/kapitalerhoehung-fuer-cs-ref-international-2\\\/\"},\"wordCount\":123,\"commentCount\":0,\"publisher\":{\"@id\":\"https:\\\/\\\/www.immobilienbusiness.ch\\\/#organization\"},\"image\":{\"@id\":\"https:\\\/\\\/www.immobilienbusiness.ch\\\/allgemein\\\/2015-10-20\\\/kapitalerhoehung-fuer-cs-ref-international-2\\\/#primaryimage\"},\"thumbnailUrl\":\"https:\\\/\\\/www.immobilienbusiness.ch\\\/wp-content\\\/uploads\\\/2015\\\/10\\\/Kapitalerhoehung-fuer-CS-REF-International-immobilien-business.jpg\",\"keywords\":[\"Indirekte Immobilienanlagen\"],\"inLanguage\":\"de\"},{\"@type\":\"WebPage\",\"@id\":\"https:\\\/\\\/www.immobilienbusiness.ch\\\/allgemein\\\/2015-10-20\\\/kapitalerhoehung-fuer-cs-ref-international-2\\\/\",\"url\":\"https:\\\/\\\/www.immobilienbusiness.ch\\\/allgemein\\\/2015-10-20\\\/kapitalerhoehung-fuer-cs-ref-international-2\\\/\",\"name\":\"Kapitalerhohung CS REF: Schweizer Immobilienfonds w\u00e4chst\",\"isPartOf\":{\"@id\":\"https:\\\/\\\/www.immobilienbusiness.ch\\\/#website\"},\"primaryImageOfPage\":{\"@id\":\"https:\\\/\\\/www.immobilienbusiness.ch\\\/allgemein\\\/2015-10-20\\\/kapitalerhoehung-fuer-cs-ref-international-2\\\/#primaryimage\"},\"image\":{\"@id\":\"https:\\\/\\\/www.immobilienbusiness.ch\\\/allgemein\\\/2015-10-20\\\/kapitalerhoehung-fuer-cs-ref-international-2\\\/#primaryimage\"},\"thumbnailUrl\":\"https:\\\/\\\/www.immobilienbusiness.ch\\\/wp-content\\\/uploads\\\/2015\\\/10\\\/Kapitalerhoehung-fuer-CS-REF-International-immobilien-business.jpg\",\"datePublished\":\"2015-10-20T07:01:26+00:00\",\"description\":\"Angesichts steigender Investoreninteressen erh\u00f6ht CS REF International das Kapital. Der Fonds investiert global in hochwertige Immobilien.\",\"breadcrumb\":{\"@id\":\"https:\\\/\\\/www.immobilienbusiness.ch\\\/allgemein\\\/2015-10-20\\\/kapitalerhoehung-fuer-cs-ref-international-2\\\/#breadcrumb\"},\"inLanguage\":\"de\",\"potentialAction\":[{\"@type\":\"ReadAction\",\"target\":[\"https:\\\/\\\/www.immobilienbusiness.ch\\\/allgemein\\\/2015-10-20\\\/kapitalerhoehung-fuer-cs-ref-international-2\\\/\"]}]},{\"@type\":\"ImageObject\",\"inLanguage\":\"de\",\"@id\":\"https:\\\/\\\/www.immobilienbusiness.ch\\\/allgemein\\\/2015-10-20\\\/kapitalerhoehung-fuer-cs-ref-international-2\\\/#primaryimage\",\"url\":\"https:\\\/\\\/www.immobilienbusiness.ch\\\/wp-content\\\/uploads\\\/2015\\\/10\\\/Kapitalerhoehung-fuer-CS-REF-International-immobilien-business.jpg\",\"contentUrl\":\"https:\\\/\\\/www.immobilienbusiness.ch\\\/wp-content\\\/uploads\\\/2015\\\/10\\\/Kapitalerhoehung-fuer-CS-REF-International-immobilien-business.jpg\",\"width\":640,\"height\":426,\"caption\":\"\u00a9 Pixabay\"},{\"@type\":\"BreadcrumbList\",\"@id\":\"https:\\\/\\\/www.immobilienbusiness.ch\\\/allgemein\\\/2015-10-20\\\/kapitalerhoehung-fuer-cs-ref-international-2\\\/#breadcrumb\",\"itemListElement\":[{\"@type\":\"ListItem\",\"position\":1,\"name\":\"Home\",\"item\":\"https:\\\/\\\/www.immobilienbusiness.ch\\\/\"},{\"@type\":\"ListItem\",\"position\":2,\"name\":\"Kapitalerh\u00f6hung f\u00fcr CS REF International\"}]},{\"@type\":\"WebSite\",\"@id\":\"https:\\\/\\\/www.immobilienbusiness.ch\\\/#website\",\"url\":\"https:\\\/\\\/www.immobilienbusiness.ch\\\/\",\"name\":\"IMMOBILIEN Business\",\"description\":\"Unabh\u00e4ngiges Schweizer Wirtschaftsmagazin mit Fokus auf Immobilien, Architektur- und Bau sowie Investment- und Finanzierung.\",\"publisher\":{\"@id\":\"https:\\\/\\\/www.immobilienbusiness.ch\\\/#organization\"},\"potentialAction\":[{\"@type\":\"SearchAction\",\"target\":{\"@type\":\"EntryPoint\",\"urlTemplate\":\"https:\\\/\\\/www.immobilienbusiness.ch\\\/?s={search_term_string}\"},\"query-input\":{\"@type\":\"PropertyValueSpecification\",\"valueRequired\":true,\"valueName\":\"search_term_string\"}}],\"inLanguage\":\"de\"},{\"@type\":\"Organization\",\"@id\":\"https:\\\/\\\/www.immobilienbusiness.ch\\\/#organization\",\"name\":\"IMMOBILIEN Business\",\"url\":\"https:\\\/\\\/www.immobilienbusiness.ch\\\/\",\"logo\":{\"@type\":\"ImageObject\",\"inLanguage\":\"de\",\"@id\":\"https:\\\/\\\/www.immobilienbusiness.ch\\\/#\\\/schema\\\/logo\\\/image\\\/\",\"url\":\"https:\\\/\\\/www.immobilienbusiness.ch\\\/wp-content\\\/uploads\\\/2021\\\/07\\\/logo_ib.png\",\"contentUrl\":\"https:\\\/\\\/www.immobilienbusiness.ch\\\/wp-content\\\/uploads\\\/2021\\\/07\\\/logo_ib.png\",\"width\":800,\"height\":181,\"caption\":\"IMMOBILIEN Business\"},\"image\":{\"@id\":\"https:\\\/\\\/www.immobilienbusiness.ch\\\/#\\\/schema\\\/logo\\\/image\\\/\"},\"sameAs\":[\"https:\\\/\\\/www.facebook.com\\\/immobilienbusiness\\\/\"]},{\"@type\":\"Person\",\"@id\":\"https:\\\/\\\/www.immobilienbusiness.ch\\\/#\\\/schema\\\/person\\\/aa2bace6c5c5aad60102004a50c4eb1c\",\"name\":\"Redaktion\",\"image\":{\"@type\":\"ImageObject\",\"inLanguage\":\"de\",\"@id\":\"https:\\\/\\\/secure.gravatar.com\\\/avatar\\\/ae2f4d718e6c49043e314ce431e7e645d646302a24a5ef5a8bc8e3f5a032e319?s=96&d=mm&r=g\",\"url\":\"https:\\\/\\\/secure.gravatar.com\\\/avatar\\\/ae2f4d718e6c49043e314ce431e7e645d646302a24a5ef5a8bc8e3f5a032e319?s=96&d=mm&r=g\",\"contentUrl\":\"https:\\\/\\\/secure.gravatar.com\\\/avatar\\\/ae2f4d718e6c49043e314ce431e7e645d646302a24a5ef5a8bc8e3f5a032e319?s=96&d=mm&r=g\",\"caption\":\"Redaktion\"},\"sameAs\":[\"http:\\\/\\\/develop.organisator.galledia.ch\"],\"url\":\"https:\\\/\\\/www.immobilienbusiness.ch\\\/de\\\/author\\\/admin\\\/\"}]}<\/script>\n<!-- \/ Yoast SEO plugin. -->","yoast_head_json":{"title":"Kapitalerhohung CS REF: Schweizer Immobilienfonds w\u00e4chst","description":"Angesichts steigender Investoreninteressen erh\u00f6ht CS REF International das Kapital. Der Fonds investiert global in hochwertige Immobilien.","robots":{"index":"index","follow":"follow","max-snippet":"max-snippet:-1","max-image-preview":"max-image-preview:large","max-video-preview":"max-video-preview:-1"},"canonical":"https:\/\/www.immobilienbusiness.ch\/de\/allgemein\/2015-10-20\/kapitalerhoehung-fuer-cs-ref-international-2\/","og_locale":"de_DE","og_type":"article","og_title":"Kapitalerh\u00f6hung f\u00fcr CS REF International","og_description":"Der Immobilienfonds Credit Suisse Real Estate Fund (CS REF) International f\u00fchrt vom 2. bis 13. November 2015 eine Kapitalerh\u00f6hung durch. Der Emissionserl\u00f6s von bis zu 189,3 Millionen CHF soll f\u00fcr das weitere Wachstum des Immobilienportfolios verwendet werden, teilt die Credit Suisse mit.","og_url":"https:\/\/www.immobilienbusiness.ch\/de\/allgemein\/2015-10-20\/kapitalerhoehung-fuer-cs-ref-international-2\/","og_site_name":"IMMOBILIEN Business","article_publisher":"https:\/\/www.facebook.com\/immobilienbusiness\/","article_published_time":"2015-10-20T07:01:26+00:00","author":"Redaktion","twitter_card":"summary_large_image","twitter_image":"https:\/\/www.immobilienbusiness.ch\/wp-content\/uploads\/2015\/10\/Kapitalerhoehung-fuer-CS-REF-International-immobilien-business.jpg","schema":{"@context":"https:\/\/schema.org","@graph":[{"@type":"Article","@id":"https:\/\/www.immobilienbusiness.ch\/allgemein\/2015-10-20\/kapitalerhoehung-fuer-cs-ref-international-2\/#article","isPartOf":{"@id":"https:\/\/www.immobilienbusiness.ch\/allgemein\/2015-10-20\/kapitalerhoehung-fuer-cs-ref-international-2\/"},"author":{"name":"Redaktion","@id":"https:\/\/www.immobilienbusiness.ch\/#\/schema\/person\/aa2bace6c5c5aad60102004a50c4eb1c"},"headline":"Kapitalerh\u00f6hung f\u00fcr CS REF International","datePublished":"2015-10-20T07:01:26+00:00","mainEntityOfPage":{"@id":"https:\/\/www.immobilienbusiness.ch\/allgemein\/2015-10-20\/kapitalerhoehung-fuer-cs-ref-international-2\/"},"wordCount":123,"commentCount":0,"publisher":{"@id":"https:\/\/www.immobilienbusiness.ch\/#organization"},"image":{"@id":"https:\/\/www.immobilienbusiness.ch\/allgemein\/2015-10-20\/kapitalerhoehung-fuer-cs-ref-international-2\/#primaryimage"},"thumbnailUrl":"https:\/\/www.immobilienbusiness.ch\/wp-content\/uploads\/2015\/10\/Kapitalerhoehung-fuer-CS-REF-International-immobilien-business.jpg","keywords":["Indirekte Immobilienanlagen"],"inLanguage":"de"},{"@type":"WebPage","@id":"https:\/\/www.immobilienbusiness.ch\/allgemein\/2015-10-20\/kapitalerhoehung-fuer-cs-ref-international-2\/","url":"https:\/\/www.immobilienbusiness.ch\/allgemein\/2015-10-20\/kapitalerhoehung-fuer-cs-ref-international-2\/","name":"Kapitalerhohung CS REF: Schweizer Immobilienfonds w\u00e4chst","isPartOf":{"@id":"https:\/\/www.immobilienbusiness.ch\/#website"},"primaryImageOfPage":{"@id":"https:\/\/www.immobilienbusiness.ch\/allgemein\/2015-10-20\/kapitalerhoehung-fuer-cs-ref-international-2\/#primaryimage"},"image":{"@id":"https:\/\/www.immobilienbusiness.ch\/allgemein\/2015-10-20\/kapitalerhoehung-fuer-cs-ref-international-2\/#primaryimage"},"thumbnailUrl":"https:\/\/www.immobilienbusiness.ch\/wp-content\/uploads\/2015\/10\/Kapitalerhoehung-fuer-CS-REF-International-immobilien-business.jpg","datePublished":"2015-10-20T07:01:26+00:00","description":"Angesichts steigender Investoreninteressen erh\u00f6ht CS REF International das Kapital. Der Fonds investiert global in hochwertige Immobilien.","breadcrumb":{"@id":"https:\/\/www.immobilienbusiness.ch\/allgemein\/2015-10-20\/kapitalerhoehung-fuer-cs-ref-international-2\/#breadcrumb"},"inLanguage":"de","potentialAction":[{"@type":"ReadAction","target":["https:\/\/www.immobilienbusiness.ch\/allgemein\/2015-10-20\/kapitalerhoehung-fuer-cs-ref-international-2\/"]}]},{"@type":"ImageObject","inLanguage":"de","@id":"https:\/\/www.immobilienbusiness.ch\/allgemein\/2015-10-20\/kapitalerhoehung-fuer-cs-ref-international-2\/#primaryimage","url":"https:\/\/www.immobilienbusiness.ch\/wp-content\/uploads\/2015\/10\/Kapitalerhoehung-fuer-CS-REF-International-immobilien-business.jpg","contentUrl":"https:\/\/www.immobilienbusiness.ch\/wp-content\/uploads\/2015\/10\/Kapitalerhoehung-fuer-CS-REF-International-immobilien-business.jpg","width":640,"height":426,"caption":"\u00a9 Pixabay"},{"@type":"BreadcrumbList","@id":"https:\/\/www.immobilienbusiness.ch\/allgemein\/2015-10-20\/kapitalerhoehung-fuer-cs-ref-international-2\/#breadcrumb","itemListElement":[{"@type":"ListItem","position":1,"name":"Home","item":"https:\/\/www.immobilienbusiness.ch\/"},{"@type":"ListItem","position":2,"name":"Kapitalerh\u00f6hung f\u00fcr CS REF International"}]},{"@type":"WebSite","@id":"https:\/\/www.immobilienbusiness.ch\/#website","url":"https:\/\/www.immobilienbusiness.ch\/","name":"IMMOBILIEN Business","description":"Unabh\u00e4ngiges Schweizer Wirtschaftsmagazin mit Fokus auf Immobilien, Architektur- und Bau sowie Investment- und Finanzierung.","publisher":{"@id":"https:\/\/www.immobilienbusiness.ch\/#organization"},"potentialAction":[{"@type":"SearchAction","target":{"@type":"EntryPoint","urlTemplate":"https:\/\/www.immobilienbusiness.ch\/?s={search_term_string}"},"query-input":{"@type":"PropertyValueSpecification","valueRequired":true,"valueName":"search_term_string"}}],"inLanguage":"de"},{"@type":"Organization","@id":"https:\/\/www.immobilienbusiness.ch\/#organization","name":"IMMOBILIEN Business","url":"https:\/\/www.immobilienbusiness.ch\/","logo":{"@type":"ImageObject","inLanguage":"de","@id":"https:\/\/www.immobilienbusiness.ch\/#\/schema\/logo\/image\/","url":"https:\/\/www.immobilienbusiness.ch\/wp-content\/uploads\/2021\/07\/logo_ib.png","contentUrl":"https:\/\/www.immobilienbusiness.ch\/wp-content\/uploads\/2021\/07\/logo_ib.png","width":800,"height":181,"caption":"IMMOBILIEN Business"},"image":{"@id":"https:\/\/www.immobilienbusiness.ch\/#\/schema\/logo\/image\/"},"sameAs":["https:\/\/www.facebook.com\/immobilienbusiness\/"]},{"@type":"Person","@id":"https:\/\/www.immobilienbusiness.ch\/#\/schema\/person\/aa2bace6c5c5aad60102004a50c4eb1c","name":"Redaktion","image":{"@type":"ImageObject","inLanguage":"de","@id":"https:\/\/secure.gravatar.com\/avatar\/ae2f4d718e6c49043e314ce431e7e645d646302a24a5ef5a8bc8e3f5a032e319?s=96&d=mm&r=g","url":"https:\/\/secure.gravatar.com\/avatar\/ae2f4d718e6c49043e314ce431e7e645d646302a24a5ef5a8bc8e3f5a032e319?s=96&d=mm&r=g","contentUrl":"https:\/\/secure.gravatar.com\/avatar\/ae2f4d718e6c49043e314ce431e7e645d646302a24a5ef5a8bc8e3f5a032e319?s=96&d=mm&r=g","caption":"Redaktion"},"sameAs":["http:\/\/develop.organisator.galledia.ch"],"url":"https:\/\/www.immobilienbusiness.ch\/de\/author\/admin\/"}]}},"_links":{"self":[{"href":"https:\/\/www.immobilienbusiness.ch\/de\/wp-json\/wp\/v2\/posts\/1125","targetHints":{"allow":["GET"]}}],"collection":[{"href":"https:\/\/www.immobilienbusiness.ch\/de\/wp-json\/wp\/v2\/posts"}],"about":[{"href":"https:\/\/www.immobilienbusiness.ch\/de\/wp-json\/wp\/v2\/types\/post"}],"author":[{"embeddable":true,"href":"https:\/\/www.immobilienbusiness.ch\/de\/wp-json\/wp\/v2\/users\/1"}],"replies":[{"embeddable":true,"href":"https:\/\/www.immobilienbusiness.ch\/de\/wp-json\/wp\/v2\/comments?post=1125"}],"version-history":[{"count":0,"href":"https:\/\/www.immobilienbusiness.ch\/de\/wp-json\/wp\/v2\/posts\/1125\/revisions"}],"wp:featuredmedia":[{"embeddable":true,"href":"https:\/\/www.immobilienbusiness.ch\/de\/wp-json\/wp\/v2\/media\/4641"}],"wp:attachment":[{"href":"https:\/\/www.immobilienbusiness.ch\/de\/wp-json\/wp\/v2\/media?parent=1125"}],"wp:term":[{"taxonomy":"category","embeddable":true,"href":"https:\/\/www.immobilienbusiness.ch\/de\/wp-json\/wp\/v2\/categories?post=1125"},{"taxonomy":"post_tag","embeddable":true,"href":"https:\/\/www.immobilienbusiness.ch\/de\/wp-json\/wp\/v2\/tags?post=1125"}],"curies":[{"name":"wp","href":"https:\/\/api.w.org\/{rel}","templated":true}]}}