{"id":11229,"date":"2018-02-06T09:09:50","date_gmt":"2018-02-06T08:09:50","guid":{"rendered":"https:\/\/www.immobilienbusiness.ch\/?p=11229"},"modified":"2018-02-06T09:09:50","modified_gmt":"2018-02-06T08:09:50","slug":"ledermann-immobilien-verstaerkt-verwaltungsrat","status":"publish","type":"post","link":"https:\/\/www.immobilienbusiness.ch\/de\/unternehmen\/2018-02-06\/ledermann-immobilien-verstaerkt-verwaltungsrat\/","title":{"rendered":"Ledermann Immobilien verst\u00e4rkt Verwaltungsrat"},"content":{"rendered":"<figure id=\"attachment_8199\" aria-describedby=\"caption-attachment-8199\" style=\"width: 624px\" class=\"wp-caption alignnone\"><img loading=\"lazy\" decoding=\"async\" class=\"size-full wp-image-8199\" src=\"https:\/\/www.immobilienbusiness.ch\/wp-content\/uploads\/2017\/07\/Immobilien-Business-News-Corestate-\u00fcbernimmt-Helvetic-Financial-Services-c-depositedhar-\u2013-depositphotos.jpg\" alt=\"\" width=\"624\" height=\"378\" \/><figcaption id=\"caption-attachment-8199\" class=\"wp-caption-text\">Die Ledermann Immobilien AG verst\u00e4rkt ihren VR mit Marco Uehlinger (Bild: depositedhar &#8211; depositphotos)<\/figcaption><\/figure>\n<p>Die Generalversammlung von Ledermann Immobilien AG hat Marco Uehlinger (Jahrgang 1969) in den Verwaltungsrat gew\u00e4hlt. Uehlinger ist Gesch\u00e4ftsleiter, Mitinhaber und Verwaltungsrat der Markstein AG in Baden, und Verwaltungsrat in weiteren Immobilienunternehmen. Zuvor war er als Portfolio-Manager bei Credit Suisse Asset Management in Z\u00fcrich und als Profitcenterleiter des Gesch\u00e4ftsbereichs Promotion bei ABB Immobilien in Baden t\u00e4tig.<\/p>\n<p>Urspr\u00fcnglich ist Uehlinger Hochbauzeichner, weitergebildet hat er sich unter anderem an der Executive School of Management in St. Gallen, an der Graduate School of Design in Cambridge, zudem erwarb einen Ph. D. in Business Administration an der Touro University International im amerikanischen Los Alamos.<\/p>\n<p>Die Ledermann Immobilien AG entwickelt hochwertige Gesch\u00e4fts- und Wohnimmobilien; Herzst\u00fcck des Unternehmens sind Immobilien im Z\u00fcrcher Seefeld.<\/p>\n","protected":false},"excerpt":{"rendered":"<p>Marco Uehlinger, Gesch\u00e4ftsleiter der Markstein AG, ist in den Verwaltungsrat von Ledermann Immobilien eingezogen.<\/p>\n","protected":false},"author":3,"featured_media":8199,"comment_status":"open","ping_status":"open","sticky":false,"template":"","format":"standard","meta":{"_acf_changed":false,"_yoast_wpseo_focuskw":"Ledermann","_yoast_wpseo_title":"","_yoast_wpseo_metadesc":"Marco Uehlinger, Gesch\u00e4ftsleiter der Markstein AG, ist in den Verwaltungsrat der Ledermann Immobilien AG eingezogen.","_yoast_wpseo_linkdex":66,"pgc_sgb_lightbox_settings":"","footnotes":""},"categories":[988],"tags":[1563,1807,1888],"class_list":["post-11229","post","type-post","status-publish","format-standard","has-post-thumbnail","hentry","category-unternehmen","tag-personalia","tag-unternehmen","tag-zuerich"],"acf":[],"yoast_head":"<!-- This site is optimized with the Yoast SEO plugin v27.5 - https:\/\/yoast.com\/product\/yoast-seo-wordpress\/ -->\n<title>Ledermann Immobilien verst\u00e4rkt Verwaltungsrat - IMMOBILIEN Business<\/title>\n<meta name=\"description\" content=\"Marco Uehlinger, Gesch\u00e4ftsleiter der Markstein AG, ist in den Verwaltungsrat der Ledermann Immobilien AG eingezogen.\" \/>\n<meta name=\"robots\" content=\"index, follow, max-snippet:-1, max-image-preview:large, max-video-preview:-1\" \/>\n<link rel=\"canonical\" href=\"https:\/\/www.immobilienbusiness.ch\/de\/unternehmen\/2018-02-06\/ledermann-immobilien-verstaerkt-verwaltungsrat\/\" \/>\n<meta property=\"og:locale\" content=\"de_DE\" \/>\n<meta property=\"og:type\" content=\"article\" \/>\n<meta property=\"og:title\" content=\"Ledermann Immobilien verst\u00e4rkt Verwaltungsrat - IMMOBILIEN Business\" \/>\n<meta property=\"og:description\" content=\"Marco Uehlinger, Gesch\u00e4ftsleiter der Markstein AG, ist in den Verwaltungsrat der Ledermann Immobilien AG eingezogen.\" \/>\n<meta property=\"og:url\" content=\"https:\/\/www.immobilienbusiness.ch\/de\/unternehmen\/2018-02-06\/ledermann-immobilien-verstaerkt-verwaltungsrat\/\" \/>\n<meta property=\"og:site_name\" content=\"IMMOBILIEN Business\" \/>\n<meta property=\"article:publisher\" content=\"https:\/\/www.facebook.com\/immobilienbusiness\/\" \/>\n<meta property=\"article:published_time\" content=\"2018-02-06T08:09:50+00:00\" \/>\n<meta property=\"og:image\" content=\"https:\/\/www.immobilienbusiness.ch\/wp-content\/uploads\/2017\/07\/Immobilien-Business-News-Corestate-uebernimmt-Helvetic-Financial-Services-c-depositedhar-\u2013-depositphotos.jpg\" \/>\n\t<meta property=\"og:image:width\" content=\"624\" \/>\n\t<meta property=\"og:image:height\" content=\"378\" \/>\n\t<meta property=\"og:image:type\" content=\"image\/jpeg\" \/>\n<meta name=\"author\" content=\"anja.hall\" \/>\n<meta name=\"twitter:card\" content=\"summary_large_image\" \/>\n<meta name=\"twitter:image\" content=\"https:\/\/www.immobilienbusiness.ch\/wp-content\/uploads\/2017\/07\/Immobilien-Business-News-Corestate-\u00fcbernimmt-Helvetic-Financial-Services-c-depositedhar-\u2013-depositphotos.jpg\" \/>\n<script type=\"application\/ld+json\" class=\"yoast-schema-graph\">{\"@context\":\"https:\\\/\\\/schema.org\",\"@graph\":[{\"@type\":\"Article\",\"@id\":\"https:\\\/\\\/www.immobilienbusiness.ch\\\/unternehmen\\\/2018-02-06\\\/ledermann-immobilien-verstaerkt-verwaltungsrat\\\/#article\",\"isPartOf\":{\"@id\":\"https:\\\/\\\/www.immobilienbusiness.ch\\\/unternehmen\\\/2018-02-06\\\/ledermann-immobilien-verstaerkt-verwaltungsrat\\\/\"},\"author\":{\"name\":\"anja.hall\",\"@id\":\"https:\\\/\\\/www.immobilienbusiness.ch\\\/#\\\/schema\\\/person\\\/3fc036297b10b9f42d6db5ee932af8c8\"},\"headline\":\"Ledermann Immobilien verst\u00e4rkt Verwaltungsrat\",\"datePublished\":\"2018-02-06T08:09:50+00:00\",\"mainEntityOfPage\":{\"@id\":\"https:\\\/\\\/www.immobilienbusiness.ch\\\/unternehmen\\\/2018-02-06\\\/ledermann-immobilien-verstaerkt-verwaltungsrat\\\/\"},\"wordCount\":151,\"commentCount\":0,\"publisher\":{\"@id\":\"https:\\\/\\\/www.immobilienbusiness.ch\\\/#organization\"},\"image\":{\"@id\":\"https:\\\/\\\/www.immobilienbusiness.ch\\\/unternehmen\\\/2018-02-06\\\/ledermann-immobilien-verstaerkt-verwaltungsrat\\\/#primaryimage\"},\"thumbnailUrl\":\"https:\\\/\\\/www.immobilienbusiness.ch\\\/wp-content\\\/uploads\\\/2017\\\/07\\\/Immobilien-Business-News-Corestate-uebernimmt-Helvetic-Financial-Services-c-depositedhar-\u2013-depositphotos.jpg\",\"keywords\":[\"Personalia\",\"Unternehmen\",\"Z\u00fcrich\"],\"articleSection\":[\"UNTERNEHMEN\"],\"inLanguage\":\"de\"},{\"@type\":\"WebPage\",\"@id\":\"https:\\\/\\\/www.immobilienbusiness.ch\\\/unternehmen\\\/2018-02-06\\\/ledermann-immobilien-verstaerkt-verwaltungsrat\\\/\",\"url\":\"https:\\\/\\\/www.immobilienbusiness.ch\\\/unternehmen\\\/2018-02-06\\\/ledermann-immobilien-verstaerkt-verwaltungsrat\\\/\",\"name\":\"Ledermann Immobilien verst\u00e4rkt Verwaltungsrat - IMMOBILIEN Business\",\"isPartOf\":{\"@id\":\"https:\\\/\\\/www.immobilienbusiness.ch\\\/#website\"},\"primaryImageOfPage\":{\"@id\":\"https:\\\/\\\/www.immobilienbusiness.ch\\\/unternehmen\\\/2018-02-06\\\/ledermann-immobilien-verstaerkt-verwaltungsrat\\\/#primaryimage\"},\"image\":{\"@id\":\"https:\\\/\\\/www.immobilienbusiness.ch\\\/unternehmen\\\/2018-02-06\\\/ledermann-immobilien-verstaerkt-verwaltungsrat\\\/#primaryimage\"},\"thumbnailUrl\":\"https:\\\/\\\/www.immobilienbusiness.ch\\\/wp-content\\\/uploads\\\/2017\\\/07\\\/Immobilien-Business-News-Corestate-uebernimmt-Helvetic-Financial-Services-c-depositedhar-\u2013-depositphotos.jpg\",\"datePublished\":\"2018-02-06T08:09:50+00:00\",\"description\":\"Marco Uehlinger, Gesch\u00e4ftsleiter der Markstein AG, ist in den Verwaltungsrat der Ledermann Immobilien AG eingezogen.\",\"breadcrumb\":{\"@id\":\"https:\\\/\\\/www.immobilienbusiness.ch\\\/unternehmen\\\/2018-02-06\\\/ledermann-immobilien-verstaerkt-verwaltungsrat\\\/#breadcrumb\"},\"inLanguage\":\"de\",\"potentialAction\":[{\"@type\":\"ReadAction\",\"target\":[\"https:\\\/\\\/www.immobilienbusiness.ch\\\/unternehmen\\\/2018-02-06\\\/ledermann-immobilien-verstaerkt-verwaltungsrat\\\/\"]}]},{\"@type\":\"ImageObject\",\"inLanguage\":\"de\",\"@id\":\"https:\\\/\\\/www.immobilienbusiness.ch\\\/unternehmen\\\/2018-02-06\\\/ledermann-immobilien-verstaerkt-verwaltungsrat\\\/#primaryimage\",\"url\":\"https:\\\/\\\/www.immobilienbusiness.ch\\\/wp-content\\\/uploads\\\/2017\\\/07\\\/Immobilien-Business-News-Corestate-uebernimmt-Helvetic-Financial-Services-c-depositedhar-\u2013-depositphotos.jpg\",\"contentUrl\":\"https:\\\/\\\/www.immobilienbusiness.ch\\\/wp-content\\\/uploads\\\/2017\\\/07\\\/Immobilien-Business-News-Corestate-uebernimmt-Helvetic-Financial-Services-c-depositedhar-\u2013-depositphotos.jpg\",\"width\":624,\"height\":378,\"caption\":\"Corestate erwirbt die HFS Helvetic Financial Services AG in Wollerau (Bild: depositedhar - depositphotos)\"},{\"@type\":\"BreadcrumbList\",\"@id\":\"https:\\\/\\\/www.immobilienbusiness.ch\\\/unternehmen\\\/2018-02-06\\\/ledermann-immobilien-verstaerkt-verwaltungsrat\\\/#breadcrumb\",\"itemListElement\":[{\"@type\":\"ListItem\",\"position\":1,\"name\":\"Home\",\"item\":\"https:\\\/\\\/www.immobilienbusiness.ch\\\/\"},{\"@type\":\"ListItem\",\"position\":2,\"name\":\"Ledermann Immobilien verst\u00e4rkt Verwaltungsrat\"}]},{\"@type\":\"WebSite\",\"@id\":\"https:\\\/\\\/www.immobilienbusiness.ch\\\/#website\",\"url\":\"https:\\\/\\\/www.immobilienbusiness.ch\\\/\",\"name\":\"IMMOBILIEN Business\",\"description\":\"Unabh\u00e4ngiges Schweizer Wirtschaftsmagazin mit Fokus auf Immobilien, Architektur- und Bau sowie Investment- und Finanzierung.\",\"publisher\":{\"@id\":\"https:\\\/\\\/www.immobilienbusiness.ch\\\/#organization\"},\"potentialAction\":[{\"@type\":\"SearchAction\",\"target\":{\"@type\":\"EntryPoint\",\"urlTemplate\":\"https:\\\/\\\/www.immobilienbusiness.ch\\\/?s={search_term_string}\"},\"query-input\":{\"@type\":\"PropertyValueSpecification\",\"valueRequired\":true,\"valueName\":\"search_term_string\"}}],\"inLanguage\":\"de\"},{\"@type\":\"Organization\",\"@id\":\"https:\\\/\\\/www.immobilienbusiness.ch\\\/#organization\",\"name\":\"IMMOBILIEN Business\",\"url\":\"https:\\\/\\\/www.immobilienbusiness.ch\\\/\",\"logo\":{\"@type\":\"ImageObject\",\"inLanguage\":\"de\",\"@id\":\"https:\\\/\\\/www.immobilienbusiness.ch\\\/#\\\/schema\\\/logo\\\/image\\\/\",\"url\":\"https:\\\/\\\/www.immobilienbusiness.ch\\\/wp-content\\\/uploads\\\/2021\\\/07\\\/logo_ib.png\",\"contentUrl\":\"https:\\\/\\\/www.immobilienbusiness.ch\\\/wp-content\\\/uploads\\\/2021\\\/07\\\/logo_ib.png\",\"width\":800,\"height\":181,\"caption\":\"IMMOBILIEN Business\"},\"image\":{\"@id\":\"https:\\\/\\\/www.immobilienbusiness.ch\\\/#\\\/schema\\\/logo\\\/image\\\/\"},\"sameAs\":[\"https:\\\/\\\/www.facebook.com\\\/immobilienbusiness\\\/\"]},{\"@type\":\"Person\",\"@id\":\"https:\\\/\\\/www.immobilienbusiness.ch\\\/#\\\/schema\\\/person\\\/3fc036297b10b9f42d6db5ee932af8c8\",\"name\":\"anja.hall\",\"image\":{\"@type\":\"ImageObject\",\"inLanguage\":\"de\",\"@id\":\"https:\\\/\\\/secure.gravatar.com\\\/avatar\\\/066b5a0d447013502c71a5782f4f3469f03cfe595cc2329fb94652fe47511bfb?s=96&d=mm&r=g\",\"url\":\"https:\\\/\\\/secure.gravatar.com\\\/avatar\\\/066b5a0d447013502c71a5782f4f3469f03cfe595cc2329fb94652fe47511bfb?s=96&d=mm&r=g\",\"contentUrl\":\"https:\\\/\\\/secure.gravatar.com\\\/avatar\\\/066b5a0d447013502c71a5782f4f3469f03cfe595cc2329fb94652fe47511bfb?s=96&d=mm&r=g\",\"caption\":\"anja.hall\"},\"url\":\"https:\\\/\\\/www.immobilienbusiness.ch\\\/de\\\/author\\\/anja-hall\\\/\"}]}<\/script>\n<!-- \/ Yoast SEO plugin. -->","yoast_head_json":{"title":"Ledermann Immobilien verst\u00e4rkt Verwaltungsrat - IMMOBILIEN Business","description":"Marco Uehlinger, Gesch\u00e4ftsleiter der Markstein AG, ist in den Verwaltungsrat der Ledermann Immobilien AG eingezogen.","robots":{"index":"index","follow":"follow","max-snippet":"max-snippet:-1","max-image-preview":"max-image-preview:large","max-video-preview":"max-video-preview:-1"},"canonical":"https:\/\/www.immobilienbusiness.ch\/de\/unternehmen\/2018-02-06\/ledermann-immobilien-verstaerkt-verwaltungsrat\/","og_locale":"de_DE","og_type":"article","og_title":"Ledermann Immobilien verst\u00e4rkt Verwaltungsrat - IMMOBILIEN Business","og_description":"Marco Uehlinger, Gesch\u00e4ftsleiter der Markstein AG, ist in den Verwaltungsrat der Ledermann Immobilien AG eingezogen.","og_url":"https:\/\/www.immobilienbusiness.ch\/de\/unternehmen\/2018-02-06\/ledermann-immobilien-verstaerkt-verwaltungsrat\/","og_site_name":"IMMOBILIEN Business","article_publisher":"https:\/\/www.facebook.com\/immobilienbusiness\/","article_published_time":"2018-02-06T08:09:50+00:00","og_image":[{"width":624,"height":378,"url":"https:\/\/www.immobilienbusiness.ch\/wp-content\/uploads\/2017\/07\/Immobilien-Business-News-Corestate-uebernimmt-Helvetic-Financial-Services-c-depositedhar-\u2013-depositphotos.jpg","type":"image\/jpeg"}],"author":"anja.hall","twitter_card":"summary_large_image","twitter_image":"https:\/\/www.immobilienbusiness.ch\/wp-content\/uploads\/2017\/07\/Immobilien-Business-News-Corestate-\u00fcbernimmt-Helvetic-Financial-Services-c-depositedhar-\u2013-depositphotos.jpg","schema":{"@context":"https:\/\/schema.org","@graph":[{"@type":"Article","@id":"https:\/\/www.immobilienbusiness.ch\/unternehmen\/2018-02-06\/ledermann-immobilien-verstaerkt-verwaltungsrat\/#article","isPartOf":{"@id":"https:\/\/www.immobilienbusiness.ch\/unternehmen\/2018-02-06\/ledermann-immobilien-verstaerkt-verwaltungsrat\/"},"author":{"name":"anja.hall","@id":"https:\/\/www.immobilienbusiness.ch\/#\/schema\/person\/3fc036297b10b9f42d6db5ee932af8c8"},"headline":"Ledermann Immobilien verst\u00e4rkt Verwaltungsrat","datePublished":"2018-02-06T08:09:50+00:00","mainEntityOfPage":{"@id":"https:\/\/www.immobilienbusiness.ch\/unternehmen\/2018-02-06\/ledermann-immobilien-verstaerkt-verwaltungsrat\/"},"wordCount":151,"commentCount":0,"publisher":{"@id":"https:\/\/www.immobilienbusiness.ch\/#organization"},"image":{"@id":"https:\/\/www.immobilienbusiness.ch\/unternehmen\/2018-02-06\/ledermann-immobilien-verstaerkt-verwaltungsrat\/#primaryimage"},"thumbnailUrl":"https:\/\/www.immobilienbusiness.ch\/wp-content\/uploads\/2017\/07\/Immobilien-Business-News-Corestate-uebernimmt-Helvetic-Financial-Services-c-depositedhar-\u2013-depositphotos.jpg","keywords":["Personalia","Unternehmen","Z\u00fcrich"],"articleSection":["UNTERNEHMEN"],"inLanguage":"de"},{"@type":"WebPage","@id":"https:\/\/www.immobilienbusiness.ch\/unternehmen\/2018-02-06\/ledermann-immobilien-verstaerkt-verwaltungsrat\/","url":"https:\/\/www.immobilienbusiness.ch\/unternehmen\/2018-02-06\/ledermann-immobilien-verstaerkt-verwaltungsrat\/","name":"Ledermann Immobilien verst\u00e4rkt Verwaltungsrat - IMMOBILIEN Business","isPartOf":{"@id":"https:\/\/www.immobilienbusiness.ch\/#website"},"primaryImageOfPage":{"@id":"https:\/\/www.immobilienbusiness.ch\/unternehmen\/2018-02-06\/ledermann-immobilien-verstaerkt-verwaltungsrat\/#primaryimage"},"image":{"@id":"https:\/\/www.immobilienbusiness.ch\/unternehmen\/2018-02-06\/ledermann-immobilien-verstaerkt-verwaltungsrat\/#primaryimage"},"thumbnailUrl":"https:\/\/www.immobilienbusiness.ch\/wp-content\/uploads\/2017\/07\/Immobilien-Business-News-Corestate-uebernimmt-Helvetic-Financial-Services-c-depositedhar-\u2013-depositphotos.jpg","datePublished":"2018-02-06T08:09:50+00:00","description":"Marco Uehlinger, Gesch\u00e4ftsleiter der Markstein AG, ist in den Verwaltungsrat der Ledermann Immobilien AG eingezogen.","breadcrumb":{"@id":"https:\/\/www.immobilienbusiness.ch\/unternehmen\/2018-02-06\/ledermann-immobilien-verstaerkt-verwaltungsrat\/#breadcrumb"},"inLanguage":"de","potentialAction":[{"@type":"ReadAction","target":["https:\/\/www.immobilienbusiness.ch\/unternehmen\/2018-02-06\/ledermann-immobilien-verstaerkt-verwaltungsrat\/"]}]},{"@type":"ImageObject","inLanguage":"de","@id":"https:\/\/www.immobilienbusiness.ch\/unternehmen\/2018-02-06\/ledermann-immobilien-verstaerkt-verwaltungsrat\/#primaryimage","url":"https:\/\/www.immobilienbusiness.ch\/wp-content\/uploads\/2017\/07\/Immobilien-Business-News-Corestate-uebernimmt-Helvetic-Financial-Services-c-depositedhar-\u2013-depositphotos.jpg","contentUrl":"https:\/\/www.immobilienbusiness.ch\/wp-content\/uploads\/2017\/07\/Immobilien-Business-News-Corestate-uebernimmt-Helvetic-Financial-Services-c-depositedhar-\u2013-depositphotos.jpg","width":624,"height":378,"caption":"Corestate erwirbt die HFS Helvetic Financial Services AG in Wollerau (Bild: depositedhar - depositphotos)"},{"@type":"BreadcrumbList","@id":"https:\/\/www.immobilienbusiness.ch\/unternehmen\/2018-02-06\/ledermann-immobilien-verstaerkt-verwaltungsrat\/#breadcrumb","itemListElement":[{"@type":"ListItem","position":1,"name":"Home","item":"https:\/\/www.immobilienbusiness.ch\/"},{"@type":"ListItem","position":2,"name":"Ledermann Immobilien verst\u00e4rkt Verwaltungsrat"}]},{"@type":"WebSite","@id":"https:\/\/www.immobilienbusiness.ch\/#website","url":"https:\/\/www.immobilienbusiness.ch\/","name":"IMMOBILIEN Business","description":"Unabh\u00e4ngiges Schweizer Wirtschaftsmagazin mit Fokus auf Immobilien, Architektur- und Bau sowie Investment- und Finanzierung.","publisher":{"@id":"https:\/\/www.immobilienbusiness.ch\/#organization"},"potentialAction":[{"@type":"SearchAction","target":{"@type":"EntryPoint","urlTemplate":"https:\/\/www.immobilienbusiness.ch\/?s={search_term_string}"},"query-input":{"@type":"PropertyValueSpecification","valueRequired":true,"valueName":"search_term_string"}}],"inLanguage":"de"},{"@type":"Organization","@id":"https:\/\/www.immobilienbusiness.ch\/#organization","name":"IMMOBILIEN Business","url":"https:\/\/www.immobilienbusiness.ch\/","logo":{"@type":"ImageObject","inLanguage":"de","@id":"https:\/\/www.immobilienbusiness.ch\/#\/schema\/logo\/image\/","url":"https:\/\/www.immobilienbusiness.ch\/wp-content\/uploads\/2021\/07\/logo_ib.png","contentUrl":"https:\/\/www.immobilienbusiness.ch\/wp-content\/uploads\/2021\/07\/logo_ib.png","width":800,"height":181,"caption":"IMMOBILIEN Business"},"image":{"@id":"https:\/\/www.immobilienbusiness.ch\/#\/schema\/logo\/image\/"},"sameAs":["https:\/\/www.facebook.com\/immobilienbusiness\/"]},{"@type":"Person","@id":"https:\/\/www.immobilienbusiness.ch\/#\/schema\/person\/3fc036297b10b9f42d6db5ee932af8c8","name":"anja.hall","image":{"@type":"ImageObject","inLanguage":"de","@id":"https:\/\/secure.gravatar.com\/avatar\/066b5a0d447013502c71a5782f4f3469f03cfe595cc2329fb94652fe47511bfb?s=96&d=mm&r=g","url":"https:\/\/secure.gravatar.com\/avatar\/066b5a0d447013502c71a5782f4f3469f03cfe595cc2329fb94652fe47511bfb?s=96&d=mm&r=g","contentUrl":"https:\/\/secure.gravatar.com\/avatar\/066b5a0d447013502c71a5782f4f3469f03cfe595cc2329fb94652fe47511bfb?s=96&d=mm&r=g","caption":"anja.hall"},"url":"https:\/\/www.immobilienbusiness.ch\/de\/author\/anja-hall\/"}]}},"_links":{"self":[{"href":"https:\/\/www.immobilienbusiness.ch\/de\/wp-json\/wp\/v2\/posts\/11229","targetHints":{"allow":["GET"]}}],"collection":[{"href":"https:\/\/www.immobilienbusiness.ch\/de\/wp-json\/wp\/v2\/posts"}],"about":[{"href":"https:\/\/www.immobilienbusiness.ch\/de\/wp-json\/wp\/v2\/types\/post"}],"author":[{"embeddable":true,"href":"https:\/\/www.immobilienbusiness.ch\/de\/wp-json\/wp\/v2\/users\/3"}],"replies":[{"embeddable":true,"href":"https:\/\/www.immobilienbusiness.ch\/de\/wp-json\/wp\/v2\/comments?post=11229"}],"version-history":[{"count":0,"href":"https:\/\/www.immobilienbusiness.ch\/de\/wp-json\/wp\/v2\/posts\/11229\/revisions"}],"wp:featuredmedia":[{"embeddable":true,"href":"https:\/\/www.immobilienbusiness.ch\/de\/wp-json\/wp\/v2\/media\/8199"}],"wp:attachment":[{"href":"https:\/\/www.immobilienbusiness.ch\/de\/wp-json\/wp\/v2\/media?parent=11229"}],"wp:term":[{"taxonomy":"category","embeddable":true,"href":"https:\/\/www.immobilienbusiness.ch\/de\/wp-json\/wp\/v2\/categories?post=11229"},{"taxonomy":"post_tag","embeddable":true,"href":"https:\/\/www.immobilienbusiness.ch\/de\/wp-json\/wp\/v2\/tags?post=11229"}],"curies":[{"name":"wp","href":"https:\/\/api.w.org\/{rel}","templated":true}]}}