{"id":11069,"date":"2018-01-25T08:23:32","date_gmt":"2018-01-25T07:23:32","guid":{"rendered":"https:\/\/www.immobilienbusiness.ch\/?p=11069"},"modified":"2018-01-25T08:23:32","modified_gmt":"2018-01-25T07:23:32","slug":"la-fonciere-leichtes-wachstum-im-vergangenen-jahr","status":"publish","type":"post","link":"https:\/\/www.immobilienbusiness.ch\/de\/unternehmen\/2018-01-25\/la-fonciere-leichtes-wachstum-im-vergangenen-jahr\/","title":{"rendered":"La Fonci\u00e8re: Leichtes Wachstum im vergangenen Jahr"},"content":{"rendered":"<figure id=\"attachment_8281\" aria-describedby=\"caption-attachment-8281\" style=\"width: 624px\" class=\"wp-caption alignnone\"><img loading=\"lazy\" decoding=\"async\" class=\"size-full wp-image-8281\" src=\"https:\/\/www.immobilienbusiness.ch\/wp-content\/uploads\/2017\/07\/Immobilien-Business-News-20170710-Dekotierung-Pax-Anlage-AG-c-Alexmit-\u2013-depositphotos.jpg\" alt=\"\" width=\"624\" height=\"392\" srcset=\"https:\/\/www.immobilienbusiness.ch\/wp-content\/uploads\/2017\/07\/Immobilien-Business-News-20170710-Dekotierung-Pax-Anlage-AG-c-Alexmit-\u2013-depositphotos.jpg 624w, https:\/\/www.immobilienbusiness.ch\/wp-content\/uploads\/2017\/07\/Immobilien-Business-News-20170710-Dekotierung-Pax-Anlage-AG-c-Alexmit-\u2013-depositphotos-300x188.jpg 300w, https:\/\/www.immobilienbusiness.ch\/wp-content\/uploads\/2017\/07\/Immobilien-Business-News-20170710-Dekotierung-Pax-Anlage-AG-c-Alexmit-\u2013-depositphotos-16x10.jpg 16w, https:\/\/www.immobilienbusiness.ch\/wp-content\/uploads\/2017\/07\/Immobilien-Business-News-20170710-Dekotierung-Pax-Anlage-AG-c-Alexmit-\u2013-depositphotos-279x175.jpg 279w, https:\/\/www.immobilienbusiness.ch\/wp-content\/uploads\/2017\/07\/Immobilien-Business-News-20170710-Dekotierung-Pax-Anlage-AG-c-Alexmit-\u2013-depositphotos-557x350.jpg 557w\" sizes=\"auto, (max-width: 624px) 100vw, 624px\" \/><figcaption id=\"caption-attachment-8281\" class=\"wp-caption-text\">Der Immobilienfonds La Fonci\u00e8re meldet f\u00fcr 2017 ein Wachstum des Nettoverm\u00f6gens um rund 3,5 Prozent (Bild: Alexmit \u2013 depositphotos)<\/figcaption><\/figure>\n<p>Abz\u00fcglich der Hypothekarschulden, die knapp 19 Prozent des Verkehrswertes aller Liegenschaften ausmachen, betr\u00e4gt das Nettoverm\u00f6gen des Fonds 936 Millionen CHF, rund 3,5 Prozent mehr als im Gesch\u00e4ftsjahr 2016.<\/p>\n<p>La Fonci\u00e8re hat die Dividende von 20,80 auf 21,30 CHF erh\u00f6ht (+2,4%). Die Dividendenrendite auf dem B\u00f6rsenkurs betr\u00e4gt am Ende des Gesch\u00e4ftsjahres 1,94 Prozent. Die Performance des Gesch\u00e4ftsjahres, d.h. der Anstieg des B\u00f6rsenkurses plus die Dividende betr\u00e4gt 7,32 Prozent.<\/p>\n<p>Fonciers SA k\u00fcndigt zudem an, im Februar einen Split der Fondsanteile vornehmen zu wollen, und zwar im Verh\u00e4ltnis 1:10. Ziel sei es, die Liquidit\u00e4t und die Attraktivit\u00e4t der La-Fonci\u00e8re-Anteile zu vergr\u00f6ssern. Investoren soll ein leichterer Zugriff auf die Fondsanteile erm\u00f6glicht werden.<\/p>\n","protected":false},"excerpt":{"rendered":"<p>Der Immobilienfonds La Fonci\u00e8re meldet f\u00fcr das vergangene Gesch\u00e4ftsjahr ein leichtes Wachstum. Der Verkehrswert hat gegen\u00fcber dem letzten Gesch\u00e4ftsjahr um 46 Millionen CHF bzw. 3,7 Prozent zugenommen und liegt nun bei 1,325 Milliarden.<\/p>\n","protected":false},"author":3,"featured_media":8281,"comment_status":"open","ping_status":"open","sticky":false,"template":"","format":"standard","meta":{"_acf_changed":false,"_yoast_wpseo_focuskw":"La Fonci\u00e8re","_yoast_wpseo_title":"","_yoast_wpseo_metadesc":"Der Immobilienfonds La Fonci\u00e8re meldet f\u00fcr das vergangene Gesch\u00e4ftsjahr ein leichtes Wachstum. Der Verkehrswert hat gegen\u00fcber dem letzten Gesch\u00e4ftsjahr um 46 Millionen CHF bzw. 3,7 Prozent zugenommen und liegt nun bei 1,325 Milliarden.","_yoast_wpseo_linkdex":60,"pgc_sgb_lightbox_settings":"","footnotes":""},"categories":[988],"tags":[1266,1344,1807],"class_list":["post-11069","post","type-post","status-publish","format-standard","has-post-thumbnail","hentry","category-unternehmen","tag-geschaeftszahlen","tag-immobilienfonds","tag-unternehmen"],"acf":[],"yoast_head":"<!-- This site is optimized with the Yoast SEO plugin v27.4 - https:\/\/yoast.com\/product\/yoast-seo-wordpress\/ -->\n<title>La Fonci\u00e8re: Leichtes Wachstum im vergangenen Jahr - IMMOBILIEN Business<\/title>\n<meta name=\"description\" content=\"Der Immobilienfonds La Fonci\u00e8re meldet f\u00fcr das vergangene Gesch\u00e4ftsjahr ein leichtes Wachstum. Der Verkehrswert hat gegen\u00fcber dem letzten Gesch\u00e4ftsjahr um 46 Millionen CHF bzw. 3,7 Prozent zugenommen und liegt nun bei 1,325 Milliarden.\" \/>\n<meta name=\"robots\" content=\"index, follow, max-snippet:-1, max-image-preview:large, max-video-preview:-1\" \/>\n<link rel=\"canonical\" href=\"https:\/\/www.immobilienbusiness.ch\/de\/unternehmen\/2018-01-25\/la-fonciere-leichtes-wachstum-im-vergangenen-jahr\/\" \/>\n<meta property=\"og:locale\" content=\"de_DE\" \/>\n<meta property=\"og:type\" content=\"article\" \/>\n<meta property=\"og:title\" content=\"La Fonci\u00e8re: Leichtes Wachstum im vergangenen Jahr\" \/>\n<meta property=\"og:description\" content=\"Der Immobilienfonds La Fonci\u00e8re meldet f\u00fcr das vergangene Gesch\u00e4ftsjahr ein leichtes Wachstum. Der Verkehrswert hat gegen\u00fcber dem letzten Gesch\u00e4ftsjahr um 46 Millionen CHF bzw. 3,7 Prozent zugenommen und liegt nun bei 1,325 Milliarden.\" \/>\n<meta property=\"og:url\" content=\"https:\/\/www.immobilienbusiness.ch\/de\/unternehmen\/2018-01-25\/la-fonciere-leichtes-wachstum-im-vergangenen-jahr\/\" \/>\n<meta property=\"og:site_name\" content=\"IMMOBILIEN Business\" \/>\n<meta property=\"article:publisher\" content=\"https:\/\/www.facebook.com\/immobilienbusiness\/\" \/>\n<meta property=\"article:published_time\" content=\"2018-01-25T07:23:32+00:00\" \/>\n<meta property=\"og:image\" content=\"https:\/\/www.immobilienbusiness.ch\/wp-content\/uploads\/2017\/07\/Immobilien-Business-News-20170710-Dekotierung-Pax-Anlage-AG-c-Alexmit-\u2013-depositphotos.jpg\" \/>\n\t<meta property=\"og:image:width\" content=\"624\" \/>\n\t<meta property=\"og:image:height\" content=\"392\" \/>\n\t<meta property=\"og:image:type\" content=\"image\/jpeg\" \/>\n<meta name=\"author\" content=\"anja.hall\" \/>\n<meta name=\"twitter:card\" content=\"summary_large_image\" \/>\n<meta name=\"twitter:title\" content=\"La Fonci\u00e8re: Leichtes Wachstum im vergangenen Jahr\" \/>\n<meta name=\"twitter:description\" content=\"Der Immobilienfonds La Fonci\u00e8re meldet f\u00fcr das vergangene Gesch\u00e4ftsjahr ein leichtes Wachstum. Der Verkehrswert hat gegen\u00fcber dem letzten Gesch\u00e4ftsjahr um 46 Millionen CHF bzw. 3,7 Prozent zugenommen und liegt nun bei 1,325 Milliarden.\" \/>\n<meta name=\"twitter:image\" content=\"https:\/\/www.immobilienbusiness.ch\/wp-content\/uploads\/2017\/07\/Immobilien-Business-News-20170710-Dekotierung-Pax-Anlage-AG-c-Alexmit-\u2013-depositphotos.jpg\" \/>\n<script type=\"application\/ld+json\" class=\"yoast-schema-graph\">{\"@context\":\"https:\\\/\\\/schema.org\",\"@graph\":[{\"@type\":\"Article\",\"@id\":\"https:\\\/\\\/www.immobilienbusiness.ch\\\/en\\\/unternehmen\\\/2018-01-25\\\/la-fonciere-leichtes-wachstum-im-vergangenen-jahr\\\/#article\",\"isPartOf\":{\"@id\":\"https:\\\/\\\/www.immobilienbusiness.ch\\\/en\\\/unternehmen\\\/2018-01-25\\\/la-fonciere-leichtes-wachstum-im-vergangenen-jahr\\\/\"},\"author\":{\"name\":\"anja.hall\",\"@id\":\"https:\\\/\\\/www.immobilienbusiness.ch\\\/#\\\/schema\\\/person\\\/3fc036297b10b9f42d6db5ee932af8c8\"},\"headline\":\"La Fonci\u00e8re: Leichtes Wachstum im vergangenen Jahr\",\"datePublished\":\"2018-01-25T07:23:32+00:00\",\"mainEntityOfPage\":{\"@id\":\"https:\\\/\\\/www.immobilienbusiness.ch\\\/en\\\/unternehmen\\\/2018-01-25\\\/la-fonciere-leichtes-wachstum-im-vergangenen-jahr\\\/\"},\"wordCount\":152,\"commentCount\":0,\"publisher\":{\"@id\":\"https:\\\/\\\/www.immobilienbusiness.ch\\\/#organization\"},\"image\":{\"@id\":\"https:\\\/\\\/www.immobilienbusiness.ch\\\/en\\\/unternehmen\\\/2018-01-25\\\/la-fonciere-leichtes-wachstum-im-vergangenen-jahr\\\/#primaryimage\"},\"thumbnailUrl\":\"https:\\\/\\\/www.immobilienbusiness.ch\\\/wp-content\\\/uploads\\\/2017\\\/07\\\/Immobilien-Business-News-20170710-Dekotierung-Pax-Anlage-AG-c-Alexmit-\u2013-depositphotos.jpg\",\"keywords\":[\"Gesch\u00e4ftszahlen\",\"Immobilienfonds\",\"Unternehmen\"],\"articleSection\":[\"UNTERNEHMEN\"],\"inLanguage\":\"de\"},{\"@type\":\"WebPage\",\"@id\":\"https:\\\/\\\/www.immobilienbusiness.ch\\\/en\\\/unternehmen\\\/2018-01-25\\\/la-fonciere-leichtes-wachstum-im-vergangenen-jahr\\\/\",\"url\":\"https:\\\/\\\/www.immobilienbusiness.ch\\\/en\\\/unternehmen\\\/2018-01-25\\\/la-fonciere-leichtes-wachstum-im-vergangenen-jahr\\\/\",\"name\":\"La Fonci\u00e8re: Leichtes Wachstum im vergangenen Jahr - IMMOBILIEN Business\",\"isPartOf\":{\"@id\":\"https:\\\/\\\/www.immobilienbusiness.ch\\\/#website\"},\"primaryImageOfPage\":{\"@id\":\"https:\\\/\\\/www.immobilienbusiness.ch\\\/en\\\/unternehmen\\\/2018-01-25\\\/la-fonciere-leichtes-wachstum-im-vergangenen-jahr\\\/#primaryimage\"},\"image\":{\"@id\":\"https:\\\/\\\/www.immobilienbusiness.ch\\\/en\\\/unternehmen\\\/2018-01-25\\\/la-fonciere-leichtes-wachstum-im-vergangenen-jahr\\\/#primaryimage\"},\"thumbnailUrl\":\"https:\\\/\\\/www.immobilienbusiness.ch\\\/wp-content\\\/uploads\\\/2017\\\/07\\\/Immobilien-Business-News-20170710-Dekotierung-Pax-Anlage-AG-c-Alexmit-\u2013-depositphotos.jpg\",\"datePublished\":\"2018-01-25T07:23:32+00:00\",\"description\":\"Der Immobilienfonds La Fonci\u00e8re meldet f\u00fcr das vergangene Gesch\u00e4ftsjahr ein leichtes Wachstum. Der Verkehrswert hat gegen\u00fcber dem letzten Gesch\u00e4ftsjahr um 46 Millionen CHF bzw. 3,7 Prozent zugenommen und liegt nun bei 1,325 Milliarden.\",\"breadcrumb\":{\"@id\":\"https:\\\/\\\/www.immobilienbusiness.ch\\\/en\\\/unternehmen\\\/2018-01-25\\\/la-fonciere-leichtes-wachstum-im-vergangenen-jahr\\\/#breadcrumb\"},\"inLanguage\":\"de\",\"potentialAction\":[{\"@type\":\"ReadAction\",\"target\":[\"https:\\\/\\\/www.immobilienbusiness.ch\\\/en\\\/unternehmen\\\/2018-01-25\\\/la-fonciere-leichtes-wachstum-im-vergangenen-jahr\\\/\"]}]},{\"@type\":\"ImageObject\",\"inLanguage\":\"de\",\"@id\":\"https:\\\/\\\/www.immobilienbusiness.ch\\\/en\\\/unternehmen\\\/2018-01-25\\\/la-fonciere-leichtes-wachstum-im-vergangenen-jahr\\\/#primaryimage\",\"url\":\"https:\\\/\\\/www.immobilienbusiness.ch\\\/wp-content\\\/uploads\\\/2017\\\/07\\\/Immobilien-Business-News-20170710-Dekotierung-Pax-Anlage-AG-c-Alexmit-\u2013-depositphotos.jpg\",\"contentUrl\":\"https:\\\/\\\/www.immobilienbusiness.ch\\\/wp-content\\\/uploads\\\/2017\\\/07\\\/Immobilien-Business-News-20170710-Dekotierung-Pax-Anlage-AG-c-Alexmit-\u2013-depositphotos.jpg\",\"width\":624,\"height\":392,\"caption\":\"Ecoreal hat ein Quartalsupdate f\u00fcr seine beiden Anlagegruppen vorgelegt (Bild: Alexmit \u2013 depositphotos)\"},{\"@type\":\"BreadcrumbList\",\"@id\":\"https:\\\/\\\/www.immobilienbusiness.ch\\\/en\\\/unternehmen\\\/2018-01-25\\\/la-fonciere-leichtes-wachstum-im-vergangenen-jahr\\\/#breadcrumb\",\"itemListElement\":[{\"@type\":\"ListItem\",\"position\":1,\"name\":\"Home\",\"item\":\"https:\\\/\\\/www.immobilienbusiness.ch\\\/\"},{\"@type\":\"ListItem\",\"position\":2,\"name\":\"La Fonci\u00e8re: Leichtes Wachstum im vergangenen Jahr\"}]},{\"@type\":\"WebSite\",\"@id\":\"https:\\\/\\\/www.immobilienbusiness.ch\\\/#website\",\"url\":\"https:\\\/\\\/www.immobilienbusiness.ch\\\/\",\"name\":\"IMMOBILIEN Business\",\"description\":\"Unabh\u00e4ngiges Schweizer Wirtschaftsmagazin mit Fokus auf Immobilien, Architektur- und Bau sowie Investment- und Finanzierung.\",\"publisher\":{\"@id\":\"https:\\\/\\\/www.immobilienbusiness.ch\\\/#organization\"},\"potentialAction\":[{\"@type\":\"SearchAction\",\"target\":{\"@type\":\"EntryPoint\",\"urlTemplate\":\"https:\\\/\\\/www.immobilienbusiness.ch\\\/?s={search_term_string}\"},\"query-input\":{\"@type\":\"PropertyValueSpecification\",\"valueRequired\":true,\"valueName\":\"search_term_string\"}}],\"inLanguage\":\"de\"},{\"@type\":\"Organization\",\"@id\":\"https:\\\/\\\/www.immobilienbusiness.ch\\\/#organization\",\"name\":\"IMMOBILIEN Business\",\"url\":\"https:\\\/\\\/www.immobilienbusiness.ch\\\/\",\"logo\":{\"@type\":\"ImageObject\",\"inLanguage\":\"de\",\"@id\":\"https:\\\/\\\/www.immobilienbusiness.ch\\\/#\\\/schema\\\/logo\\\/image\\\/\",\"url\":\"https:\\\/\\\/www.immobilienbusiness.ch\\\/wp-content\\\/uploads\\\/2021\\\/07\\\/logo_ib.png\",\"contentUrl\":\"https:\\\/\\\/www.immobilienbusiness.ch\\\/wp-content\\\/uploads\\\/2021\\\/07\\\/logo_ib.png\",\"width\":800,\"height\":181,\"caption\":\"IMMOBILIEN Business\"},\"image\":{\"@id\":\"https:\\\/\\\/www.immobilienbusiness.ch\\\/#\\\/schema\\\/logo\\\/image\\\/\"},\"sameAs\":[\"https:\\\/\\\/www.facebook.com\\\/immobilienbusiness\\\/\"]},{\"@type\":\"Person\",\"@id\":\"https:\\\/\\\/www.immobilienbusiness.ch\\\/#\\\/schema\\\/person\\\/3fc036297b10b9f42d6db5ee932af8c8\",\"name\":\"anja.hall\",\"image\":{\"@type\":\"ImageObject\",\"inLanguage\":\"de\",\"@id\":\"https:\\\/\\\/secure.gravatar.com\\\/avatar\\\/066b5a0d447013502c71a5782f4f3469f03cfe595cc2329fb94652fe47511bfb?s=96&d=mm&r=g\",\"url\":\"https:\\\/\\\/secure.gravatar.com\\\/avatar\\\/066b5a0d447013502c71a5782f4f3469f03cfe595cc2329fb94652fe47511bfb?s=96&d=mm&r=g\",\"contentUrl\":\"https:\\\/\\\/secure.gravatar.com\\\/avatar\\\/066b5a0d447013502c71a5782f4f3469f03cfe595cc2329fb94652fe47511bfb?s=96&d=mm&r=g\",\"caption\":\"anja.hall\"},\"url\":\"https:\\\/\\\/www.immobilienbusiness.ch\\\/de\\\/author\\\/anja-hall\\\/\"}]}<\/script>\n<!-- \/ Yoast SEO plugin. -->","yoast_head_json":{"title":"La Fonci\u00e8re: Leichtes Wachstum im vergangenen Jahr - IMMOBILIEN Business","description":"Der Immobilienfonds La Fonci\u00e8re meldet f\u00fcr das vergangene Gesch\u00e4ftsjahr ein leichtes Wachstum. Der Verkehrswert hat gegen\u00fcber dem letzten Gesch\u00e4ftsjahr um 46 Millionen CHF bzw. 3,7 Prozent zugenommen und liegt nun bei 1,325 Milliarden.","robots":{"index":"index","follow":"follow","max-snippet":"max-snippet:-1","max-image-preview":"max-image-preview:large","max-video-preview":"max-video-preview:-1"},"canonical":"https:\/\/www.immobilienbusiness.ch\/de\/unternehmen\/2018-01-25\/la-fonciere-leichtes-wachstum-im-vergangenen-jahr\/","og_locale":"de_DE","og_type":"article","og_title":"La Fonci\u00e8re: Leichtes Wachstum im vergangenen Jahr","og_description":"Der Immobilienfonds La Fonci\u00e8re meldet f\u00fcr das vergangene Gesch\u00e4ftsjahr ein leichtes Wachstum. Der Verkehrswert hat gegen\u00fcber dem letzten Gesch\u00e4ftsjahr um 46 Millionen CHF bzw. 3,7 Prozent zugenommen und liegt nun bei 1,325 Milliarden.","og_url":"https:\/\/www.immobilienbusiness.ch\/de\/unternehmen\/2018-01-25\/la-fonciere-leichtes-wachstum-im-vergangenen-jahr\/","og_site_name":"IMMOBILIEN Business","article_publisher":"https:\/\/www.facebook.com\/immobilienbusiness\/","article_published_time":"2018-01-25T07:23:32+00:00","og_image":[{"width":624,"height":392,"url":"https:\/\/www.immobilienbusiness.ch\/wp-content\/uploads\/2017\/07\/Immobilien-Business-News-20170710-Dekotierung-Pax-Anlage-AG-c-Alexmit-\u2013-depositphotos.jpg","type":"image\/jpeg"}],"author":"anja.hall","twitter_card":"summary_large_image","twitter_title":"La Fonci\u00e8re: Leichtes Wachstum im vergangenen Jahr","twitter_description":"Der Immobilienfonds La Fonci\u00e8re meldet f\u00fcr das vergangene Gesch\u00e4ftsjahr ein leichtes Wachstum. Der Verkehrswert hat gegen\u00fcber dem letzten Gesch\u00e4ftsjahr um 46 Millionen CHF bzw. 3,7 Prozent zugenommen und liegt nun bei 1,325 Milliarden.","twitter_image":"https:\/\/www.immobilienbusiness.ch\/wp-content\/uploads\/2017\/07\/Immobilien-Business-News-20170710-Dekotierung-Pax-Anlage-AG-c-Alexmit-\u2013-depositphotos.jpg","schema":{"@context":"https:\/\/schema.org","@graph":[{"@type":"Article","@id":"https:\/\/www.immobilienbusiness.ch\/en\/unternehmen\/2018-01-25\/la-fonciere-leichtes-wachstum-im-vergangenen-jahr\/#article","isPartOf":{"@id":"https:\/\/www.immobilienbusiness.ch\/en\/unternehmen\/2018-01-25\/la-fonciere-leichtes-wachstum-im-vergangenen-jahr\/"},"author":{"name":"anja.hall","@id":"https:\/\/www.immobilienbusiness.ch\/#\/schema\/person\/3fc036297b10b9f42d6db5ee932af8c8"},"headline":"La Fonci\u00e8re: Leichtes Wachstum im vergangenen Jahr","datePublished":"2018-01-25T07:23:32+00:00","mainEntityOfPage":{"@id":"https:\/\/www.immobilienbusiness.ch\/en\/unternehmen\/2018-01-25\/la-fonciere-leichtes-wachstum-im-vergangenen-jahr\/"},"wordCount":152,"commentCount":0,"publisher":{"@id":"https:\/\/www.immobilienbusiness.ch\/#organization"},"image":{"@id":"https:\/\/www.immobilienbusiness.ch\/en\/unternehmen\/2018-01-25\/la-fonciere-leichtes-wachstum-im-vergangenen-jahr\/#primaryimage"},"thumbnailUrl":"https:\/\/www.immobilienbusiness.ch\/wp-content\/uploads\/2017\/07\/Immobilien-Business-News-20170710-Dekotierung-Pax-Anlage-AG-c-Alexmit-\u2013-depositphotos.jpg","keywords":["Gesch\u00e4ftszahlen","Immobilienfonds","Unternehmen"],"articleSection":["UNTERNEHMEN"],"inLanguage":"de"},{"@type":"WebPage","@id":"https:\/\/www.immobilienbusiness.ch\/en\/unternehmen\/2018-01-25\/la-fonciere-leichtes-wachstum-im-vergangenen-jahr\/","url":"https:\/\/www.immobilienbusiness.ch\/en\/unternehmen\/2018-01-25\/la-fonciere-leichtes-wachstum-im-vergangenen-jahr\/","name":"La Fonci\u00e8re: Leichtes Wachstum im vergangenen Jahr - IMMOBILIEN Business","isPartOf":{"@id":"https:\/\/www.immobilienbusiness.ch\/#website"},"primaryImageOfPage":{"@id":"https:\/\/www.immobilienbusiness.ch\/en\/unternehmen\/2018-01-25\/la-fonciere-leichtes-wachstum-im-vergangenen-jahr\/#primaryimage"},"image":{"@id":"https:\/\/www.immobilienbusiness.ch\/en\/unternehmen\/2018-01-25\/la-fonciere-leichtes-wachstum-im-vergangenen-jahr\/#primaryimage"},"thumbnailUrl":"https:\/\/www.immobilienbusiness.ch\/wp-content\/uploads\/2017\/07\/Immobilien-Business-News-20170710-Dekotierung-Pax-Anlage-AG-c-Alexmit-\u2013-depositphotos.jpg","datePublished":"2018-01-25T07:23:32+00:00","description":"Der Immobilienfonds La Fonci\u00e8re meldet f\u00fcr das vergangene Gesch\u00e4ftsjahr ein leichtes Wachstum. Der Verkehrswert hat gegen\u00fcber dem letzten Gesch\u00e4ftsjahr um 46 Millionen CHF bzw. 3,7 Prozent zugenommen und liegt nun bei 1,325 Milliarden.","breadcrumb":{"@id":"https:\/\/www.immobilienbusiness.ch\/en\/unternehmen\/2018-01-25\/la-fonciere-leichtes-wachstum-im-vergangenen-jahr\/#breadcrumb"},"inLanguage":"de","potentialAction":[{"@type":"ReadAction","target":["https:\/\/www.immobilienbusiness.ch\/en\/unternehmen\/2018-01-25\/la-fonciere-leichtes-wachstum-im-vergangenen-jahr\/"]}]},{"@type":"ImageObject","inLanguage":"de","@id":"https:\/\/www.immobilienbusiness.ch\/en\/unternehmen\/2018-01-25\/la-fonciere-leichtes-wachstum-im-vergangenen-jahr\/#primaryimage","url":"https:\/\/www.immobilienbusiness.ch\/wp-content\/uploads\/2017\/07\/Immobilien-Business-News-20170710-Dekotierung-Pax-Anlage-AG-c-Alexmit-\u2013-depositphotos.jpg","contentUrl":"https:\/\/www.immobilienbusiness.ch\/wp-content\/uploads\/2017\/07\/Immobilien-Business-News-20170710-Dekotierung-Pax-Anlage-AG-c-Alexmit-\u2013-depositphotos.jpg","width":624,"height":392,"caption":"Ecoreal hat ein Quartalsupdate f\u00fcr seine beiden Anlagegruppen vorgelegt (Bild: Alexmit \u2013 depositphotos)"},{"@type":"BreadcrumbList","@id":"https:\/\/www.immobilienbusiness.ch\/en\/unternehmen\/2018-01-25\/la-fonciere-leichtes-wachstum-im-vergangenen-jahr\/#breadcrumb","itemListElement":[{"@type":"ListItem","position":1,"name":"Home","item":"https:\/\/www.immobilienbusiness.ch\/"},{"@type":"ListItem","position":2,"name":"La Fonci\u00e8re: Leichtes Wachstum im vergangenen Jahr"}]},{"@type":"WebSite","@id":"https:\/\/www.immobilienbusiness.ch\/#website","url":"https:\/\/www.immobilienbusiness.ch\/","name":"IMMOBILIEN Business","description":"Unabh\u00e4ngiges Schweizer Wirtschaftsmagazin mit Fokus auf Immobilien, Architektur- und Bau sowie Investment- und Finanzierung.","publisher":{"@id":"https:\/\/www.immobilienbusiness.ch\/#organization"},"potentialAction":[{"@type":"SearchAction","target":{"@type":"EntryPoint","urlTemplate":"https:\/\/www.immobilienbusiness.ch\/?s={search_term_string}"},"query-input":{"@type":"PropertyValueSpecification","valueRequired":true,"valueName":"search_term_string"}}],"inLanguage":"de"},{"@type":"Organization","@id":"https:\/\/www.immobilienbusiness.ch\/#organization","name":"IMMOBILIEN Business","url":"https:\/\/www.immobilienbusiness.ch\/","logo":{"@type":"ImageObject","inLanguage":"de","@id":"https:\/\/www.immobilienbusiness.ch\/#\/schema\/logo\/image\/","url":"https:\/\/www.immobilienbusiness.ch\/wp-content\/uploads\/2021\/07\/logo_ib.png","contentUrl":"https:\/\/www.immobilienbusiness.ch\/wp-content\/uploads\/2021\/07\/logo_ib.png","width":800,"height":181,"caption":"IMMOBILIEN Business"},"image":{"@id":"https:\/\/www.immobilienbusiness.ch\/#\/schema\/logo\/image\/"},"sameAs":["https:\/\/www.facebook.com\/immobilienbusiness\/"]},{"@type":"Person","@id":"https:\/\/www.immobilienbusiness.ch\/#\/schema\/person\/3fc036297b10b9f42d6db5ee932af8c8","name":"anja.hall","image":{"@type":"ImageObject","inLanguage":"de","@id":"https:\/\/secure.gravatar.com\/avatar\/066b5a0d447013502c71a5782f4f3469f03cfe595cc2329fb94652fe47511bfb?s=96&d=mm&r=g","url":"https:\/\/secure.gravatar.com\/avatar\/066b5a0d447013502c71a5782f4f3469f03cfe595cc2329fb94652fe47511bfb?s=96&d=mm&r=g","contentUrl":"https:\/\/secure.gravatar.com\/avatar\/066b5a0d447013502c71a5782f4f3469f03cfe595cc2329fb94652fe47511bfb?s=96&d=mm&r=g","caption":"anja.hall"},"url":"https:\/\/www.immobilienbusiness.ch\/de\/author\/anja-hall\/"}]}},"_links":{"self":[{"href":"https:\/\/www.immobilienbusiness.ch\/de\/wp-json\/wp\/v2\/posts\/11069","targetHints":{"allow":["GET"]}}],"collection":[{"href":"https:\/\/www.immobilienbusiness.ch\/de\/wp-json\/wp\/v2\/posts"}],"about":[{"href":"https:\/\/www.immobilienbusiness.ch\/de\/wp-json\/wp\/v2\/types\/post"}],"author":[{"embeddable":true,"href":"https:\/\/www.immobilienbusiness.ch\/de\/wp-json\/wp\/v2\/users\/3"}],"replies":[{"embeddable":true,"href":"https:\/\/www.immobilienbusiness.ch\/de\/wp-json\/wp\/v2\/comments?post=11069"}],"version-history":[{"count":0,"href":"https:\/\/www.immobilienbusiness.ch\/de\/wp-json\/wp\/v2\/posts\/11069\/revisions"}],"wp:featuredmedia":[{"embeddable":true,"href":"https:\/\/www.immobilienbusiness.ch\/de\/wp-json\/wp\/v2\/media\/8281"}],"wp:attachment":[{"href":"https:\/\/www.immobilienbusiness.ch\/de\/wp-json\/wp\/v2\/media?parent=11069"}],"wp:term":[{"taxonomy":"category","embeddable":true,"href":"https:\/\/www.immobilienbusiness.ch\/de\/wp-json\/wp\/v2\/categories?post=11069"},{"taxonomy":"post_tag","embeddable":true,"href":"https:\/\/www.immobilienbusiness.ch\/de\/wp-json\/wp\/v2\/tags?post=11069"}],"curies":[{"name":"wp","href":"https:\/\/api.w.org\/{rel}","templated":true}]}}