{"id":1101,"date":"2016-05-02T08:35:13","date_gmt":"2016-05-02T06:35:13","guid":{"rendered":"http:\/\/dev.immobilienbusiness.ch\/?p=1101"},"modified":"2016-05-02T08:35:13","modified_gmt":"2016-05-02T06:35:13","slug":"basel-wirtschaftsverbaende-gegen-wohnungen-auf-lysbuechel-areal","status":"publish","type":"post","link":"https:\/\/www.immobilienbusiness.ch\/de\/residential\/2016-05-02\/basel-wirtschaftsverbaende-gegen-wohnungen-auf-lysbuechel-areal\/","title":{"rendered":"Basel: Wirtschaftsverb\u00e4nde gegen Wohnungen auf Lysb\u00fcchel-Areal"},"content":{"rendered":"<figure id=\"attachment_5022\" aria-describedby=\"caption-attachment-5022\" style=\"width: 680px\" class=\"wp-caption alignnone\"><img loading=\"lazy\" decoding=\"async\" class=\"wp-image-5022 size-medium\" src=\"https:\/\/immobilienbusiness.ch\/wp-content\/uploads\/2016\/05\/Basel-Wirtschaftsverb\u00e4nde-gegen-Wohnungen-auf-Lysb\u00fcchel-Areal-immobilien-business.jpg\" width=\"680\" height=\"466\" \/><figcaption id=\"caption-attachment-5022\" class=\"wp-caption-text\">M\u00f6gliche Nutzung des Lysb\u00fcchel-Areals, wie sie GVBS und Handelskammer vorschlagen (Visualisierung: GVBS)<\/figcaption><\/figure>\n<p>Der Kanton hat im Jahr 2013 Coop einen Teil des 170.000 qm grossen Lysb\u00fcchel-Areals Nahe der Els\u00e4sser Grenze mit dem Ziel einer zuk\u00fcnftigen gemischten Nutzung abgekauft. Auch die Miteigent\u00fcmerin SBB plant Wohnungen. Die Wirtschaftsverb\u00e4nde dagegen fordern, dass das Gel\u00e4nde als Wirtschaftsgebiet erhalten bleibt. Unter dem Titel \u00abVerdichten statt verdr\u00e4ngen\u00bb haben der Gewerbeverband Basel-Stadt (GVBS) und die Handelskammer beider Basel nun ihre Ideen f\u00fcr eine Zukunft des Lysb\u00fcchel-Areals vorgestellt.<\/p>\n<p>Das Gel\u00e4nde liegt mitten in einem Werkg\u00fcrtel, der sich vom Schlachthof zum Novartis-Campus bis \u00fcber den Rhein erstreckt. Wohnnutzungen, wie von Kanton und SBB geplant, h\u00e4tten in diesem Werkg\u00fcrtel die Wirkung eines Spaltpilzes und f\u00fchrten mittelfristig zur Verdr\u00e4ngung der Unternehmen, glauben der GVBS und die Handelskammer. Nach Ansicht der Verb\u00e4nde bestehe aber grosses Potenzial f\u00fcr eine Verdichtung: Das Areal biete Platz f\u00fcr neue Werkhallen mit ebenerdigen Zug\u00e4ngen. Die Verb\u00e4nde schlagen den Bau grosser Gewerbeh\u00e4user vor, welche die ans\u00e4ssigen Betriebe und neue Firmen beherbergen k\u00f6nnen. Zudem w\u00e4re eine kulturelle Nutzung \u2013 beispielsweise durch Clubs oder Bars \u2013 denkbar.<\/p>\n<p>Die Eigent\u00fcmer des Areals haben indes andere Pl\u00e4ne &#8211; sie wollen Wohnungen errichten. Gr\u00f6sste Grundeigent\u00fcmerin ist die SBB mit knapp 70.000 qm, und will ein Gewerbehaus an der Nordecke sowie Wohnungen errichten. \u00dcber die Pl\u00e4ne des Kantons, der 34.000 qm in der Industriezone h\u00e4lt, ist wenig bekannt: Der Kanton denkt \u00fcber eine Primarschule auf dem Areal nach und das bestehende Parkhaus soll einer Wohn\u00fcberbauung weichen. Die Stiftung Habitat, die rund 12.000 qm in der Zone 5a besitzt, will ihre bestehenden Wohnbauten erg\u00e4nzen. (ah)<\/p>\n","protected":false},"excerpt":{"rendered":"<p>Der Gewerbeverband Basel-Stadt und die Handelskammer beider Basel wenden sich gegen die Entwicklung des Basler Lysb\u00fcchel-Areals zu einem Wohnquartier. Sie fordern, dass das Gel\u00e4nde exklusiv dem Industrie und Gewerbe vorbehalten bleibe.<\/p>\n","protected":false},"author":1,"featured_media":5022,"comment_status":"open","ping_status":"open","sticky":false,"template":"","format":"standard","meta":{"_acf_changed":false,"_yoast_wpseo_focuskw":"Lysb\u00fcchel","_yoast_wpseo_title":"","_yoast_wpseo_metadesc":"Der Gewerbeverband Basel-Stadt und die Handelskammer beider Basel wenden sich gegen die Entwicklung des Basler Lysb\u00fcchel-Areals zu einem Wohnquartier.","_yoast_wpseo_linkdex":84,"pgc_sgb_lightbox_settings":"","footnotes":""},"categories":[986],"tags":[1069,1862],"class_list":["post-1101","post","type-post","status-publish","format-standard","has-post-thumbnail","hentry","category-residential","tag-basel","tag-wohnen"],"acf":[],"yoast_head":"<!-- This site is optimized with the Yoast SEO plugin v27.4 - https:\/\/yoast.com\/product\/yoast-seo-wordpress\/ -->\n<title>Basel: Wirtschaftsverb\u00e4nde gegen Wohnungen auf Lysb\u00fcchel-Areal - IMMOBILIEN Business<\/title>\n<meta name=\"description\" content=\"Der Gewerbeverband Basel-Stadt und die Handelskammer beider Basel wenden sich gegen die Entwicklung des Basler Lysb\u00fcchel-Areals zu einem Wohnquartier.\" \/>\n<meta name=\"robots\" content=\"index, follow, max-snippet:-1, max-image-preview:large, max-video-preview:-1\" \/>\n<link rel=\"canonical\" href=\"https:\/\/www.immobilienbusiness.ch\/de\/residential\/2016-05-02\/basel-wirtschaftsverbaende-gegen-wohnungen-auf-lysbuechel-areal\/\" \/>\n<meta property=\"og:locale\" content=\"de_DE\" \/>\n<meta property=\"og:type\" content=\"article\" \/>\n<meta property=\"og:title\" content=\"Basel: Wirtschaftsverb\u00e4nde gegen Wohnungen auf Lysb\u00fcchel-Areal\" \/>\n<meta property=\"og:description\" content=\"Der Gewerbeverband Basel-Stadt und die Handelskammer beider Basel wenden sich gegen die Entwicklung des Basler Lysb\u00fcchel-Areals zu einem Wohnquartier. Sie fordern, dass das Gel\u00e4nde exklusiv dem Industrie und Gewerbe vorbehalten bleibe.\" \/>\n<meta property=\"og:url\" content=\"https:\/\/www.immobilienbusiness.ch\/de\/residential\/2016-05-02\/basel-wirtschaftsverbaende-gegen-wohnungen-auf-lysbuechel-areal\/\" \/>\n<meta property=\"og:site_name\" content=\"IMMOBILIEN Business\" \/>\n<meta property=\"article:publisher\" content=\"https:\/\/www.facebook.com\/immobilienbusiness\/\" \/>\n<meta property=\"article:published_time\" content=\"2016-05-02T06:35:13+00:00\" \/>\n<meta name=\"author\" content=\"Redaktion\" \/>\n<meta name=\"twitter:card\" content=\"summary_large_image\" \/>\n<meta name=\"twitter:image\" content=\"https:\/\/www.immobilienbusiness.ch\/wp-content\/uploads\/2016\/05\/Basel-Wirtschaftsverbaende-gegen-Wohnungen-auf-Lysbuechel-Areal-immobilien-business.jpg\" \/>\n<script type=\"application\/ld+json\" class=\"yoast-schema-graph\">{\"@context\":\"https:\\\/\\\/schema.org\",\"@graph\":[{\"@type\":\"Article\",\"@id\":\"https:\\\/\\\/www.immobilienbusiness.ch\\\/en\\\/residential\\\/2016-05-02\\\/basel-wirtschaftsverbaende-gegen-wohnungen-auf-lysbuechel-areal\\\/#article\",\"isPartOf\":{\"@id\":\"https:\\\/\\\/www.immobilienbusiness.ch\\\/en\\\/residential\\\/2016-05-02\\\/basel-wirtschaftsverbaende-gegen-wohnungen-auf-lysbuechel-areal\\\/\"},\"author\":{\"name\":\"Redaktion\",\"@id\":\"https:\\\/\\\/www.immobilienbusiness.ch\\\/#\\\/schema\\\/person\\\/aa2bace6c5c5aad60102004a50c4eb1c\"},\"headline\":\"Basel: Wirtschaftsverb\u00e4nde gegen Wohnungen auf Lysb\u00fcchel-Areal\",\"datePublished\":\"2016-05-02T06:35:13+00:00\",\"mainEntityOfPage\":{\"@id\":\"https:\\\/\\\/www.immobilienbusiness.ch\\\/en\\\/residential\\\/2016-05-02\\\/basel-wirtschaftsverbaende-gegen-wohnungen-auf-lysbuechel-areal\\\/\"},\"wordCount\":302,\"commentCount\":0,\"publisher\":{\"@id\":\"https:\\\/\\\/www.immobilienbusiness.ch\\\/#organization\"},\"image\":{\"@id\":\"https:\\\/\\\/www.immobilienbusiness.ch\\\/en\\\/residential\\\/2016-05-02\\\/basel-wirtschaftsverbaende-gegen-wohnungen-auf-lysbuechel-areal\\\/#primaryimage\"},\"thumbnailUrl\":\"https:\\\/\\\/www.immobilienbusiness.ch\\\/wp-content\\\/uploads\\\/2016\\\/05\\\/Basel-Wirtschaftsverbaende-gegen-Wohnungen-auf-Lysbuechel-Areal-immobilien-business.jpg\",\"keywords\":[\"Basel\",\"Wohnen\"],\"articleSection\":[\"RESIDENTIAL\"],\"inLanguage\":\"de\"},{\"@type\":\"WebPage\",\"@id\":\"https:\\\/\\\/www.immobilienbusiness.ch\\\/en\\\/residential\\\/2016-05-02\\\/basel-wirtschaftsverbaende-gegen-wohnungen-auf-lysbuechel-areal\\\/\",\"url\":\"https:\\\/\\\/www.immobilienbusiness.ch\\\/en\\\/residential\\\/2016-05-02\\\/basel-wirtschaftsverbaende-gegen-wohnungen-auf-lysbuechel-areal\\\/\",\"name\":\"Basel: Wirtschaftsverb\u00e4nde gegen Wohnungen auf Lysb\u00fcchel-Areal - IMMOBILIEN Business\",\"isPartOf\":{\"@id\":\"https:\\\/\\\/www.immobilienbusiness.ch\\\/#website\"},\"primaryImageOfPage\":{\"@id\":\"https:\\\/\\\/www.immobilienbusiness.ch\\\/en\\\/residential\\\/2016-05-02\\\/basel-wirtschaftsverbaende-gegen-wohnungen-auf-lysbuechel-areal\\\/#primaryimage\"},\"image\":{\"@id\":\"https:\\\/\\\/www.immobilienbusiness.ch\\\/en\\\/residential\\\/2016-05-02\\\/basel-wirtschaftsverbaende-gegen-wohnungen-auf-lysbuechel-areal\\\/#primaryimage\"},\"thumbnailUrl\":\"https:\\\/\\\/www.immobilienbusiness.ch\\\/wp-content\\\/uploads\\\/2016\\\/05\\\/Basel-Wirtschaftsverbaende-gegen-Wohnungen-auf-Lysbuechel-Areal-immobilien-business.jpg\",\"datePublished\":\"2016-05-02T06:35:13+00:00\",\"description\":\"Der Gewerbeverband Basel-Stadt und die Handelskammer beider Basel wenden sich gegen die Entwicklung des Basler Lysb\u00fcchel-Areals zu einem Wohnquartier.\",\"breadcrumb\":{\"@id\":\"https:\\\/\\\/www.immobilienbusiness.ch\\\/en\\\/residential\\\/2016-05-02\\\/basel-wirtschaftsverbaende-gegen-wohnungen-auf-lysbuechel-areal\\\/#breadcrumb\"},\"inLanguage\":\"de\",\"potentialAction\":[{\"@type\":\"ReadAction\",\"target\":[\"https:\\\/\\\/www.immobilienbusiness.ch\\\/en\\\/residential\\\/2016-05-02\\\/basel-wirtschaftsverbaende-gegen-wohnungen-auf-lysbuechel-areal\\\/\"]}]},{\"@type\":\"ImageObject\",\"inLanguage\":\"de\",\"@id\":\"https:\\\/\\\/www.immobilienbusiness.ch\\\/en\\\/residential\\\/2016-05-02\\\/basel-wirtschaftsverbaende-gegen-wohnungen-auf-lysbuechel-areal\\\/#primaryimage\",\"url\":\"https:\\\/\\\/www.immobilienbusiness.ch\\\/wp-content\\\/uploads\\\/2016\\\/05\\\/Basel-Wirtschaftsverbaende-gegen-Wohnungen-auf-Lysbuechel-Areal-immobilien-business.jpg\",\"contentUrl\":\"https:\\\/\\\/www.immobilienbusiness.ch\\\/wp-content\\\/uploads\\\/2016\\\/05\\\/Basel-Wirtschaftsverbaende-gegen-Wohnungen-auf-Lysbuechel-Areal-immobilien-business.jpg\",\"width\":2560,\"height\":1756,\"caption\":\"M\u00f6gliche Nutzung des Lysb\u00fcchel-Areals, wie sie GVBS und Handelskammer vorschlagen (Visualisierung: GVBS)\"},{\"@type\":\"BreadcrumbList\",\"@id\":\"https:\\\/\\\/www.immobilienbusiness.ch\\\/en\\\/residential\\\/2016-05-02\\\/basel-wirtschaftsverbaende-gegen-wohnungen-auf-lysbuechel-areal\\\/#breadcrumb\",\"itemListElement\":[{\"@type\":\"ListItem\",\"position\":1,\"name\":\"Home\",\"item\":\"https:\\\/\\\/www.immobilienbusiness.ch\\\/\"},{\"@type\":\"ListItem\",\"position\":2,\"name\":\"Basel: Wirtschaftsverb\u00e4nde gegen Wohnungen auf Lysb\u00fcchel-Areal\"}]},{\"@type\":\"WebSite\",\"@id\":\"https:\\\/\\\/www.immobilienbusiness.ch\\\/#website\",\"url\":\"https:\\\/\\\/www.immobilienbusiness.ch\\\/\",\"name\":\"IMMOBILIEN Business\",\"description\":\"Unabh\u00e4ngiges Schweizer Wirtschaftsmagazin mit Fokus auf Immobilien, Architektur- und Bau sowie Investment- und Finanzierung.\",\"publisher\":{\"@id\":\"https:\\\/\\\/www.immobilienbusiness.ch\\\/#organization\"},\"potentialAction\":[{\"@type\":\"SearchAction\",\"target\":{\"@type\":\"EntryPoint\",\"urlTemplate\":\"https:\\\/\\\/www.immobilienbusiness.ch\\\/?s={search_term_string}\"},\"query-input\":{\"@type\":\"PropertyValueSpecification\",\"valueRequired\":true,\"valueName\":\"search_term_string\"}}],\"inLanguage\":\"de\"},{\"@type\":\"Organization\",\"@id\":\"https:\\\/\\\/www.immobilienbusiness.ch\\\/#organization\",\"name\":\"IMMOBILIEN Business\",\"url\":\"https:\\\/\\\/www.immobilienbusiness.ch\\\/\",\"logo\":{\"@type\":\"ImageObject\",\"inLanguage\":\"de\",\"@id\":\"https:\\\/\\\/www.immobilienbusiness.ch\\\/#\\\/schema\\\/logo\\\/image\\\/\",\"url\":\"https:\\\/\\\/www.immobilienbusiness.ch\\\/wp-content\\\/uploads\\\/2021\\\/07\\\/logo_ib.png\",\"contentUrl\":\"https:\\\/\\\/www.immobilienbusiness.ch\\\/wp-content\\\/uploads\\\/2021\\\/07\\\/logo_ib.png\",\"width\":800,\"height\":181,\"caption\":\"IMMOBILIEN Business\"},\"image\":{\"@id\":\"https:\\\/\\\/www.immobilienbusiness.ch\\\/#\\\/schema\\\/logo\\\/image\\\/\"},\"sameAs\":[\"https:\\\/\\\/www.facebook.com\\\/immobilienbusiness\\\/\"]},{\"@type\":\"Person\",\"@id\":\"https:\\\/\\\/www.immobilienbusiness.ch\\\/#\\\/schema\\\/person\\\/aa2bace6c5c5aad60102004a50c4eb1c\",\"name\":\"Redaktion\",\"image\":{\"@type\":\"ImageObject\",\"inLanguage\":\"de\",\"@id\":\"https:\\\/\\\/secure.gravatar.com\\\/avatar\\\/ae2f4d718e6c49043e314ce431e7e645d646302a24a5ef5a8bc8e3f5a032e319?s=96&d=mm&r=g\",\"url\":\"https:\\\/\\\/secure.gravatar.com\\\/avatar\\\/ae2f4d718e6c49043e314ce431e7e645d646302a24a5ef5a8bc8e3f5a032e319?s=96&d=mm&r=g\",\"contentUrl\":\"https:\\\/\\\/secure.gravatar.com\\\/avatar\\\/ae2f4d718e6c49043e314ce431e7e645d646302a24a5ef5a8bc8e3f5a032e319?s=96&d=mm&r=g\",\"caption\":\"Redaktion\"},\"sameAs\":[\"http:\\\/\\\/develop.organisator.galledia.ch\"],\"url\":\"https:\\\/\\\/www.immobilienbusiness.ch\\\/de\\\/author\\\/admin\\\/\"}]}<\/script>\n<!-- \/ Yoast SEO plugin. -->","yoast_head_json":{"title":"Basel: Wirtschaftsverb\u00e4nde gegen Wohnungen auf Lysb\u00fcchel-Areal - IMMOBILIEN Business","description":"Der Gewerbeverband Basel-Stadt und die Handelskammer beider Basel wenden sich gegen die Entwicklung des Basler Lysb\u00fcchel-Areals zu einem Wohnquartier.","robots":{"index":"index","follow":"follow","max-snippet":"max-snippet:-1","max-image-preview":"max-image-preview:large","max-video-preview":"max-video-preview:-1"},"canonical":"https:\/\/www.immobilienbusiness.ch\/de\/residential\/2016-05-02\/basel-wirtschaftsverbaende-gegen-wohnungen-auf-lysbuechel-areal\/","og_locale":"de_DE","og_type":"article","og_title":"Basel: Wirtschaftsverb\u00e4nde gegen Wohnungen auf Lysb\u00fcchel-Areal","og_description":"Der Gewerbeverband Basel-Stadt und die Handelskammer beider Basel wenden sich gegen die Entwicklung des Basler Lysb\u00fcchel-Areals zu einem Wohnquartier. Sie fordern, dass das Gel\u00e4nde exklusiv dem Industrie und Gewerbe vorbehalten bleibe.","og_url":"https:\/\/www.immobilienbusiness.ch\/de\/residential\/2016-05-02\/basel-wirtschaftsverbaende-gegen-wohnungen-auf-lysbuechel-areal\/","og_site_name":"IMMOBILIEN Business","article_publisher":"https:\/\/www.facebook.com\/immobilienbusiness\/","article_published_time":"2016-05-02T06:35:13+00:00","author":"Redaktion","twitter_card":"summary_large_image","twitter_image":"https:\/\/www.immobilienbusiness.ch\/wp-content\/uploads\/2016\/05\/Basel-Wirtschaftsverbaende-gegen-Wohnungen-auf-Lysbuechel-Areal-immobilien-business.jpg","schema":{"@context":"https:\/\/schema.org","@graph":[{"@type":"Article","@id":"https:\/\/www.immobilienbusiness.ch\/en\/residential\/2016-05-02\/basel-wirtschaftsverbaende-gegen-wohnungen-auf-lysbuechel-areal\/#article","isPartOf":{"@id":"https:\/\/www.immobilienbusiness.ch\/en\/residential\/2016-05-02\/basel-wirtschaftsverbaende-gegen-wohnungen-auf-lysbuechel-areal\/"},"author":{"name":"Redaktion","@id":"https:\/\/www.immobilienbusiness.ch\/#\/schema\/person\/aa2bace6c5c5aad60102004a50c4eb1c"},"headline":"Basel: Wirtschaftsverb\u00e4nde gegen Wohnungen auf Lysb\u00fcchel-Areal","datePublished":"2016-05-02T06:35:13+00:00","mainEntityOfPage":{"@id":"https:\/\/www.immobilienbusiness.ch\/en\/residential\/2016-05-02\/basel-wirtschaftsverbaende-gegen-wohnungen-auf-lysbuechel-areal\/"},"wordCount":302,"commentCount":0,"publisher":{"@id":"https:\/\/www.immobilienbusiness.ch\/#organization"},"image":{"@id":"https:\/\/www.immobilienbusiness.ch\/en\/residential\/2016-05-02\/basel-wirtschaftsverbaende-gegen-wohnungen-auf-lysbuechel-areal\/#primaryimage"},"thumbnailUrl":"https:\/\/www.immobilienbusiness.ch\/wp-content\/uploads\/2016\/05\/Basel-Wirtschaftsverbaende-gegen-Wohnungen-auf-Lysbuechel-Areal-immobilien-business.jpg","keywords":["Basel","Wohnen"],"articleSection":["RESIDENTIAL"],"inLanguage":"de"},{"@type":"WebPage","@id":"https:\/\/www.immobilienbusiness.ch\/en\/residential\/2016-05-02\/basel-wirtschaftsverbaende-gegen-wohnungen-auf-lysbuechel-areal\/","url":"https:\/\/www.immobilienbusiness.ch\/en\/residential\/2016-05-02\/basel-wirtschaftsverbaende-gegen-wohnungen-auf-lysbuechel-areal\/","name":"Basel: Wirtschaftsverb\u00e4nde gegen Wohnungen auf Lysb\u00fcchel-Areal - IMMOBILIEN Business","isPartOf":{"@id":"https:\/\/www.immobilienbusiness.ch\/#website"},"primaryImageOfPage":{"@id":"https:\/\/www.immobilienbusiness.ch\/en\/residential\/2016-05-02\/basel-wirtschaftsverbaende-gegen-wohnungen-auf-lysbuechel-areal\/#primaryimage"},"image":{"@id":"https:\/\/www.immobilienbusiness.ch\/en\/residential\/2016-05-02\/basel-wirtschaftsverbaende-gegen-wohnungen-auf-lysbuechel-areal\/#primaryimage"},"thumbnailUrl":"https:\/\/www.immobilienbusiness.ch\/wp-content\/uploads\/2016\/05\/Basel-Wirtschaftsverbaende-gegen-Wohnungen-auf-Lysbuechel-Areal-immobilien-business.jpg","datePublished":"2016-05-02T06:35:13+00:00","description":"Der Gewerbeverband Basel-Stadt und die Handelskammer beider Basel wenden sich gegen die Entwicklung des Basler Lysb\u00fcchel-Areals zu einem Wohnquartier.","breadcrumb":{"@id":"https:\/\/www.immobilienbusiness.ch\/en\/residential\/2016-05-02\/basel-wirtschaftsverbaende-gegen-wohnungen-auf-lysbuechel-areal\/#breadcrumb"},"inLanguage":"de","potentialAction":[{"@type":"ReadAction","target":["https:\/\/www.immobilienbusiness.ch\/en\/residential\/2016-05-02\/basel-wirtschaftsverbaende-gegen-wohnungen-auf-lysbuechel-areal\/"]}]},{"@type":"ImageObject","inLanguage":"de","@id":"https:\/\/www.immobilienbusiness.ch\/en\/residential\/2016-05-02\/basel-wirtschaftsverbaende-gegen-wohnungen-auf-lysbuechel-areal\/#primaryimage","url":"https:\/\/www.immobilienbusiness.ch\/wp-content\/uploads\/2016\/05\/Basel-Wirtschaftsverbaende-gegen-Wohnungen-auf-Lysbuechel-Areal-immobilien-business.jpg","contentUrl":"https:\/\/www.immobilienbusiness.ch\/wp-content\/uploads\/2016\/05\/Basel-Wirtschaftsverbaende-gegen-Wohnungen-auf-Lysbuechel-Areal-immobilien-business.jpg","width":2560,"height":1756,"caption":"M\u00f6gliche Nutzung des Lysb\u00fcchel-Areals, wie sie GVBS und Handelskammer vorschlagen (Visualisierung: GVBS)"},{"@type":"BreadcrumbList","@id":"https:\/\/www.immobilienbusiness.ch\/en\/residential\/2016-05-02\/basel-wirtschaftsverbaende-gegen-wohnungen-auf-lysbuechel-areal\/#breadcrumb","itemListElement":[{"@type":"ListItem","position":1,"name":"Home","item":"https:\/\/www.immobilienbusiness.ch\/"},{"@type":"ListItem","position":2,"name":"Basel: Wirtschaftsverb\u00e4nde gegen Wohnungen auf Lysb\u00fcchel-Areal"}]},{"@type":"WebSite","@id":"https:\/\/www.immobilienbusiness.ch\/#website","url":"https:\/\/www.immobilienbusiness.ch\/","name":"IMMOBILIEN Business","description":"Unabh\u00e4ngiges Schweizer Wirtschaftsmagazin mit Fokus auf Immobilien, Architektur- und Bau sowie Investment- und Finanzierung.","publisher":{"@id":"https:\/\/www.immobilienbusiness.ch\/#organization"},"potentialAction":[{"@type":"SearchAction","target":{"@type":"EntryPoint","urlTemplate":"https:\/\/www.immobilienbusiness.ch\/?s={search_term_string}"},"query-input":{"@type":"PropertyValueSpecification","valueRequired":true,"valueName":"search_term_string"}}],"inLanguage":"de"},{"@type":"Organization","@id":"https:\/\/www.immobilienbusiness.ch\/#organization","name":"IMMOBILIEN Business","url":"https:\/\/www.immobilienbusiness.ch\/","logo":{"@type":"ImageObject","inLanguage":"de","@id":"https:\/\/www.immobilienbusiness.ch\/#\/schema\/logo\/image\/","url":"https:\/\/www.immobilienbusiness.ch\/wp-content\/uploads\/2021\/07\/logo_ib.png","contentUrl":"https:\/\/www.immobilienbusiness.ch\/wp-content\/uploads\/2021\/07\/logo_ib.png","width":800,"height":181,"caption":"IMMOBILIEN Business"},"image":{"@id":"https:\/\/www.immobilienbusiness.ch\/#\/schema\/logo\/image\/"},"sameAs":["https:\/\/www.facebook.com\/immobilienbusiness\/"]},{"@type":"Person","@id":"https:\/\/www.immobilienbusiness.ch\/#\/schema\/person\/aa2bace6c5c5aad60102004a50c4eb1c","name":"Redaktion","image":{"@type":"ImageObject","inLanguage":"de","@id":"https:\/\/secure.gravatar.com\/avatar\/ae2f4d718e6c49043e314ce431e7e645d646302a24a5ef5a8bc8e3f5a032e319?s=96&d=mm&r=g","url":"https:\/\/secure.gravatar.com\/avatar\/ae2f4d718e6c49043e314ce431e7e645d646302a24a5ef5a8bc8e3f5a032e319?s=96&d=mm&r=g","contentUrl":"https:\/\/secure.gravatar.com\/avatar\/ae2f4d718e6c49043e314ce431e7e645d646302a24a5ef5a8bc8e3f5a032e319?s=96&d=mm&r=g","caption":"Redaktion"},"sameAs":["http:\/\/develop.organisator.galledia.ch"],"url":"https:\/\/www.immobilienbusiness.ch\/de\/author\/admin\/"}]}},"_links":{"self":[{"href":"https:\/\/www.immobilienbusiness.ch\/de\/wp-json\/wp\/v2\/posts\/1101","targetHints":{"allow":["GET"]}}],"collection":[{"href":"https:\/\/www.immobilienbusiness.ch\/de\/wp-json\/wp\/v2\/posts"}],"about":[{"href":"https:\/\/www.immobilienbusiness.ch\/de\/wp-json\/wp\/v2\/types\/post"}],"author":[{"embeddable":true,"href":"https:\/\/www.immobilienbusiness.ch\/de\/wp-json\/wp\/v2\/users\/1"}],"replies":[{"embeddable":true,"href":"https:\/\/www.immobilienbusiness.ch\/de\/wp-json\/wp\/v2\/comments?post=1101"}],"version-history":[{"count":0,"href":"https:\/\/www.immobilienbusiness.ch\/de\/wp-json\/wp\/v2\/posts\/1101\/revisions"}],"wp:featuredmedia":[{"embeddable":true,"href":"https:\/\/www.immobilienbusiness.ch\/de\/wp-json\/wp\/v2\/media\/5022"}],"wp:attachment":[{"href":"https:\/\/www.immobilienbusiness.ch\/de\/wp-json\/wp\/v2\/media?parent=1101"}],"wp:term":[{"taxonomy":"category","embeddable":true,"href":"https:\/\/www.immobilienbusiness.ch\/de\/wp-json\/wp\/v2\/categories?post=1101"},{"taxonomy":"post_tag","embeddable":true,"href":"https:\/\/www.immobilienbusiness.ch\/de\/wp-json\/wp\/v2\/tags?post=1101"}],"curies":[{"name":"wp","href":"https:\/\/api.w.org\/{rel}","templated":true}]}}