{"id":1099,"date":"2016-11-09T08:44:35","date_gmt":"2016-11-09T07:44:35","guid":{"rendered":"http:\/\/dev.immobilienbusiness.ch\/?p=1099"},"modified":"2016-11-09T08:44:35","modified_gmt":"2016-11-09T07:44:35","slug":"flughafen-zuerich-lukas-brosi-wird-neuer-cfo","status":"publish","type":"post","link":"https:\/\/www.immobilienbusiness.ch\/de\/allgemein\/2016-11-09\/flughafen-zuerich-lukas-brosi-wird-neuer-cfo\/","title":{"rendered":"Flughafen Z\u00fcrich: Lukas Brosi wird neuer CFO"},"content":{"rendered":"<figure id=\"attachment_5150\" aria-describedby=\"caption-attachment-5150\" style=\"width: 680px\" class=\"wp-caption alignnone\"><img loading=\"lazy\" decoding=\"async\" class=\"wp-image-5150 size-medium\" src=\"https:\/\/immobilienbusiness.ch\/wp-content\/uploads\/2016\/11\/Flughafen-Z\u00fcrich-Lukas-Brosi-wird-neuer-CFO-immobilien-business.jpg\" width=\"680\" height=\"430\" \/><figcaption id=\"caption-attachment-5150\" class=\"wp-caption-text\">Der Flughafen Z\u00fcrich bekommt mit Lukas Brosi einen neuen CFO (Foto: Andreas Faessler &#8211; Eigenes Werk, CC-BY-SA 4.0, Wikimedia Commons)<\/figcaption><\/figure>\n<p>Anfangs Oktober 2016 hat die Flughafen Z\u00fcrich AG bekanntgegeben, dass der langj\u00e4hrige CFO Daniel Schmucki zur\u00fccktreten wird. Nun wurde mit der Ernennung des 37-j\u00e4hrigen Lukas Brosi ein interner Nachfolger pr\u00e4sentiert. Brosi tritt die Stelle als CFO per 1. Februar 2017 an, Schmucki verl\u00e4sst die Unternehmung deshalb per Ende Januar 2017.<\/p>\n<p>Brosi trat 2009 als Group Treasurer in die Flughafen Z\u00fcrich AG ein. Ein Jahr sp\u00e4ter wurde er zum Head Treasury &amp; Risk Management ernannt. Diese Funktion \u00fcbte er knapp drei Jahre aus. 2013 \u00fcbernahm Brosi die Position des Head Financial Services und die Stellvertretung des CFO. Vor seinem Eintritt in die Flughafen Z\u00fcrich AG arbeitete Lukas Brosi bei der UBS AG Basel und Opfikon. (ah)<\/p>\n","protected":false},"excerpt":{"rendered":"<p>Die Flughafen Z\u00fcrich AG hat die Nachfolge des ausscheidenden Finanzchefs Daniel Schmucki geregelt. Lukas Brosi, bisheriger Stellvertreter von Schmucki, wird per 1. Februar 2017 zum neuen Chief Financial Officer (CFO) der Flughafenbetreiberin ernannt.<\/p>\n","protected":false},"author":1,"featured_media":5150,"comment_status":"open","ping_status":"open","sticky":false,"template":"","format":"standard","meta":{"_acf_changed":false,"_yoast_wpseo_focuskw":"Flughafen Z\u00fcrich: Lukas Brosi wird neuer CFO","_yoast_wpseo_title":"","_yoast_wpseo_metadesc":"Lukas Brosi wird per 1.2.2017 zum neuen CFO der Flughafenbetreiberin ernannt.","_yoast_wpseo_linkdex":46,"pgc_sgb_lightbox_settings":"","footnotes":""},"categories":[1],"tags":[1564],"class_list":["post-1099","post","type-post","status-publish","format-standard","has-post-thumbnail","hentry","category-allgemein","tag-personalien"],"acf":[],"yoast_head":"<!-- This site is optimized with the Yoast SEO plugin v27.4 - https:\/\/yoast.com\/product\/yoast-seo-wordpress\/ -->\n<title>Flughafen Z\u00fcrich: Lukas Brosi wird neuer CFO - IMMOBILIEN Business<\/title>\n<meta name=\"description\" content=\"Lukas Brosi wird per 1.2.2017 zum neuen CFO der Flughafenbetreiberin ernannt.\" \/>\n<meta name=\"robots\" content=\"index, follow, max-snippet:-1, max-image-preview:large, max-video-preview:-1\" \/>\n<link rel=\"canonical\" href=\"https:\/\/www.immobilienbusiness.ch\/de\/allgemein\/2016-11-09\/flughafen-zuerich-lukas-brosi-wird-neuer-cfo\/\" \/>\n<meta property=\"og:locale\" content=\"de_DE\" \/>\n<meta property=\"og:type\" content=\"article\" \/>\n<meta property=\"og:title\" content=\"Flughafen Z\u00fcrich: Lukas Brosi wird neuer CFO\" \/>\n<meta property=\"og:description\" content=\"Die Flughafen Z\u00fcrich AG hat die Nachfolge des ausscheidenden Finanzchefs Daniel Schmucki geregelt. Lukas Brosi, bisheriger Stellvertreter von Schmucki, wird per 1. Februar 2017 zum neuen Chief Financial Officer (CFO) der Flughafenbetreiberin ernannt.\" \/>\n<meta property=\"og:url\" content=\"https:\/\/www.immobilienbusiness.ch\/de\/allgemein\/2016-11-09\/flughafen-zuerich-lukas-brosi-wird-neuer-cfo\/\" \/>\n<meta property=\"og:site_name\" content=\"IMMOBILIEN Business\" \/>\n<meta property=\"article:publisher\" content=\"https:\/\/www.facebook.com\/immobilienbusiness\/\" \/>\n<meta property=\"article:published_time\" content=\"2016-11-09T07:44:35+00:00\" \/>\n<meta name=\"author\" content=\"Redaktion\" \/>\n<meta name=\"twitter:card\" content=\"summary_large_image\" \/>\n<meta name=\"twitter:image\" content=\"https:\/\/www.immobilienbusiness.ch\/wp-content\/uploads\/2016\/11\/Flughafen-Zuerich-Lukas-Brosi-wird-neuer-CFO-immobilien-business.jpg\" \/>\n<script type=\"application\/ld+json\" class=\"yoast-schema-graph\">{\"@context\":\"https:\\\/\\\/schema.org\",\"@graph\":[{\"@type\":\"Article\",\"@id\":\"https:\\\/\\\/www.immobilienbusiness.ch\\\/allgemein\\\/2016-11-09\\\/flughafen-zuerich-lukas-brosi-wird-neuer-cfo\\\/#article\",\"isPartOf\":{\"@id\":\"https:\\\/\\\/www.immobilienbusiness.ch\\\/allgemein\\\/2016-11-09\\\/flughafen-zuerich-lukas-brosi-wird-neuer-cfo\\\/\"},\"author\":{\"name\":\"Redaktion\",\"@id\":\"https:\\\/\\\/www.immobilienbusiness.ch\\\/#\\\/schema\\\/person\\\/aa2bace6c5c5aad60102004a50c4eb1c\"},\"headline\":\"Flughafen Z\u00fcrich: Lukas Brosi wird neuer CFO\",\"datePublished\":\"2016-11-09T07:44:35+00:00\",\"mainEntityOfPage\":{\"@id\":\"https:\\\/\\\/www.immobilienbusiness.ch\\\/allgemein\\\/2016-11-09\\\/flughafen-zuerich-lukas-brosi-wird-neuer-cfo\\\/\"},\"wordCount\":153,\"commentCount\":0,\"publisher\":{\"@id\":\"https:\\\/\\\/www.immobilienbusiness.ch\\\/#organization\"},\"image\":{\"@id\":\"https:\\\/\\\/www.immobilienbusiness.ch\\\/allgemein\\\/2016-11-09\\\/flughafen-zuerich-lukas-brosi-wird-neuer-cfo\\\/#primaryimage\"},\"thumbnailUrl\":\"https:\\\/\\\/www.immobilienbusiness.ch\\\/wp-content\\\/uploads\\\/2016\\\/11\\\/Flughafen-Zuerich-Lukas-Brosi-wird-neuer-CFO-immobilien-business.jpg\",\"keywords\":[\"Personalien\"],\"inLanguage\":\"de\"},{\"@type\":\"WebPage\",\"@id\":\"https:\\\/\\\/www.immobilienbusiness.ch\\\/allgemein\\\/2016-11-09\\\/flughafen-zuerich-lukas-brosi-wird-neuer-cfo\\\/\",\"url\":\"https:\\\/\\\/www.immobilienbusiness.ch\\\/allgemein\\\/2016-11-09\\\/flughafen-zuerich-lukas-brosi-wird-neuer-cfo\\\/\",\"name\":\"Flughafen Z\u00fcrich: Lukas Brosi wird neuer CFO - IMMOBILIEN Business\",\"isPartOf\":{\"@id\":\"https:\\\/\\\/www.immobilienbusiness.ch\\\/#website\"},\"primaryImageOfPage\":{\"@id\":\"https:\\\/\\\/www.immobilienbusiness.ch\\\/allgemein\\\/2016-11-09\\\/flughafen-zuerich-lukas-brosi-wird-neuer-cfo\\\/#primaryimage\"},\"image\":{\"@id\":\"https:\\\/\\\/www.immobilienbusiness.ch\\\/allgemein\\\/2016-11-09\\\/flughafen-zuerich-lukas-brosi-wird-neuer-cfo\\\/#primaryimage\"},\"thumbnailUrl\":\"https:\\\/\\\/www.immobilienbusiness.ch\\\/wp-content\\\/uploads\\\/2016\\\/11\\\/Flughafen-Zuerich-Lukas-Brosi-wird-neuer-CFO-immobilien-business.jpg\",\"datePublished\":\"2016-11-09T07:44:35+00:00\",\"description\":\"Lukas Brosi wird per 1.2.2017 zum neuen CFO der Flughafenbetreiberin ernannt.\",\"breadcrumb\":{\"@id\":\"https:\\\/\\\/www.immobilienbusiness.ch\\\/allgemein\\\/2016-11-09\\\/flughafen-zuerich-lukas-brosi-wird-neuer-cfo\\\/#breadcrumb\"},\"inLanguage\":\"de\",\"potentialAction\":[{\"@type\":\"ReadAction\",\"target\":[\"https:\\\/\\\/www.immobilienbusiness.ch\\\/allgemein\\\/2016-11-09\\\/flughafen-zuerich-lukas-brosi-wird-neuer-cfo\\\/\"]}]},{\"@type\":\"ImageObject\",\"inLanguage\":\"de\",\"@id\":\"https:\\\/\\\/www.immobilienbusiness.ch\\\/allgemein\\\/2016-11-09\\\/flughafen-zuerich-lukas-brosi-wird-neuer-cfo\\\/#primaryimage\",\"url\":\"https:\\\/\\\/www.immobilienbusiness.ch\\\/wp-content\\\/uploads\\\/2016\\\/11\\\/Flughafen-Zuerich-Lukas-Brosi-wird-neuer-CFO-immobilien-business.jpg\",\"contentUrl\":\"https:\\\/\\\/www.immobilienbusiness.ch\\\/wp-content\\\/uploads\\\/2016\\\/11\\\/Flughafen-Zuerich-Lukas-Brosi-wird-neuer-CFO-immobilien-business.jpg\",\"width\":1266,\"height\":800,\"caption\":\"Der Flughafen Z\u00fcrich bekommt mit Lukas Brosi einen neuen CFO (Foto: Andreas Faessler - Eigenes Werk, CC-BY-SA 4.0, Wikimedia Commons)\"},{\"@type\":\"BreadcrumbList\",\"@id\":\"https:\\\/\\\/www.immobilienbusiness.ch\\\/allgemein\\\/2016-11-09\\\/flughafen-zuerich-lukas-brosi-wird-neuer-cfo\\\/#breadcrumb\",\"itemListElement\":[{\"@type\":\"ListItem\",\"position\":1,\"name\":\"Home\",\"item\":\"https:\\\/\\\/www.immobilienbusiness.ch\\\/\"},{\"@type\":\"ListItem\",\"position\":2,\"name\":\"Flughafen Z\u00fcrich: Lukas Brosi wird neuer CFO\"}]},{\"@type\":\"WebSite\",\"@id\":\"https:\\\/\\\/www.immobilienbusiness.ch\\\/#website\",\"url\":\"https:\\\/\\\/www.immobilienbusiness.ch\\\/\",\"name\":\"IMMOBILIEN Business\",\"description\":\"Unabh\u00e4ngiges Schweizer Wirtschaftsmagazin mit Fokus auf Immobilien, Architektur- und Bau sowie Investment- und Finanzierung.\",\"publisher\":{\"@id\":\"https:\\\/\\\/www.immobilienbusiness.ch\\\/#organization\"},\"potentialAction\":[{\"@type\":\"SearchAction\",\"target\":{\"@type\":\"EntryPoint\",\"urlTemplate\":\"https:\\\/\\\/www.immobilienbusiness.ch\\\/?s={search_term_string}\"},\"query-input\":{\"@type\":\"PropertyValueSpecification\",\"valueRequired\":true,\"valueName\":\"search_term_string\"}}],\"inLanguage\":\"de\"},{\"@type\":\"Organization\",\"@id\":\"https:\\\/\\\/www.immobilienbusiness.ch\\\/#organization\",\"name\":\"IMMOBILIEN Business\",\"url\":\"https:\\\/\\\/www.immobilienbusiness.ch\\\/\",\"logo\":{\"@type\":\"ImageObject\",\"inLanguage\":\"de\",\"@id\":\"https:\\\/\\\/www.immobilienbusiness.ch\\\/#\\\/schema\\\/logo\\\/image\\\/\",\"url\":\"https:\\\/\\\/www.immobilienbusiness.ch\\\/wp-content\\\/uploads\\\/2021\\\/07\\\/logo_ib.png\",\"contentUrl\":\"https:\\\/\\\/www.immobilienbusiness.ch\\\/wp-content\\\/uploads\\\/2021\\\/07\\\/logo_ib.png\",\"width\":800,\"height\":181,\"caption\":\"IMMOBILIEN Business\"},\"image\":{\"@id\":\"https:\\\/\\\/www.immobilienbusiness.ch\\\/#\\\/schema\\\/logo\\\/image\\\/\"},\"sameAs\":[\"https:\\\/\\\/www.facebook.com\\\/immobilienbusiness\\\/\"]},{\"@type\":\"Person\",\"@id\":\"https:\\\/\\\/www.immobilienbusiness.ch\\\/#\\\/schema\\\/person\\\/aa2bace6c5c5aad60102004a50c4eb1c\",\"name\":\"Redaktion\",\"image\":{\"@type\":\"ImageObject\",\"inLanguage\":\"de\",\"@id\":\"https:\\\/\\\/secure.gravatar.com\\\/avatar\\\/ae2f4d718e6c49043e314ce431e7e645d646302a24a5ef5a8bc8e3f5a032e319?s=96&d=mm&r=g\",\"url\":\"https:\\\/\\\/secure.gravatar.com\\\/avatar\\\/ae2f4d718e6c49043e314ce431e7e645d646302a24a5ef5a8bc8e3f5a032e319?s=96&d=mm&r=g\",\"contentUrl\":\"https:\\\/\\\/secure.gravatar.com\\\/avatar\\\/ae2f4d718e6c49043e314ce431e7e645d646302a24a5ef5a8bc8e3f5a032e319?s=96&d=mm&r=g\",\"caption\":\"Redaktion\"},\"sameAs\":[\"http:\\\/\\\/develop.organisator.galledia.ch\"],\"url\":\"https:\\\/\\\/www.immobilienbusiness.ch\\\/de\\\/author\\\/admin\\\/\"}]}<\/script>\n<!-- \/ Yoast SEO plugin. -->","yoast_head_json":{"title":"Flughafen Z\u00fcrich: Lukas Brosi wird neuer CFO - IMMOBILIEN Business","description":"Lukas Brosi wird per 1.2.2017 zum neuen CFO der Flughafenbetreiberin ernannt.","robots":{"index":"index","follow":"follow","max-snippet":"max-snippet:-1","max-image-preview":"max-image-preview:large","max-video-preview":"max-video-preview:-1"},"canonical":"https:\/\/www.immobilienbusiness.ch\/de\/allgemein\/2016-11-09\/flughafen-zuerich-lukas-brosi-wird-neuer-cfo\/","og_locale":"de_DE","og_type":"article","og_title":"Flughafen Z\u00fcrich: Lukas Brosi wird neuer CFO","og_description":"Die Flughafen Z\u00fcrich AG hat die Nachfolge des ausscheidenden Finanzchefs Daniel Schmucki geregelt. Lukas Brosi, bisheriger Stellvertreter von Schmucki, wird per 1. Februar 2017 zum neuen Chief Financial Officer (CFO) der Flughafenbetreiberin ernannt.","og_url":"https:\/\/www.immobilienbusiness.ch\/de\/allgemein\/2016-11-09\/flughafen-zuerich-lukas-brosi-wird-neuer-cfo\/","og_site_name":"IMMOBILIEN Business","article_publisher":"https:\/\/www.facebook.com\/immobilienbusiness\/","article_published_time":"2016-11-09T07:44:35+00:00","author":"Redaktion","twitter_card":"summary_large_image","twitter_image":"https:\/\/www.immobilienbusiness.ch\/wp-content\/uploads\/2016\/11\/Flughafen-Zuerich-Lukas-Brosi-wird-neuer-CFO-immobilien-business.jpg","schema":{"@context":"https:\/\/schema.org","@graph":[{"@type":"Article","@id":"https:\/\/www.immobilienbusiness.ch\/allgemein\/2016-11-09\/flughafen-zuerich-lukas-brosi-wird-neuer-cfo\/#article","isPartOf":{"@id":"https:\/\/www.immobilienbusiness.ch\/allgemein\/2016-11-09\/flughafen-zuerich-lukas-brosi-wird-neuer-cfo\/"},"author":{"name":"Redaktion","@id":"https:\/\/www.immobilienbusiness.ch\/#\/schema\/person\/aa2bace6c5c5aad60102004a50c4eb1c"},"headline":"Flughafen Z\u00fcrich: Lukas Brosi wird neuer CFO","datePublished":"2016-11-09T07:44:35+00:00","mainEntityOfPage":{"@id":"https:\/\/www.immobilienbusiness.ch\/allgemein\/2016-11-09\/flughafen-zuerich-lukas-brosi-wird-neuer-cfo\/"},"wordCount":153,"commentCount":0,"publisher":{"@id":"https:\/\/www.immobilienbusiness.ch\/#organization"},"image":{"@id":"https:\/\/www.immobilienbusiness.ch\/allgemein\/2016-11-09\/flughafen-zuerich-lukas-brosi-wird-neuer-cfo\/#primaryimage"},"thumbnailUrl":"https:\/\/www.immobilienbusiness.ch\/wp-content\/uploads\/2016\/11\/Flughafen-Zuerich-Lukas-Brosi-wird-neuer-CFO-immobilien-business.jpg","keywords":["Personalien"],"inLanguage":"de"},{"@type":"WebPage","@id":"https:\/\/www.immobilienbusiness.ch\/allgemein\/2016-11-09\/flughafen-zuerich-lukas-brosi-wird-neuer-cfo\/","url":"https:\/\/www.immobilienbusiness.ch\/allgemein\/2016-11-09\/flughafen-zuerich-lukas-brosi-wird-neuer-cfo\/","name":"Flughafen Z\u00fcrich: Lukas Brosi wird neuer CFO - IMMOBILIEN Business","isPartOf":{"@id":"https:\/\/www.immobilienbusiness.ch\/#website"},"primaryImageOfPage":{"@id":"https:\/\/www.immobilienbusiness.ch\/allgemein\/2016-11-09\/flughafen-zuerich-lukas-brosi-wird-neuer-cfo\/#primaryimage"},"image":{"@id":"https:\/\/www.immobilienbusiness.ch\/allgemein\/2016-11-09\/flughafen-zuerich-lukas-brosi-wird-neuer-cfo\/#primaryimage"},"thumbnailUrl":"https:\/\/www.immobilienbusiness.ch\/wp-content\/uploads\/2016\/11\/Flughafen-Zuerich-Lukas-Brosi-wird-neuer-CFO-immobilien-business.jpg","datePublished":"2016-11-09T07:44:35+00:00","description":"Lukas Brosi wird per 1.2.2017 zum neuen CFO der Flughafenbetreiberin ernannt.","breadcrumb":{"@id":"https:\/\/www.immobilienbusiness.ch\/allgemein\/2016-11-09\/flughafen-zuerich-lukas-brosi-wird-neuer-cfo\/#breadcrumb"},"inLanguage":"de","potentialAction":[{"@type":"ReadAction","target":["https:\/\/www.immobilienbusiness.ch\/allgemein\/2016-11-09\/flughafen-zuerich-lukas-brosi-wird-neuer-cfo\/"]}]},{"@type":"ImageObject","inLanguage":"de","@id":"https:\/\/www.immobilienbusiness.ch\/allgemein\/2016-11-09\/flughafen-zuerich-lukas-brosi-wird-neuer-cfo\/#primaryimage","url":"https:\/\/www.immobilienbusiness.ch\/wp-content\/uploads\/2016\/11\/Flughafen-Zuerich-Lukas-Brosi-wird-neuer-CFO-immobilien-business.jpg","contentUrl":"https:\/\/www.immobilienbusiness.ch\/wp-content\/uploads\/2016\/11\/Flughafen-Zuerich-Lukas-Brosi-wird-neuer-CFO-immobilien-business.jpg","width":1266,"height":800,"caption":"Der Flughafen Z\u00fcrich bekommt mit Lukas Brosi einen neuen CFO (Foto: Andreas Faessler - Eigenes Werk, CC-BY-SA 4.0, Wikimedia Commons)"},{"@type":"BreadcrumbList","@id":"https:\/\/www.immobilienbusiness.ch\/allgemein\/2016-11-09\/flughafen-zuerich-lukas-brosi-wird-neuer-cfo\/#breadcrumb","itemListElement":[{"@type":"ListItem","position":1,"name":"Home","item":"https:\/\/www.immobilienbusiness.ch\/"},{"@type":"ListItem","position":2,"name":"Flughafen Z\u00fcrich: Lukas Brosi wird neuer CFO"}]},{"@type":"WebSite","@id":"https:\/\/www.immobilienbusiness.ch\/#website","url":"https:\/\/www.immobilienbusiness.ch\/","name":"IMMOBILIEN Business","description":"Unabh\u00e4ngiges Schweizer Wirtschaftsmagazin mit Fokus auf Immobilien, Architektur- und Bau sowie Investment- und Finanzierung.","publisher":{"@id":"https:\/\/www.immobilienbusiness.ch\/#organization"},"potentialAction":[{"@type":"SearchAction","target":{"@type":"EntryPoint","urlTemplate":"https:\/\/www.immobilienbusiness.ch\/?s={search_term_string}"},"query-input":{"@type":"PropertyValueSpecification","valueRequired":true,"valueName":"search_term_string"}}],"inLanguage":"de"},{"@type":"Organization","@id":"https:\/\/www.immobilienbusiness.ch\/#organization","name":"IMMOBILIEN Business","url":"https:\/\/www.immobilienbusiness.ch\/","logo":{"@type":"ImageObject","inLanguage":"de","@id":"https:\/\/www.immobilienbusiness.ch\/#\/schema\/logo\/image\/","url":"https:\/\/www.immobilienbusiness.ch\/wp-content\/uploads\/2021\/07\/logo_ib.png","contentUrl":"https:\/\/www.immobilienbusiness.ch\/wp-content\/uploads\/2021\/07\/logo_ib.png","width":800,"height":181,"caption":"IMMOBILIEN Business"},"image":{"@id":"https:\/\/www.immobilienbusiness.ch\/#\/schema\/logo\/image\/"},"sameAs":["https:\/\/www.facebook.com\/immobilienbusiness\/"]},{"@type":"Person","@id":"https:\/\/www.immobilienbusiness.ch\/#\/schema\/person\/aa2bace6c5c5aad60102004a50c4eb1c","name":"Redaktion","image":{"@type":"ImageObject","inLanguage":"de","@id":"https:\/\/secure.gravatar.com\/avatar\/ae2f4d718e6c49043e314ce431e7e645d646302a24a5ef5a8bc8e3f5a032e319?s=96&d=mm&r=g","url":"https:\/\/secure.gravatar.com\/avatar\/ae2f4d718e6c49043e314ce431e7e645d646302a24a5ef5a8bc8e3f5a032e319?s=96&d=mm&r=g","contentUrl":"https:\/\/secure.gravatar.com\/avatar\/ae2f4d718e6c49043e314ce431e7e645d646302a24a5ef5a8bc8e3f5a032e319?s=96&d=mm&r=g","caption":"Redaktion"},"sameAs":["http:\/\/develop.organisator.galledia.ch"],"url":"https:\/\/www.immobilienbusiness.ch\/de\/author\/admin\/"}]}},"_links":{"self":[{"href":"https:\/\/www.immobilienbusiness.ch\/de\/wp-json\/wp\/v2\/posts\/1099","targetHints":{"allow":["GET"]}}],"collection":[{"href":"https:\/\/www.immobilienbusiness.ch\/de\/wp-json\/wp\/v2\/posts"}],"about":[{"href":"https:\/\/www.immobilienbusiness.ch\/de\/wp-json\/wp\/v2\/types\/post"}],"author":[{"embeddable":true,"href":"https:\/\/www.immobilienbusiness.ch\/de\/wp-json\/wp\/v2\/users\/1"}],"replies":[{"embeddable":true,"href":"https:\/\/www.immobilienbusiness.ch\/de\/wp-json\/wp\/v2\/comments?post=1099"}],"version-history":[{"count":0,"href":"https:\/\/www.immobilienbusiness.ch\/de\/wp-json\/wp\/v2\/posts\/1099\/revisions"}],"wp:featuredmedia":[{"embeddable":true,"href":"https:\/\/www.immobilienbusiness.ch\/de\/wp-json\/wp\/v2\/media\/5150"}],"wp:attachment":[{"href":"https:\/\/www.immobilienbusiness.ch\/de\/wp-json\/wp\/v2\/media?parent=1099"}],"wp:term":[{"taxonomy":"category","embeddable":true,"href":"https:\/\/www.immobilienbusiness.ch\/de\/wp-json\/wp\/v2\/categories?post=1099"},{"taxonomy":"post_tag","embeddable":true,"href":"https:\/\/www.immobilienbusiness.ch\/de\/wp-json\/wp\/v2\/tags?post=1099"}],"curies":[{"name":"wp","href":"https:\/\/api.w.org\/{rel}","templated":true}]}}