{"id":10590,"date":"2017-12-15T09:39:58","date_gmt":"2017-12-15T08:39:58","guid":{"rendered":"https:\/\/www.immobilienbusiness.ch\/?p=10590"},"modified":"2017-12-15T09:39:58","modified_gmt":"2017-12-15T08:39:58","slug":"bauzonenstatistik-verdichtung-nimmt-zu","status":"publish","type":"post","link":"https:\/\/www.immobilienbusiness.ch\/de\/residential\/2017-12-15\/bauzonenstatistik-verdichtung-nimmt-zu\/","title":{"rendered":"Bauzonenstatistik: Verdichtung nimmt zu"},"content":{"rendered":"<figure id=\"attachment_10662\" aria-describedby=\"caption-attachment-10662\" style=\"width: 675px\" class=\"wp-caption alignnone\"><img loading=\"lazy\" decoding=\"async\" class=\"size-full wp-image-10662\" src=\"https:\/\/www.immobilienbusiness.ch\/wp-content\/uploads\/2017\/12\/IB-News-20171215-Bauzonenstatistik-Verdichtung-nimmt-zu-c-Pixabay.png\" alt=\"\" width=\"675\" height=\"450\" srcset=\"https:\/\/www.immobilienbusiness.ch\/wp-content\/uploads\/2017\/12\/IB-News-20171215-Bauzonenstatistik-Verdichtung-nimmt-zu-c-Pixabay.png 675w, https:\/\/www.immobilienbusiness.ch\/wp-content\/uploads\/2017\/12\/IB-News-20171215-Bauzonenstatistik-Verdichtung-nimmt-zu-c-Pixabay-300x200.png 300w, https:\/\/www.immobilienbusiness.ch\/wp-content\/uploads\/2017\/12\/IB-News-20171215-Bauzonenstatistik-Verdichtung-nimmt-zu-c-Pixabay-16x12.png 16w, https:\/\/www.immobilienbusiness.ch\/wp-content\/uploads\/2017\/12\/IB-News-20171215-Bauzonenstatistik-Verdichtung-nimmt-zu-c-Pixabay-263x175.png 263w, https:\/\/www.immobilienbusiness.ch\/wp-content\/uploads\/2017\/12\/IB-News-20171215-Bauzonenstatistik-Verdichtung-nimmt-zu-c-Pixabay-525x350.png 525w\" sizes=\"auto, (max-width: 675px) 100vw, 675px\" \/><figcaption id=\"caption-attachment-10662\" class=\"wp-caption-text\">Mehr Menschen leben auf einer gleich grossen Fl\u00e4che, das geht aus der Bauzonenstatistik Schweiz hervor (Foto: Pixabay)<\/figcaption><\/figure>\n<p>Seit 2012 ist die Zahl der Einwohner in den Bauzonen von 7,4 auf 8,0 Millionen gewachsen, die Gesamtfl\u00e4che der wichtigsten Bauzonentypen blieb aber im selben Zeitraum ungef\u00e4hr gleich gross. Damit leben deutlich mehr Personen auf einer praktisch konstanten Fl\u00e4che. Die durchschnittliche Bauzonenfl\u00e4che sank um 18 qm von 309 auf 291 qm pro Einwohner. Das geht aus der Bauzonenstatistik Schweiz vor, die das Bundesamt f\u00fcr Raumentwicklung (ARE) nun aktualisiert hat. Die Statistik basiert auf den Geodaten der Kantone und wird alle f\u00fcnf Jahre erhoben.<\/p>\n<p>Die Gesamtfl\u00e4che der Bauzonen 2017 in der Schweiz, also \u00fcberbaute und nicht \u00fcberbaute Fl\u00e4chen, betr\u00e4gt 232.038 Hektaren. Fast die H\u00e4lfte davon sind Wohnzonen. Auf Arbeits-, Misch- und Zentrumszonen sowie Zonen f\u00fcr \u00f6ffentliche Nutzungen entfallen Anteile von jeweils zwischen 11 und 14 Prozent. Der Anteil der un\u00fcberbauten Bauzonen ist leicht gesunken. Im Vergleich zur letzten Statistik vor f\u00fcnf Jahren wurden zwischen 2.100 und 2.500 Hektaren neu \u00fcberbaut, das entspricht ungef\u00e4hr der Fl\u00e4che des Walensees. Die Arbeitszonen weisen 2017 mit 33 bis 41 Prozent den mit Abstand gr\u00f6ssten Anteil an un\u00fcberbauten Bauzonen auf, gefolgt von den Wohnzonen (11 bis 19%).<\/p>\n<p>Aus der Statistik geht weiter hervor, dass sich die Erschliessung der Bauzonen mit dem \u00f6ffentlichen Verkehr zwischen 2012 und 2017 merklich verbessert hat. Der Anteil der Bauzonen mit sehr guten, guten und mittelm\u00e4ssigen Erschliessungen steigt insgesamt von 37 auf 41 Prozent. Diese Fl\u00e4chen liegen zum grossen Teil in st\u00e4dtischen Gebieten und decken zwei Drittel der Einwohner und Besch\u00e4ftigten ab.<\/p>\n<p>Wenn die noch un\u00fcberbauten Bauzonen vollst\u00e4ndig mit der gleichen Dichte wie die \u00fcberbauten Bauzonen \u00fcberbaut w\u00fcrden, b\u00f6ten diese insgesamt Platz f\u00fcr rund 1,0 bis 1,7 Millionen zus\u00e4tzliche Einwohner, teilt das ARE mit und schr\u00e4nkt zugleich ein, dass es sich dabei um eine theoretische Berechnung handelt. Einerseits bef\u00e4nden sich nicht alle un\u00fcberbauten Bauzonen an guten Standorten, andererseits k\u00f6nnten etwa g\u00fcnstig gelegene un\u00fcberbaute Bauzonen fallweise dichter als bislang \u00fcberbaut werden.<\/p>\n<p>&nbsp;<\/p>\n","protected":false},"excerpt":{"rendered":"<p>Die Gesamtfl\u00e4che der Schweizer Bauzonen ist seit 2012 konstant geblieben, sie wird aber intensiver genutzt: Die Nutzungsdichte hat in den letzten f\u00fcnf Jahren um 7,9 Prozent zugenommen.<\/p>\n","protected":false},"author":3,"featured_media":10662,"comment_status":"open","ping_status":"open","sticky":false,"template":"","format":"standard","meta":{"_acf_changed":false,"_yoast_wpseo_focuskw":"Bauzonenstatistik","_yoast_wpseo_title":"","_yoast_wpseo_metadesc":"Aktuelle Bauzonenstatistik: Die Gesamtfl\u00e4che der Bauzonen in der Schweiz ist seit 2012 konstant geblieben, sie wird aber intensiver genutzt.","_yoast_wpseo_linkdex":91,"pgc_sgb_lightbox_settings":"","footnotes":""},"categories":[986],"tags":[1728,1824,1862],"class_list":["post-10590","post","type-post","status-publish","format-standard","has-post-thumbnail","hentry","category-residential","tag-statistik","tag-verdichtung","tag-wohnen"],"acf":[],"yoast_head":"<!-- This site is optimized with the Yoast SEO plugin v27.4 - https:\/\/yoast.com\/product\/yoast-seo-wordpress\/ -->\n<title>Bauzonenstatistik: Verdichtung nimmt zu - IMMOBILIEN Business<\/title>\n<meta name=\"description\" content=\"Aktuelle Bauzonenstatistik: Die Gesamtfl\u00e4che der Bauzonen in der Schweiz ist seit 2012 konstant geblieben, sie wird aber intensiver genutzt.\" \/>\n<meta name=\"robots\" content=\"index, follow, max-snippet:-1, max-image-preview:large, max-video-preview:-1\" \/>\n<link rel=\"canonical\" href=\"https:\/\/www.immobilienbusiness.ch\/de\/residential\/2017-12-15\/bauzonenstatistik-verdichtung-nimmt-zu\/\" \/>\n<meta property=\"og:locale\" content=\"de_DE\" \/>\n<meta property=\"og:type\" content=\"article\" \/>\n<meta property=\"og:title\" content=\"Bauzonenstatistik: Verdichtung nimmt zu\" \/>\n<meta property=\"og:description\" content=\"Aktuelle Bauzonenstatistik: Die Gesamtfl\u00e4che der Bauzonen in der Schweiz ist seit 2012 konstant geblieben, sie wird aber intensiver genutzt.\" \/>\n<meta property=\"og:url\" content=\"https:\/\/www.immobilienbusiness.ch\/de\/residential\/2017-12-15\/bauzonenstatistik-verdichtung-nimmt-zu\/\" \/>\n<meta property=\"og:site_name\" content=\"IMMOBILIEN Business\" \/>\n<meta property=\"article:publisher\" content=\"https:\/\/www.facebook.com\/immobilienbusiness\/\" \/>\n<meta property=\"article:published_time\" content=\"2017-12-15T08:39:58+00:00\" \/>\n<meta property=\"og:image\" content=\"https:\/\/www.immobilienbusiness.ch\/wp-content\/uploads\/2016\/12\/Wohnungsmarkt-Situation-entspannt-sich-immobilien-business.jpg\" \/>\n\t<meta property=\"og:image:width\" content=\"1280\" \/>\n\t<meta property=\"og:image:height\" content=\"959\" \/>\n\t<meta property=\"og:image:type\" content=\"image\/jpeg\" \/>\n<meta name=\"author\" content=\"anja.hall\" \/>\n<meta name=\"twitter:card\" content=\"summary_large_image\" \/>\n<meta name=\"twitter:title\" content=\"Bauzonenstatistik: Verdichtung nimmt zu\" \/>\n<meta name=\"twitter:description\" content=\"Aktuelle Bauzonenstatistik: Die Gesamtfl\u00e4che der Bauzonen in der Schweiz ist seit 2012 konstant geblieben, sie wird aber intensiver genutzt.\" \/>\n<meta name=\"twitter:image\" content=\"https:\/\/www.immobilienbusiness.ch\/wp-content\/uploads\/2016\/12\/Wohnungsmarkt-Situation-entspannt-sich-immobilien-business.jpg\" \/>\n<script type=\"application\/ld+json\" class=\"yoast-schema-graph\">{\"@context\":\"https:\\\/\\\/schema.org\",\"@graph\":[{\"@type\":\"Article\",\"@id\":\"https:\\\/\\\/www.immobilienbusiness.ch\\\/residential\\\/2017-12-15\\\/bauzonenstatistik-verdichtung-nimmt-zu\\\/#article\",\"isPartOf\":{\"@id\":\"https:\\\/\\\/www.immobilienbusiness.ch\\\/residential\\\/2017-12-15\\\/bauzonenstatistik-verdichtung-nimmt-zu\\\/\"},\"author\":{\"name\":\"anja.hall\",\"@id\":\"https:\\\/\\\/www.immobilienbusiness.ch\\\/#\\\/schema\\\/person\\\/3fc036297b10b9f42d6db5ee932af8c8\"},\"headline\":\"Bauzonenstatistik: Verdichtung nimmt zu\",\"datePublished\":\"2017-12-15T08:39:58+00:00\",\"mainEntityOfPage\":{\"@id\":\"https:\\\/\\\/www.immobilienbusiness.ch\\\/residential\\\/2017-12-15\\\/bauzonenstatistik-verdichtung-nimmt-zu\\\/\"},\"wordCount\":348,\"commentCount\":0,\"publisher\":{\"@id\":\"https:\\\/\\\/www.immobilienbusiness.ch\\\/#organization\"},\"image\":{\"@id\":\"https:\\\/\\\/www.immobilienbusiness.ch\\\/residential\\\/2017-12-15\\\/bauzonenstatistik-verdichtung-nimmt-zu\\\/#primaryimage\"},\"thumbnailUrl\":\"https:\\\/\\\/www.immobilienbusiness.ch\\\/wp-content\\\/uploads\\\/2017\\\/12\\\/IB-News-20171215-Bauzonenstatistik-Verdichtung-nimmt-zu-c-Pixabay.png\",\"keywords\":[\"Statistik\",\"Verdichtung\",\"Wohnen\"],\"articleSection\":[\"RESIDENTIAL\"],\"inLanguage\":\"de\"},{\"@type\":\"WebPage\",\"@id\":\"https:\\\/\\\/www.immobilienbusiness.ch\\\/residential\\\/2017-12-15\\\/bauzonenstatistik-verdichtung-nimmt-zu\\\/\",\"url\":\"https:\\\/\\\/www.immobilienbusiness.ch\\\/residential\\\/2017-12-15\\\/bauzonenstatistik-verdichtung-nimmt-zu\\\/\",\"name\":\"Bauzonenstatistik: Verdichtung nimmt zu - IMMOBILIEN Business\",\"isPartOf\":{\"@id\":\"https:\\\/\\\/www.immobilienbusiness.ch\\\/#website\"},\"primaryImageOfPage\":{\"@id\":\"https:\\\/\\\/www.immobilienbusiness.ch\\\/residential\\\/2017-12-15\\\/bauzonenstatistik-verdichtung-nimmt-zu\\\/#primaryimage\"},\"image\":{\"@id\":\"https:\\\/\\\/www.immobilienbusiness.ch\\\/residential\\\/2017-12-15\\\/bauzonenstatistik-verdichtung-nimmt-zu\\\/#primaryimage\"},\"thumbnailUrl\":\"https:\\\/\\\/www.immobilienbusiness.ch\\\/wp-content\\\/uploads\\\/2017\\\/12\\\/IB-News-20171215-Bauzonenstatistik-Verdichtung-nimmt-zu-c-Pixabay.png\",\"datePublished\":\"2017-12-15T08:39:58+00:00\",\"description\":\"Aktuelle Bauzonenstatistik: Die Gesamtfl\u00e4che der Bauzonen in der Schweiz ist seit 2012 konstant geblieben, sie wird aber intensiver genutzt.\",\"breadcrumb\":{\"@id\":\"https:\\\/\\\/www.immobilienbusiness.ch\\\/residential\\\/2017-12-15\\\/bauzonenstatistik-verdichtung-nimmt-zu\\\/#breadcrumb\"},\"inLanguage\":\"de\",\"potentialAction\":[{\"@type\":\"ReadAction\",\"target\":[\"https:\\\/\\\/www.immobilienbusiness.ch\\\/residential\\\/2017-12-15\\\/bauzonenstatistik-verdichtung-nimmt-zu\\\/\"]}]},{\"@type\":\"ImageObject\",\"inLanguage\":\"de\",\"@id\":\"https:\\\/\\\/www.immobilienbusiness.ch\\\/residential\\\/2017-12-15\\\/bauzonenstatistik-verdichtung-nimmt-zu\\\/#primaryimage\",\"url\":\"https:\\\/\\\/www.immobilienbusiness.ch\\\/wp-content\\\/uploads\\\/2017\\\/12\\\/IB-News-20171215-Bauzonenstatistik-Verdichtung-nimmt-zu-c-Pixabay.png\",\"contentUrl\":\"https:\\\/\\\/www.immobilienbusiness.ch\\\/wp-content\\\/uploads\\\/2017\\\/12\\\/IB-News-20171215-Bauzonenstatistik-Verdichtung-nimmt-zu-c-Pixabay.png\",\"width\":675,\"height\":450,\"caption\":\"Der Procimmo 56 (Foto: Pixabay)\"},{\"@type\":\"BreadcrumbList\",\"@id\":\"https:\\\/\\\/www.immobilienbusiness.ch\\\/residential\\\/2017-12-15\\\/bauzonenstatistik-verdichtung-nimmt-zu\\\/#breadcrumb\",\"itemListElement\":[{\"@type\":\"ListItem\",\"position\":1,\"name\":\"Home\",\"item\":\"https:\\\/\\\/www.immobilienbusiness.ch\\\/\"},{\"@type\":\"ListItem\",\"position\":2,\"name\":\"Bauzonenstatistik: Verdichtung nimmt zu\"}]},{\"@type\":\"WebSite\",\"@id\":\"https:\\\/\\\/www.immobilienbusiness.ch\\\/#website\",\"url\":\"https:\\\/\\\/www.immobilienbusiness.ch\\\/\",\"name\":\"IMMOBILIEN Business\",\"description\":\"Unabh\u00e4ngiges Schweizer Wirtschaftsmagazin mit Fokus auf Immobilien, Architektur- und Bau sowie Investment- und Finanzierung.\",\"publisher\":{\"@id\":\"https:\\\/\\\/www.immobilienbusiness.ch\\\/#organization\"},\"potentialAction\":[{\"@type\":\"SearchAction\",\"target\":{\"@type\":\"EntryPoint\",\"urlTemplate\":\"https:\\\/\\\/www.immobilienbusiness.ch\\\/?s={search_term_string}\"},\"query-input\":{\"@type\":\"PropertyValueSpecification\",\"valueRequired\":true,\"valueName\":\"search_term_string\"}}],\"inLanguage\":\"de\"},{\"@type\":\"Organization\",\"@id\":\"https:\\\/\\\/www.immobilienbusiness.ch\\\/#organization\",\"name\":\"IMMOBILIEN Business\",\"url\":\"https:\\\/\\\/www.immobilienbusiness.ch\\\/\",\"logo\":{\"@type\":\"ImageObject\",\"inLanguage\":\"de\",\"@id\":\"https:\\\/\\\/www.immobilienbusiness.ch\\\/#\\\/schema\\\/logo\\\/image\\\/\",\"url\":\"https:\\\/\\\/www.immobilienbusiness.ch\\\/wp-content\\\/uploads\\\/2021\\\/07\\\/logo_ib.png\",\"contentUrl\":\"https:\\\/\\\/www.immobilienbusiness.ch\\\/wp-content\\\/uploads\\\/2021\\\/07\\\/logo_ib.png\",\"width\":800,\"height\":181,\"caption\":\"IMMOBILIEN Business\"},\"image\":{\"@id\":\"https:\\\/\\\/www.immobilienbusiness.ch\\\/#\\\/schema\\\/logo\\\/image\\\/\"},\"sameAs\":[\"https:\\\/\\\/www.facebook.com\\\/immobilienbusiness\\\/\"]},{\"@type\":\"Person\",\"@id\":\"https:\\\/\\\/www.immobilienbusiness.ch\\\/#\\\/schema\\\/person\\\/3fc036297b10b9f42d6db5ee932af8c8\",\"name\":\"anja.hall\",\"image\":{\"@type\":\"ImageObject\",\"inLanguage\":\"de\",\"@id\":\"https:\\\/\\\/secure.gravatar.com\\\/avatar\\\/066b5a0d447013502c71a5782f4f3469f03cfe595cc2329fb94652fe47511bfb?s=96&d=mm&r=g\",\"url\":\"https:\\\/\\\/secure.gravatar.com\\\/avatar\\\/066b5a0d447013502c71a5782f4f3469f03cfe595cc2329fb94652fe47511bfb?s=96&d=mm&r=g\",\"contentUrl\":\"https:\\\/\\\/secure.gravatar.com\\\/avatar\\\/066b5a0d447013502c71a5782f4f3469f03cfe595cc2329fb94652fe47511bfb?s=96&d=mm&r=g\",\"caption\":\"anja.hall\"},\"url\":\"https:\\\/\\\/www.immobilienbusiness.ch\\\/de\\\/author\\\/anja-hall\\\/\"}]}<\/script>\n<!-- \/ Yoast SEO plugin. -->","yoast_head_json":{"title":"Bauzonenstatistik: Verdichtung nimmt zu - IMMOBILIEN Business","description":"Aktuelle Bauzonenstatistik: Die Gesamtfl\u00e4che der Bauzonen in der Schweiz ist seit 2012 konstant geblieben, sie wird aber intensiver genutzt.","robots":{"index":"index","follow":"follow","max-snippet":"max-snippet:-1","max-image-preview":"max-image-preview:large","max-video-preview":"max-video-preview:-1"},"canonical":"https:\/\/www.immobilienbusiness.ch\/de\/residential\/2017-12-15\/bauzonenstatistik-verdichtung-nimmt-zu\/","og_locale":"de_DE","og_type":"article","og_title":"Bauzonenstatistik: Verdichtung nimmt zu","og_description":"Aktuelle Bauzonenstatistik: Die Gesamtfl\u00e4che der Bauzonen in der Schweiz ist seit 2012 konstant geblieben, sie wird aber intensiver genutzt.","og_url":"https:\/\/www.immobilienbusiness.ch\/de\/residential\/2017-12-15\/bauzonenstatistik-verdichtung-nimmt-zu\/","og_site_name":"IMMOBILIEN Business","article_publisher":"https:\/\/www.facebook.com\/immobilienbusiness\/","article_published_time":"2017-12-15T08:39:58+00:00","og_image":[{"width":1280,"height":959,"url":"https:\/\/www.immobilienbusiness.ch\/wp-content\/uploads\/2016\/12\/Wohnungsmarkt-Situation-entspannt-sich-immobilien-business.jpg","type":"image\/jpeg"}],"author":"anja.hall","twitter_card":"summary_large_image","twitter_title":"Bauzonenstatistik: Verdichtung nimmt zu","twitter_description":"Aktuelle Bauzonenstatistik: Die Gesamtfl\u00e4che der Bauzonen in der Schweiz ist seit 2012 konstant geblieben, sie wird aber intensiver genutzt.","twitter_image":"https:\/\/www.immobilienbusiness.ch\/wp-content\/uploads\/2016\/12\/Wohnungsmarkt-Situation-entspannt-sich-immobilien-business.jpg","schema":{"@context":"https:\/\/schema.org","@graph":[{"@type":"Article","@id":"https:\/\/www.immobilienbusiness.ch\/residential\/2017-12-15\/bauzonenstatistik-verdichtung-nimmt-zu\/#article","isPartOf":{"@id":"https:\/\/www.immobilienbusiness.ch\/residential\/2017-12-15\/bauzonenstatistik-verdichtung-nimmt-zu\/"},"author":{"name":"anja.hall","@id":"https:\/\/www.immobilienbusiness.ch\/#\/schema\/person\/3fc036297b10b9f42d6db5ee932af8c8"},"headline":"Bauzonenstatistik: Verdichtung nimmt zu","datePublished":"2017-12-15T08:39:58+00:00","mainEntityOfPage":{"@id":"https:\/\/www.immobilienbusiness.ch\/residential\/2017-12-15\/bauzonenstatistik-verdichtung-nimmt-zu\/"},"wordCount":348,"commentCount":0,"publisher":{"@id":"https:\/\/www.immobilienbusiness.ch\/#organization"},"image":{"@id":"https:\/\/www.immobilienbusiness.ch\/residential\/2017-12-15\/bauzonenstatistik-verdichtung-nimmt-zu\/#primaryimage"},"thumbnailUrl":"https:\/\/www.immobilienbusiness.ch\/wp-content\/uploads\/2017\/12\/IB-News-20171215-Bauzonenstatistik-Verdichtung-nimmt-zu-c-Pixabay.png","keywords":["Statistik","Verdichtung","Wohnen"],"articleSection":["RESIDENTIAL"],"inLanguage":"de"},{"@type":"WebPage","@id":"https:\/\/www.immobilienbusiness.ch\/residential\/2017-12-15\/bauzonenstatistik-verdichtung-nimmt-zu\/","url":"https:\/\/www.immobilienbusiness.ch\/residential\/2017-12-15\/bauzonenstatistik-verdichtung-nimmt-zu\/","name":"Bauzonenstatistik: Verdichtung nimmt zu - IMMOBILIEN Business","isPartOf":{"@id":"https:\/\/www.immobilienbusiness.ch\/#website"},"primaryImageOfPage":{"@id":"https:\/\/www.immobilienbusiness.ch\/residential\/2017-12-15\/bauzonenstatistik-verdichtung-nimmt-zu\/#primaryimage"},"image":{"@id":"https:\/\/www.immobilienbusiness.ch\/residential\/2017-12-15\/bauzonenstatistik-verdichtung-nimmt-zu\/#primaryimage"},"thumbnailUrl":"https:\/\/www.immobilienbusiness.ch\/wp-content\/uploads\/2017\/12\/IB-News-20171215-Bauzonenstatistik-Verdichtung-nimmt-zu-c-Pixabay.png","datePublished":"2017-12-15T08:39:58+00:00","description":"Aktuelle Bauzonenstatistik: Die Gesamtfl\u00e4che der Bauzonen in der Schweiz ist seit 2012 konstant geblieben, sie wird aber intensiver genutzt.","breadcrumb":{"@id":"https:\/\/www.immobilienbusiness.ch\/residential\/2017-12-15\/bauzonenstatistik-verdichtung-nimmt-zu\/#breadcrumb"},"inLanguage":"de","potentialAction":[{"@type":"ReadAction","target":["https:\/\/www.immobilienbusiness.ch\/residential\/2017-12-15\/bauzonenstatistik-verdichtung-nimmt-zu\/"]}]},{"@type":"ImageObject","inLanguage":"de","@id":"https:\/\/www.immobilienbusiness.ch\/residential\/2017-12-15\/bauzonenstatistik-verdichtung-nimmt-zu\/#primaryimage","url":"https:\/\/www.immobilienbusiness.ch\/wp-content\/uploads\/2017\/12\/IB-News-20171215-Bauzonenstatistik-Verdichtung-nimmt-zu-c-Pixabay.png","contentUrl":"https:\/\/www.immobilienbusiness.ch\/wp-content\/uploads\/2017\/12\/IB-News-20171215-Bauzonenstatistik-Verdichtung-nimmt-zu-c-Pixabay.png","width":675,"height":450,"caption":"Der Procimmo 56 (Foto: Pixabay)"},{"@type":"BreadcrumbList","@id":"https:\/\/www.immobilienbusiness.ch\/residential\/2017-12-15\/bauzonenstatistik-verdichtung-nimmt-zu\/#breadcrumb","itemListElement":[{"@type":"ListItem","position":1,"name":"Home","item":"https:\/\/www.immobilienbusiness.ch\/"},{"@type":"ListItem","position":2,"name":"Bauzonenstatistik: Verdichtung nimmt zu"}]},{"@type":"WebSite","@id":"https:\/\/www.immobilienbusiness.ch\/#website","url":"https:\/\/www.immobilienbusiness.ch\/","name":"IMMOBILIEN Business","description":"Unabh\u00e4ngiges Schweizer Wirtschaftsmagazin mit Fokus auf Immobilien, Architektur- und Bau sowie Investment- und Finanzierung.","publisher":{"@id":"https:\/\/www.immobilienbusiness.ch\/#organization"},"potentialAction":[{"@type":"SearchAction","target":{"@type":"EntryPoint","urlTemplate":"https:\/\/www.immobilienbusiness.ch\/?s={search_term_string}"},"query-input":{"@type":"PropertyValueSpecification","valueRequired":true,"valueName":"search_term_string"}}],"inLanguage":"de"},{"@type":"Organization","@id":"https:\/\/www.immobilienbusiness.ch\/#organization","name":"IMMOBILIEN Business","url":"https:\/\/www.immobilienbusiness.ch\/","logo":{"@type":"ImageObject","inLanguage":"de","@id":"https:\/\/www.immobilienbusiness.ch\/#\/schema\/logo\/image\/","url":"https:\/\/www.immobilienbusiness.ch\/wp-content\/uploads\/2021\/07\/logo_ib.png","contentUrl":"https:\/\/www.immobilienbusiness.ch\/wp-content\/uploads\/2021\/07\/logo_ib.png","width":800,"height":181,"caption":"IMMOBILIEN Business"},"image":{"@id":"https:\/\/www.immobilienbusiness.ch\/#\/schema\/logo\/image\/"},"sameAs":["https:\/\/www.facebook.com\/immobilienbusiness\/"]},{"@type":"Person","@id":"https:\/\/www.immobilienbusiness.ch\/#\/schema\/person\/3fc036297b10b9f42d6db5ee932af8c8","name":"anja.hall","image":{"@type":"ImageObject","inLanguage":"de","@id":"https:\/\/secure.gravatar.com\/avatar\/066b5a0d447013502c71a5782f4f3469f03cfe595cc2329fb94652fe47511bfb?s=96&d=mm&r=g","url":"https:\/\/secure.gravatar.com\/avatar\/066b5a0d447013502c71a5782f4f3469f03cfe595cc2329fb94652fe47511bfb?s=96&d=mm&r=g","contentUrl":"https:\/\/secure.gravatar.com\/avatar\/066b5a0d447013502c71a5782f4f3469f03cfe595cc2329fb94652fe47511bfb?s=96&d=mm&r=g","caption":"anja.hall"},"url":"https:\/\/www.immobilienbusiness.ch\/de\/author\/anja-hall\/"}]}},"_links":{"self":[{"href":"https:\/\/www.immobilienbusiness.ch\/de\/wp-json\/wp\/v2\/posts\/10590","targetHints":{"allow":["GET"]}}],"collection":[{"href":"https:\/\/www.immobilienbusiness.ch\/de\/wp-json\/wp\/v2\/posts"}],"about":[{"href":"https:\/\/www.immobilienbusiness.ch\/de\/wp-json\/wp\/v2\/types\/post"}],"author":[{"embeddable":true,"href":"https:\/\/www.immobilienbusiness.ch\/de\/wp-json\/wp\/v2\/users\/3"}],"replies":[{"embeddable":true,"href":"https:\/\/www.immobilienbusiness.ch\/de\/wp-json\/wp\/v2\/comments?post=10590"}],"version-history":[{"count":0,"href":"https:\/\/www.immobilienbusiness.ch\/de\/wp-json\/wp\/v2\/posts\/10590\/revisions"}],"wp:featuredmedia":[{"embeddable":true,"href":"https:\/\/www.immobilienbusiness.ch\/de\/wp-json\/wp\/v2\/media\/10662"}],"wp:attachment":[{"href":"https:\/\/www.immobilienbusiness.ch\/de\/wp-json\/wp\/v2\/media?parent=10590"}],"wp:term":[{"taxonomy":"category","embeddable":true,"href":"https:\/\/www.immobilienbusiness.ch\/de\/wp-json\/wp\/v2\/categories?post=10590"},{"taxonomy":"post_tag","embeddable":true,"href":"https:\/\/www.immobilienbusiness.ch\/de\/wp-json\/wp\/v2\/tags?post=10590"}],"curies":[{"name":"wp","href":"https:\/\/api.w.org\/{rel}","templated":true}]}}