{"id":10522,"date":"2017-12-12T09:47:15","date_gmt":"2017-12-12T08:47:15","guid":{"rendered":"https:\/\/www.immobilienbusiness.ch\/?p=10522"},"modified":"2017-12-12T09:47:15","modified_gmt":"2017-12-12T08:47:15","slug":"zuerich-teileroeffnung-quartierzentrum-friesenberg","status":"publish","type":"post","link":"https:\/\/www.immobilienbusiness.ch\/de\/regionen\/2017-12-12\/zuerich-teileroeffnung-quartierzentrum-friesenberg\/","title":{"rendered":"Z\u00fcrich: Quartierzentrum Friesenberg teiler\u00f6ffnet"},"content":{"rendered":"<figure id=\"attachment_10523\" aria-describedby=\"caption-attachment-10523\" style=\"width: 600px\" class=\"wp-caption alignnone\"><img loading=\"lazy\" decoding=\"async\" class=\"size-full wp-image-10523\" src=\"https:\/\/www.immobilienbusiness.ch\/wp-content\/uploads\/2017\/12\/IB-News-20171212-Er\u00f6ffnung-Quartierzentrum-Friesenberg-Z\u00fcrich-c-FGZ.png\" alt=\"\" width=\"600\" height=\"395\" \/><figcaption id=\"caption-attachment-10523\" class=\"wp-caption-text\">Der erste Teil vom Quartierzentrum Friesenberg in Z\u00fcrich ist fertiggestellt (Visualisierung: FGZ\/Enzmann Fischer Partner)<\/figcaption><\/figure>\n<p>Bis 2019 baut die Familienheim-Genossenschaft Z\u00fcrich (FGZ) im Z\u00fcrcher Stadtquartier Friesenberg am Fusse des Uetlibergs ein neues Quartierzentrum. Anfang Dezember ist der erste Teil des Bauprojekts mit einem grossen Platz in der Mitte, um den sich das italienische Restaurant \u00abLa Piazza\u00bb, ein Coop-Supermarkt, kleine L\u00e4den, eine \u00e4rztliche Gruppenpraxis und Wohnungen gruppieren, eingeweiht worden.<\/p>\n<p>Realisiert wird das aus einem Architekturwettbewerb hervorgegangene Sieger-Projekt des Z\u00fcrcher Architekturb\u00fcros Enzmann Fischer Partner AG. Es umfasst neben einem Gesundheitshaus (Almacasa, MediX, Therapier\u00e4ume u.a.) im ersten Bauabschnitt 37 Wohnungen, im Endausbau werden es 100 Wohneinheiten (ein Viertel hiervon mietsubventioniert) sein. Die Bauarbeiten f\u00fcr die zweite Etappe mit einem f\u00fcnfgeschossigen Neubau entlang der Schweighofstrasse und Arbentalstrasse haben bereits begonnen.<\/p>\n<p>Die Fertigstellung des Geb\u00e4udeensembles soll im Sp\u00e4therbst 2019 erfolgen. Die Investitionssumme f\u00fcr das neue Quartierzentrum Friesenberg der FGZ betr\u00e4gt rund 92 Millionen CHF.<\/p>\n","protected":false},"excerpt":{"rendered":"<p>Am 9. Dezember 2017 wurde der erste Teil des neuen Quartierzentrums Friesenberg im Z\u00fcrcher Kreis 3 offiziell er\u00f6ffnet.<\/p>\n","protected":false},"author":4,"featured_media":10523,"comment_status":"open","ping_status":"open","sticky":false,"template":"","format":"standard","meta":{"_acf_changed":false,"_yoast_wpseo_focuskw":"Quartierzentrum Friesenberg","_yoast_wpseo_title":"","_yoast_wpseo_metadesc":"Am 9. Dezember 2017 hat der Er\u00f6ffnungsanlass zum ersten Teil des neuen Quartierzentrum Friesenberg im Z\u00fcrcher Kreis 3 stattgefunden.","_yoast_wpseo_linkdex":69,"pgc_sgb_lightbox_settings":"","footnotes":""},"categories":[985],"tags":[1077,1141,1219,1250,1254,1269,1599,1613,1643,1862,1888],"class_list":["post-10522","post","type-post","status-publish","format-standard","has-post-thumbnail","hentry","category-regionen","tag-baugenossenschaft","tag-coop","tag-fertigstellung","tag-friesenberg","tag-gastronomie","tag-gesundheitsimmobilien","tag-projekt-in-bau","tag-quartierzentrum","tag-retail","tag-wohnen","tag-zuerich"],"acf":[],"yoast_head":"<!-- This site is optimized with the Yoast SEO plugin v27.5 - https:\/\/yoast.com\/product\/yoast-seo-wordpress\/ -->\n<title>Z\u00fcrich: Quartierzentrum Friesenberg teiler\u00f6ffnet - IMMOBILIEN Business<\/title>\n<meta name=\"description\" content=\"Am 9. Dezember 2017 hat der Er\u00f6ffnungsanlass zum ersten Teil des neuen Quartierzentrum Friesenberg im Z\u00fcrcher Kreis 3 stattgefunden.\" \/>\n<meta name=\"robots\" content=\"index, follow, max-snippet:-1, max-image-preview:large, max-video-preview:-1\" \/>\n<link rel=\"canonical\" href=\"https:\/\/www.immobilienbusiness.ch\/de\/regionen\/2017-12-12\/zuerich-teileroeffnung-quartierzentrum-friesenberg\/\" \/>\n<meta property=\"og:locale\" content=\"de_DE\" \/>\n<meta property=\"og:type\" content=\"article\" \/>\n<meta property=\"og:title\" content=\"Z\u00fcrich: Quartierzentrum Friesenberg teiler\u00f6ffnet\" \/>\n<meta property=\"og:description\" content=\"Am 9. Dezember 2017 hat der Er\u00f6ffnungsanlass zum ersten Teil des neuen Quartierzentrum Friesenberg im Z\u00fcrcher Kreis 3 stattgefunden.\" \/>\n<meta property=\"og:url\" content=\"https:\/\/www.immobilienbusiness.ch\/de\/regionen\/2017-12-12\/zuerich-teileroeffnung-quartierzentrum-friesenberg\/\" \/>\n<meta property=\"og:site_name\" content=\"IMMOBILIEN Business\" \/>\n<meta property=\"article:publisher\" content=\"https:\/\/www.facebook.com\/immobilienbusiness\/\" \/>\n<meta property=\"article:published_time\" content=\"2017-12-12T08:47:15+00:00\" \/>\n<meta property=\"og:image\" content=\"https:\/\/www.immobilienbusiness.ch\/wp-content\/uploads\/2017\/12\/IB-News-20171212-Eroeffnung-Quartierzentrum-Friesenberg-Zuerich-c-FGZ.png\" \/>\n\t<meta property=\"og:image:width\" content=\"600\" \/>\n\t<meta property=\"og:image:height\" content=\"395\" \/>\n\t<meta property=\"og:image:type\" content=\"image\/png\" \/>\n<meta name=\"author\" content=\"mathias.rinka\" \/>\n<meta name=\"twitter:card\" content=\"summary_large_image\" \/>\n<meta name=\"twitter:title\" content=\"Z\u00fcrich: Quartierzentrum Friesenberg teiler\u00f6ffnet\" \/>\n<meta name=\"twitter:description\" content=\"Am 9. Dezember 2017 hat der Er\u00f6ffnungsanlass zum ersten Teil des neuen Quartierzentrum Friesenberg im Z\u00fcrcher Kreis 3 stattgefunden.\" \/>\n<script type=\"application\/ld+json\" class=\"yoast-schema-graph\">{\"@context\":\"https:\\\/\\\/schema.org\",\"@graph\":[{\"@type\":\"Article\",\"@id\":\"https:\\\/\\\/www.immobilienbusiness.ch\\\/de\\\/regionen\\\/2017-12-12\\\/zuerich-teileroeffnung-quartierzentrum-friesenberg\\\/#article\",\"isPartOf\":{\"@id\":\"https:\\\/\\\/www.immobilienbusiness.ch\\\/de\\\/regionen\\\/2017-12-12\\\/zuerich-teileroeffnung-quartierzentrum-friesenberg\\\/\"},\"author\":{\"name\":\"mathias.rinka\",\"@id\":\"https:\\\/\\\/www.immobilienbusiness.ch\\\/#\\\/schema\\\/person\\\/31be7383261ea656cfe52cad71fdc211\"},\"headline\":\"Z\u00fcrich: Quartierzentrum Friesenberg teiler\u00f6ffnet\",\"datePublished\":\"2017-12-12T08:47:15+00:00\",\"mainEntityOfPage\":{\"@id\":\"https:\\\/\\\/www.immobilienbusiness.ch\\\/de\\\/regionen\\\/2017-12-12\\\/zuerich-teileroeffnung-quartierzentrum-friesenberg\\\/\"},\"wordCount\":171,\"commentCount\":0,\"publisher\":{\"@id\":\"https:\\\/\\\/www.immobilienbusiness.ch\\\/#organization\"},\"image\":{\"@id\":\"https:\\\/\\\/www.immobilienbusiness.ch\\\/de\\\/regionen\\\/2017-12-12\\\/zuerich-teileroeffnung-quartierzentrum-friesenberg\\\/#primaryimage\"},\"thumbnailUrl\":\"https:\\\/\\\/www.immobilienbusiness.ch\\\/wp-content\\\/uploads\\\/2017\\\/12\\\/IB-News-20171212-Eroeffnung-Quartierzentrum-Friesenberg-Zuerich-c-FGZ.png\",\"keywords\":[\"Baugenossenschaft\",\"Coop\",\"Fertigstellung\",\"Friesenberg\",\"Gastronomie\",\"Gesundheitsimmobilien\",\"Projekt in Bau\",\"Quartierzentrum\",\"Retail\",\"Wohnen\",\"Z\u00fcrich\"],\"articleSection\":[\"REGIONEN\"],\"inLanguage\":\"de\"},{\"@type\":\"WebPage\",\"@id\":\"https:\\\/\\\/www.immobilienbusiness.ch\\\/de\\\/regionen\\\/2017-12-12\\\/zuerich-teileroeffnung-quartierzentrum-friesenberg\\\/\",\"url\":\"https:\\\/\\\/www.immobilienbusiness.ch\\\/de\\\/regionen\\\/2017-12-12\\\/zuerich-teileroeffnung-quartierzentrum-friesenberg\\\/\",\"name\":\"Z\u00fcrich: Quartierzentrum Friesenberg teiler\u00f6ffnet - IMMOBILIEN Business\",\"isPartOf\":{\"@id\":\"https:\\\/\\\/www.immobilienbusiness.ch\\\/#website\"},\"primaryImageOfPage\":{\"@id\":\"https:\\\/\\\/www.immobilienbusiness.ch\\\/de\\\/regionen\\\/2017-12-12\\\/zuerich-teileroeffnung-quartierzentrum-friesenberg\\\/#primaryimage\"},\"image\":{\"@id\":\"https:\\\/\\\/www.immobilienbusiness.ch\\\/de\\\/regionen\\\/2017-12-12\\\/zuerich-teileroeffnung-quartierzentrum-friesenberg\\\/#primaryimage\"},\"thumbnailUrl\":\"https:\\\/\\\/www.immobilienbusiness.ch\\\/wp-content\\\/uploads\\\/2017\\\/12\\\/IB-News-20171212-Eroeffnung-Quartierzentrum-Friesenberg-Zuerich-c-FGZ.png\",\"datePublished\":\"2017-12-12T08:47:15+00:00\",\"description\":\"Am 9. Dezember 2017 hat der Er\u00f6ffnungsanlass zum ersten Teil des neuen Quartierzentrum Friesenberg im Z\u00fcrcher Kreis 3 stattgefunden.\",\"breadcrumb\":{\"@id\":\"https:\\\/\\\/www.immobilienbusiness.ch\\\/de\\\/regionen\\\/2017-12-12\\\/zuerich-teileroeffnung-quartierzentrum-friesenberg\\\/#breadcrumb\"},\"inLanguage\":\"de\",\"potentialAction\":[{\"@type\":\"ReadAction\",\"target\":[\"https:\\\/\\\/www.immobilienbusiness.ch\\\/de\\\/regionen\\\/2017-12-12\\\/zuerich-teileroeffnung-quartierzentrum-friesenberg\\\/\"]}]},{\"@type\":\"ImageObject\",\"inLanguage\":\"de\",\"@id\":\"https:\\\/\\\/www.immobilienbusiness.ch\\\/de\\\/regionen\\\/2017-12-12\\\/zuerich-teileroeffnung-quartierzentrum-friesenberg\\\/#primaryimage\",\"url\":\"https:\\\/\\\/www.immobilienbusiness.ch\\\/wp-content\\\/uploads\\\/2017\\\/12\\\/IB-News-20171212-Eroeffnung-Quartierzentrum-Friesenberg-Zuerich-c-FGZ.png\",\"contentUrl\":\"https:\\\/\\\/www.immobilienbusiness.ch\\\/wp-content\\\/uploads\\\/2017\\\/12\\\/IB-News-20171212-Eroeffnung-Quartierzentrum-Friesenberg-Zuerich-c-FGZ.png\",\"width\":600,\"height\":395,\"caption\":\"Der erste Teil des neuen Quartiers Friesenberg in Z\u00fcrich ist fertiggestellt (Visualisierung: FGZ\\\/Enzmann Fischer Partner)\"},{\"@type\":\"BreadcrumbList\",\"@id\":\"https:\\\/\\\/www.immobilienbusiness.ch\\\/de\\\/regionen\\\/2017-12-12\\\/zuerich-teileroeffnung-quartierzentrum-friesenberg\\\/#breadcrumb\",\"itemListElement\":[{\"@type\":\"ListItem\",\"position\":1,\"name\":\"Home\",\"item\":\"https:\\\/\\\/www.immobilienbusiness.ch\\\/\"},{\"@type\":\"ListItem\",\"position\":2,\"name\":\"Z\u00fcrich: Quartierzentrum Friesenberg teiler\u00f6ffnet\"}]},{\"@type\":\"WebSite\",\"@id\":\"https:\\\/\\\/www.immobilienbusiness.ch\\\/#website\",\"url\":\"https:\\\/\\\/www.immobilienbusiness.ch\\\/\",\"name\":\"IMMOBILIEN Business\",\"description\":\"Unabh\u00e4ngiges Schweizer Wirtschaftsmagazin mit Fokus auf Immobilien, Architektur- und Bau sowie Investment- und Finanzierung.\",\"publisher\":{\"@id\":\"https:\\\/\\\/www.immobilienbusiness.ch\\\/#organization\"},\"potentialAction\":[{\"@type\":\"SearchAction\",\"target\":{\"@type\":\"EntryPoint\",\"urlTemplate\":\"https:\\\/\\\/www.immobilienbusiness.ch\\\/?s={search_term_string}\"},\"query-input\":{\"@type\":\"PropertyValueSpecification\",\"valueRequired\":true,\"valueName\":\"search_term_string\"}}],\"inLanguage\":\"de\"},{\"@type\":\"Organization\",\"@id\":\"https:\\\/\\\/www.immobilienbusiness.ch\\\/#organization\",\"name\":\"IMMOBILIEN Business\",\"url\":\"https:\\\/\\\/www.immobilienbusiness.ch\\\/\",\"logo\":{\"@type\":\"ImageObject\",\"inLanguage\":\"de\",\"@id\":\"https:\\\/\\\/www.immobilienbusiness.ch\\\/#\\\/schema\\\/logo\\\/image\\\/\",\"url\":\"https:\\\/\\\/www.immobilienbusiness.ch\\\/wp-content\\\/uploads\\\/2021\\\/07\\\/logo_ib.png\",\"contentUrl\":\"https:\\\/\\\/www.immobilienbusiness.ch\\\/wp-content\\\/uploads\\\/2021\\\/07\\\/logo_ib.png\",\"width\":800,\"height\":181,\"caption\":\"IMMOBILIEN Business\"},\"image\":{\"@id\":\"https:\\\/\\\/www.immobilienbusiness.ch\\\/#\\\/schema\\\/logo\\\/image\\\/\"},\"sameAs\":[\"https:\\\/\\\/www.facebook.com\\\/immobilienbusiness\\\/\"]},{\"@type\":\"Person\",\"@id\":\"https:\\\/\\\/www.immobilienbusiness.ch\\\/#\\\/schema\\\/person\\\/31be7383261ea656cfe52cad71fdc211\",\"name\":\"mathias.rinka\",\"image\":{\"@type\":\"ImageObject\",\"inLanguage\":\"de\",\"@id\":\"https:\\\/\\\/secure.gravatar.com\\\/avatar\\\/?s=96&d=mm&r=g\",\"url\":\"https:\\\/\\\/secure.gravatar.com\\\/avatar\\\/?s=96&d=mm&r=g\",\"contentUrl\":\"https:\\\/\\\/secure.gravatar.com\\\/avatar\\\/?s=96&d=mm&r=g\",\"caption\":\"mathias.rinka\"},\"url\":\"https:\\\/\\\/www.immobilienbusiness.ch\\\/de\\\/author\\\/mathias-rinka\\\/\"}]}<\/script>\n<!-- \/ Yoast SEO plugin. -->","yoast_head_json":{"title":"Z\u00fcrich: Quartierzentrum Friesenberg teiler\u00f6ffnet - IMMOBILIEN Business","description":"Am 9. Dezember 2017 hat der Er\u00f6ffnungsanlass zum ersten Teil des neuen Quartierzentrum Friesenberg im Z\u00fcrcher Kreis 3 stattgefunden.","robots":{"index":"index","follow":"follow","max-snippet":"max-snippet:-1","max-image-preview":"max-image-preview:large","max-video-preview":"max-video-preview:-1"},"canonical":"https:\/\/www.immobilienbusiness.ch\/de\/regionen\/2017-12-12\/zuerich-teileroeffnung-quartierzentrum-friesenberg\/","og_locale":"de_DE","og_type":"article","og_title":"Z\u00fcrich: Quartierzentrum Friesenberg teiler\u00f6ffnet","og_description":"Am 9. Dezember 2017 hat der Er\u00f6ffnungsanlass zum ersten Teil des neuen Quartierzentrum Friesenberg im Z\u00fcrcher Kreis 3 stattgefunden.","og_url":"https:\/\/www.immobilienbusiness.ch\/de\/regionen\/2017-12-12\/zuerich-teileroeffnung-quartierzentrum-friesenberg\/","og_site_name":"IMMOBILIEN Business","article_publisher":"https:\/\/www.facebook.com\/immobilienbusiness\/","article_published_time":"2017-12-12T08:47:15+00:00","og_image":[{"width":600,"height":395,"url":"https:\/\/www.immobilienbusiness.ch\/wp-content\/uploads\/2017\/12\/IB-News-20171212-Eroeffnung-Quartierzentrum-Friesenberg-Zuerich-c-FGZ.png","type":"image\/png"}],"author":"mathias.rinka","twitter_card":"summary_large_image","twitter_title":"Z\u00fcrich: Quartierzentrum Friesenberg teiler\u00f6ffnet","twitter_description":"Am 9. Dezember 2017 hat der Er\u00f6ffnungsanlass zum ersten Teil des neuen Quartierzentrum Friesenberg im Z\u00fcrcher Kreis 3 stattgefunden.","schema":{"@context":"https:\/\/schema.org","@graph":[{"@type":"Article","@id":"https:\/\/www.immobilienbusiness.ch\/de\/regionen\/2017-12-12\/zuerich-teileroeffnung-quartierzentrum-friesenberg\/#article","isPartOf":{"@id":"https:\/\/www.immobilienbusiness.ch\/de\/regionen\/2017-12-12\/zuerich-teileroeffnung-quartierzentrum-friesenberg\/"},"author":{"name":"mathias.rinka","@id":"https:\/\/www.immobilienbusiness.ch\/#\/schema\/person\/31be7383261ea656cfe52cad71fdc211"},"headline":"Z\u00fcrich: Quartierzentrum Friesenberg teiler\u00f6ffnet","datePublished":"2017-12-12T08:47:15+00:00","mainEntityOfPage":{"@id":"https:\/\/www.immobilienbusiness.ch\/de\/regionen\/2017-12-12\/zuerich-teileroeffnung-quartierzentrum-friesenberg\/"},"wordCount":171,"commentCount":0,"publisher":{"@id":"https:\/\/www.immobilienbusiness.ch\/#organization"},"image":{"@id":"https:\/\/www.immobilienbusiness.ch\/de\/regionen\/2017-12-12\/zuerich-teileroeffnung-quartierzentrum-friesenberg\/#primaryimage"},"thumbnailUrl":"https:\/\/www.immobilienbusiness.ch\/wp-content\/uploads\/2017\/12\/IB-News-20171212-Eroeffnung-Quartierzentrum-Friesenberg-Zuerich-c-FGZ.png","keywords":["Baugenossenschaft","Coop","Fertigstellung","Friesenberg","Gastronomie","Gesundheitsimmobilien","Projekt in Bau","Quartierzentrum","Retail","Wohnen","Z\u00fcrich"],"articleSection":["REGIONEN"],"inLanguage":"de"},{"@type":"WebPage","@id":"https:\/\/www.immobilienbusiness.ch\/de\/regionen\/2017-12-12\/zuerich-teileroeffnung-quartierzentrum-friesenberg\/","url":"https:\/\/www.immobilienbusiness.ch\/de\/regionen\/2017-12-12\/zuerich-teileroeffnung-quartierzentrum-friesenberg\/","name":"Z\u00fcrich: Quartierzentrum Friesenberg teiler\u00f6ffnet - IMMOBILIEN Business","isPartOf":{"@id":"https:\/\/www.immobilienbusiness.ch\/#website"},"primaryImageOfPage":{"@id":"https:\/\/www.immobilienbusiness.ch\/de\/regionen\/2017-12-12\/zuerich-teileroeffnung-quartierzentrum-friesenberg\/#primaryimage"},"image":{"@id":"https:\/\/www.immobilienbusiness.ch\/de\/regionen\/2017-12-12\/zuerich-teileroeffnung-quartierzentrum-friesenberg\/#primaryimage"},"thumbnailUrl":"https:\/\/www.immobilienbusiness.ch\/wp-content\/uploads\/2017\/12\/IB-News-20171212-Eroeffnung-Quartierzentrum-Friesenberg-Zuerich-c-FGZ.png","datePublished":"2017-12-12T08:47:15+00:00","description":"Am 9. Dezember 2017 hat der Er\u00f6ffnungsanlass zum ersten Teil des neuen Quartierzentrum Friesenberg im Z\u00fcrcher Kreis 3 stattgefunden.","breadcrumb":{"@id":"https:\/\/www.immobilienbusiness.ch\/de\/regionen\/2017-12-12\/zuerich-teileroeffnung-quartierzentrum-friesenberg\/#breadcrumb"},"inLanguage":"de","potentialAction":[{"@type":"ReadAction","target":["https:\/\/www.immobilienbusiness.ch\/de\/regionen\/2017-12-12\/zuerich-teileroeffnung-quartierzentrum-friesenberg\/"]}]},{"@type":"ImageObject","inLanguage":"de","@id":"https:\/\/www.immobilienbusiness.ch\/de\/regionen\/2017-12-12\/zuerich-teileroeffnung-quartierzentrum-friesenberg\/#primaryimage","url":"https:\/\/www.immobilienbusiness.ch\/wp-content\/uploads\/2017\/12\/IB-News-20171212-Eroeffnung-Quartierzentrum-Friesenberg-Zuerich-c-FGZ.png","contentUrl":"https:\/\/www.immobilienbusiness.ch\/wp-content\/uploads\/2017\/12\/IB-News-20171212-Eroeffnung-Quartierzentrum-Friesenberg-Zuerich-c-FGZ.png","width":600,"height":395,"caption":"Der erste Teil des neuen Quartiers Friesenberg in Z\u00fcrich ist fertiggestellt (Visualisierung: FGZ\/Enzmann Fischer Partner)"},{"@type":"BreadcrumbList","@id":"https:\/\/www.immobilienbusiness.ch\/de\/regionen\/2017-12-12\/zuerich-teileroeffnung-quartierzentrum-friesenberg\/#breadcrumb","itemListElement":[{"@type":"ListItem","position":1,"name":"Home","item":"https:\/\/www.immobilienbusiness.ch\/"},{"@type":"ListItem","position":2,"name":"Z\u00fcrich: Quartierzentrum Friesenberg teiler\u00f6ffnet"}]},{"@type":"WebSite","@id":"https:\/\/www.immobilienbusiness.ch\/#website","url":"https:\/\/www.immobilienbusiness.ch\/","name":"IMMOBILIEN Business","description":"Unabh\u00e4ngiges Schweizer Wirtschaftsmagazin mit Fokus auf Immobilien, Architektur- und Bau sowie Investment- und Finanzierung.","publisher":{"@id":"https:\/\/www.immobilienbusiness.ch\/#organization"},"potentialAction":[{"@type":"SearchAction","target":{"@type":"EntryPoint","urlTemplate":"https:\/\/www.immobilienbusiness.ch\/?s={search_term_string}"},"query-input":{"@type":"PropertyValueSpecification","valueRequired":true,"valueName":"search_term_string"}}],"inLanguage":"de"},{"@type":"Organization","@id":"https:\/\/www.immobilienbusiness.ch\/#organization","name":"IMMOBILIEN Business","url":"https:\/\/www.immobilienbusiness.ch\/","logo":{"@type":"ImageObject","inLanguage":"de","@id":"https:\/\/www.immobilienbusiness.ch\/#\/schema\/logo\/image\/","url":"https:\/\/www.immobilienbusiness.ch\/wp-content\/uploads\/2021\/07\/logo_ib.png","contentUrl":"https:\/\/www.immobilienbusiness.ch\/wp-content\/uploads\/2021\/07\/logo_ib.png","width":800,"height":181,"caption":"IMMOBILIEN Business"},"image":{"@id":"https:\/\/www.immobilienbusiness.ch\/#\/schema\/logo\/image\/"},"sameAs":["https:\/\/www.facebook.com\/immobilienbusiness\/"]},{"@type":"Person","@id":"https:\/\/www.immobilienbusiness.ch\/#\/schema\/person\/31be7383261ea656cfe52cad71fdc211","name":"mathias.rinka","image":{"@type":"ImageObject","inLanguage":"de","@id":"https:\/\/secure.gravatar.com\/avatar\/?s=96&d=mm&r=g","url":"https:\/\/secure.gravatar.com\/avatar\/?s=96&d=mm&r=g","contentUrl":"https:\/\/secure.gravatar.com\/avatar\/?s=96&d=mm&r=g","caption":"mathias.rinka"},"url":"https:\/\/www.immobilienbusiness.ch\/de\/author\/mathias-rinka\/"}]}},"_links":{"self":[{"href":"https:\/\/www.immobilienbusiness.ch\/de\/wp-json\/wp\/v2\/posts\/10522","targetHints":{"allow":["GET"]}}],"collection":[{"href":"https:\/\/www.immobilienbusiness.ch\/de\/wp-json\/wp\/v2\/posts"}],"about":[{"href":"https:\/\/www.immobilienbusiness.ch\/de\/wp-json\/wp\/v2\/types\/post"}],"author":[{"embeddable":true,"href":"https:\/\/www.immobilienbusiness.ch\/de\/wp-json\/wp\/v2\/users\/4"}],"replies":[{"embeddable":true,"href":"https:\/\/www.immobilienbusiness.ch\/de\/wp-json\/wp\/v2\/comments?post=10522"}],"version-history":[{"count":0,"href":"https:\/\/www.immobilienbusiness.ch\/de\/wp-json\/wp\/v2\/posts\/10522\/revisions"}],"wp:featuredmedia":[{"embeddable":true,"href":"https:\/\/www.immobilienbusiness.ch\/de\/wp-json\/wp\/v2\/media\/10523"}],"wp:attachment":[{"href":"https:\/\/www.immobilienbusiness.ch\/de\/wp-json\/wp\/v2\/media?parent=10522"}],"wp:term":[{"taxonomy":"category","embeddable":true,"href":"https:\/\/www.immobilienbusiness.ch\/de\/wp-json\/wp\/v2\/categories?post=10522"},{"taxonomy":"post_tag","embeddable":true,"href":"https:\/\/www.immobilienbusiness.ch\/de\/wp-json\/wp\/v2\/tags?post=10522"}],"curies":[{"name":"wp","href":"https:\/\/api.w.org\/{rel}","templated":true}]}}