{"id":10397,"date":"2017-12-05T08:50:07","date_gmt":"2017-12-05T07:50:07","guid":{"rendered":"https:\/\/www.immobilienbusiness.ch\/?p=10397"},"modified":"2017-12-05T08:50:07","modified_gmt":"2017-12-05T07:50:07","slug":"sbb-immobilien-neuer-leiter-finanzen","status":"publish","type":"post","link":"https:\/\/www.immobilienbusiness.ch\/de\/unternehmen\/2017-12-05\/sbb-immobilien-neuer-leiter-finanzen\/","title":{"rendered":"SBB Immobilien: Neuer Leiter Finanzen"},"content":{"rendered":"<figure id=\"attachment_10403\" aria-describedby=\"caption-attachment-10403\" style=\"width: 680px\" class=\"wp-caption alignnone\"><img loading=\"lazy\" decoding=\"async\" class=\"size-medium wp-image-10403\" src=\"https:\/\/www.immobilienbusiness.ch\/wp-content\/uploads\/2017\/12\/news_steiger_1600x500.jpg\" alt=\"\" width=\"680\" height=\"381\" srcset=\"https:\/\/www.immobilienbusiness.ch\/wp-content\/uploads\/2017\/12\/news_steiger_1600x500.jpg 886w, https:\/\/www.immobilienbusiness.ch\/wp-content\/uploads\/2017\/12\/news_steiger_1600x500-300x168.jpg 300w, https:\/\/www.immobilienbusiness.ch\/wp-content\/uploads\/2017\/12\/news_steiger_1600x500-768x431.jpg 768w, https:\/\/www.immobilienbusiness.ch\/wp-content\/uploads\/2017\/12\/news_steiger_1600x500-16x9.jpg 16w, https:\/\/www.immobilienbusiness.ch\/wp-content\/uploads\/2017\/12\/news_steiger_1600x500-312x175.jpg 312w, https:\/\/www.immobilienbusiness.ch\/wp-content\/uploads\/2017\/12\/news_steiger_1600x500-624x350.jpg 624w\" sizes=\"auto, (max-width: 680px) 100vw, 680px\" \/><figcaption id=\"caption-attachment-10403\" class=\"wp-caption-text\">Franz Steiger wechselte von SGE zur SBB (Bild: SBB Immobilien)<\/figcaption><\/figure>\n<p>Franz Steiger ist seit 1. Dezember 2017 neuer Leiter Finanzen und Mitglied der Gesch\u00e4ftsleitung von SBB Immobilien. Dies teilt die Immobiliengesellschaft auf ihrer Website mit. Der 45-J\u00e4hrige war vor seinem Eintritt bei den Schweizerischen Bundesbahnen l\u00e4ngerere Zeit Finanzchef bei Switzerland Global Enterprise (SGE) und dort zuletzt Leiter Transformation und Digitalisierung. In dieser Funktion war er auch Stellvertreter des CEO.<\/p>\n<p>Steiger hat einen Executive MBA der Universit\u00e4t Z\u00fcrich sowie einen Executive Master in Corporate Finance des Instituts f\u00fcr Finanzdienstleistungen in Zug. Zudem ist er eidg. dipl. Experte in Rechnungslegung und Controlling sowie Fachmann im Finanz- und Rechnungswesen mit eidg. Fachausweis.<\/p>\n<p>&nbsp;<\/p>\n","protected":false},"excerpt":{"rendered":"<p>Franz Steiger hat zum 1. Dezember 2017 die Leitung der Finanzen bei der SBB Immobilien \u00fcbernommen.<\/p>\n","protected":false},"author":3,"featured_media":10403,"comment_status":"open","ping_status":"open","sticky":false,"template":"","format":"standard","meta":{"_acf_changed":false,"_yoast_wpseo_focuskw":"SBB Immobilien","_yoast_wpseo_title":"","_yoast_wpseo_metadesc":"Franz Steiger hat zum 1. Dezember die Leitung der Finanzen von SBB Immobilien \u00fcbernommen.","_yoast_wpseo_linkdex":66,"pgc_sgb_lightbox_settings":"","footnotes":""},"categories":[988],"tags":[1563,1807],"class_list":["post-10397","post","type-post","status-publish","format-standard","has-post-thumbnail","hentry","category-unternehmen","tag-personalia","tag-unternehmen"],"acf":[],"yoast_head":"<!-- This site is optimized with the Yoast SEO plugin v27.4 - https:\/\/yoast.com\/product\/yoast-seo-wordpress\/ -->\n<title>SBB Immobilien: Neuer Leiter Finanzen - IMMOBILIEN Business<\/title>\n<meta name=\"description\" content=\"Franz Steiger hat zum 1. Dezember die Leitung der Finanzen von SBB Immobilien \u00fcbernommen.\" \/>\n<meta name=\"robots\" content=\"index, follow, max-snippet:-1, max-image-preview:large, max-video-preview:-1\" \/>\n<link rel=\"canonical\" href=\"https:\/\/www.immobilienbusiness.ch\/de\/unternehmen\/2017-12-05\/sbb-immobilien-neuer-leiter-finanzen\/\" \/>\n<meta property=\"og:locale\" content=\"de_DE\" \/>\n<meta property=\"og:type\" content=\"article\" \/>\n<meta property=\"og:title\" content=\"SBB Immobilien: Neuer Leiter Finanzen\" \/>\n<meta property=\"og:description\" content=\"Franz Steiger hat zum 1. Dezember die Leitung der Finanzen von SBB Immobilien \u00fcbernommen.\" \/>\n<meta property=\"og:url\" content=\"https:\/\/www.immobilienbusiness.ch\/de\/unternehmen\/2017-12-05\/sbb-immobilien-neuer-leiter-finanzen\/\" \/>\n<meta property=\"og:site_name\" content=\"IMMOBILIEN Business\" \/>\n<meta property=\"article:publisher\" content=\"https:\/\/www.facebook.com\/immobilienbusiness\/\" \/>\n<meta property=\"article:published_time\" content=\"2017-12-05T07:50:07+00:00\" \/>\n<meta property=\"og:image\" content=\"https:\/\/www.immobilienbusiness.ch\/wp-content\/uploads\/2017\/12\/news_steiger_1600x500.jpg\" \/>\n\t<meta property=\"og:image:width\" content=\"886\" \/>\n\t<meta property=\"og:image:height\" content=\"497\" \/>\n\t<meta property=\"og:image:type\" content=\"image\/jpeg\" \/>\n<meta name=\"author\" content=\"anja.hall\" \/>\n<meta name=\"twitter:card\" content=\"summary_large_image\" \/>\n<meta name=\"twitter:title\" content=\"SBB Immobilien: Neuer Leiter Finanzen\" \/>\n<meta name=\"twitter:description\" content=\"Franz Steiger hat zum 1. Dezember die Leitung der Finanzen von SBB Immobilien \u00fcbernommen.\" \/>\n<meta name=\"twitter:image\" content=\"https:\/\/www.immobilienbusiness.ch\/wp-content\/uploads\/2017\/12\/news_steiger_1600x500.jpg\" \/>\n<script type=\"application\/ld+json\" class=\"yoast-schema-graph\">{\"@context\":\"https:\\\/\\\/schema.org\",\"@graph\":[{\"@type\":\"Article\",\"@id\":\"https:\\\/\\\/www.immobilienbusiness.ch\\\/en\\\/unternehmen\\\/2017-12-05\\\/sbb-immobilien-neuer-leiter-finanzen\\\/#article\",\"isPartOf\":{\"@id\":\"https:\\\/\\\/www.immobilienbusiness.ch\\\/en\\\/unternehmen\\\/2017-12-05\\\/sbb-immobilien-neuer-leiter-finanzen\\\/\"},\"author\":{\"name\":\"anja.hall\",\"@id\":\"https:\\\/\\\/www.immobilienbusiness.ch\\\/#\\\/schema\\\/person\\\/3fc036297b10b9f42d6db5ee932af8c8\"},\"headline\":\"SBB Immobilien: Neuer Leiter Finanzen\",\"datePublished\":\"2017-12-05T07:50:07+00:00\",\"mainEntityOfPage\":{\"@id\":\"https:\\\/\\\/www.immobilienbusiness.ch\\\/en\\\/unternehmen\\\/2017-12-05\\\/sbb-immobilien-neuer-leiter-finanzen\\\/\"},\"wordCount\":126,\"commentCount\":0,\"publisher\":{\"@id\":\"https:\\\/\\\/www.immobilienbusiness.ch\\\/#organization\"},\"image\":{\"@id\":\"https:\\\/\\\/www.immobilienbusiness.ch\\\/en\\\/unternehmen\\\/2017-12-05\\\/sbb-immobilien-neuer-leiter-finanzen\\\/#primaryimage\"},\"thumbnailUrl\":\"https:\\\/\\\/www.immobilienbusiness.ch\\\/wp-content\\\/uploads\\\/2017\\\/12\\\/news_steiger_1600x500.jpg\",\"keywords\":[\"Personalia\",\"Unternehmen\"],\"articleSection\":[\"UNTERNEHMEN\"],\"inLanguage\":\"de\"},{\"@type\":\"WebPage\",\"@id\":\"https:\\\/\\\/www.immobilienbusiness.ch\\\/en\\\/unternehmen\\\/2017-12-05\\\/sbb-immobilien-neuer-leiter-finanzen\\\/\",\"url\":\"https:\\\/\\\/www.immobilienbusiness.ch\\\/en\\\/unternehmen\\\/2017-12-05\\\/sbb-immobilien-neuer-leiter-finanzen\\\/\",\"name\":\"SBB Immobilien: Neuer Leiter Finanzen - IMMOBILIEN Business\",\"isPartOf\":{\"@id\":\"https:\\\/\\\/www.immobilienbusiness.ch\\\/#website\"},\"primaryImageOfPage\":{\"@id\":\"https:\\\/\\\/www.immobilienbusiness.ch\\\/en\\\/unternehmen\\\/2017-12-05\\\/sbb-immobilien-neuer-leiter-finanzen\\\/#primaryimage\"},\"image\":{\"@id\":\"https:\\\/\\\/www.immobilienbusiness.ch\\\/en\\\/unternehmen\\\/2017-12-05\\\/sbb-immobilien-neuer-leiter-finanzen\\\/#primaryimage\"},\"thumbnailUrl\":\"https:\\\/\\\/www.immobilienbusiness.ch\\\/wp-content\\\/uploads\\\/2017\\\/12\\\/news_steiger_1600x500.jpg\",\"datePublished\":\"2017-12-05T07:50:07+00:00\",\"description\":\"Franz Steiger hat zum 1. Dezember die Leitung der Finanzen von SBB Immobilien \u00fcbernommen.\",\"breadcrumb\":{\"@id\":\"https:\\\/\\\/www.immobilienbusiness.ch\\\/en\\\/unternehmen\\\/2017-12-05\\\/sbb-immobilien-neuer-leiter-finanzen\\\/#breadcrumb\"},\"inLanguage\":\"de\",\"potentialAction\":[{\"@type\":\"ReadAction\",\"target\":[\"https:\\\/\\\/www.immobilienbusiness.ch\\\/en\\\/unternehmen\\\/2017-12-05\\\/sbb-immobilien-neuer-leiter-finanzen\\\/\"]}]},{\"@type\":\"ImageObject\",\"inLanguage\":\"de\",\"@id\":\"https:\\\/\\\/www.immobilienbusiness.ch\\\/en\\\/unternehmen\\\/2017-12-05\\\/sbb-immobilien-neuer-leiter-finanzen\\\/#primaryimage\",\"url\":\"https:\\\/\\\/www.immobilienbusiness.ch\\\/wp-content\\\/uploads\\\/2017\\\/12\\\/news_steiger_1600x500.jpg\",\"contentUrl\":\"https:\\\/\\\/www.immobilienbusiness.ch\\\/wp-content\\\/uploads\\\/2017\\\/12\\\/news_steiger_1600x500.jpg\",\"width\":886,\"height\":497,\"caption\":\"Franz Steiger (Bild: SBB Immobilien)\"},{\"@type\":\"BreadcrumbList\",\"@id\":\"https:\\\/\\\/www.immobilienbusiness.ch\\\/en\\\/unternehmen\\\/2017-12-05\\\/sbb-immobilien-neuer-leiter-finanzen\\\/#breadcrumb\",\"itemListElement\":[{\"@type\":\"ListItem\",\"position\":1,\"name\":\"Home\",\"item\":\"https:\\\/\\\/www.immobilienbusiness.ch\\\/\"},{\"@type\":\"ListItem\",\"position\":2,\"name\":\"SBB Immobilien: Neuer Leiter Finanzen\"}]},{\"@type\":\"WebSite\",\"@id\":\"https:\\\/\\\/www.immobilienbusiness.ch\\\/#website\",\"url\":\"https:\\\/\\\/www.immobilienbusiness.ch\\\/\",\"name\":\"IMMOBILIEN Business\",\"description\":\"Unabh\u00e4ngiges Schweizer Wirtschaftsmagazin mit Fokus auf Immobilien, Architektur- und Bau sowie Investment- und Finanzierung.\",\"publisher\":{\"@id\":\"https:\\\/\\\/www.immobilienbusiness.ch\\\/#organization\"},\"potentialAction\":[{\"@type\":\"SearchAction\",\"target\":{\"@type\":\"EntryPoint\",\"urlTemplate\":\"https:\\\/\\\/www.immobilienbusiness.ch\\\/?s={search_term_string}\"},\"query-input\":{\"@type\":\"PropertyValueSpecification\",\"valueRequired\":true,\"valueName\":\"search_term_string\"}}],\"inLanguage\":\"de\"},{\"@type\":\"Organization\",\"@id\":\"https:\\\/\\\/www.immobilienbusiness.ch\\\/#organization\",\"name\":\"IMMOBILIEN Business\",\"url\":\"https:\\\/\\\/www.immobilienbusiness.ch\\\/\",\"logo\":{\"@type\":\"ImageObject\",\"inLanguage\":\"de\",\"@id\":\"https:\\\/\\\/www.immobilienbusiness.ch\\\/#\\\/schema\\\/logo\\\/image\\\/\",\"url\":\"https:\\\/\\\/www.immobilienbusiness.ch\\\/wp-content\\\/uploads\\\/2021\\\/07\\\/logo_ib.png\",\"contentUrl\":\"https:\\\/\\\/www.immobilienbusiness.ch\\\/wp-content\\\/uploads\\\/2021\\\/07\\\/logo_ib.png\",\"width\":800,\"height\":181,\"caption\":\"IMMOBILIEN Business\"},\"image\":{\"@id\":\"https:\\\/\\\/www.immobilienbusiness.ch\\\/#\\\/schema\\\/logo\\\/image\\\/\"},\"sameAs\":[\"https:\\\/\\\/www.facebook.com\\\/immobilienbusiness\\\/\"]},{\"@type\":\"Person\",\"@id\":\"https:\\\/\\\/www.immobilienbusiness.ch\\\/#\\\/schema\\\/person\\\/3fc036297b10b9f42d6db5ee932af8c8\",\"name\":\"anja.hall\",\"image\":{\"@type\":\"ImageObject\",\"inLanguage\":\"de\",\"@id\":\"https:\\\/\\\/secure.gravatar.com\\\/avatar\\\/066b5a0d447013502c71a5782f4f3469f03cfe595cc2329fb94652fe47511bfb?s=96&d=mm&r=g\",\"url\":\"https:\\\/\\\/secure.gravatar.com\\\/avatar\\\/066b5a0d447013502c71a5782f4f3469f03cfe595cc2329fb94652fe47511bfb?s=96&d=mm&r=g\",\"contentUrl\":\"https:\\\/\\\/secure.gravatar.com\\\/avatar\\\/066b5a0d447013502c71a5782f4f3469f03cfe595cc2329fb94652fe47511bfb?s=96&d=mm&r=g\",\"caption\":\"anja.hall\"},\"url\":\"https:\\\/\\\/www.immobilienbusiness.ch\\\/de\\\/author\\\/anja-hall\\\/\"}]}<\/script>\n<!-- \/ Yoast SEO plugin. -->","yoast_head_json":{"title":"SBB Immobilien: Neuer Leiter Finanzen - IMMOBILIEN Business","description":"Franz Steiger hat zum 1. Dezember die Leitung der Finanzen von SBB Immobilien \u00fcbernommen.","robots":{"index":"index","follow":"follow","max-snippet":"max-snippet:-1","max-image-preview":"max-image-preview:large","max-video-preview":"max-video-preview:-1"},"canonical":"https:\/\/www.immobilienbusiness.ch\/de\/unternehmen\/2017-12-05\/sbb-immobilien-neuer-leiter-finanzen\/","og_locale":"de_DE","og_type":"article","og_title":"SBB Immobilien: Neuer Leiter Finanzen","og_description":"Franz Steiger hat zum 1. Dezember die Leitung der Finanzen von SBB Immobilien \u00fcbernommen.","og_url":"https:\/\/www.immobilienbusiness.ch\/de\/unternehmen\/2017-12-05\/sbb-immobilien-neuer-leiter-finanzen\/","og_site_name":"IMMOBILIEN Business","article_publisher":"https:\/\/www.facebook.com\/immobilienbusiness\/","article_published_time":"2017-12-05T07:50:07+00:00","og_image":[{"width":886,"height":497,"url":"https:\/\/www.immobilienbusiness.ch\/wp-content\/uploads\/2017\/12\/news_steiger_1600x500.jpg","type":"image\/jpeg"}],"author":"anja.hall","twitter_card":"summary_large_image","twitter_title":"SBB Immobilien: Neuer Leiter Finanzen","twitter_description":"Franz Steiger hat zum 1. Dezember die Leitung der Finanzen von SBB Immobilien \u00fcbernommen.","twitter_image":"https:\/\/www.immobilienbusiness.ch\/wp-content\/uploads\/2017\/12\/news_steiger_1600x500.jpg","schema":{"@context":"https:\/\/schema.org","@graph":[{"@type":"Article","@id":"https:\/\/www.immobilienbusiness.ch\/en\/unternehmen\/2017-12-05\/sbb-immobilien-neuer-leiter-finanzen\/#article","isPartOf":{"@id":"https:\/\/www.immobilienbusiness.ch\/en\/unternehmen\/2017-12-05\/sbb-immobilien-neuer-leiter-finanzen\/"},"author":{"name":"anja.hall","@id":"https:\/\/www.immobilienbusiness.ch\/#\/schema\/person\/3fc036297b10b9f42d6db5ee932af8c8"},"headline":"SBB Immobilien: Neuer Leiter Finanzen","datePublished":"2017-12-05T07:50:07+00:00","mainEntityOfPage":{"@id":"https:\/\/www.immobilienbusiness.ch\/en\/unternehmen\/2017-12-05\/sbb-immobilien-neuer-leiter-finanzen\/"},"wordCount":126,"commentCount":0,"publisher":{"@id":"https:\/\/www.immobilienbusiness.ch\/#organization"},"image":{"@id":"https:\/\/www.immobilienbusiness.ch\/en\/unternehmen\/2017-12-05\/sbb-immobilien-neuer-leiter-finanzen\/#primaryimage"},"thumbnailUrl":"https:\/\/www.immobilienbusiness.ch\/wp-content\/uploads\/2017\/12\/news_steiger_1600x500.jpg","keywords":["Personalia","Unternehmen"],"articleSection":["UNTERNEHMEN"],"inLanguage":"de"},{"@type":"WebPage","@id":"https:\/\/www.immobilienbusiness.ch\/en\/unternehmen\/2017-12-05\/sbb-immobilien-neuer-leiter-finanzen\/","url":"https:\/\/www.immobilienbusiness.ch\/en\/unternehmen\/2017-12-05\/sbb-immobilien-neuer-leiter-finanzen\/","name":"SBB Immobilien: Neuer Leiter Finanzen - IMMOBILIEN Business","isPartOf":{"@id":"https:\/\/www.immobilienbusiness.ch\/#website"},"primaryImageOfPage":{"@id":"https:\/\/www.immobilienbusiness.ch\/en\/unternehmen\/2017-12-05\/sbb-immobilien-neuer-leiter-finanzen\/#primaryimage"},"image":{"@id":"https:\/\/www.immobilienbusiness.ch\/en\/unternehmen\/2017-12-05\/sbb-immobilien-neuer-leiter-finanzen\/#primaryimage"},"thumbnailUrl":"https:\/\/www.immobilienbusiness.ch\/wp-content\/uploads\/2017\/12\/news_steiger_1600x500.jpg","datePublished":"2017-12-05T07:50:07+00:00","description":"Franz Steiger hat zum 1. Dezember die Leitung der Finanzen von SBB Immobilien \u00fcbernommen.","breadcrumb":{"@id":"https:\/\/www.immobilienbusiness.ch\/en\/unternehmen\/2017-12-05\/sbb-immobilien-neuer-leiter-finanzen\/#breadcrumb"},"inLanguage":"de","potentialAction":[{"@type":"ReadAction","target":["https:\/\/www.immobilienbusiness.ch\/en\/unternehmen\/2017-12-05\/sbb-immobilien-neuer-leiter-finanzen\/"]}]},{"@type":"ImageObject","inLanguage":"de","@id":"https:\/\/www.immobilienbusiness.ch\/en\/unternehmen\/2017-12-05\/sbb-immobilien-neuer-leiter-finanzen\/#primaryimage","url":"https:\/\/www.immobilienbusiness.ch\/wp-content\/uploads\/2017\/12\/news_steiger_1600x500.jpg","contentUrl":"https:\/\/www.immobilienbusiness.ch\/wp-content\/uploads\/2017\/12\/news_steiger_1600x500.jpg","width":886,"height":497,"caption":"Franz Steiger (Bild: SBB Immobilien)"},{"@type":"BreadcrumbList","@id":"https:\/\/www.immobilienbusiness.ch\/en\/unternehmen\/2017-12-05\/sbb-immobilien-neuer-leiter-finanzen\/#breadcrumb","itemListElement":[{"@type":"ListItem","position":1,"name":"Home","item":"https:\/\/www.immobilienbusiness.ch\/"},{"@type":"ListItem","position":2,"name":"SBB Immobilien: Neuer Leiter Finanzen"}]},{"@type":"WebSite","@id":"https:\/\/www.immobilienbusiness.ch\/#website","url":"https:\/\/www.immobilienbusiness.ch\/","name":"IMMOBILIEN Business","description":"Unabh\u00e4ngiges Schweizer Wirtschaftsmagazin mit Fokus auf Immobilien, Architektur- und Bau sowie Investment- und Finanzierung.","publisher":{"@id":"https:\/\/www.immobilienbusiness.ch\/#organization"},"potentialAction":[{"@type":"SearchAction","target":{"@type":"EntryPoint","urlTemplate":"https:\/\/www.immobilienbusiness.ch\/?s={search_term_string}"},"query-input":{"@type":"PropertyValueSpecification","valueRequired":true,"valueName":"search_term_string"}}],"inLanguage":"de"},{"@type":"Organization","@id":"https:\/\/www.immobilienbusiness.ch\/#organization","name":"IMMOBILIEN Business","url":"https:\/\/www.immobilienbusiness.ch\/","logo":{"@type":"ImageObject","inLanguage":"de","@id":"https:\/\/www.immobilienbusiness.ch\/#\/schema\/logo\/image\/","url":"https:\/\/www.immobilienbusiness.ch\/wp-content\/uploads\/2021\/07\/logo_ib.png","contentUrl":"https:\/\/www.immobilienbusiness.ch\/wp-content\/uploads\/2021\/07\/logo_ib.png","width":800,"height":181,"caption":"IMMOBILIEN Business"},"image":{"@id":"https:\/\/www.immobilienbusiness.ch\/#\/schema\/logo\/image\/"},"sameAs":["https:\/\/www.facebook.com\/immobilienbusiness\/"]},{"@type":"Person","@id":"https:\/\/www.immobilienbusiness.ch\/#\/schema\/person\/3fc036297b10b9f42d6db5ee932af8c8","name":"anja.hall","image":{"@type":"ImageObject","inLanguage":"de","@id":"https:\/\/secure.gravatar.com\/avatar\/066b5a0d447013502c71a5782f4f3469f03cfe595cc2329fb94652fe47511bfb?s=96&d=mm&r=g","url":"https:\/\/secure.gravatar.com\/avatar\/066b5a0d447013502c71a5782f4f3469f03cfe595cc2329fb94652fe47511bfb?s=96&d=mm&r=g","contentUrl":"https:\/\/secure.gravatar.com\/avatar\/066b5a0d447013502c71a5782f4f3469f03cfe595cc2329fb94652fe47511bfb?s=96&d=mm&r=g","caption":"anja.hall"},"url":"https:\/\/www.immobilienbusiness.ch\/de\/author\/anja-hall\/"}]}},"_links":{"self":[{"href":"https:\/\/www.immobilienbusiness.ch\/de\/wp-json\/wp\/v2\/posts\/10397","targetHints":{"allow":["GET"]}}],"collection":[{"href":"https:\/\/www.immobilienbusiness.ch\/de\/wp-json\/wp\/v2\/posts"}],"about":[{"href":"https:\/\/www.immobilienbusiness.ch\/de\/wp-json\/wp\/v2\/types\/post"}],"author":[{"embeddable":true,"href":"https:\/\/www.immobilienbusiness.ch\/de\/wp-json\/wp\/v2\/users\/3"}],"replies":[{"embeddable":true,"href":"https:\/\/www.immobilienbusiness.ch\/de\/wp-json\/wp\/v2\/comments?post=10397"}],"version-history":[{"count":0,"href":"https:\/\/www.immobilienbusiness.ch\/de\/wp-json\/wp\/v2\/posts\/10397\/revisions"}],"wp:featuredmedia":[{"embeddable":true,"href":"https:\/\/www.immobilienbusiness.ch\/de\/wp-json\/wp\/v2\/media\/10403"}],"wp:attachment":[{"href":"https:\/\/www.immobilienbusiness.ch\/de\/wp-json\/wp\/v2\/media?parent=10397"}],"wp:term":[{"taxonomy":"category","embeddable":true,"href":"https:\/\/www.immobilienbusiness.ch\/de\/wp-json\/wp\/v2\/categories?post=10397"},{"taxonomy":"post_tag","embeddable":true,"href":"https:\/\/www.immobilienbusiness.ch\/de\/wp-json\/wp\/v2\/tags?post=10397"}],"curies":[{"name":"wp","href":"https:\/\/api.w.org\/{rel}","templated":true}]}}