{"id":10148,"date":"2017-11-16T07:58:47","date_gmt":"2017-11-16T06:58:47","guid":{"rendered":"https:\/\/www.immobilienbusiness.ch\/?p=10148"},"modified":"2017-11-16T07:58:47","modified_gmt":"2017-11-16T06:58:47","slug":"kapitalerhoehung-helvetica-fonds-hsc","status":"publish","type":"post","link":"https:\/\/www.immobilienbusiness.ch\/de\/unternehmen\/2017-11-16\/kapitalerhoehung-helvetica-fonds-hsc\/","title":{"rendered":"Kapitalerh\u00f6hung f\u00fcr den Helvetica Swiss Commercial"},"content":{"rendered":"<figure id=\"attachment_10149\" aria-describedby=\"caption-attachment-10149\" style=\"width: 645px\" class=\"wp-caption alignnone\"><img loading=\"lazy\" decoding=\"async\" class=\"size-full wp-image-10149\" src=\"https:\/\/www.immobilienbusiness.ch\/wp-content\/uploads\/2017\/11\/IB-News-20171116-Helvetica-Swiss-Commercial-Kapitalerh\u00f6hung-c-Pixabay.jpg\" alt=\"\" width=\"645\" height=\"430\" \/><figcaption id=\"caption-attachment-10149\" class=\"wp-caption-text\">Die geplante Kapitalerh\u00f6hung f\u00fcr den Immobilienfonds Helvetica Swiss Commercial startet am 20. November 2017 (Bild: Pixabay)<\/figcaption><\/figure>\n<p>Der Emissionserl\u00f6s werde f\u00fcr den weiteren Ausbau des Immobilienportfolios verwendet, teilt Helvetica Property Investors mit. Die Bezugsfrist l\u00e4uft vom 20. November bis zum 15. Dezember 2017. Jedem bisherigen Anteil wird ein Bezugsrecht zugeteilt. Zwei Bezugsrechte berechtigen zum Bezug eines neuen Anteils gegen Bezahlung des Emissionspreises in bar. Es findet kein offizieller Bezugsrechtshandel statt. W\u00e4hrend der Bezugsfrist nicht ausge\u00fcbte Bezugsrechte verfallen wertlos und ohne Entsch\u00e4digung.<\/p>\n<p>Die Fondsleitung beh\u00e4lt sich das Recht vor, nach Ablauf der Bezugsfrist nicht gezeichnete Anteile zu \u00fcbernehmen und anschliessend zusammen mit der Depotbank oder Dritten im Markt kostenlos zu platzieren. Der Emissionspreis von 105,11 CHF (netto je neuen Anteil, exklusive Ausgabekommission) wurde gem\u00e4ss Fondsvertrag festgelegt. Er basiert auf dem gepr\u00fcften Inventarwert per 30. Juni 2017 von 104,17 CHF je Anteil und schliesst die Wertver\u00e4nderungen der Liegenschaften, den Einkauf in den laufenden Ertrag sowie die Nebenkosten gem\u00e4ss Fondsvertrag zugunsten des Fondsverm\u00f6gens ein.<\/p>\n<p>Abgezogen werden 3,50 pro Anteil f\u00fcr die Aussch\u00fcttung des Erfolges, die am 5. Januar 2018 f\u00fcr das erste Gesch\u00e4ftsjahr vom 15. Dezember 2016 bis 31. Dezember 2017 erfolgt. Die Bestandsliegenschaften des Fonds wurden per 30. September 2017 neu bewertet.<\/p>\n","protected":false},"excerpt":{"rendered":"<p>Die Kapitalerh\u00f6hung f\u00fcr den Immobilienfonds Helvetica Swiss Commercial startet am 20. November 2017, wie die Fondsleitung Helvetica Property Investors bekanntgab.<\/p>\n","protected":false},"author":4,"featured_media":10149,"comment_status":"open","ping_status":"open","sticky":false,"template":"","format":"standard","meta":{"_acf_changed":false,"_yoast_wpseo_focuskw":"Helvetica","_yoast_wpseo_title":"","_yoast_wpseo_metadesc":"Die Kapitalerh\u00f6hung f\u00fcr den Immobilienfonds Helvetica Swiss Commercial startet am 20. November 2017, wie Helvetica Property Investors bekanntgab.","_yoast_wpseo_linkdex":66,"pgc_sgb_lightbox_settings":"","footnotes":""},"categories":[988],"tags":[1298,1299,1344,1412],"class_list":["post-10148","post","type-post","status-publish","format-standard","has-post-thumbnail","hentry","category-unternehmen","tag-helvetica-property-investors","tag-helvetica-swiss-commercial","tag-immobilienfonds","tag-kapitalerhoehung"],"acf":[],"yoast_head":"<!-- This site is optimized with the Yoast SEO plugin v27.4 - https:\/\/yoast.com\/product\/yoast-seo-wordpress\/ -->\n<title>Kapitalerh\u00f6hung f\u00fcr den Helvetica Swiss Commercial - IMMOBILIEN Business<\/title>\n<meta name=\"description\" content=\"Die Kapitalerh\u00f6hung f\u00fcr den Immobilienfonds Helvetica Swiss Commercial startet am 20. November 2017, wie Helvetica Property Investors bekanntgab.\" \/>\n<meta name=\"robots\" content=\"index, follow, max-snippet:-1, max-image-preview:large, max-video-preview:-1\" \/>\n<link rel=\"canonical\" href=\"https:\/\/www.immobilienbusiness.ch\/de\/unternehmen\/2017-11-16\/kapitalerhoehung-helvetica-fonds-hsc\/\" \/>\n<meta property=\"og:locale\" content=\"de_DE\" \/>\n<meta property=\"og:type\" content=\"article\" \/>\n<meta property=\"og:title\" content=\"Kapitalerh\u00f6hung f\u00fcr Helvetica-Fonds in K\u00fcrze\" \/>\n<meta property=\"og:description\" content=\"Die Kapitalerh\u00f6hung f\u00fcr den Immobilienfonds Helvetica Swiss Commercial startet am 20. November 2017, wie Helvetica Property Investors bekanntgab.\" \/>\n<meta property=\"og:url\" content=\"https:\/\/www.immobilienbusiness.ch\/de\/unternehmen\/2017-11-16\/kapitalerhoehung-helvetica-fonds-hsc\/\" \/>\n<meta property=\"og:site_name\" content=\"IMMOBILIEN Business\" \/>\n<meta property=\"article:publisher\" content=\"https:\/\/www.facebook.com\/immobilienbusiness\/\" \/>\n<meta property=\"article:published_time\" content=\"2017-11-16T06:58:47+00:00\" \/>\n<meta property=\"og:image\" content=\"https:\/\/www.immobilienbusiness.ch\/wp-content\/uploads\/2017\/11\/IB-News-20171116-Helvetica-Swiss-Commercial-Kapitalerhoehung-c-Pixabay.jpg\" \/>\n\t<meta property=\"og:image:width\" content=\"645\" \/>\n\t<meta property=\"og:image:height\" content=\"430\" \/>\n\t<meta property=\"og:image:type\" content=\"image\/jpeg\" \/>\n<meta name=\"author\" content=\"mathias.rinka\" \/>\n<meta name=\"twitter:card\" content=\"summary_large_image\" \/>\n<meta name=\"twitter:title\" content=\"Kapitalerh\u00f6hung f\u00fcr Helvetica-Fonds in K\u00fcrze\" \/>\n<meta name=\"twitter:description\" content=\"Die Kapitalerh\u00f6hung f\u00fcr den Immobilienfonds Helvetica Swiss Commercial startet am 20. November 2017, wie Helvetica Property Investors bekanntgab.\" \/>\n<script type=\"application\/ld+json\" class=\"yoast-schema-graph\">{\"@context\":\"https:\\\/\\\/schema.org\",\"@graph\":[{\"@type\":\"Article\",\"@id\":\"https:\\\/\\\/www.immobilienbusiness.ch\\\/en\\\/unternehmen\\\/2017-11-16\\\/kapitalerhoehung-helvetica-fonds-hsc\\\/#article\",\"isPartOf\":{\"@id\":\"https:\\\/\\\/www.immobilienbusiness.ch\\\/en\\\/unternehmen\\\/2017-11-16\\\/kapitalerhoehung-helvetica-fonds-hsc\\\/\"},\"author\":{\"name\":\"mathias.rinka\",\"@id\":\"https:\\\/\\\/www.immobilienbusiness.ch\\\/#\\\/schema\\\/person\\\/31be7383261ea656cfe52cad71fdc211\"},\"headline\":\"Kapitalerh\u00f6hung f\u00fcr den Helvetica Swiss Commercial\",\"datePublished\":\"2017-11-16T06:58:47+00:00\",\"mainEntityOfPage\":{\"@id\":\"https:\\\/\\\/www.immobilienbusiness.ch\\\/en\\\/unternehmen\\\/2017-11-16\\\/kapitalerhoehung-helvetica-fonds-hsc\\\/\"},\"wordCount\":214,\"commentCount\":0,\"publisher\":{\"@id\":\"https:\\\/\\\/www.immobilienbusiness.ch\\\/#organization\"},\"image\":{\"@id\":\"https:\\\/\\\/www.immobilienbusiness.ch\\\/en\\\/unternehmen\\\/2017-11-16\\\/kapitalerhoehung-helvetica-fonds-hsc\\\/#primaryimage\"},\"thumbnailUrl\":\"https:\\\/\\\/www.immobilienbusiness.ch\\\/wp-content\\\/uploads\\\/2017\\\/11\\\/IB-News-20171116-Helvetica-Swiss-Commercial-Kapitalerhoehung-c-Pixabay.jpg\",\"keywords\":[\"Helvetica Property Investors\",\"Helvetica Swiss Commercial\",\"Immobilienfonds\",\"Kapitalerh\u00f6hung\"],\"articleSection\":[\"UNTERNEHMEN\"],\"inLanguage\":\"de\"},{\"@type\":\"WebPage\",\"@id\":\"https:\\\/\\\/www.immobilienbusiness.ch\\\/en\\\/unternehmen\\\/2017-11-16\\\/kapitalerhoehung-helvetica-fonds-hsc\\\/\",\"url\":\"https:\\\/\\\/www.immobilienbusiness.ch\\\/en\\\/unternehmen\\\/2017-11-16\\\/kapitalerhoehung-helvetica-fonds-hsc\\\/\",\"name\":\"Kapitalerh\u00f6hung f\u00fcr den Helvetica Swiss Commercial - IMMOBILIEN Business\",\"isPartOf\":{\"@id\":\"https:\\\/\\\/www.immobilienbusiness.ch\\\/#website\"},\"primaryImageOfPage\":{\"@id\":\"https:\\\/\\\/www.immobilienbusiness.ch\\\/en\\\/unternehmen\\\/2017-11-16\\\/kapitalerhoehung-helvetica-fonds-hsc\\\/#primaryimage\"},\"image\":{\"@id\":\"https:\\\/\\\/www.immobilienbusiness.ch\\\/en\\\/unternehmen\\\/2017-11-16\\\/kapitalerhoehung-helvetica-fonds-hsc\\\/#primaryimage\"},\"thumbnailUrl\":\"https:\\\/\\\/www.immobilienbusiness.ch\\\/wp-content\\\/uploads\\\/2017\\\/11\\\/IB-News-20171116-Helvetica-Swiss-Commercial-Kapitalerhoehung-c-Pixabay.jpg\",\"datePublished\":\"2017-11-16T06:58:47+00:00\",\"description\":\"Die Kapitalerh\u00f6hung f\u00fcr den Immobilienfonds Helvetica Swiss Commercial startet am 20. November 2017, wie Helvetica Property Investors bekanntgab.\",\"breadcrumb\":{\"@id\":\"https:\\\/\\\/www.immobilienbusiness.ch\\\/en\\\/unternehmen\\\/2017-11-16\\\/kapitalerhoehung-helvetica-fonds-hsc\\\/#breadcrumb\"},\"inLanguage\":\"de\",\"potentialAction\":[{\"@type\":\"ReadAction\",\"target\":[\"https:\\\/\\\/www.immobilienbusiness.ch\\\/en\\\/unternehmen\\\/2017-11-16\\\/kapitalerhoehung-helvetica-fonds-hsc\\\/\"]}]},{\"@type\":\"ImageObject\",\"inLanguage\":\"de\",\"@id\":\"https:\\\/\\\/www.immobilienbusiness.ch\\\/en\\\/unternehmen\\\/2017-11-16\\\/kapitalerhoehung-helvetica-fonds-hsc\\\/#primaryimage\",\"url\":\"https:\\\/\\\/www.immobilienbusiness.ch\\\/wp-content\\\/uploads\\\/2017\\\/11\\\/IB-News-20171116-Helvetica-Swiss-Commercial-Kapitalerhoehung-c-Pixabay.jpg\",\"contentUrl\":\"https:\\\/\\\/www.immobilienbusiness.ch\\\/wp-content\\\/uploads\\\/2017\\\/11\\\/IB-News-20171116-Helvetica-Swiss-Commercial-Kapitalerhoehung-c-Pixabay.jpg\",\"width\":645,\"height\":430,\"caption\":\"F\u00fcr den HSC gingen im 1. Halbjahr mehrere Kennzahlen nach oben (Bild: Pixabay)\"},{\"@type\":\"BreadcrumbList\",\"@id\":\"https:\\\/\\\/www.immobilienbusiness.ch\\\/en\\\/unternehmen\\\/2017-11-16\\\/kapitalerhoehung-helvetica-fonds-hsc\\\/#breadcrumb\",\"itemListElement\":[{\"@type\":\"ListItem\",\"position\":1,\"name\":\"Home\",\"item\":\"https:\\\/\\\/www.immobilienbusiness.ch\\\/\"},{\"@type\":\"ListItem\",\"position\":2,\"name\":\"Kapitalerh\u00f6hung f\u00fcr den Helvetica Swiss Commercial\"}]},{\"@type\":\"WebSite\",\"@id\":\"https:\\\/\\\/www.immobilienbusiness.ch\\\/#website\",\"url\":\"https:\\\/\\\/www.immobilienbusiness.ch\\\/\",\"name\":\"IMMOBILIEN Business\",\"description\":\"Unabh\u00e4ngiges Schweizer Wirtschaftsmagazin mit Fokus auf Immobilien, Architektur- und Bau sowie Investment- und Finanzierung.\",\"publisher\":{\"@id\":\"https:\\\/\\\/www.immobilienbusiness.ch\\\/#organization\"},\"potentialAction\":[{\"@type\":\"SearchAction\",\"target\":{\"@type\":\"EntryPoint\",\"urlTemplate\":\"https:\\\/\\\/www.immobilienbusiness.ch\\\/?s={search_term_string}\"},\"query-input\":{\"@type\":\"PropertyValueSpecification\",\"valueRequired\":true,\"valueName\":\"search_term_string\"}}],\"inLanguage\":\"de\"},{\"@type\":\"Organization\",\"@id\":\"https:\\\/\\\/www.immobilienbusiness.ch\\\/#organization\",\"name\":\"IMMOBILIEN Business\",\"url\":\"https:\\\/\\\/www.immobilienbusiness.ch\\\/\",\"logo\":{\"@type\":\"ImageObject\",\"inLanguage\":\"de\",\"@id\":\"https:\\\/\\\/www.immobilienbusiness.ch\\\/#\\\/schema\\\/logo\\\/image\\\/\",\"url\":\"https:\\\/\\\/www.immobilienbusiness.ch\\\/wp-content\\\/uploads\\\/2021\\\/07\\\/logo_ib.png\",\"contentUrl\":\"https:\\\/\\\/www.immobilienbusiness.ch\\\/wp-content\\\/uploads\\\/2021\\\/07\\\/logo_ib.png\",\"width\":800,\"height\":181,\"caption\":\"IMMOBILIEN Business\"},\"image\":{\"@id\":\"https:\\\/\\\/www.immobilienbusiness.ch\\\/#\\\/schema\\\/logo\\\/image\\\/\"},\"sameAs\":[\"https:\\\/\\\/www.facebook.com\\\/immobilienbusiness\\\/\"]},{\"@type\":\"Person\",\"@id\":\"https:\\\/\\\/www.immobilienbusiness.ch\\\/#\\\/schema\\\/person\\\/31be7383261ea656cfe52cad71fdc211\",\"name\":\"mathias.rinka\",\"image\":{\"@type\":\"ImageObject\",\"inLanguage\":\"de\",\"@id\":\"https:\\\/\\\/secure.gravatar.com\\\/avatar\\\/?s=96&d=mm&r=g\",\"url\":\"https:\\\/\\\/secure.gravatar.com\\\/avatar\\\/?s=96&d=mm&r=g\",\"contentUrl\":\"https:\\\/\\\/secure.gravatar.com\\\/avatar\\\/?s=96&d=mm&r=g\",\"caption\":\"mathias.rinka\"},\"url\":\"https:\\\/\\\/www.immobilienbusiness.ch\\\/de\\\/author\\\/mathias-rinka\\\/\"}]}<\/script>\n<!-- \/ Yoast SEO plugin. -->","yoast_head_json":{"title":"Kapitalerh\u00f6hung f\u00fcr den Helvetica Swiss Commercial - IMMOBILIEN Business","description":"Die Kapitalerh\u00f6hung f\u00fcr den Immobilienfonds Helvetica Swiss Commercial startet am 20. November 2017, wie Helvetica Property Investors bekanntgab.","robots":{"index":"index","follow":"follow","max-snippet":"max-snippet:-1","max-image-preview":"max-image-preview:large","max-video-preview":"max-video-preview:-1"},"canonical":"https:\/\/www.immobilienbusiness.ch\/de\/unternehmen\/2017-11-16\/kapitalerhoehung-helvetica-fonds-hsc\/","og_locale":"de_DE","og_type":"article","og_title":"Kapitalerh\u00f6hung f\u00fcr Helvetica-Fonds in K\u00fcrze","og_description":"Die Kapitalerh\u00f6hung f\u00fcr den Immobilienfonds Helvetica Swiss Commercial startet am 20. November 2017, wie Helvetica Property Investors bekanntgab.","og_url":"https:\/\/www.immobilienbusiness.ch\/de\/unternehmen\/2017-11-16\/kapitalerhoehung-helvetica-fonds-hsc\/","og_site_name":"IMMOBILIEN Business","article_publisher":"https:\/\/www.facebook.com\/immobilienbusiness\/","article_published_time":"2017-11-16T06:58:47+00:00","og_image":[{"width":645,"height":430,"url":"https:\/\/www.immobilienbusiness.ch\/wp-content\/uploads\/2017\/11\/IB-News-20171116-Helvetica-Swiss-Commercial-Kapitalerhoehung-c-Pixabay.jpg","type":"image\/jpeg"}],"author":"mathias.rinka","twitter_card":"summary_large_image","twitter_title":"Kapitalerh\u00f6hung f\u00fcr Helvetica-Fonds in K\u00fcrze","twitter_description":"Die Kapitalerh\u00f6hung f\u00fcr den Immobilienfonds Helvetica Swiss Commercial startet am 20. November 2017, wie Helvetica Property Investors bekanntgab.","schema":{"@context":"https:\/\/schema.org","@graph":[{"@type":"Article","@id":"https:\/\/www.immobilienbusiness.ch\/en\/unternehmen\/2017-11-16\/kapitalerhoehung-helvetica-fonds-hsc\/#article","isPartOf":{"@id":"https:\/\/www.immobilienbusiness.ch\/en\/unternehmen\/2017-11-16\/kapitalerhoehung-helvetica-fonds-hsc\/"},"author":{"name":"mathias.rinka","@id":"https:\/\/www.immobilienbusiness.ch\/#\/schema\/person\/31be7383261ea656cfe52cad71fdc211"},"headline":"Kapitalerh\u00f6hung f\u00fcr den Helvetica Swiss Commercial","datePublished":"2017-11-16T06:58:47+00:00","mainEntityOfPage":{"@id":"https:\/\/www.immobilienbusiness.ch\/en\/unternehmen\/2017-11-16\/kapitalerhoehung-helvetica-fonds-hsc\/"},"wordCount":214,"commentCount":0,"publisher":{"@id":"https:\/\/www.immobilienbusiness.ch\/#organization"},"image":{"@id":"https:\/\/www.immobilienbusiness.ch\/en\/unternehmen\/2017-11-16\/kapitalerhoehung-helvetica-fonds-hsc\/#primaryimage"},"thumbnailUrl":"https:\/\/www.immobilienbusiness.ch\/wp-content\/uploads\/2017\/11\/IB-News-20171116-Helvetica-Swiss-Commercial-Kapitalerhoehung-c-Pixabay.jpg","keywords":["Helvetica Property Investors","Helvetica Swiss Commercial","Immobilienfonds","Kapitalerh\u00f6hung"],"articleSection":["UNTERNEHMEN"],"inLanguage":"de"},{"@type":"WebPage","@id":"https:\/\/www.immobilienbusiness.ch\/en\/unternehmen\/2017-11-16\/kapitalerhoehung-helvetica-fonds-hsc\/","url":"https:\/\/www.immobilienbusiness.ch\/en\/unternehmen\/2017-11-16\/kapitalerhoehung-helvetica-fonds-hsc\/","name":"Kapitalerh\u00f6hung f\u00fcr den Helvetica Swiss Commercial - IMMOBILIEN Business","isPartOf":{"@id":"https:\/\/www.immobilienbusiness.ch\/#website"},"primaryImageOfPage":{"@id":"https:\/\/www.immobilienbusiness.ch\/en\/unternehmen\/2017-11-16\/kapitalerhoehung-helvetica-fonds-hsc\/#primaryimage"},"image":{"@id":"https:\/\/www.immobilienbusiness.ch\/en\/unternehmen\/2017-11-16\/kapitalerhoehung-helvetica-fonds-hsc\/#primaryimage"},"thumbnailUrl":"https:\/\/www.immobilienbusiness.ch\/wp-content\/uploads\/2017\/11\/IB-News-20171116-Helvetica-Swiss-Commercial-Kapitalerhoehung-c-Pixabay.jpg","datePublished":"2017-11-16T06:58:47+00:00","description":"Die Kapitalerh\u00f6hung f\u00fcr den Immobilienfonds Helvetica Swiss Commercial startet am 20. November 2017, wie Helvetica Property Investors bekanntgab.","breadcrumb":{"@id":"https:\/\/www.immobilienbusiness.ch\/en\/unternehmen\/2017-11-16\/kapitalerhoehung-helvetica-fonds-hsc\/#breadcrumb"},"inLanguage":"de","potentialAction":[{"@type":"ReadAction","target":["https:\/\/www.immobilienbusiness.ch\/en\/unternehmen\/2017-11-16\/kapitalerhoehung-helvetica-fonds-hsc\/"]}]},{"@type":"ImageObject","inLanguage":"de","@id":"https:\/\/www.immobilienbusiness.ch\/en\/unternehmen\/2017-11-16\/kapitalerhoehung-helvetica-fonds-hsc\/#primaryimage","url":"https:\/\/www.immobilienbusiness.ch\/wp-content\/uploads\/2017\/11\/IB-News-20171116-Helvetica-Swiss-Commercial-Kapitalerhoehung-c-Pixabay.jpg","contentUrl":"https:\/\/www.immobilienbusiness.ch\/wp-content\/uploads\/2017\/11\/IB-News-20171116-Helvetica-Swiss-Commercial-Kapitalerhoehung-c-Pixabay.jpg","width":645,"height":430,"caption":"F\u00fcr den HSC gingen im 1. Halbjahr mehrere Kennzahlen nach oben (Bild: Pixabay)"},{"@type":"BreadcrumbList","@id":"https:\/\/www.immobilienbusiness.ch\/en\/unternehmen\/2017-11-16\/kapitalerhoehung-helvetica-fonds-hsc\/#breadcrumb","itemListElement":[{"@type":"ListItem","position":1,"name":"Home","item":"https:\/\/www.immobilienbusiness.ch\/"},{"@type":"ListItem","position":2,"name":"Kapitalerh\u00f6hung f\u00fcr den Helvetica Swiss Commercial"}]},{"@type":"WebSite","@id":"https:\/\/www.immobilienbusiness.ch\/#website","url":"https:\/\/www.immobilienbusiness.ch\/","name":"IMMOBILIEN Business","description":"Unabh\u00e4ngiges Schweizer Wirtschaftsmagazin mit Fokus auf Immobilien, Architektur- und Bau sowie Investment- und Finanzierung.","publisher":{"@id":"https:\/\/www.immobilienbusiness.ch\/#organization"},"potentialAction":[{"@type":"SearchAction","target":{"@type":"EntryPoint","urlTemplate":"https:\/\/www.immobilienbusiness.ch\/?s={search_term_string}"},"query-input":{"@type":"PropertyValueSpecification","valueRequired":true,"valueName":"search_term_string"}}],"inLanguage":"de"},{"@type":"Organization","@id":"https:\/\/www.immobilienbusiness.ch\/#organization","name":"IMMOBILIEN Business","url":"https:\/\/www.immobilienbusiness.ch\/","logo":{"@type":"ImageObject","inLanguage":"de","@id":"https:\/\/www.immobilienbusiness.ch\/#\/schema\/logo\/image\/","url":"https:\/\/www.immobilienbusiness.ch\/wp-content\/uploads\/2021\/07\/logo_ib.png","contentUrl":"https:\/\/www.immobilienbusiness.ch\/wp-content\/uploads\/2021\/07\/logo_ib.png","width":800,"height":181,"caption":"IMMOBILIEN Business"},"image":{"@id":"https:\/\/www.immobilienbusiness.ch\/#\/schema\/logo\/image\/"},"sameAs":["https:\/\/www.facebook.com\/immobilienbusiness\/"]},{"@type":"Person","@id":"https:\/\/www.immobilienbusiness.ch\/#\/schema\/person\/31be7383261ea656cfe52cad71fdc211","name":"mathias.rinka","image":{"@type":"ImageObject","inLanguage":"de","@id":"https:\/\/secure.gravatar.com\/avatar\/?s=96&d=mm&r=g","url":"https:\/\/secure.gravatar.com\/avatar\/?s=96&d=mm&r=g","contentUrl":"https:\/\/secure.gravatar.com\/avatar\/?s=96&d=mm&r=g","caption":"mathias.rinka"},"url":"https:\/\/www.immobilienbusiness.ch\/de\/author\/mathias-rinka\/"}]}},"_links":{"self":[{"href":"https:\/\/www.immobilienbusiness.ch\/de\/wp-json\/wp\/v2\/posts\/10148","targetHints":{"allow":["GET"]}}],"collection":[{"href":"https:\/\/www.immobilienbusiness.ch\/de\/wp-json\/wp\/v2\/posts"}],"about":[{"href":"https:\/\/www.immobilienbusiness.ch\/de\/wp-json\/wp\/v2\/types\/post"}],"author":[{"embeddable":true,"href":"https:\/\/www.immobilienbusiness.ch\/de\/wp-json\/wp\/v2\/users\/4"}],"replies":[{"embeddable":true,"href":"https:\/\/www.immobilienbusiness.ch\/de\/wp-json\/wp\/v2\/comments?post=10148"}],"version-history":[{"count":0,"href":"https:\/\/www.immobilienbusiness.ch\/de\/wp-json\/wp\/v2\/posts\/10148\/revisions"}],"wp:featuredmedia":[{"embeddable":true,"href":"https:\/\/www.immobilienbusiness.ch\/de\/wp-json\/wp\/v2\/media\/10149"}],"wp:attachment":[{"href":"https:\/\/www.immobilienbusiness.ch\/de\/wp-json\/wp\/v2\/media?parent=10148"}],"wp:term":[{"taxonomy":"category","embeddable":true,"href":"https:\/\/www.immobilienbusiness.ch\/de\/wp-json\/wp\/v2\/categories?post=10148"},{"taxonomy":"post_tag","embeddable":true,"href":"https:\/\/www.immobilienbusiness.ch\/de\/wp-json\/wp\/v2\/tags?post=10148"}],"curies":[{"name":"wp","href":"https:\/\/api.w.org\/{rel}","templated":true}]}}